{"id":10035,"date":"2024-11-06T18:24:00","date_gmt":"2024-11-06T16:24:00","guid":{"rendered":"https:\/\/andersadlercreutz.fi\/blog\/?p=10035"},"modified":"2024-11-06T18:24:00","modified_gmt":"2024-11-06T16:24:00","slug":"valet-i-usa-eu-och-nasta-steg","status":"publish","type":"post","link":"https:\/\/andersadlercreutz.fi\/blog\/blogg\/valet-i-usa-eu-och-nasta-steg\/","title":{"rendered":"Valet i USA, EU och n\u00e4sta steg"},"content":{"rendered":"<p>Resultatet av det amerikanska presidentvalet \u00e4r klart och extremt tydligt. Trump vann b\u00e5da kamrarna i kongressen och, naturligtvis, presidentposten.<span class=\"Apple-converted-space\">\u00a0<\/span><\/p>\n<p>Han vann ocks\u00e5 en majoritet av folkets r\u00f6ster, vilket \u00e4r lite av en \u00f6verraskning. Opinionsunders\u00f6kningarna visade \u00e4n en g\u00e5ng flera procentenheter fel.<span class=\"Apple-converted-space\">\u00a0<\/span><\/p>\n<p>I en situation d\u00e4r den amerikanska ekonomin g\u00e5r exceptionellt bra p\u00e5 m\u00e5nga m\u00e5tt &#8211; tillv\u00e4xten \u00e4r stark, arbetsl\u00f6sheten \u00e4r h\u00e4pnadsv\u00e4ckande l\u00e5g &#8211; k\u00e4nner m\u00e5nga att deras egna liv inte \u00e4r p\u00e5 r\u00e4tt sp\u00e5r. Vallokalsunders\u00f6kningarna visar att ekonomin var en viktig fr\u00e5ga f\u00f6r dem som r\u00f6stade p\u00e5 Trump.<span class=\"Apple-converted-space\">\u00a0<\/span><\/p>\n<p>En annan viktig fr\u00e5ga var demokratin. Detta \u00e4r en konsekvens av det Trump gjorde under sin f\u00f6rra mandatperiod och s\u00e4rskilt efter att den l\u00f6pte ut den 6 januari 2021. V\u00e4ljarna tyckte dock att det var ett mindre bekymmer.<span class=\"Apple-converted-space\">\u00a0<\/span><\/p>\n<p>Harris genomf\u00f6rde en bra 100-dagarskampanj. Det \u00e4r helt klart att hon gjorde b\u00e4ttre ifr\u00e5n sig \u00e4n vad Biden kunde ha gjort. Det \u00e4r ocks\u00e5 rimligt att fr\u00e5ga sig vad som skulle ha h\u00e4nt om demokraterna hade haft sitt eget prim\u00e4rval, d\u00e4r den utvalda kandidaten oundvikligen skulle ha varit tvungen att ta avst\u00e5nd fr\u00e5n Biden. Nu kunde Harris inte g\u00f6ra det, vilket blir ett problem i en situation d\u00e4r det finns ett stort missn\u00f6je bland v\u00e4ljarna.<span class=\"Apple-converted-space\">\u00a0<\/span><\/p>\n<p>Trump har nu makten i alla instanser. I kongressen, i Vita huset \u2013 och i h\u00f6gsta domstolen. Vad inneb\u00e4r det?<span class=\"Apple-converted-space\">\u00a0<\/span><\/p>\n<blockquote><p>Ur ett europeiskt och finl\u00e4ndskt perspektiv \u00e4r de viktigaste fr\u00e5gorna dessa: s\u00e4kerhet och ekonomi.<span class=\"Apple-converted-space\">\u00a0<\/span><\/p><\/blockquote>\n<p>Trump har sagt att han ska f\u00e5 slut p\u00e5 kriget i Ukraina inom 24 timmar. Det kommer inte att h\u00e4nda. Men det \u00e4r klart att hans val v\u00e4cker m\u00e5nga farh\u00e5gor om s\u00e4kerheten i Ukraina och Europa.<span class=\"Apple-converted-space\">\u00a0<\/span><\/p>\n<p>Det \u00e4r obestridligt att Europa m\u00e5ste g\u00f6ra mer och rusta sig b\u00e4ttre. Vi har inte burit ett tillr\u00e4ckligt stort ansvar f\u00f6r v\u00e5r s\u00e4kerhet. Men vi beh\u00f6ver ocks\u00e5 ett aktivt USA, som vill spela en stark roll.<span class=\"Apple-converted-space\">\u00a0<\/span><\/p>\n<p>En Trump, som snabbt vill g\u00f6ra upp med Putin, skulle vara ett problem. \u00c5 andra sidan: en Trump som inte vill f\u00f6rlora &#8211; inte ens i Ukraina &#8211; kanske agerar annorlunda i Ukraina \u00e4n vi befarar.<span class=\"Apple-converted-space\">\u00a0<\/span><\/p>\n<p>Klart \u00e4r dock att det finns en oro i Kyiv f\u00f6r tillf\u00e4llet. Kyiv vill, och m\u00e5ste, sj\u00e4lv f\u00e5r best\u00e4mma villkoren f\u00f6r sin fred. <span class=\"Apple-converted-space\">\u00a0<\/span><\/p>\n<p>Det som ocks\u00e5 st\u00e5r klart \u00e4r att Bryssel, Berlin och Paris m\u00e5ste sk\u00e4rpa sig. Europa m\u00e5ste inse att man har nycklarna till l\u00f6sningen i sina egna h\u00e4nder, om viljan finns.<span class=\"Apple-converted-space\">\u00a0<\/span><\/p>\n<p>Ett annat bekymmer \u00e4r ekonomin. Trump har sagt att ordet \u2019tariff\u2019 \u00e4r det vackraste ordet i v\u00e4rlden. Det \u00e4r ocks\u00e5 n\u00e5got som, om han g\u00e5r in p\u00e5 den v\u00e4gen, kommer att driva upp priserna och f\u00e5 inflationen att skjuta i h\u00f6jden. Europa, v\u00e4rlden och det transatlantiska samarbetet beh\u00f6ver inte ett handelskrig h\u00e4r och nu.<span class=\"Apple-converted-space\">\u00a0<\/span><\/p>\n<blockquote><p>Vi beh\u00f6ver n\u00e4rmare transatlantiska relationer och mer samarbete.<\/p><\/blockquote>\n<p>Trump-administrationen kommer att l\u00e4gga tonvikten p\u00e5 bilaterala relationer. EU ses inte som en relevant akt\u00f6r. Detta inneb\u00e4r \u00e5 ena sidan att EU m\u00e5ste kunna agera mer samordnat och effektivt, men \u00e5 andra sidan ocks\u00e5 att de bilaterala relationerna \u00e4r viktigare \u00e4n n\u00e5gonsin f\u00f6r till exempel Finland. Vi m\u00e5ste arbeta f\u00f6r att st\u00e4rka dem.<span class=\"Apple-converted-space\">\u00a0<\/span><\/p>\n<p>Och det h\u00e4r \u00e4r kanske den st\u00f6rsta l\u00e4rdomen: EU har inte r\u00e5d att vara arrogant gentemot USA. Vi beh\u00f6ver F\u00f6renta staterna mer \u00e4n F\u00f6renta staterna beh\u00f6ver oss. Kommissionen m\u00e5ste inta en pragmatisk h\u00e5llning till de bilaterala f\u00f6rbindelserna.<span class=\"Apple-converted-space\">\u00a0<\/span><\/p>\n<p>F\u00f6r att ge EU mer tyngd i den ekvationen m\u00e5ste vi arbeta f\u00f6r att st\u00e4rka den inre marknaden. Och \u00e4ven acceptera att tiden f\u00f6r stora handelsavtal sannolikt \u00e4r \u00f6ver. Ist\u00e4llet beh\u00f6ver vi hitta och fr\u00e4mja de sektorer d\u00e4r vi kan n\u00e5 \u00f6verenskommelser.<span class=\"Apple-converted-space\">\u00a0<\/span><\/p>\n<p>Politik \u00e4r i praktiken avh\u00e4ngigt av de m\u00e4nniskor som g\u00f6r den. Det \u00e4r inte s\u00e4rskilt m\u00e5nga personer fr\u00e5n den tidigare Trump-administrationen som kommer att flytta in i den nya. Kelly, Mattis, Pompeo och Bolton har alla br\u00e4nt sina broar. Ist\u00e4llet kan det finnas en plats f\u00f6r personer som Rick Granell i n\u00e4sta administration. Lojalitet \u00e4r ett helt avg\u00f6rande kriterium f\u00f6r Trump.<span class=\"Apple-converted-space\">\u00a0<\/span><\/p>\n<p>I denna situation och nu \u00e4r det viktigt att Finland och vi finl\u00e4ndarna etablerar relationer ocks\u00e5 p\u00e5 ett personligt plan. Finland har ett mycket gott anseende ocks\u00e5 i Trump-administrationen. V\u00e5ra bidrag till s\u00e4kerheten har uppm\u00e4rksammats. Det \u00e4r bra att bygga relationer och samarbete p\u00e5 denna grund.<span class=\"Apple-converted-space\">\u00a0<\/span><\/p>\n<p>Insatserna \u00e4r h\u00f6ga. V\u00e4rlden befinner sig inte i ett bra eller stabilt l\u00e4ge. Europa m\u00e5ste vakna upp till denna verklighet och agera p\u00e5 ett enat och pragmatiskt s\u00e4tt. I en situation d\u00e4r ledarskapet i Europa och EU \u00e4r ifr\u00e5gasatt kan de nordiska l\u00e4nderna ha en ledarroll att spela. Det \u00e4r v\u00e5r plikt att ta den rollen.<span class=\"Apple-converted-space\">\u00a0<\/span><\/p>\n","protected":false},"excerpt":{"rendered":"<p>Resultatet av det amerikanska presidentvalet \u00e4r klart och extremt tydligt. Trump vann b\u00e5da kamrarna i kongressen och, naturligtvis, presidentposten.\u00a0 Han vann ocks\u00e5 en majoritet av folkets r\u00f6ster, vilket \u00e4r lite av en \u00f6verraskning. Opinionsunders\u00f6kningarna visade \u00e4n en g\u00e5ng flera procentenheter fel.\u00a0 I en situation d\u00e4r den amerikanska ekonomin g\u00e5r exceptionellt bra p\u00e5 m\u00e5nga m\u00e5tt &#8211; [&hellip;]<\/p>\n","protected":false},"author":1,"featured_media":9553,"comment_status":"open","ping_status":"open","sticky":false,"template":"","format":"standard","meta":{"jetpack_post_was_ever_published":false,"_jetpack_newsletter_access":"","jetpack_publicize_message":"","jetpack_is_tweetstorm":false,"jetpack_publicize_feature_enabled":true,"jetpack_social_post_already_shared":true,"jetpack_social_options":{"image_generator_settings":{"template":"highway","enabled":false}}},"categories":[45,126,127],"tags":[],"jetpack_publicize_connections":[],"yoast_head":"<!-- This site is optimized with the Yoast SEO plugin v20.12 - https:\/\/yoast.com\/wordpress\/plugins\/seo\/ -->\n<title>Valet i USA, EU och n\u00e4sta steg - Anders Adlercreutz<\/title>\n<meta name=\"robots\" content=\"index, follow, max-snippet:-1, max-image-preview:large, max-video-preview:-1\" \/>\n<link rel=\"canonical\" href=\"https:\/\/andersadlercreutz.fi\/blog\/blogg\/valet-i-usa-eu-och-nasta-steg\/\" \/>\n<meta property=\"og:locale\" content=\"sv_SE\" \/>\n<meta property=\"og:type\" content=\"article\" \/>\n<meta property=\"og:title\" content=\"Valet i USA, EU och n\u00e4sta steg - Anders Adlercreutz\" \/>\n<meta property=\"og:description\" content=\"Resultatet av det amerikanska presidentvalet \u00e4r klart och extremt tydligt. Trump vann b\u00e5da kamrarna i kongressen och, naturligtvis, presidentposten.\u00a0 Han vann ocks\u00e5 en majoritet av folkets r\u00f6ster, vilket \u00e4r lite av en \u00f6verraskning. Opinionsunders\u00f6kningarna visade \u00e4n en g\u00e5ng flera procentenheter fel.\u00a0 I en situation d\u00e4r den amerikanska ekonomin g\u00e5r exceptionellt bra p\u00e5 m\u00e5nga m\u00e5tt &#8211; [&hellip;]\" \/>\n<meta property=\"og:url\" content=\"https:\/\/andersadlercreutz.fi\/blog\/blogg\/valet-i-usa-eu-och-nasta-steg\/\" \/>\n<meta property=\"og:site_name\" content=\"Anders Adlercreutz\" \/>\n<meta property=\"article:published_time\" content=\"2024-11-06T16:24:00+00:00\" \/>\n<meta property=\"og:image\" content=\"https:\/\/andersadlercreutz.fi\/blog\/wp-content\/uploads\/2024\/05\/Anders-Nammo1.jpg\" \/>\n\t<meta property=\"og:image:width\" content=\"1500\" \/>\n\t<meta property=\"og:image:height\" content=\"750\" \/>\n\t<meta property=\"og:image:type\" content=\"image\/jpeg\" \/>\n<meta name=\"author\" content=\"Anders\" \/>\n<meta name=\"twitter:card\" content=\"summary_large_image\" \/>\n<meta name=\"twitter:label1\" content=\"Skriven av\" \/>\n\t<meta name=\"twitter:data1\" content=\"Anders\" \/>\n\t<meta name=\"twitter:label2\" content=\"Ber\u00e4knad l\u00e4stid\" \/>\n\t<meta name=\"twitter:data2\" content=\"4 minuter\" \/>\n<script type=\"application\/ld+json\" class=\"yoast-schema-graph\">{\"@context\":\"https:\/\/schema.org\",\"@graph\":[{\"@type\":\"WebPage\",\"@id\":\"https:\/\/andersadlercreutz.fi\/blog\/blogg\/valet-i-usa-eu-och-nasta-steg\/\",\"url\":\"https:\/\/andersadlercreutz.fi\/blog\/blogg\/valet-i-usa-eu-och-nasta-steg\/\",\"name\":\"Valet i USA, EU och n\u00e4sta steg - Anders Adlercreutz\",\"isPartOf\":{\"@id\":\"https:\/\/andersadlercreutz.fi\/blog\/#website\"},\"datePublished\":\"2024-11-06T16:24:00+00:00\",\"dateModified\":\"2024-11-06T16:24:00+00:00\",\"author\":{\"@id\":\"https:\/\/andersadlercreutz.fi\/blog\/#\/schema\/person\/47d4b72eded862b484f74bb4b3a2354f\"},\"breadcrumb\":{\"@id\":\"https:\/\/andersadlercreutz.fi\/blog\/blogg\/valet-i-usa-eu-och-nasta-steg\/#breadcrumb\"},\"inLanguage\":\"sv-SE\",\"potentialAction\":[{\"@type\":\"ReadAction\",\"target\":[\"https:\/\/andersadlercreutz.fi\/blog\/blogg\/valet-i-usa-eu-och-nasta-steg\/\"]}]},{\"@type\":\"BreadcrumbList\",\"@id\":\"https:\/\/andersadlercreutz.fi\/blog\/blogg\/valet-i-usa-eu-och-nasta-steg\/#breadcrumb\",\"itemListElement\":[{\"@type\":\"ListItem\",\"position\":1,\"name\":\"Home\",\"item\":\"https:\/\/andersadlercreutz.fi\/blog\/blogg\/?lang=sv\"},{\"@type\":\"ListItem\",\"position\":2,\"name\":\"Valet i USA, EU och n\u00e4sta steg\"}]},{\"@type\":\"WebSite\",\"@id\":\"https:\/\/andersadlercreutz.fi\/blog\/#website\",\"url\":\"https:\/\/andersadlercreutz.fi\/blog\/\",\"name\":\"Anders Adlercreutz\",\"description\":\"Du. Jag. Vi. Kest&auml;v&auml;sti optimisti\",\"potentialAction\":[{\"@type\":\"SearchAction\",\"target\":{\"@type\":\"EntryPoint\",\"urlTemplate\":\"https:\/\/andersadlercreutz.fi\/blog\/?s={search_term_string}\"},\"query-input\":\"required name=search_term_string\"}],\"inLanguage\":\"sv-SE\"},{\"@type\":\"Person\",\"@id\":\"https:\/\/andersadlercreutz.fi\/blog\/#\/schema\/person\/47d4b72eded862b484f74bb4b3a2354f\",\"name\":\"Anders\",\"image\":{\"@type\":\"ImageObject\",\"inLanguage\":\"sv-SE\",\"@id\":\"https:\/\/andersadlercreutz.fi\/blog\/#\/schema\/person\/image\/\",\"url\":\"https:\/\/secure.gravatar.com\/avatar\/a144c9bda7a581ff6fabba169027e620?s=96&d=mm&r=g\",\"contentUrl\":\"https:\/\/secure.gravatar.com\/avatar\/a144c9bda7a581ff6fabba169027e620?s=96&d=mm&r=g\",\"caption\":\"Anders\"},\"url\":\"https:\/\/andersadlercreutz.fi\/blog\/author\/admin\/\"}]}<\/script>\n<!-- \/ Yoast SEO plugin. -->","yoast_head_json":{"title":"Valet i USA, EU och n\u00e4sta steg - Anders Adlercreutz","robots":{"index":"index","follow":"follow","max-snippet":"max-snippet:-1","max-image-preview":"max-image-preview:large","max-video-preview":"max-video-preview:-1"},"canonical":"https:\/\/andersadlercreutz.fi\/blog\/blogg\/valet-i-usa-eu-och-nasta-steg\/","og_locale":"sv_SE","og_type":"article","og_title":"Valet i USA, EU och n\u00e4sta steg - Anders Adlercreutz","og_description":"Resultatet av det amerikanska presidentvalet \u00e4r klart och extremt tydligt. Trump vann b\u00e5da kamrarna i kongressen och, naturligtvis, presidentposten.\u00a0 Han vann ocks\u00e5 en majoritet av folkets r\u00f6ster, vilket \u00e4r lite av en \u00f6verraskning. Opinionsunders\u00f6kningarna visade \u00e4n en g\u00e5ng flera procentenheter fel.\u00a0 I en situation d\u00e4r den amerikanska ekonomin g\u00e5r exceptionellt bra p\u00e5 m\u00e5nga m\u00e5tt &#8211; [&hellip;]","og_url":"https:\/\/andersadlercreutz.fi\/blog\/blogg\/valet-i-usa-eu-och-nasta-steg\/","og_site_name":"Anders Adlercreutz","article_published_time":"2024-11-06T16:24:00+00:00","og_image":[{"width":1500,"height":750,"url":"https:\/\/andersadlercreutz.fi\/blog\/wp-content\/uploads\/2024\/05\/Anders-Nammo1.jpg","type":"image\/jpeg"}],"author":"Anders","twitter_card":"summary_large_image","twitter_misc":{"Skriven av":"Anders","Ber\u00e4knad l\u00e4stid":"4 minuter"},"schema":{"@context":"https:\/\/schema.org","@graph":[{"@type":"WebPage","@id":"https:\/\/andersadlercreutz.fi\/blog\/blogg\/valet-i-usa-eu-och-nasta-steg\/","url":"https:\/\/andersadlercreutz.fi\/blog\/blogg\/valet-i-usa-eu-och-nasta-steg\/","name":"Valet i USA, EU och n\u00e4sta steg - Anders Adlercreutz","isPartOf":{"@id":"https:\/\/andersadlercreutz.fi\/blog\/#website"},"datePublished":"2024-11-06T16:24:00+00:00","dateModified":"2024-11-06T16:24:00+00:00","author":{"@id":"https:\/\/andersadlercreutz.fi\/blog\/#\/schema\/person\/47d4b72eded862b484f74bb4b3a2354f"},"breadcrumb":{"@id":"https:\/\/andersadlercreutz.fi\/blog\/blogg\/valet-i-usa-eu-och-nasta-steg\/#breadcrumb"},"inLanguage":"sv-SE","potentialAction":[{"@type":"ReadAction","target":["https:\/\/andersadlercreutz.fi\/blog\/blogg\/valet-i-usa-eu-och-nasta-steg\/"]}]},{"@type":"BreadcrumbList","@id":"https:\/\/andersadlercreutz.fi\/blog\/blogg\/valet-i-usa-eu-och-nasta-steg\/#breadcrumb","itemListElement":[{"@type":"ListItem","position":1,"name":"Home","item":"https:\/\/andersadlercreutz.fi\/blog\/blogg\/?lang=sv"},{"@type":"ListItem","position":2,"name":"Valet i USA, EU och n\u00e4sta steg"}]},{"@type":"WebSite","@id":"https:\/\/andersadlercreutz.fi\/blog\/#website","url":"https:\/\/andersadlercreutz.fi\/blog\/","name":"Anders Adlercreutz","description":"Du. Jag. Vi. Kest&auml;v&auml;sti optimisti","potentialAction":[{"@type":"SearchAction","target":{"@type":"EntryPoint","urlTemplate":"https:\/\/andersadlercreutz.fi\/blog\/?s={search_term_string}"},"query-input":"required name=search_term_string"}],"inLanguage":"sv-SE"},{"@type":"Person","@id":"https:\/\/andersadlercreutz.fi\/blog\/#\/schema\/person\/47d4b72eded862b484f74bb4b3a2354f","name":"Anders","image":{"@type":"ImageObject","inLanguage":"sv-SE","@id":"https:\/\/andersadlercreutz.fi\/blog\/#\/schema\/person\/image\/","url":"https:\/\/secure.gravatar.com\/avatar\/a144c9bda7a581ff6fabba169027e620?s=96&d=mm&r=g","contentUrl":"https:\/\/secure.gravatar.com\/avatar\/a144c9bda7a581ff6fabba169027e620?s=96&d=mm&r=g","caption":"Anders"},"url":"https:\/\/andersadlercreutz.fi\/blog\/author\/admin\/"}]}},"jetpack_featured_media_url":"https:\/\/i0.wp.com\/andersadlercreutz.fi\/blog\/wp-content\/uploads\/2024\/05\/Anders-Nammo1.jpg?fit=1500%2C750&ssl=1","jetpack_shortlink":"https:\/\/wp.me\/p4T6Dh-2BR","jetpack_sharing_enabled":true,"_links":{"self":[{"href":"https:\/\/andersadlercreutz.fi\/blog\/wp-json\/wp\/v2\/posts\/10035"}],"collection":[{"href":"https:\/\/andersadlercreutz.fi\/blog\/wp-json\/wp\/v2\/posts"}],"about":[{"href":"https:\/\/andersadlercreutz.fi\/blog\/wp-json\/wp\/v2\/types\/post"}],"author":[{"embeddable":true,"href":"https:\/\/andersadlercreutz.fi\/blog\/wp-json\/wp\/v2\/users\/1"}],"replies":[{"embeddable":true,"href":"https:\/\/andersadlercreutz.fi\/blog\/wp-json\/wp\/v2\/comments?post=10035"}],"version-history":[{"count":2,"href":"https:\/\/andersadlercreutz.fi\/blog\/wp-json\/wp\/v2\/posts\/10035\/revisions"}],"predecessor-version":[{"id":10037,"href":"https:\/\/andersadlercreutz.fi\/blog\/wp-json\/wp\/v2\/posts\/10035\/revisions\/10037"}],"wp:featuredmedia":[{"embeddable":true,"href":"https:\/\/andersadlercreutz.fi\/blog\/wp-json\/wp\/v2\/media\/9553"}],"wp:attachment":[{"href":"https:\/\/andersadlercreutz.fi\/blog\/wp-json\/wp\/v2\/media?parent=10035"}],"wp:term":[{"taxonomy":"category","embeddable":true,"href":"https:\/\/andersadlercreutz.fi\/blog\/wp-json\/wp\/v2\/categories?post=10035"},{"taxonomy":"post_tag","embeddable":true,"href":"https:\/\/andersadlercreutz.fi\/blog\/wp-json\/wp\/v2\/tags?post=10035"}],"curies":[{"name":"wp","href":"https:\/\/api.w.org\/{rel}","templated":true}]}}