{"id":10093,"date":"2024-11-19T17:26:08","date_gmt":"2024-11-19T15:26:08","guid":{"rendered":"https:\/\/andersadlercreutz.fi\/blog\/?p=10093"},"modified":"2024-11-19T17:29:23","modified_gmt":"2024-11-19T15:29:23","slug":"adlercreutz-finland-stoder-ukraina-pa-vagen-mot-eu-och-nato","status":"publish","type":"post","link":"https:\/\/andersadlercreutz.fi\/blog\/forsvar\/adlercreutz-finland-stoder-ukraina-pa-vagen-mot-eu-och-nato\/","title":{"rendered":"Adlercreutz: Finland st\u00f6der Ukraina p\u00e5 v\u00e4gen mot EU och NATO"},"content":{"rendered":"<p><span style=\"font-weight: 400;\">Idag, den 19 november 2024, har det g\u00e5tt 1000 dagar sedan Ryssland inledde sin fullskaliga invasion av Ukraina.<\/span><\/p>\n<p><span style=\"font-weight: 400;\">\u2013 Finlands st\u00f6d till Ukraina forts\u00e4tter, b\u00e5de genom materiel till f\u00f6rsvaret av Ukraina, och genom ett kontinuerligt st\u00f6d till civilsamh\u00e4llet, s\u00e4ger SFP:s ordf\u00f6rande, undervisningsminister Anders Adlercreutz.<\/span><\/p>\n<p><span style=\"font-weight: 400;\">\u2013 D\u00e5 det idag g\u00e5tt 1000 dagar sen den fullskaliga invasionen ska vi samtidigt minnas att Rysslands krigsf\u00f6ring mot Ukraina p\u00e5g\u00e5tt flera \u00e5r innan dess, s\u00e4ger Adlercreutz.<\/span><\/p>\n<p><span style=\"font-weight: 400;\">\u2013 Den olagliga annekteringen av Krim, och soldaterna utan beteckningar p\u00e5 uniformerna som Ryssland s\u00e4nde in i Donbass var grova kr\u00e4nkningar av folkr\u00e4tten och de internationella avtal som ocks\u00e5 binder Ryssland.<\/span><\/p>\n<p><span style=\"font-weight: 400;\">\u2013 Nu \u00e4r det dags f\u00f6r Ryssland att marschera hem igen, kriget m\u00e5ste f\u00e5 ett slut p\u00e5 Ukrainas villkor, s\u00e4ger Adlercreutz.\u00a0<\/span><\/p>\n<p><span style=\"font-weight: 400;\">Ukraina har trots kriget genomf\u00f6rt betydande reformer n\u00e4r det g\u00e4ller r\u00e4ttsstaten, r\u00e4ttssystemet, lagstiftningen och \u00f6ppenheten. Man har ocks\u00e5 p\u00e5b\u00f6rjat en reform av skolsystemet med finl\u00e4ndsk hj\u00e4lp.<\/span><\/p>\n<p><span style=\"font-weight: 400;\">\u2013 Ukraina beh\u00f6ver f\u00e5 p\u00e5b\u00f6rja uppbyggnaden av allt Ryssland f\u00f6rst\u00f6rt utan oro \u00f6ver att missiler regnar ner varje natt. Finland st\u00f6der Ukraina nu, och fram\u00f6ver p\u00e5 v\u00e4gen mot EU och NATO, s\u00e4ger Adlercreutz.<\/span><\/p>\n<p><span style=\"font-weight: 400;\">Mera information: Specialmedarbetare Andreas Elfving, 050 310 0274<\/span><\/p>\n","protected":false},"excerpt":{"rendered":"<p>Idag, den 19 november 2024, har det g\u00e5tt 1000 dagar sedan Ryssland inledde sin fullskaliga invasion av Ukraina. \u2013 Finlands st\u00f6d till Ukraina forts\u00e4tter, b\u00e5de genom materiel till f\u00f6rsvaret av Ukraina, och genom ett kontinuerligt st\u00f6d till civilsamh\u00e4llet, s\u00e4ger SFP:s ordf\u00f6rande, undervisningsminister Anders Adlercreutz. \u2013 D\u00e5 det idag g\u00e5tt 1000 dagar sen den fullskaliga invasionen [&hellip;]<\/p>\n","protected":false},"author":1,"featured_media":10072,"comment_status":"open","ping_status":"open","sticky":false,"template":"","format":"standard","meta":{"jetpack_post_was_ever_published":false,"_jetpack_newsletter_access":"","jetpack_publicize_message":"","jetpack_is_tweetstorm":false,"jetpack_publicize_feature_enabled":true,"jetpack_social_post_already_shared":true,"jetpack_social_options":{"image_generator_settings":{"template":"highway","enabled":false}}},"categories":[126,127,72,88],"tags":[],"jetpack_publicize_connections":[],"yoast_head":"<!-- This site is optimized with the Yoast SEO plugin v20.12 - https:\/\/yoast.com\/wordpress\/plugins\/seo\/ -->\n<title>Adlercreutz: Finland st\u00f6der Ukraina p\u00e5 v\u00e4gen mot EU och NATO - Anders Adlercreutz<\/title>\n<meta name=\"robots\" content=\"index, follow, max-snippet:-1, max-image-preview:large, max-video-preview:-1\" \/>\n<link rel=\"canonical\" href=\"https:\/\/andersadlercreutz.fi\/blog\/forsvar\/adlercreutz-finland-stoder-ukraina-pa-vagen-mot-eu-och-nato\/\" \/>\n<meta property=\"og:locale\" content=\"sv_SE\" \/>\n<meta property=\"og:type\" content=\"article\" \/>\n<meta property=\"og:title\" content=\"Adlercreutz: Finland st\u00f6der Ukraina p\u00e5 v\u00e4gen mot EU och NATO - Anders Adlercreutz\" \/>\n<meta property=\"og:description\" content=\"Idag, den 19 november 2024, har det g\u00e5tt 1000 dagar sedan Ryssland inledde sin fullskaliga invasion av Ukraina. \u2013 Finlands st\u00f6d till Ukraina forts\u00e4tter, b\u00e5de genom materiel till f\u00f6rsvaret av Ukraina, och genom ett kontinuerligt st\u00f6d till civilsamh\u00e4llet, s\u00e4ger SFP:s ordf\u00f6rande, undervisningsminister Anders Adlercreutz. \u2013 D\u00e5 det idag g\u00e5tt 1000 dagar sen den fullskaliga invasionen [&hellip;]\" \/>\n<meta property=\"og:url\" content=\"https:\/\/andersadlercreutz.fi\/blog\/forsvar\/adlercreutz-finland-stoder-ukraina-pa-vagen-mot-eu-och-nato\/\" \/>\n<meta property=\"og:site_name\" content=\"Anders Adlercreutz\" \/>\n<meta property=\"article:published_time\" content=\"2024-11-19T15:26:08+00:00\" \/>\n<meta property=\"article:modified_time\" content=\"2024-11-19T15:29:23+00:00\" \/>\n<meta property=\"og:image\" content=\"https:\/\/andersadlercreutz.fi\/blog\/wp-content\/uploads\/2024\/11\/781A8306-copy-1030x687.jpg\" \/>\n\t<meta property=\"og:image:width\" content=\"1030\" \/>\n\t<meta property=\"og:image:height\" content=\"687\" \/>\n\t<meta property=\"og:image:type\" content=\"image\/jpeg\" \/>\n<meta name=\"author\" content=\"Anders\" \/>\n<meta name=\"twitter:card\" content=\"summary_large_image\" \/>\n<meta name=\"twitter:label1\" content=\"Skriven av\" \/>\n\t<meta name=\"twitter:data1\" content=\"Anders\" \/>\n\t<meta name=\"twitter:label2\" content=\"Ber\u00e4knad l\u00e4stid\" \/>\n\t<meta name=\"twitter:data2\" content=\"1 minut\" \/>\n<script type=\"application\/ld+json\" class=\"yoast-schema-graph\">{\"@context\":\"https:\/\/schema.org\",\"@graph\":[{\"@type\":\"WebPage\",\"@id\":\"https:\/\/andersadlercreutz.fi\/blog\/forsvar\/adlercreutz-finland-stoder-ukraina-pa-vagen-mot-eu-och-nato\/\",\"url\":\"https:\/\/andersadlercreutz.fi\/blog\/forsvar\/adlercreutz-finland-stoder-ukraina-pa-vagen-mot-eu-och-nato\/\",\"name\":\"Adlercreutz: Finland st\u00f6der Ukraina p\u00e5 v\u00e4gen mot EU och NATO - Anders Adlercreutz\",\"isPartOf\":{\"@id\":\"https:\/\/andersadlercreutz.fi\/blog\/#website\"},\"datePublished\":\"2024-11-19T15:26:08+00:00\",\"dateModified\":\"2024-11-19T15:29:23+00:00\",\"author\":{\"@id\":\"https:\/\/andersadlercreutz.fi\/blog\/#\/schema\/person\/47d4b72eded862b484f74bb4b3a2354f\"},\"breadcrumb\":{\"@id\":\"https:\/\/andersadlercreutz.fi\/blog\/forsvar\/adlercreutz-finland-stoder-ukraina-pa-vagen-mot-eu-och-nato\/#breadcrumb\"},\"inLanguage\":\"sv-SE\",\"potentialAction\":[{\"@type\":\"ReadAction\",\"target\":[\"https:\/\/andersadlercreutz.fi\/blog\/forsvar\/adlercreutz-finland-stoder-ukraina-pa-vagen-mot-eu-och-nato\/\"]}]},{\"@type\":\"BreadcrumbList\",\"@id\":\"https:\/\/andersadlercreutz.fi\/blog\/forsvar\/adlercreutz-finland-stoder-ukraina-pa-vagen-mot-eu-och-nato\/#breadcrumb\",\"itemListElement\":[{\"@type\":\"ListItem\",\"position\":1,\"name\":\"Home\",\"item\":\"https:\/\/andersadlercreutz.fi\/blog\/blogg\/?lang=sv\"},{\"@type\":\"ListItem\",\"position\":2,\"name\":\"Adlercreutz: Finland st\u00f6der Ukraina p\u00e5 v\u00e4gen mot EU och NATO\"}]},{\"@type\":\"WebSite\",\"@id\":\"https:\/\/andersadlercreutz.fi\/blog\/#website\",\"url\":\"https:\/\/andersadlercreutz.fi\/blog\/\",\"name\":\"Anders Adlercreutz\",\"description\":\"Du. Jag. Vi. Kest&auml;v&auml;sti optimisti\",\"potentialAction\":[{\"@type\":\"SearchAction\",\"target\":{\"@type\":\"EntryPoint\",\"urlTemplate\":\"https:\/\/andersadlercreutz.fi\/blog\/?s={search_term_string}\"},\"query-input\":\"required name=search_term_string\"}],\"inLanguage\":\"sv-SE\"},{\"@type\":\"Person\",\"@id\":\"https:\/\/andersadlercreutz.fi\/blog\/#\/schema\/person\/47d4b72eded862b484f74bb4b3a2354f\",\"name\":\"Anders\",\"image\":{\"@type\":\"ImageObject\",\"inLanguage\":\"sv-SE\",\"@id\":\"https:\/\/andersadlercreutz.fi\/blog\/#\/schema\/person\/image\/\",\"url\":\"https:\/\/secure.gravatar.com\/avatar\/a144c9bda7a581ff6fabba169027e620?s=96&d=mm&r=g\",\"contentUrl\":\"https:\/\/secure.gravatar.com\/avatar\/a144c9bda7a581ff6fabba169027e620?s=96&d=mm&r=g\",\"caption\":\"Anders\"},\"url\":\"https:\/\/andersadlercreutz.fi\/blog\/author\/admin\/\"}]}<\/script>\n<!-- \/ Yoast SEO plugin. -->","yoast_head_json":{"title":"Adlercreutz: Finland st\u00f6der Ukraina p\u00e5 v\u00e4gen mot EU och NATO - Anders Adlercreutz","robots":{"index":"index","follow":"follow","max-snippet":"max-snippet:-1","max-image-preview":"max-image-preview:large","max-video-preview":"max-video-preview:-1"},"canonical":"https:\/\/andersadlercreutz.fi\/blog\/forsvar\/adlercreutz-finland-stoder-ukraina-pa-vagen-mot-eu-och-nato\/","og_locale":"sv_SE","og_type":"article","og_title":"Adlercreutz: Finland st\u00f6der Ukraina p\u00e5 v\u00e4gen mot EU och NATO - Anders Adlercreutz","og_description":"Idag, den 19 november 2024, har det g\u00e5tt 1000 dagar sedan Ryssland inledde sin fullskaliga invasion av Ukraina. \u2013 Finlands st\u00f6d till Ukraina forts\u00e4tter, b\u00e5de genom materiel till f\u00f6rsvaret av Ukraina, och genom ett kontinuerligt st\u00f6d till civilsamh\u00e4llet, s\u00e4ger SFP:s ordf\u00f6rande, undervisningsminister Anders Adlercreutz. \u2013 D\u00e5 det idag g\u00e5tt 1000 dagar sen den fullskaliga invasionen [&hellip;]","og_url":"https:\/\/andersadlercreutz.fi\/blog\/forsvar\/adlercreutz-finland-stoder-ukraina-pa-vagen-mot-eu-och-nato\/","og_site_name":"Anders Adlercreutz","article_published_time":"2024-11-19T15:26:08+00:00","article_modified_time":"2024-11-19T15:29:23+00:00","og_image":[{"width":1030,"height":687,"url":"https:\/\/andersadlercreutz.fi\/blog\/wp-content\/uploads\/2024\/11\/781A8306-copy-1030x687.jpg","type":"image\/jpeg"}],"author":"Anders","twitter_card":"summary_large_image","twitter_misc":{"Skriven av":"Anders","Ber\u00e4knad l\u00e4stid":"1 minut"},"schema":{"@context":"https:\/\/schema.org","@graph":[{"@type":"WebPage","@id":"https:\/\/andersadlercreutz.fi\/blog\/forsvar\/adlercreutz-finland-stoder-ukraina-pa-vagen-mot-eu-och-nato\/","url":"https:\/\/andersadlercreutz.fi\/blog\/forsvar\/adlercreutz-finland-stoder-ukraina-pa-vagen-mot-eu-och-nato\/","name":"Adlercreutz: Finland st\u00f6der Ukraina p\u00e5 v\u00e4gen mot EU och NATO - Anders Adlercreutz","isPartOf":{"@id":"https:\/\/andersadlercreutz.fi\/blog\/#website"},"datePublished":"2024-11-19T15:26:08+00:00","dateModified":"2024-11-19T15:29:23+00:00","author":{"@id":"https:\/\/andersadlercreutz.fi\/blog\/#\/schema\/person\/47d4b72eded862b484f74bb4b3a2354f"},"breadcrumb":{"@id":"https:\/\/andersadlercreutz.fi\/blog\/forsvar\/adlercreutz-finland-stoder-ukraina-pa-vagen-mot-eu-och-nato\/#breadcrumb"},"inLanguage":"sv-SE","potentialAction":[{"@type":"ReadAction","target":["https:\/\/andersadlercreutz.fi\/blog\/forsvar\/adlercreutz-finland-stoder-ukraina-pa-vagen-mot-eu-och-nato\/"]}]},{"@type":"BreadcrumbList","@id":"https:\/\/andersadlercreutz.fi\/blog\/forsvar\/adlercreutz-finland-stoder-ukraina-pa-vagen-mot-eu-och-nato\/#breadcrumb","itemListElement":[{"@type":"ListItem","position":1,"name":"Home","item":"https:\/\/andersadlercreutz.fi\/blog\/blogg\/?lang=sv"},{"@type":"ListItem","position":2,"name":"Adlercreutz: Finland st\u00f6der Ukraina p\u00e5 v\u00e4gen mot EU och NATO"}]},{"@type":"WebSite","@id":"https:\/\/andersadlercreutz.fi\/blog\/#website","url":"https:\/\/andersadlercreutz.fi\/blog\/","name":"Anders Adlercreutz","description":"Du. Jag. Vi. Kest&auml;v&auml;sti optimisti","potentialAction":[{"@type":"SearchAction","target":{"@type":"EntryPoint","urlTemplate":"https:\/\/andersadlercreutz.fi\/blog\/?s={search_term_string}"},"query-input":"required name=search_term_string"}],"inLanguage":"sv-SE"},{"@type":"Person","@id":"https:\/\/andersadlercreutz.fi\/blog\/#\/schema\/person\/47d4b72eded862b484f74bb4b3a2354f","name":"Anders","image":{"@type":"ImageObject","inLanguage":"sv-SE","@id":"https:\/\/andersadlercreutz.fi\/blog\/#\/schema\/person\/image\/","url":"https:\/\/secure.gravatar.com\/avatar\/a144c9bda7a581ff6fabba169027e620?s=96&d=mm&r=g","contentUrl":"https:\/\/secure.gravatar.com\/avatar\/a144c9bda7a581ff6fabba169027e620?s=96&d=mm&r=g","caption":"Anders"},"url":"https:\/\/andersadlercreutz.fi\/blog\/author\/admin\/"}]}},"jetpack_featured_media_url":"https:\/\/i0.wp.com\/andersadlercreutz.fi\/blog\/wp-content\/uploads\/2024\/11\/781A8306-copy-scaled.jpg?fit=2560%2C1707&ssl=1","jetpack_shortlink":"https:\/\/wp.me\/p4T6Dh-2CN","jetpack_sharing_enabled":true,"_links":{"self":[{"href":"https:\/\/andersadlercreutz.fi\/blog\/wp-json\/wp\/v2\/posts\/10093"}],"collection":[{"href":"https:\/\/andersadlercreutz.fi\/blog\/wp-json\/wp\/v2\/posts"}],"about":[{"href":"https:\/\/andersadlercreutz.fi\/blog\/wp-json\/wp\/v2\/types\/post"}],"author":[{"embeddable":true,"href":"https:\/\/andersadlercreutz.fi\/blog\/wp-json\/wp\/v2\/users\/1"}],"replies":[{"embeddable":true,"href":"https:\/\/andersadlercreutz.fi\/blog\/wp-json\/wp\/v2\/comments?post=10093"}],"version-history":[{"count":2,"href":"https:\/\/andersadlercreutz.fi\/blog\/wp-json\/wp\/v2\/posts\/10093\/revisions"}],"predecessor-version":[{"id":10099,"href":"https:\/\/andersadlercreutz.fi\/blog\/wp-json\/wp\/v2\/posts\/10093\/revisions\/10099"}],"wp:featuredmedia":[{"embeddable":true,"href":"https:\/\/andersadlercreutz.fi\/blog\/wp-json\/wp\/v2\/media\/10072"}],"wp:attachment":[{"href":"https:\/\/andersadlercreutz.fi\/blog\/wp-json\/wp\/v2\/media?parent=10093"}],"wp:term":[{"taxonomy":"category","embeddable":true,"href":"https:\/\/andersadlercreutz.fi\/blog\/wp-json\/wp\/v2\/categories?post=10093"},{"taxonomy":"post_tag","embeddable":true,"href":"https:\/\/andersadlercreutz.fi\/blog\/wp-json\/wp\/v2\/tags?post=10093"}],"curies":[{"name":"wp","href":"https:\/\/api.w.org\/{rel}","templated":true}]}}