{"id":10096,"date":"2024-11-19T17:28:01","date_gmt":"2024-11-19T15:28:01","guid":{"rendered":"https:\/\/andersadlercreutz.fi\/blog\/?p=10096"},"modified":"2024-11-19T17:29:59","modified_gmt":"2024-11-19T15:29:59","slug":"adlercreutz-suomi-tukee-ukrainan-tieta-euroopan-unioniin-ja-natoon","status":"publish","type":"post","link":"https:\/\/andersadlercreutz.fi\/blog\/eu\/adlercreutz-suomi-tukee-ukrainan-tieta-euroopan-unioniin-ja-natoon\/?lang=fi","title":{"rendered":"Adlercreutz: Suomi tukee Ukrainan tiet\u00e4 Euroopan Unioniin ja Natoon"},"content":{"rendered":"<p><span style=\"font-weight: 400;\">T\u00e4n\u00e4\u00e4n, 19 marraskuuta, on kulunut 1000 p\u00e4iv\u00e4\u00e4 siit\u00e4, kun Ven\u00e4j\u00e4 aloitti t\u00e4ysimittaisen hy\u00f6kk\u00e4yksens\u00e4 Ukrainaan.\u00a0<\/span><\/p>\n<p><span style=\"font-weight: 400;\">\u2013 Suomen tuki Ukrainalle jatkuu sek\u00e4 puolustustarvikkeiden ett\u00e4 siviiliyhteiskunnalle annettavan tuen muodossa, RKP:n puheenjohtaja, opetusministeri Anders Adlercreutz sanoo.<\/span><\/p>\n<p><span style=\"font-weight: 400;\">\u2013 T\u00e4n\u00e4\u00e4n, kun t\u00e4ysmittaista hy\u00f6kk\u00e4yst\u00e4 on jatkunut tuhat p\u00e4iv\u00e4\u00e4, meid\u00e4n on samalla pidett\u00e4v\u00e4 mieless\u00e4, ett\u00e4 Ven\u00e4j\u00e4n sotatoimet ovat alkaneet jo vuosia aiemmin, Adlercreutz sanoo.<\/span><\/p>\n<p><span style=\"font-weight: 400;\">\u2013 Krimin laiton miehitys sek\u00e4 Ven\u00e4j\u00e4n Donbassiin l\u00e4hett\u00e4m\u00e4t tunnuksettomat sotilaat loukkasivat vakavasti kansainv\u00e4list\u00e4 oikeutta ja kansainv\u00e4lisi\u00e4 sopimuksia, jotka sitovat my\u00f6s Ven\u00e4j\u00e4\u00e4.\u00a0<\/span><\/p>\n<p><span style=\"font-weight: 400;\">\u2013 Nyt on Ven\u00e4j\u00e4n aika marssia kotiin, sodan tulee loppua Ukrainan ehdoin, Adlercreutz sanoo.<\/span><\/p>\n<p><span style=\"font-weight: 400;\">Sodasta huolimatta Ukraina on tehnyt merkitt\u00e4vi\u00e4 oikeusvaltion, oikeusj\u00e4rjestelm\u00e4n, lains\u00e4\u00e4d\u00e4nn\u00f6n ja avoimuuden uudistuksia. Lis\u00e4ksi se on aloittanut koulutusj\u00e4rjestelm\u00e4n uudistamisen Suomen tuen avulla.<\/span><\/p>\n<p><span style=\"font-weight: 400;\">\u2013 Ukrainan t\u00e4ytyy saada ryhty\u00e4 j\u00e4lleenrakentamaan kaikkea, mit\u00e4 Ven\u00e4j\u00e4 on tuhonnut, joutumatta huolehtimaan siit\u00e4, ett\u00e4 ohjuksia satelee alas joka y\u00f6. Suomi tukee Ukrainaa nyt, ja tulevaisuudessa tiell\u00e4 kohti Euroopan Unionia ja Natoa.<\/span><\/p>\n<p><span style=\"font-weight: 400;\">Lis\u00e4tietoja: Erityisavustaja Andreas Elfving 050 310 0274<\/span><\/p>\n","protected":false},"excerpt":{"rendered":"<p>T\u00e4n\u00e4\u00e4n, 19 marraskuuta, on kulunut 1000 p\u00e4iv\u00e4\u00e4 siit\u00e4, kun Ven\u00e4j\u00e4 aloitti t\u00e4ysimittaisen hy\u00f6kk\u00e4yksens\u00e4 Ukrainaan.\u00a0 \u2013 Suomen tuki Ukrainalle jatkuu sek\u00e4 puolustustarvikkeiden ett\u00e4 siviiliyhteiskunnalle annettavan tuen muodossa, RKP:n puheenjohtaja, opetusministeri Anders Adlercreutz sanoo. \u2013 T\u00e4n\u00e4\u00e4n, kun t\u00e4ysmittaista hy\u00f6kk\u00e4yst\u00e4 on jatkunut tuhat p\u00e4iv\u00e4\u00e4, meid\u00e4n on samalla pidett\u00e4v\u00e4 mieless\u00e4, ett\u00e4 Ven\u00e4j\u00e4n sotatoimet ovat alkaneet jo vuosia aiemmin, Adlercreutz [&hellip;]<\/p>\n","protected":false},"author":1,"featured_media":10074,"comment_status":"open","ping_status":"open","sticky":false,"template":"","format":"standard","meta":{"jetpack_post_was_ever_published":false,"_jetpack_newsletter_access":"","jetpack_publicize_message":"","jetpack_is_tweetstorm":false,"jetpack_publicize_feature_enabled":true,"jetpack_social_post_already_shared":true,"jetpack_social_options":{"image_generator_settings":{"template":"highway","enabled":false}}},"categories":[125,71,163,128,87],"tags":[],"jetpack_publicize_connections":[],"yoast_head":"<!-- This site is optimized with the Yoast SEO plugin v20.12 - https:\/\/yoast.com\/wordpress\/plugins\/seo\/ -->\n<title>Adlercreutz: Suomi tukee Ukrainan tiet\u00e4 Euroopan Unioniin ja Natoon - Anders Adlercreutz<\/title>\n<meta name=\"robots\" content=\"index, follow, max-snippet:-1, max-image-preview:large, max-video-preview:-1\" \/>\n<link rel=\"canonical\" href=\"https:\/\/andersadlercreutz.fi\/blog\/eu\/adlercreutz-suomi-tukee-ukrainan-tieta-euroopan-unioniin-ja-natoon\/\" \/>\n<meta property=\"og:locale\" content=\"sv_SE\" \/>\n<meta property=\"og:type\" content=\"article\" \/>\n<meta property=\"og:title\" content=\"Adlercreutz: Suomi tukee Ukrainan tiet\u00e4 Euroopan Unioniin ja Natoon - Anders Adlercreutz\" \/>\n<meta property=\"og:description\" content=\"T\u00e4n\u00e4\u00e4n, 19 marraskuuta, on kulunut 1000 p\u00e4iv\u00e4\u00e4 siit\u00e4, kun Ven\u00e4j\u00e4 aloitti t\u00e4ysimittaisen hy\u00f6kk\u00e4yksens\u00e4 Ukrainaan.\u00a0 \u2013 Suomen tuki Ukrainalle jatkuu sek\u00e4 puolustustarvikkeiden ett\u00e4 siviiliyhteiskunnalle annettavan tuen muodossa, RKP:n puheenjohtaja, opetusministeri Anders Adlercreutz sanoo. \u2013 T\u00e4n\u00e4\u00e4n, kun t\u00e4ysmittaista hy\u00f6kk\u00e4yst\u00e4 on jatkunut tuhat p\u00e4iv\u00e4\u00e4, meid\u00e4n on samalla pidett\u00e4v\u00e4 mieless\u00e4, ett\u00e4 Ven\u00e4j\u00e4n sotatoimet ovat alkaneet jo vuosia aiemmin, Adlercreutz [&hellip;]\" \/>\n<meta property=\"og:url\" content=\"https:\/\/andersadlercreutz.fi\/blog\/eu\/adlercreutz-suomi-tukee-ukrainan-tieta-euroopan-unioniin-ja-natoon\/?lang=fi\" \/>\n<meta property=\"og:site_name\" content=\"Anders Adlercreutz\" \/>\n<meta property=\"article:published_time\" content=\"2024-11-19T15:28:01+00:00\" \/>\n<meta property=\"article:modified_time\" content=\"2024-11-19T15:29:59+00:00\" \/>\n<meta property=\"og:image\" content=\"https:\/\/andersadlercreutz.fi\/blog\/wp-content\/uploads\/2024\/11\/781A8306-copy-1030x687.jpg\" \/>\n\t<meta property=\"og:image:width\" content=\"1030\" \/>\n\t<meta property=\"og:image:height\" content=\"687\" \/>\n\t<meta property=\"og:image:type\" content=\"image\/jpeg\" \/>\n<meta name=\"author\" content=\"Anders\" \/>\n<meta name=\"twitter:card\" content=\"summary_large_image\" \/>\n<meta name=\"twitter:label1\" content=\"Skriven av\" \/>\n\t<meta name=\"twitter:data1\" content=\"Anders\" \/>\n\t<meta name=\"twitter:label2\" content=\"Ber\u00e4knad l\u00e4stid\" \/>\n\t<meta name=\"twitter:data2\" content=\"1 minut\" \/>\n<script type=\"application\/ld+json\" class=\"yoast-schema-graph\">{\"@context\":\"https:\/\/schema.org\",\"@graph\":[{\"@type\":\"WebPage\",\"@id\":\"https:\/\/andersadlercreutz.fi\/blog\/eu\/adlercreutz-suomi-tukee-ukrainan-tieta-euroopan-unioniin-ja-natoon\/?lang=fi\",\"url\":\"https:\/\/andersadlercreutz.fi\/blog\/eu\/adlercreutz-suomi-tukee-ukrainan-tieta-euroopan-unioniin-ja-natoon\/?lang=fi\",\"name\":\"Adlercreutz: Suomi tukee Ukrainan tiet\u00e4 Euroopan Unioniin ja Natoon - Anders Adlercreutz\",\"isPartOf\":{\"@id\":\"https:\/\/andersadlercreutz.fi\/blog\/#website\"},\"datePublished\":\"2024-11-19T15:28:01+00:00\",\"dateModified\":\"2024-11-19T15:29:59+00:00\",\"author\":{\"@id\":\"https:\/\/andersadlercreutz.fi\/blog\/#\/schema\/person\/47d4b72eded862b484f74bb4b3a2354f\"},\"breadcrumb\":{\"@id\":\"https:\/\/andersadlercreutz.fi\/blog\/eu\/adlercreutz-suomi-tukee-ukrainan-tieta-euroopan-unioniin-ja-natoon\/?lang=fi#breadcrumb\"},\"inLanguage\":\"sv-SE\",\"potentialAction\":[{\"@type\":\"ReadAction\",\"target\":[\"https:\/\/andersadlercreutz.fi\/blog\/eu\/adlercreutz-suomi-tukee-ukrainan-tieta-euroopan-unioniin-ja-natoon\/?lang=fi\"]}]},{\"@type\":\"BreadcrumbList\",\"@id\":\"https:\/\/andersadlercreutz.fi\/blog\/eu\/adlercreutz-suomi-tukee-ukrainan-tieta-euroopan-unioniin-ja-natoon\/?lang=fi#breadcrumb\",\"itemListElement\":[{\"@type\":\"ListItem\",\"position\":1,\"name\":\"Home\",\"item\":\"https:\/\/andersadlercreutz.fi\/blog\/blogg\/?lang=sv\"},{\"@type\":\"ListItem\",\"position\":2,\"name\":\"Adlercreutz: Suomi tukee Ukrainan tiet\u00e4 Euroopan Unioniin ja Natoon\"}]},{\"@type\":\"WebSite\",\"@id\":\"https:\/\/andersadlercreutz.fi\/blog\/#website\",\"url\":\"https:\/\/andersadlercreutz.fi\/blog\/\",\"name\":\"Anders Adlercreutz\",\"description\":\"Du. Jag. Vi. Kest&auml;v&auml;sti optimisti\",\"potentialAction\":[{\"@type\":\"SearchAction\",\"target\":{\"@type\":\"EntryPoint\",\"urlTemplate\":\"https:\/\/andersadlercreutz.fi\/blog\/?s={search_term_string}\"},\"query-input\":\"required name=search_term_string\"}],\"inLanguage\":\"sv-SE\"},{\"@type\":\"Person\",\"@id\":\"https:\/\/andersadlercreutz.fi\/blog\/#\/schema\/person\/47d4b72eded862b484f74bb4b3a2354f\",\"name\":\"Anders\",\"image\":{\"@type\":\"ImageObject\",\"inLanguage\":\"sv-SE\",\"@id\":\"https:\/\/andersadlercreutz.fi\/blog\/#\/schema\/person\/image\/\",\"url\":\"https:\/\/secure.gravatar.com\/avatar\/a144c9bda7a581ff6fabba169027e620?s=96&d=mm&r=g\",\"contentUrl\":\"https:\/\/secure.gravatar.com\/avatar\/a144c9bda7a581ff6fabba169027e620?s=96&d=mm&r=g\",\"caption\":\"Anders\"},\"url\":\"https:\/\/andersadlercreutz.fi\/blog\/author\/admin\/\"}]}<\/script>\n<!-- \/ Yoast SEO plugin. -->","yoast_head_json":{"title":"Adlercreutz: Suomi tukee Ukrainan tiet\u00e4 Euroopan Unioniin ja Natoon - Anders Adlercreutz","robots":{"index":"index","follow":"follow","max-snippet":"max-snippet:-1","max-image-preview":"max-image-preview:large","max-video-preview":"max-video-preview:-1"},"canonical":"https:\/\/andersadlercreutz.fi\/blog\/eu\/adlercreutz-suomi-tukee-ukrainan-tieta-euroopan-unioniin-ja-natoon\/","og_locale":"sv_SE","og_type":"article","og_title":"Adlercreutz: Suomi tukee Ukrainan tiet\u00e4 Euroopan Unioniin ja Natoon - Anders Adlercreutz","og_description":"T\u00e4n\u00e4\u00e4n, 19 marraskuuta, on kulunut 1000 p\u00e4iv\u00e4\u00e4 siit\u00e4, kun Ven\u00e4j\u00e4 aloitti t\u00e4ysimittaisen hy\u00f6kk\u00e4yksens\u00e4 Ukrainaan.\u00a0 \u2013 Suomen tuki Ukrainalle jatkuu sek\u00e4 puolustustarvikkeiden ett\u00e4 siviiliyhteiskunnalle annettavan tuen muodossa, RKP:n puheenjohtaja, opetusministeri Anders Adlercreutz sanoo. \u2013 T\u00e4n\u00e4\u00e4n, kun t\u00e4ysmittaista hy\u00f6kk\u00e4yst\u00e4 on jatkunut tuhat p\u00e4iv\u00e4\u00e4, meid\u00e4n on samalla pidett\u00e4v\u00e4 mieless\u00e4, ett\u00e4 Ven\u00e4j\u00e4n sotatoimet ovat alkaneet jo vuosia aiemmin, Adlercreutz [&hellip;]","og_url":"https:\/\/andersadlercreutz.fi\/blog\/eu\/adlercreutz-suomi-tukee-ukrainan-tieta-euroopan-unioniin-ja-natoon\/?lang=fi","og_site_name":"Anders Adlercreutz","article_published_time":"2024-11-19T15:28:01+00:00","article_modified_time":"2024-11-19T15:29:59+00:00","og_image":[{"width":1030,"height":687,"url":"https:\/\/andersadlercreutz.fi\/blog\/wp-content\/uploads\/2024\/11\/781A8306-copy-1030x687.jpg","type":"image\/jpeg"}],"author":"Anders","twitter_card":"summary_large_image","twitter_misc":{"Skriven av":"Anders","Ber\u00e4knad l\u00e4stid":"1 minut"},"schema":{"@context":"https:\/\/schema.org","@graph":[{"@type":"WebPage","@id":"https:\/\/andersadlercreutz.fi\/blog\/eu\/adlercreutz-suomi-tukee-ukrainan-tieta-euroopan-unioniin-ja-natoon\/?lang=fi","url":"https:\/\/andersadlercreutz.fi\/blog\/eu\/adlercreutz-suomi-tukee-ukrainan-tieta-euroopan-unioniin-ja-natoon\/?lang=fi","name":"Adlercreutz: Suomi tukee Ukrainan tiet\u00e4 Euroopan Unioniin ja Natoon - Anders Adlercreutz","isPartOf":{"@id":"https:\/\/andersadlercreutz.fi\/blog\/#website"},"datePublished":"2024-11-19T15:28:01+00:00","dateModified":"2024-11-19T15:29:59+00:00","author":{"@id":"https:\/\/andersadlercreutz.fi\/blog\/#\/schema\/person\/47d4b72eded862b484f74bb4b3a2354f"},"breadcrumb":{"@id":"https:\/\/andersadlercreutz.fi\/blog\/eu\/adlercreutz-suomi-tukee-ukrainan-tieta-euroopan-unioniin-ja-natoon\/?lang=fi#breadcrumb"},"inLanguage":"sv-SE","potentialAction":[{"@type":"ReadAction","target":["https:\/\/andersadlercreutz.fi\/blog\/eu\/adlercreutz-suomi-tukee-ukrainan-tieta-euroopan-unioniin-ja-natoon\/?lang=fi"]}]},{"@type":"BreadcrumbList","@id":"https:\/\/andersadlercreutz.fi\/blog\/eu\/adlercreutz-suomi-tukee-ukrainan-tieta-euroopan-unioniin-ja-natoon\/?lang=fi#breadcrumb","itemListElement":[{"@type":"ListItem","position":1,"name":"Home","item":"https:\/\/andersadlercreutz.fi\/blog\/blogg\/?lang=sv"},{"@type":"ListItem","position":2,"name":"Adlercreutz: Suomi tukee Ukrainan tiet\u00e4 Euroopan Unioniin ja Natoon"}]},{"@type":"WebSite","@id":"https:\/\/andersadlercreutz.fi\/blog\/#website","url":"https:\/\/andersadlercreutz.fi\/blog\/","name":"Anders Adlercreutz","description":"Du. Jag. Vi. Kest&auml;v&auml;sti optimisti","potentialAction":[{"@type":"SearchAction","target":{"@type":"EntryPoint","urlTemplate":"https:\/\/andersadlercreutz.fi\/blog\/?s={search_term_string}"},"query-input":"required name=search_term_string"}],"inLanguage":"sv-SE"},{"@type":"Person","@id":"https:\/\/andersadlercreutz.fi\/blog\/#\/schema\/person\/47d4b72eded862b484f74bb4b3a2354f","name":"Anders","image":{"@type":"ImageObject","inLanguage":"sv-SE","@id":"https:\/\/andersadlercreutz.fi\/blog\/#\/schema\/person\/image\/","url":"https:\/\/secure.gravatar.com\/avatar\/a144c9bda7a581ff6fabba169027e620?s=96&d=mm&r=g","contentUrl":"https:\/\/secure.gravatar.com\/avatar\/a144c9bda7a581ff6fabba169027e620?s=96&d=mm&r=g","caption":"Anders"},"url":"https:\/\/andersadlercreutz.fi\/blog\/author\/admin\/"}]}},"jetpack_featured_media_url":"https:\/\/i0.wp.com\/andersadlercreutz.fi\/blog\/wp-content\/uploads\/2024\/11\/781A8306-copy-scaled.jpg?fit=2560%2C1707&ssl=1","jetpack_shortlink":"https:\/\/wp.me\/p4T6Dh-2CQ","jetpack_sharing_enabled":true,"_links":{"self":[{"href":"https:\/\/andersadlercreutz.fi\/blog\/wp-json\/wp\/v2\/posts\/10096"}],"collection":[{"href":"https:\/\/andersadlercreutz.fi\/blog\/wp-json\/wp\/v2\/posts"}],"about":[{"href":"https:\/\/andersadlercreutz.fi\/blog\/wp-json\/wp\/v2\/types\/post"}],"author":[{"embeddable":true,"href":"https:\/\/andersadlercreutz.fi\/blog\/wp-json\/wp\/v2\/users\/1"}],"replies":[{"embeddable":true,"href":"https:\/\/andersadlercreutz.fi\/blog\/wp-json\/wp\/v2\/comments?post=10096"}],"version-history":[{"count":2,"href":"https:\/\/andersadlercreutz.fi\/blog\/wp-json\/wp\/v2\/posts\/10096\/revisions"}],"predecessor-version":[{"id":10100,"href":"https:\/\/andersadlercreutz.fi\/blog\/wp-json\/wp\/v2\/posts\/10096\/revisions\/10100"}],"wp:featuredmedia":[{"embeddable":true,"href":"https:\/\/andersadlercreutz.fi\/blog\/wp-json\/wp\/v2\/media\/10074"}],"wp:attachment":[{"href":"https:\/\/andersadlercreutz.fi\/blog\/wp-json\/wp\/v2\/media?parent=10096"}],"wp:term":[{"taxonomy":"category","embeddable":true,"href":"https:\/\/andersadlercreutz.fi\/blog\/wp-json\/wp\/v2\/categories?post=10096"},{"taxonomy":"post_tag","embeddable":true,"href":"https:\/\/andersadlercreutz.fi\/blog\/wp-json\/wp\/v2\/tags?post=10096"}],"curies":[{"name":"wp","href":"https:\/\/api.w.org\/{rel}","templated":true}]}}