{"id":10113,"date":"2024-12-05T14:03:34","date_gmt":"2024-12-05T12:03:34","guid":{"rendered":"https:\/\/andersadlercreutz.fi\/blog\/?p=10113"},"modified":"2024-12-08T14:21:50","modified_gmt":"2024-12-08T12:21:50","slug":"opetusministerin-vastaus-mielipidekirjoitukseen-ammatillisesta-koulutuksesta","status":"publish","type":"post","link":"https:\/\/andersadlercreutz.fi\/blog\/1koulutus\/opetusministerin-vastaus-mielipidekirjoitukseen-ammatillisesta-koulutuksesta\/?lang=fi","title":{"rendered":"Opetusministerin vastaus mielipidekirjoitukseen ammatillisesta koulutuksesta"},"content":{"rendered":"<p><span style=\"font-weight: 400;\">Kirkkonummen Sanomissa julkaistussa mielipidekirjoituksessa pohditaan ammatillisen koulutuksen tilannetta. Haluan t\u00e4ss\u00e4 kommentoida kirjoittajien esitt\u00e4mi\u00e4 n\u00e4kemyksi\u00e4.\u00a0<\/span><\/p>\n<p><span style=\"font-weight: 400;\">Kirjoittajat kiitt\u00e4v\u00e4t tulevia uudistuksia mutta nostavat esille rahoitusleikkaukset ongelmana. Molempiin on helppo yhty\u00e4. On selv\u00e4, ett\u00e4 mik\u00e4 tahansa toimiala mieluummin kasvattaa budjettiaan kuin v\u00e4hent\u00e4\u00e4 sit\u00e4. Asiaa on kuitenkin hyv\u00e4 tarkastella kokonaisuutena ja perspektiiviss\u00e4.\u00a0<\/span><\/p>\n<p><span style=\"font-weight: 400;\">Viimeisten kolmenkymmenen vuoden aikana ammatillisen koulutuksen rahoituksen osuus BKT:st\u00e4 on kolminkertaistunut. Vuodesta 2019 t\u00e4h\u00e4n p\u00e4iv\u00e4\u00e4n se on kasvanut eurom\u00e4\u00e4r\u00e4isesti noin 400 miljoonalla eurolla. Viime vuosina opiskelijam\u00e4\u00e4r\u00e4t ovat kasvaneet paljon, mutta tehtyjen opintosuoritusten m\u00e4\u00e4r\u00e4 ei.\u00a0<\/span><\/p>\n<p><span style=\"font-weight: 400;\">Samaan aikaan tietyille aloille koulutamme liikaa tekij\u00f6it\u00e4, toisille liian v\u00e4h\u00e4n. T\u00e4m\u00e4 on se iso kuva, johon haemme ratkaisua tilanteessa, jossa julkiseen talouteen kohdistuu suuri paine.\u00a0<\/span><\/p>\n<p><span style=\"font-weight: 400;\">Ammatillisen koulutukseen kohdistuu ensi vuodesta alkaen 120 miljoonan euron sopeutus, mutta indeksikorotuksista johtuen kokonaisrahoitus v\u00e4hentyy vain 97 miljoonaa euroa. Samalla on t\u00e4rke\u00e4 muistaa, ett\u00e4 ammatillisen koulutuksen rahoitus on ensi vuonnakin yli 2 miljardia euroa joten ensi vuonna ammatillisen koulutuksen rahoitus on eurom\u00e4\u00e4r\u00e4isesti varsin samalla tasolla kuin vuonna 2023. Kuluvan vuoden rahoitus on 2 miljardia 163 miljoonaa euroa.<\/span><\/p>\n<p><span style=\"font-weight: 400;\">Ideaalitilanteessa ei olisi tarve tehd\u00e4 s\u00e4\u00e4st\u00f6j\u00e4, mutta valitettavasti taloudelliset realiteetit ovat toiset. Hallituksen tavoitteena on julkisen talouden vahvistaminen. Olemme tehneet p\u00e4\u00e4t\u00f6ksi\u00e4 yhteens\u00e4 9 miljardin euron sopeutustoimista. N\u00e4m\u00e4 p\u00e4\u00e4t\u00f6kset eiv\u00e4t ole olleet helppoja \u2013 mutta samalla tavoite, eli talouden tasapainottaminen, on t\u00e4rke\u00e4 ja v\u00e4ltt\u00e4m\u00e4t\u00f6n nimenomaan siksi, ett\u00e4 haluamme tarjota n\u00e4it\u00e4 t\u00e4rkeit\u00e4 palveluja.\u00a0<\/span><\/p>\n<p><span style=\"font-weight: 400;\">Hallitus kohdentaa s\u00e4\u00e4st\u00f6n niille, joilla\u00a0 on jo aiempi tutkinto. Toista tai useampaa tutkintoa suorittavien koulutukseen ammatillisen koulutuksen rahoituksesta on to opiskelijavuosia meill\u00e4 on vuositasolla 65000. S\u00e4\u00e4st\u00f6 toteutetaan v\u00e4hent\u00e4m\u00e4ll\u00e4 niin sanottuja tavoitteellisia opiskelijavuosia. Yhteens\u00e4 kyse\u00a0 noin 11 000 opiskelijavuodesta. S\u00e4\u00e4st\u00f6 kohdistetaan laskennallisesti opetuksen j\u00e4rjest\u00e4jilt\u00e4 sen pohjalta, miten paljon heill\u00e4 on toista tai kolmatta tutkintoaan tekevi\u00e4 nuoria tai aikuisia.\u00a0 J\u00e4rjest\u00e4j\u00e4t vastaavasti v\u00e4hent\u00e4v\u00e4t n\u00e4iden opiskelijoiden sis\u00e4\u00e4nottoa.<\/span><\/p>\n<p><span style=\"font-weight: 400;\">Senkin j\u00e4lkeen n\u00e4it\u00e4 opiskeluvuosia on vuositasolla noin 54000, eli merkitt\u00e4v\u00e4 m\u00e4\u00e4r\u00e4.\u00a0<\/span><\/p>\n<p><span style=\"font-weight: 400;\">Kirjoittavat sanovat, ett\u00e4 rahoituksen leikkausta on vaikea kohdistaa, ett\u00e4 resurssit koulun sis\u00e4ll\u00e4 ovat jaetut ensimm\u00e4ist\u00e4 ja toista tai useampaa tutkintoa suorittavien v\u00e4lill\u00e4.\u00a0<\/span><\/p>\n<p><span style=\"font-weight: 400;\">On selv\u00e4, ett\u00e4 resurssit jaetaan. Kaikki muu olisi tavattoman tehotonta. Sen kautta on selv\u00e4, ett\u00e4 leikkausten\u00a0 100% kohdennus muihin kuin oppivelvollisiin ei ole mahdollista tai realistista. Hyvin l\u00e4helle kuitenkin p\u00e4\u00e4see. Paljon onkin kiinni itse oppilaitoksen toiminnasta. Miten he s\u00e4\u00e4t\u00e4v\u00e4t sis\u00e4\u00e4nottom\u00e4\u00e4ri\u00e4\u00e4n ja j\u00e4rjest\u00e4v\u00e4t toimintaansa?<\/span><\/p>\n<p><span style=\"font-weight: 400;\">Rahoituksen v\u00e4hent\u00e4minen tulee n\u00e4kym\u00e4\u00e4n ja tuntumaan. Samaan aikaan teemme kuitenkin uudistuksia, jotka parantavat ty\u00f6llisyytt\u00e4 ja luovat mahdollisuuden oppilaitoksille vahvistaa rahoitustaan.\u00a0<\/span><\/p>\n<p><span style=\"font-weight: 400;\">Ammatillisen koulutuksen rahoitusperusteen muutos ty\u00f6llistymist\u00e4 painottavaksi tarkoittaa, ett\u00e4 syntyy vahva kannustin varmistaa, ett\u00e4 oppilaat saavat tarvitsemansa tuen ja valmistuvat, ja ett\u00e4 he my\u00f6hemmin ty\u00f6llistyv\u00e4t, .<\/span><\/p>\n<p><span style=\"font-weight: 400;\">Aloitamme my\u00f6s 8-vuotisen toiminnanohjauskokeilun, jonka piiriin p\u00e4\u00e4see enint\u00e4\u00e4n 40 koulutuksen\u00a0 j\u00e4rjest\u00e4j\u00e4\u00e4. Sen sijaan, ett\u00e4 opetuksen tarjontaa n\u00e4iden osalta ohjattaisiin ministeri\u00f6ist\u00e4 k\u00e4sin, n\u00e4m\u00e4 kokeilun piiriss\u00e4 olevat oppilaitokset voivat itse s\u00e4\u00e4t\u00e4\u00e4 tarjontaansa sen mukaan, mit\u00e4 paikallinen ty\u00f6el\u00e4m\u00e4 tarvitsee.\u00a0<\/span><\/p>\n<p><span style=\"font-weight: 400;\">Kun t\u00e4ss\u00e4 otamme huomioon sen, ett\u00e4 ty\u00f6llistyminen vaikuttaa rahoitukseen on selv\u00e4, ett\u00e4 kokeilun my\u00f6t\u00e4 voittajia ovat niin yhteiskunta, opiskelija\u00a0 kuin koulutuksen j\u00e4rjest\u00e4j\u00e4kin.\u00a0<\/span><\/p>\n<p><span style=\"font-weight: 400;\">Leikkaukset ovat aina ik\u00e4vi\u00e4. Ammatillisessa koulutuksessa v\u00e4it\u00e4n kuitenkin, ett\u00e4 muu uudistusty\u00f6 avaa leikkauksista huolimatta\u00a0 uusia mahdollisuuksia niin kouluille kuin oppilaillekin\u00a0 ja se on hyv\u00e4, koska tarvitsemme vahvaa ammatillista osaamista ty\u00f6markkinoillemme.\u00a0<\/span><\/p>\n<p><span style=\"font-weight: 400;\">Anders Adlercreutz<\/span><\/p>\n<p><span style=\"font-weight: 400;\">Opetusministeri, RKP:n puheenjohtaja<\/span><\/p>\n","protected":false},"excerpt":{"rendered":"<p>Kirkkonummen Sanomissa julkaistussa mielipidekirjoituksessa pohditaan ammatillisen koulutuksen tilannetta. Haluan t\u00e4ss\u00e4 kommentoida kirjoittajien esitt\u00e4mi\u00e4 n\u00e4kemyksi\u00e4.\u00a0 Kirjoittajat kiitt\u00e4v\u00e4t tulevia uudistuksia mutta nostavat esille rahoitusleikkaukset ongelmana. Molempiin on helppo yhty\u00e4. On selv\u00e4, ett\u00e4 mik\u00e4 tahansa toimiala mieluummin kasvattaa budjettiaan kuin v\u00e4hent\u00e4\u00e4 sit\u00e4. Asiaa on kuitenkin hyv\u00e4 tarkastella kokonaisuutena ja perspektiiviss\u00e4.\u00a0 Viimeisten kolmenkymmenen vuoden aikana ammatillisen koulutuksen rahoituksen osuus [&hellip;]<\/p>\n","protected":false},"author":1,"featured_media":9551,"comment_status":"open","ping_status":"open","sticky":false,"template":"","format":"standard","meta":{"jetpack_post_was_ever_published":false,"_jetpack_newsletter_access":"","jetpack_publicize_message":"","jetpack_is_tweetstorm":false,"jetpack_publicize_feature_enabled":true,"jetpack_social_post_already_shared":true,"jetpack_social_options":{"image_generator_settings":{"template":"highway","enabled":false}}},"categories":[21,18,3,124],"tags":[],"jetpack_publicize_connections":[],"yoast_head":"<!-- This site is optimized with the Yoast SEO plugin v20.12 - https:\/\/yoast.com\/wordpress\/plugins\/seo\/ -->\n<title>Opetusministerin vastaus mielipidekirjoitukseen ammatillisesta koulutuksesta - Anders Adlercreutz<\/title>\n<meta name=\"robots\" content=\"index, follow, max-snippet:-1, max-image-preview:large, max-video-preview:-1\" \/>\n<link rel=\"canonical\" href=\"https:\/\/andersadlercreutz.fi\/blog\/1koulutus\/opetusministerin-vastaus-mielipidekirjoitukseen-ammatillisesta-koulutuksesta\/\" \/>\n<meta property=\"og:locale\" content=\"sv_SE\" \/>\n<meta property=\"og:type\" content=\"article\" \/>\n<meta property=\"og:title\" content=\"Opetusministerin vastaus mielipidekirjoitukseen ammatillisesta koulutuksesta - Anders Adlercreutz\" \/>\n<meta property=\"og:description\" content=\"Kirkkonummen Sanomissa julkaistussa mielipidekirjoituksessa pohditaan ammatillisen koulutuksen tilannetta. Haluan t\u00e4ss\u00e4 kommentoida kirjoittajien esitt\u00e4mi\u00e4 n\u00e4kemyksi\u00e4.\u00a0 Kirjoittajat kiitt\u00e4v\u00e4t tulevia uudistuksia mutta nostavat esille rahoitusleikkaukset ongelmana. Molempiin on helppo yhty\u00e4. On selv\u00e4, ett\u00e4 mik\u00e4 tahansa toimiala mieluummin kasvattaa budjettiaan kuin v\u00e4hent\u00e4\u00e4 sit\u00e4. Asiaa on kuitenkin hyv\u00e4 tarkastella kokonaisuutena ja perspektiiviss\u00e4.\u00a0 Viimeisten kolmenkymmenen vuoden aikana ammatillisen koulutuksen rahoituksen osuus [&hellip;]\" \/>\n<meta property=\"og:url\" content=\"https:\/\/andersadlercreutz.fi\/blog\/1koulutus\/opetusministerin-vastaus-mielipidekirjoitukseen-ammatillisesta-koulutuksesta\/?lang=fi\" \/>\n<meta property=\"og:site_name\" content=\"Anders Adlercreutz\" \/>\n<meta property=\"article:published_time\" content=\"2024-12-05T12:03:34+00:00\" \/>\n<meta property=\"article:modified_time\" content=\"2024-12-08T12:21:50+00:00\" \/>\n<meta property=\"og:image\" content=\"https:\/\/andersadlercreutz.fi\/blog\/wp-content\/uploads\/2024\/05\/Anders-Nammo1.jpg\" \/>\n\t<meta property=\"og:image:width\" content=\"1500\" \/>\n\t<meta property=\"og:image:height\" content=\"750\" \/>\n\t<meta property=\"og:image:type\" content=\"image\/jpeg\" \/>\n<meta name=\"author\" content=\"Anders\" \/>\n<meta name=\"twitter:card\" content=\"summary_large_image\" \/>\n<meta name=\"twitter:label1\" content=\"Skriven av\" \/>\n\t<meta name=\"twitter:data1\" content=\"Anders\" \/>\n\t<meta name=\"twitter:label2\" content=\"Ber\u00e4knad l\u00e4stid\" \/>\n\t<meta name=\"twitter:data2\" content=\"3 minuter\" \/>\n<script type=\"application\/ld+json\" class=\"yoast-schema-graph\">{\"@context\":\"https:\/\/schema.org\",\"@graph\":[{\"@type\":\"WebPage\",\"@id\":\"https:\/\/andersadlercreutz.fi\/blog\/1koulutus\/opetusministerin-vastaus-mielipidekirjoitukseen-ammatillisesta-koulutuksesta\/?lang=fi\",\"url\":\"https:\/\/andersadlercreutz.fi\/blog\/1koulutus\/opetusministerin-vastaus-mielipidekirjoitukseen-ammatillisesta-koulutuksesta\/?lang=fi\",\"name\":\"Opetusministerin vastaus mielipidekirjoitukseen ammatillisesta koulutuksesta - Anders Adlercreutz\",\"isPartOf\":{\"@id\":\"https:\/\/andersadlercreutz.fi\/blog\/#website\"},\"datePublished\":\"2024-12-05T12:03:34+00:00\",\"dateModified\":\"2024-12-08T12:21:50+00:00\",\"author\":{\"@id\":\"https:\/\/andersadlercreutz.fi\/blog\/#\/schema\/person\/47d4b72eded862b484f74bb4b3a2354f\"},\"breadcrumb\":{\"@id\":\"https:\/\/andersadlercreutz.fi\/blog\/1koulutus\/opetusministerin-vastaus-mielipidekirjoitukseen-ammatillisesta-koulutuksesta\/?lang=fi#breadcrumb\"},\"inLanguage\":\"sv-SE\",\"potentialAction\":[{\"@type\":\"ReadAction\",\"target\":[\"https:\/\/andersadlercreutz.fi\/blog\/1koulutus\/opetusministerin-vastaus-mielipidekirjoitukseen-ammatillisesta-koulutuksesta\/?lang=fi\"]}]},{\"@type\":\"BreadcrumbList\",\"@id\":\"https:\/\/andersadlercreutz.fi\/blog\/1koulutus\/opetusministerin-vastaus-mielipidekirjoitukseen-ammatillisesta-koulutuksesta\/?lang=fi#breadcrumb\",\"itemListElement\":[{\"@type\":\"ListItem\",\"position\":1,\"name\":\"Home\",\"item\":\"https:\/\/andersadlercreutz.fi\/blog\/blogg\/?lang=sv\"},{\"@type\":\"ListItem\",\"position\":2,\"name\":\"Opetusministerin vastaus mielipidekirjoitukseen ammatillisesta koulutuksesta\"}]},{\"@type\":\"WebSite\",\"@id\":\"https:\/\/andersadlercreutz.fi\/blog\/#website\",\"url\":\"https:\/\/andersadlercreutz.fi\/blog\/\",\"name\":\"Anders Adlercreutz\",\"description\":\"Du. Jag. Vi. Kest&auml;v&auml;sti optimisti\",\"potentialAction\":[{\"@type\":\"SearchAction\",\"target\":{\"@type\":\"EntryPoint\",\"urlTemplate\":\"https:\/\/andersadlercreutz.fi\/blog\/?s={search_term_string}\"},\"query-input\":\"required name=search_term_string\"}],\"inLanguage\":\"sv-SE\"},{\"@type\":\"Person\",\"@id\":\"https:\/\/andersadlercreutz.fi\/blog\/#\/schema\/person\/47d4b72eded862b484f74bb4b3a2354f\",\"name\":\"Anders\",\"image\":{\"@type\":\"ImageObject\",\"inLanguage\":\"sv-SE\",\"@id\":\"https:\/\/andersadlercreutz.fi\/blog\/#\/schema\/person\/image\/\",\"url\":\"https:\/\/secure.gravatar.com\/avatar\/a144c9bda7a581ff6fabba169027e620?s=96&d=mm&r=g\",\"contentUrl\":\"https:\/\/secure.gravatar.com\/avatar\/a144c9bda7a581ff6fabba169027e620?s=96&d=mm&r=g\",\"caption\":\"Anders\"},\"url\":\"https:\/\/andersadlercreutz.fi\/blog\/author\/admin\/\"}]}<\/script>\n<!-- \/ Yoast SEO plugin. -->","yoast_head_json":{"title":"Opetusministerin vastaus mielipidekirjoitukseen ammatillisesta koulutuksesta - Anders Adlercreutz","robots":{"index":"index","follow":"follow","max-snippet":"max-snippet:-1","max-image-preview":"max-image-preview:large","max-video-preview":"max-video-preview:-1"},"canonical":"https:\/\/andersadlercreutz.fi\/blog\/1koulutus\/opetusministerin-vastaus-mielipidekirjoitukseen-ammatillisesta-koulutuksesta\/","og_locale":"sv_SE","og_type":"article","og_title":"Opetusministerin vastaus mielipidekirjoitukseen ammatillisesta koulutuksesta - Anders Adlercreutz","og_description":"Kirkkonummen Sanomissa julkaistussa mielipidekirjoituksessa pohditaan ammatillisen koulutuksen tilannetta. Haluan t\u00e4ss\u00e4 kommentoida kirjoittajien esitt\u00e4mi\u00e4 n\u00e4kemyksi\u00e4.\u00a0 Kirjoittajat kiitt\u00e4v\u00e4t tulevia uudistuksia mutta nostavat esille rahoitusleikkaukset ongelmana. Molempiin on helppo yhty\u00e4. On selv\u00e4, ett\u00e4 mik\u00e4 tahansa toimiala mieluummin kasvattaa budjettiaan kuin v\u00e4hent\u00e4\u00e4 sit\u00e4. Asiaa on kuitenkin hyv\u00e4 tarkastella kokonaisuutena ja perspektiiviss\u00e4.\u00a0 Viimeisten kolmenkymmenen vuoden aikana ammatillisen koulutuksen rahoituksen osuus [&hellip;]","og_url":"https:\/\/andersadlercreutz.fi\/blog\/1koulutus\/opetusministerin-vastaus-mielipidekirjoitukseen-ammatillisesta-koulutuksesta\/?lang=fi","og_site_name":"Anders Adlercreutz","article_published_time":"2024-12-05T12:03:34+00:00","article_modified_time":"2024-12-08T12:21:50+00:00","og_image":[{"width":1500,"height":750,"url":"https:\/\/andersadlercreutz.fi\/blog\/wp-content\/uploads\/2024\/05\/Anders-Nammo1.jpg","type":"image\/jpeg"}],"author":"Anders","twitter_card":"summary_large_image","twitter_misc":{"Skriven av":"Anders","Ber\u00e4knad l\u00e4stid":"3 minuter"},"schema":{"@context":"https:\/\/schema.org","@graph":[{"@type":"WebPage","@id":"https:\/\/andersadlercreutz.fi\/blog\/1koulutus\/opetusministerin-vastaus-mielipidekirjoitukseen-ammatillisesta-koulutuksesta\/?lang=fi","url":"https:\/\/andersadlercreutz.fi\/blog\/1koulutus\/opetusministerin-vastaus-mielipidekirjoitukseen-ammatillisesta-koulutuksesta\/?lang=fi","name":"Opetusministerin vastaus mielipidekirjoitukseen ammatillisesta koulutuksesta - Anders Adlercreutz","isPartOf":{"@id":"https:\/\/andersadlercreutz.fi\/blog\/#website"},"datePublished":"2024-12-05T12:03:34+00:00","dateModified":"2024-12-08T12:21:50+00:00","author":{"@id":"https:\/\/andersadlercreutz.fi\/blog\/#\/schema\/person\/47d4b72eded862b484f74bb4b3a2354f"},"breadcrumb":{"@id":"https:\/\/andersadlercreutz.fi\/blog\/1koulutus\/opetusministerin-vastaus-mielipidekirjoitukseen-ammatillisesta-koulutuksesta\/?lang=fi#breadcrumb"},"inLanguage":"sv-SE","potentialAction":[{"@type":"ReadAction","target":["https:\/\/andersadlercreutz.fi\/blog\/1koulutus\/opetusministerin-vastaus-mielipidekirjoitukseen-ammatillisesta-koulutuksesta\/?lang=fi"]}]},{"@type":"BreadcrumbList","@id":"https:\/\/andersadlercreutz.fi\/blog\/1koulutus\/opetusministerin-vastaus-mielipidekirjoitukseen-ammatillisesta-koulutuksesta\/?lang=fi#breadcrumb","itemListElement":[{"@type":"ListItem","position":1,"name":"Home","item":"https:\/\/andersadlercreutz.fi\/blog\/blogg\/?lang=sv"},{"@type":"ListItem","position":2,"name":"Opetusministerin vastaus mielipidekirjoitukseen ammatillisesta koulutuksesta"}]},{"@type":"WebSite","@id":"https:\/\/andersadlercreutz.fi\/blog\/#website","url":"https:\/\/andersadlercreutz.fi\/blog\/","name":"Anders Adlercreutz","description":"Du. Jag. Vi. Kest&auml;v&auml;sti optimisti","potentialAction":[{"@type":"SearchAction","target":{"@type":"EntryPoint","urlTemplate":"https:\/\/andersadlercreutz.fi\/blog\/?s={search_term_string}"},"query-input":"required name=search_term_string"}],"inLanguage":"sv-SE"},{"@type":"Person","@id":"https:\/\/andersadlercreutz.fi\/blog\/#\/schema\/person\/47d4b72eded862b484f74bb4b3a2354f","name":"Anders","image":{"@type":"ImageObject","inLanguage":"sv-SE","@id":"https:\/\/andersadlercreutz.fi\/blog\/#\/schema\/person\/image\/","url":"https:\/\/secure.gravatar.com\/avatar\/a144c9bda7a581ff6fabba169027e620?s=96&d=mm&r=g","contentUrl":"https:\/\/secure.gravatar.com\/avatar\/a144c9bda7a581ff6fabba169027e620?s=96&d=mm&r=g","caption":"Anders"},"url":"https:\/\/andersadlercreutz.fi\/blog\/author\/admin\/"}]}},"jetpack_featured_media_url":"https:\/\/i0.wp.com\/andersadlercreutz.fi\/blog\/wp-content\/uploads\/2024\/05\/Anders-Nammo1.jpg?fit=1500%2C750&ssl=1","jetpack_shortlink":"https:\/\/wp.me\/p4T6Dh-2D7","jetpack_sharing_enabled":true,"_links":{"self":[{"href":"https:\/\/andersadlercreutz.fi\/blog\/wp-json\/wp\/v2\/posts\/10113"}],"collection":[{"href":"https:\/\/andersadlercreutz.fi\/blog\/wp-json\/wp\/v2\/posts"}],"about":[{"href":"https:\/\/andersadlercreutz.fi\/blog\/wp-json\/wp\/v2\/types\/post"}],"author":[{"embeddable":true,"href":"https:\/\/andersadlercreutz.fi\/blog\/wp-json\/wp\/v2\/users\/1"}],"replies":[{"embeddable":true,"href":"https:\/\/andersadlercreutz.fi\/blog\/wp-json\/wp\/v2\/comments?post=10113"}],"version-history":[{"count":3,"href":"https:\/\/andersadlercreutz.fi\/blog\/wp-json\/wp\/v2\/posts\/10113\/revisions"}],"predecessor-version":[{"id":10117,"href":"https:\/\/andersadlercreutz.fi\/blog\/wp-json\/wp\/v2\/posts\/10113\/revisions\/10117"}],"wp:featuredmedia":[{"embeddable":true,"href":"https:\/\/andersadlercreutz.fi\/blog\/wp-json\/wp\/v2\/media\/9551"}],"wp:attachment":[{"href":"https:\/\/andersadlercreutz.fi\/blog\/wp-json\/wp\/v2\/media?parent=10113"}],"wp:term":[{"taxonomy":"category","embeddable":true,"href":"https:\/\/andersadlercreutz.fi\/blog\/wp-json\/wp\/v2\/categories?post=10113"},{"taxonomy":"post_tag","embeddable":true,"href":"https:\/\/andersadlercreutz.fi\/blog\/wp-json\/wp\/v2\/tags?post=10113"}],"curies":[{"name":"wp","href":"https:\/\/api.w.org\/{rel}","templated":true}]}}