{"id":10128,"date":"2025-01-04T18:09:44","date_gmt":"2025-01-04T16:09:44","guid":{"rendered":"https:\/\/andersadlercreutz.fi\/blog\/?p=10128"},"modified":"2025-01-04T19:28:29","modified_gmt":"2025-01-04T17:28:29","slug":"ett-litet-land-maste-tanka-stort","status":"publish","type":"post","link":"https:\/\/andersadlercreutz.fi\/blog\/blog-sv\/ett-litet-land-maste-tanka-stort\/","title":{"rendered":"Ett litet land m\u00e5ste t\u00e4nka stort"},"content":{"rendered":"<p>(Suomeksi <a href=\"https:\/\/wp.me\/p4T6Dh-2Dv\">t\u00e4\u00e4ll\u00e4<\/a>)<\/p>\n<p><span style=\"font-weight: 400;\">Invandring \u00e4r inte ensamt l\u00f6sningen p\u00e5 Finlands ekonomiska problem och v\u00e5rt h\u00e5llbarhetsunderskott, men utan invandring kommer v\u00e5rt land sakta men s\u00e4kert att glida ner i allt djupare ekonomiska tr\u00e5ngm\u00e5l. F\u00f6r att \u00f6verbrygga h\u00e5llbarhetsgapet beh\u00f6ver vi invandring.\u00a0<\/span><\/p>\n<p><span style=\"font-weight: 400;\">Att invandring \u00e4r n\u00f6dv\u00e4ndigt \u00e4r ett faktum som b\u00e5de ledande nationalekonomer och tj\u00e4nstem\u00e4n p\u00e5 finansministeriet st\u00f6der. Allm\u00e4nt anses vi beh\u00f6va en nettoinvandring p\u00e5 \u00e5tminstone 40 000 per \u00e5r f\u00f6r att f\u00e5 v\u00e5r ekonomi i balans med den nativitet vi har idag. Mot den bakgrunden \u00e4r det varken f\u00f6rnuftigt eller ansvarsfullt att odla tanken p\u00e5 att begr\u00e4nsa invandringen i syfte att h\u00e5lla v\u00e5r befolkning s\u00e5 homogen som m\u00f6jligt. En s\u00e5dan str\u00e4van skulle komma till ett h\u00f6gt pris.\u00a0<\/span><\/p>\n<p><span style=\"font-weight: 400;\">I slutet av denna text kommer jag att ber\u00e4tta vilka \u00e5tg\u00e4rder vi beh\u00f6ver f\u00f6r att n\u00e5 detta m\u00e5l.<\/span><\/p>\n<p><span style=\"font-weight: 400;\">L\u00e5t oss granska fr\u00e5gan n\u00e4rmare: det finns m\u00e5nga olika sorter av invandring. N\u00e4r man talar om invandring t\u00e4nker m\u00e5nga p\u00e5 de m\u00e4nniskor som huvudsakligen kom via Turkiet under \u00e5ren 2015\u201316. I verkligheten \u00e4r den typen av humanit\u00e4r invandring ett undantag.<\/span><\/p>\n<p><span style=\"font-weight: 400;\">Och f\u00f6r all del: Om vi vill undvika en upprepning av s\u00e5dana migrationsm\u00e4ngder, b\u00f6r vi som EU arbeta f\u00f6r global stabilitet. Det inneb\u00e4r investeringar i bist\u00e5nd, bek\u00e4mpning av klimatf\u00f6r\u00e4ndringen och finansiering av \u00e5tg\u00e4rder som hj\u00e4lper de l\u00e4nder som \u00e4r v\u00e4rst utsatta att hantera f\u00f6ljderna av klimatf\u00f6r\u00e4ndringen.\u00a0<\/span><\/p>\n<p><span style=\"font-weight: 400;\">Antalet personer som s\u00f6ker asyl i Finland \u00e4r sv\u00e5rt att reglera. Det p\u00e5verkas av internationella kriser, inte av Finlands egna \u00e5tg\u00e4rder. Kriterierna f\u00f6r att bevilja skydd \u00e4r ocks\u00e5 i h\u00f6g grad internationella. De senaste \u00e5ren har det getts i medeltal cirka 2 000 positiva asylbeslut i Finland. Det \u00e4r en l\u00e5g och helt hanterbar siffra.\u00a0<\/span><\/p>\n<p><span style=\"font-weight: 400;\">Humanit\u00e4r invandring \u00e4r en f\u00f6ljd av det internationella avtalssystem som vi ansl\u00f6t oss till efter andra v\u00e4rldskriget. Inom detta system anv\u00e4nds inte n\u00e5gon po\u00e4ngs\u00e4ttning \u2013 inte ens i Kanada \u2013 utan asyl beviljas baserat p\u00e5 individuella kriterier och en bed\u00f6mning av behovet av skydd.\u00a0<\/span><\/p>\n<p><span style=\"font-weight: 400;\">Vissa f\u00e5r asyl, andra inte. Det faktum att bara en del av de s\u00f6kande beviljas asyl betyder inte att systemet \u00e4r trasigt eller att det missbrukas. Det betyder bara att kriterierna \u00e4r strikta.<\/span><\/p>\n<p><span style=\"font-weight: 400;\">Vi kan d\u00e4rf\u00f6r inte helt f\u00f6rutse antalet flyktingar eller arbetskraftsinvandrare som kommer till Finland. Det vi kan p\u00e5verka \u00e4r Finlands rykte och attraktionskraft. Den st\u00f6rsta gruppen invandrare utg\u00f6rs normalt av personer som kommer till Finland f\u00f6r arbete, studier eller av familjesk\u00e4l. Ur ett ekonomiskt perspektiv \u00e4r denna grupp i regel\u00a0 mycket \u00f6nskv\u00e4rd f\u00f6r Finland.<\/span><\/p>\n<p><span style=\"font-weight: 400;\">En student som kommer till Finland fr\u00e5n ett land utanf\u00f6r EU\/EES-omr\u00e5det betalar i princip sina studiekostnader sj\u00e4lv. Detta inneb\u00e4r att vi b\u00f6r h\u00e5lla fast vid honom eller henne p\u00e5 alla s\u00e4tt vi kan n\u00e4r hen tar examen h\u00e4r.\u00a0<\/span><\/p>\n<p><span style=\"font-weight: 400;\">En arbetskraftsinvandrare d\u00e4remot kommer hit f\u00f6r att arbeta. Det inneb\u00e4r att hans eller hennes syssels\u00e4ttningsgrad vid ankomsten \u00e4r 100 procent. Dessutom visar statistiken att\u00a0 syssels\u00e4ttningsgraden bland arbetskraftsinvandrare \u00e4ven p\u00e5 l\u00e4ngre sikt \u00e4r h\u00f6gre \u00e4n hos den inhemska befolkningen.\u00a0<\/span><\/p>\n<p><span style=\"font-weight: 400;\">I offentligheten har den positiva effekten av arbetskraftsinvandring p\u00e5 nationalekonomin ifr\u00e5gasatts. F\u00f6r att kunna dra r\u00e4tt slutsats om detta \u00e4r det viktigt att minnas n\u00e5gra saker:\u00a0<\/span><\/p>\n<blockquote><p><span style=\"font-weight: 400;\">Alternativet till att en arbetskraftsinvandrare bidrar med sin arbetsinsats h\u00e4r \u00e4r n\u00e4stan alltid att ingen arbetsinsats skapas alls \u2013 produkten f\u00f6rblir ogjord och nationalekonomin v\u00e4xer inte.\u00a0<\/span><\/p><\/blockquote>\n<p><span style=\"font-weight: 400;\">Rekrytering fr\u00e5n utlandet \u00e4r en s\u00e5 pass arbetskr\u00e4vande och ofta dyr process att vi med stor s\u00e4kerhet kan anta att f\u00f6retaget innan det ger sig in i ett s\u00e5dant projekt utforskat alla alternativa v\u00e4gar grundligt.\u00a0<\/span><\/p>\n<p><span style=\"font-weight: 400;\">Spelar det d\u00e5 n\u00e5gon roll hur mycket en person som kommer till Finland f\u00f6r att arbeta tj\u00e4nar? Sj\u00e4lvklart g\u00f6r det det. Men det spelar ocks\u00e5 roll om jordbrukets sk\u00f6rdar blir kvar p\u00e5i \u00e5kern, om sjuka m\u00e4nniskor l\u00e4mnas utan v\u00e5rd eller om hus inte byggs, och s\u00e5 vidare.\u00a0<\/span><\/p>\n<p>Just av den h\u00e4r anledningen anser jag att tanken att en invandrare \u2013 eller vem som helst som arbetar i ett l\u00e5gl\u00f6nejobb och som till exempel f\u00e5r bostadsbidrag eller n\u00e5gon annan form av inkomst\u00f6verf\u00f6ring och d\u00e4rmed har h\u00f6gre bidrag \u00e4n vad hen betalar i skatt \u2013 skulle vara<span style=\"font-weight: 400;\"> en b\u00f6rda f\u00f6r nationalekonomin \u00e4r grovt f\u00f6renklad och felaktig.<\/span><\/p>\n<p><span style=\"font-weight: 400;\">L\u00f6nen best\u00e4ms \u00e5 andra sidan, och lyckligtvis, av kollektivavtalen, inte av n\u00e5gons f\u00f6delseort eller h\u00e4rkomst.\u00a0<\/span><\/p>\n<p><span style=\"font-weight: 400;\">\u00c4r d\u00e5 en arbetskraftsinvandrare en \u201cdeltids-slappis\u201d, \u201cosa-aikapummi\u201d, som man nyligen p\u00e5stod i riksdagens plenisal?<\/span><\/p>\n<p><span style=\"font-weight: 400;\">F\u00f6r att besvara den fr\u00e5gan kan det vara v\u00e4rt att reflektera \u00f6ver vad var och en av oss sj\u00e4lva skulle vara villig att g\u00f6ra f\u00f6r att f\u00e5 ett jobb. Skulle jag l\u00e4mna mitt n\u00e4tverk, min bekanta kultur och flytta tusentals kilometer till ett helt fr\u00e4mmande land f\u00f6r att arbeta f\u00f6r en, i vissa fall, medioker l\u00f6n?<\/span><\/p>\n<p><span style=\"font-weight: 400;\">Troligen skulle f\u00e5 av oss g\u00f6ra det. Och faktum \u00e4r, att f\u00e5 av oss ens skulle vilja flytta fr\u00e5n v\u00e5r hemort f\u00f6r att hitta arbete. F\u00f6r v\u00e5rt hem \u00e4r v\u00e5rt hem.\u00a0<\/span><\/p>\n<p><span style=\"font-weight: 400;\">Grundantagandet m\u00e5ste vara att de som kommer hit vill arbeta. P\u00e5st\u00e5enden om att det finl\u00e4ndska socialskyddet skulle vara en attraktionsfaktor st\u00f6ds inte av forskningen. Hittills har migrationsstr\u00f6mmarna inte indikerat att Finland skulle vara s\u00e4rskilt attraktivt.\u00a0<\/span><\/p>\n<p><span style=\"font-weight: 400;\">Arbetskraftsinvandrare arbetar. De jobbar antingen som anst\u00e4llda eller som f\u00f6retagare. F\u00f6retagande \u00e4r dessutom betydligt vanligare bland invandrare \u00e4n bland den inhemska befolkningen. Delvis beror detta p\u00e5 sv\u00e5righeter att f\u00e5 anst\u00e4llning, vilket ibland handlar om bristande spr\u00e5kkunskaper, men ofta ocks\u00e5 om f\u00f6retags attityder och en styv arbetsmarknad.<\/span><\/p>\n<p><span style=\"font-weight: 400;\">F\u00f6retagens attityder f\u00f6r\u00e4ndras sakta men s\u00e4kert. Det \u00e4r uppmuntrande att det ofta \u00e4r sv\u00e5rast att anst\u00e4lla den f\u00f6rsta personen med utl\u00e4ndsk bakgrund. N\u00e4r <\/span>misstankarna<span style=\"font-weight: 400;\"> v\u00e4l har \u00f6vervunnits \u00e4r det mycket l\u00e4ttare att anst\u00e4lla n\u00e4sta. Forskning st\u00f6der \u00f6ppenhet i anst\u00e4llningspolitiken, eftersom det \u00e4r k\u00e4nt att anst\u00e4llning av personer med utl\u00e4ndsk bakgrund korrelerar med framg\u00e5ngsrika exportinsatser i f\u00f6retag. (<\/span><a href=\"https:\/\/www.oru.se\/nyheter\/nyhetsarkiv\/nyhetsarkiv-2013\/okad-export-med-utrikesfodda-medarbetare\/\"><span style=\"font-weight: 400;\">https:\/\/www.oru.se\/nyheter\/nyhetsarkiv\/nyhetsarkiv-2013\/okad-export-med-utrikesfodda-medarbetare\/<\/span><\/a><span style=\"font-weight: 400;\">)\u00a0<\/span><\/p>\n<p><span style=\"font-weight: 400;\">Liknande <a href=\"http:\/\/www.hs.fi\/talous\/art-2000010927523.html\">forskningsr\u00f6n<\/a> finns \u00e4ven fr\u00e5n Finland. <\/span><span style=\"font-weight: 400;\">I en <a href=\"https:\/\/www.yrittajat.fi\/ajankohtaista\/tiedotteet\/yrittajagallup-yrityksista-17-prosenttia-on-palkannut-maahanmuuttajan-palkkaus-lisannyt-suvaitsevaisuutta-ja-kykya-palvella-asiakkaita\/)\">unders\u00f6kning<\/a> genomf\u00f6rd av F\u00f6retagarna i Finland <\/span><span style=\"font-weight: 400;\">\u00e4r budskapet tydligt:<\/span><\/p>\n<p><span style=\"font-weight: 400;\">&#8221;Enligt unders\u00f6kningen har f\u00f6retagens f\u00f6rm\u00e5ga att betj\u00e4na olika kundgrupper st\u00e4rkts avsev\u00e4rt som en f\u00f6ljd av att invandrare anst\u00e4llts. Arbetsgemenskapens atmosf\u00e4r har ocks\u00e5 f\u00f6rb\u00e4ttrats, liksom personalens f\u00f6rm\u00e5ga att utveckla nya l\u00f6sningar och f\u00f6retagets f\u00f6rm\u00e5ga att hitta den kompetens de beh\u00f6ver.&#8221;<\/span><\/p>\n<p><span style=\"font-weight: 400;\">F\u00f6retagarorganisationens expert <\/span>Sonja Antosalo<span style=\"font-weight: 400;\"> konstaterar i pressmeddelandet:<\/span><span style=\"font-weight: 400;\"><br \/>\n<\/span><i><span style=\"font-weight: 400;\">&#8221;Att anst\u00e4lla invandrare har utvecklat f\u00f6retagen. Till exempel har personalens attityder blivit mer toleranta.&#8221;<\/span><\/i><\/p>\n<p><span style=\"font-weight: 400;\">Vi m\u00e5ste allts\u00e5 arbeta f\u00f6r att \u00f6ka v\u00e5r attraktionskraft. F\u00f6r att lyckas med detta beh\u00f6ver vi reformera flera processer kopplade till anst\u00e4llning och arbetslivet. Svenska folkpartiet presenterade i augusti <\/span><span style=\"font-weight: 400;\">sina egna <a href=\"https:\/\/sfp.fi\/artiklar\/svenska-riksdagsgruppens-atgarder-for-att-fa-igang-tillvaxten\/\">f\u00f6rslag<\/a> f\u00f6r att fr\u00e4mja detta arbete.<\/span><\/p>\n<p><span style=\"font-weight: 400;\">Den andra sidan av myntet \u00e4r attityden. Vi vet att det f\u00f6rekommer rasism i Finland. Det finns rasism b\u00e5de i vardagen och i den politiska diskussion som f\u00f6rs. Samtidigt vet vi att attitydklimatet i det mottagande landet \u00e4r en nyckelfaktor f\u00f6r hur v\u00e4l de som kommer hit integreras.<\/span><\/p>\n<p><span style=\"font-weight: 400;\">Ju mer vi ifr\u00e5gas\u00e4tter olika grupper av m\u00e4nniskor, ju mer rasism och f\u00f6rdomar som f\u00f6rekommer i samh\u00e4llet, desto fler utmaningar m\u00f6ter vi p\u00e5 grund av d\u00e5lig integration. Ju mer \u00f6ppet och mottagande v\u00e5rt samh\u00e4lle \u00e4r, desto b\u00e4ttre hittar de som kommer hit arbete som motsvarar deras erfarenheter och deras kompetens. En \u00e4kta matchning mellan kompetens och behov h\u00f6jer produktiviteten. F\u00f6rdomar skyddar allts\u00e5 inte v\u00e5r ekonomi utan skapar ineffektivitet.<\/span><\/p>\n<p><span style=\"font-weight: 400;\">Jag \u00e4r \u00f6vertygad om att de flesta m\u00e4nniskor vill k\u00e4nna samh\u00f6righet och uppleva att de lyckas n\u00e4r de flyttar till ett nytt land \u2013 oavsett orsaken till flytten. V\u00e5r uppgift som finl\u00e4ndare \u00e4r att m\u00f6jligg\u00f6ra k\u00e4nslan av samh\u00f6righet och att vara beh\u00f6vd. Bara p\u00e5 s\u00e5 s\u00e4tt kan alla som \u00e4r en del av v\u00e5rt samh\u00e4lle bidra till det gemensamma.<\/span><\/p>\n<blockquote><p><span style=\"font-weight: 400;\">D\u00e4rf\u00f6r borde vi ocks\u00e5 \u00e4ndra v\u00e5rt spr\u00e5kbruk: i st\u00e4llet f\u00f6r att tala om f\u00f6rsta generationens invandrare borde vi tala om f\u00f6rsta generationens finl\u00e4ndare.<\/span><\/p><\/blockquote>\n<p><span style=\"font-weight: 400;\">Under denna regeringsperiod f\u00f6rs\u00f6ker vi p\u00e5skynda arbetskraftsinvandringen genom en rad olika \u00e5tg\u00e4rder.<\/span><\/p>\n<p><span style=\"font-weight: 400;\">Den i offentligheten kritiserade trem\u00e5nadersregeln \u00e4r i sig en stor f\u00f6rb\u00e4ttring j\u00e4mf\u00f6rt med den nuvarande lagstadgade\u00a0 nollm\u00e5nadersregeln. Den trem\u00e5nadersregel som Migri de facto till\u00e4mpar redan idag kommer att luckras upp. I framtiden kommer personer som har bott i Finland i \u00f6ver tv\u00e5 \u00e5r eller som tj\u00e4nar mer \u00e4n ca 3 500 euro i m\u00e5naden att kunna vara arbetsl\u00f6sa i upp till sex m\u00e5nader med sitt gamla uppeh\u00e5llstillst\u00e5nd. Det blir ocks\u00e5 l\u00e4ttare att byta bransch \u2013 kraven p\u00e5 behovspr\u00f6vning l\u00e4ttas.<\/span><\/p>\n<p><span style=\"font-weight: 400;\">Vi g\u00f6r det ocks\u00e5 l\u00e4ttare att stanna kvar i Finland efter avslutade studier. I framtiden kommer vi att erbjuda mer utbildning p\u00e5 engelska i gymnasiet. Studentexamen p\u00e5 engelska blir \u00e4ven det en verklighet.\u00a0<\/span><\/p>\n<p><span style=\"font-weight: 400;\">Det \u00e4r helt klart att vi beh\u00f6ver flera \u00e5tg\u00e4rder. Processerna m\u00e5ste utformas s\u00e5 att det \u00e4r l\u00e4tt att sl\u00e5 sig ner i Finland. Om det tar \u00f6ver ett halvt \u00e5r att \u00f6ppna ett bankkonto i Finland, medan samma sak kan g\u00f6ras p\u00e5 n\u00e5gra veckor i v\u00e5rt grannland Estland, \u00e4r n\u00e5got fel. Vi beh\u00f6ver ett tv\u00e5 veckors servicel\u00f6fte inte bara f\u00f6r att f\u00e5 ett arbetstillst\u00e5nd, utan ocks\u00e5 f\u00f6r att \u00f6ppna bankkonton, ordna f\u00f6rs\u00e4kringar och f\u00e5 plats p\u00e5 dagis eller skola. Och processerna m\u00e5ste vara kontinuerliga \u2013 en familj kan komma till Finland n\u00e4r som helst under \u00e5rets lopp.\u00a0<\/span><\/p>\n<p><span style=\"font-weight: 400;\">Beskattningen f\u00f6r s\u00e5 kallade <\/span><a href=\"https:\/\/www.vero.fi\/syventavat-vero-ohjeet\/ohje-hakusivu\/106825\/avainhenkil%C3%B6iden-verotus\/\"><span style=\"font-weight: 400;\">nyckelpersoner<\/span><\/a> <span style=\"font-weight: 400;\">m\u00e5ste vara konkurrenskraftig, och s\u00e4rskilt n\u00e4r det g\u00e4ller beskattning av optioner, som \u00e4r en central fr\u00e5ga f\u00f6r startup-sektorn, m\u00e5ste vi vara mer attraktiva \u00e4n v\u00e5ra grannl\u00e4nder.<\/span><\/p>\n<p><span style=\"font-weight: 400;\">Expat-familjer som flyttar till Finland m\u00e5ste vara s\u00e4kra p\u00e5 att deras barn kan studera p\u00e5 engelska om de s\u00e5 vill \u2013 utan att naturligtvis gl\u00f6mma att integrationen fungerar b\u00e4st n\u00e4r man effektivt l\u00e4r sig de inhemska spr\u00e5ken.<\/span><\/p>\n<p><span style=\"font-weight: 400;\">F\u00f6r spr\u00e5kinl\u00e4rning \u00e4r det viktigt att kunna \u00f6va det nya spr\u00e5ket s\u00e5 m\u00e5ngsidigt som m\u00f6jligt i olika livssituationer. \u201dPokkasvenska\u201d och \u201dpokkafinska\u201d \u00e4r viktiga f\u00f6rsta steg i integrationen, och d\u00e4rf\u00f6r m\u00e5ste vi finl\u00e4ndare f\u00f6rst\u00e5 v\u00e5r roll i att st\u00f6dja invandrares spr\u00e5kinl\u00e4rning. L\u00e5t m\u00e4nniskor l\u00e4ra sig i vardagliga situationer.\u00a0<\/span><\/p>\n<blockquote><p><span style=\"font-weight: 400;\">Finl\u00e4ndska f\u00f6retag m\u00e5ste utmana sig sj\u00e4lva att \u00f6ka personalens m\u00e5ngfald genom att v\u00e5ga anst\u00e4lla utl\u00e4nningar och ge m\u00f6jlighet till spr\u00e5kinl\u00e4rning i arbetet.\u00a0<\/span><\/p><\/blockquote>\n<p><span style=\"font-weight: 400;\">Och det \u00e4r klart att integration p\u00e5 svenska ocks\u00e5 m\u00e5ste bli vanligare, helt i enlighet med regeringsprogrammet, ocks\u00e5 eftersom svenska \u00e4r l\u00e4ttare att l\u00e4ra sig f\u00f6r personer fr\u00e5n de flesta l\u00e4nder.<\/span><\/p>\n<p><span style=\"font-weight: 400;\">Sist, men inte minst b\u00f6r vi avskaffa behovspr\u00f6vningen av arbetskraft. En invandrare som har f\u00e5tt arbetstillst\u00e5nd f\u00f6r en viss bransch b\u00f6r enkelt kunna byta till en annan bransch om en s\u00e5dan m\u00f6jlighet erbjuds. Ur ett produktivitets- och ekonomiperspektiv \u00e4r det inte meningsfullt att uppr\u00e4tth\u00e5lla mekanismer som begr\u00e4nsar syssels\u00e4ttningen och m\u00e4nniskors m\u00f6jlighet att ta de utmaningar som erbjuds.<\/span><\/p>\n<p><span style=\"font-weight: 400;\">Som sammanfattning: Finland beh\u00f6ver invandring och en god integrationsprocess. Finland beh\u00f6ver en sansad och konstruktiv diskussion om invandring. En diskussion som inte drivs av polariserande identitetspolitik. Vi m\u00e5ste prata om de r\u00e4dslor som \u00e4r kopplade till invandring och diskutera invandring baserat p\u00e5 fakta, inte f\u00f6rdomar.\u00a0<\/span><\/p>\n<p><span style=\"font-weight: 400;\">En s\u00e5dan konstruktiv diskussion om invandring \u00e4r faktabaserad. Den diskuterar inte invandring via n\u00e5gra enstaka goda eller d\u00e5liga exempel, utan bygger p\u00e5 en helhetsbild \u2013 medveten om vilken den alternativa v\u00e4gen skulle vara. En konstruktiv diskussion tar ocks\u00e5 h\u00e4nsyn till vad ett kategoriskt motst\u00e5nd mot invandring inneb\u00e4r f\u00f6r det finl\u00e4ndska samh\u00e4llets h\u00e5llbarhet och framg\u00e5ng.<\/span><\/p>\n<p><span style=\"font-weight: 400;\">V\u00e4rlden \u00e4r internationell. Handeln \u00e4r internationell. De megatrender som driver utvecklingen \u00e4r internationella. Motorn i v\u00e5r ekonomi, exporten, bygger p\u00e5 v\u00e5r f\u00f6rm\u00e5ga att dra nytta av internationaliseringen. Framg\u00e5ng p\u00e5 exportmarknaden kr\u00e4ver en stark f\u00f6rst\u00e5else f\u00f6r marknader och insikt i olika kulturers s\u00e4tt att fungera. D\u00e4rf\u00f6r \u00e4r det ren d\u00e5rskap att tro att minskad invandring \u2013 och d\u00e4rmed minskad internationalisering \u2013 skulle vara till f\u00f6rdel f\u00f6r ett litet land som Finland.<\/span><\/p>\n<p><span style=\"font-weight: 400;\">Vi ska allts\u00e5 inte bara vara en hyfsat bra arbetsmarknad ur en invandrares perspektiv. Vi ska vara den mest attraktiva i v\u00e4rlden. Ett litet land m\u00e5ste v\u00e5ga t\u00e4nka stort.<\/span><\/p>\n<p><br style=\"font-weight: 400;\" \/><br style=\"font-weight: 400;\" \/><\/p>\n","protected":false},"excerpt":{"rendered":"<p>(Suomeksi t\u00e4\u00e4ll\u00e4) Invandring \u00e4r inte ensamt l\u00f6sningen p\u00e5 Finlands ekonomiska problem och v\u00e5rt h\u00e5llbarhetsunderskott, men utan invandring kommer v\u00e5rt land sakta men s\u00e4kert att glida ner i allt djupare ekonomiska tr\u00e5ngm\u00e5l. F\u00f6r att \u00f6verbrygga h\u00e5llbarhetsgapet beh\u00f6ver vi invandring.\u00a0 Att invandring \u00e4r n\u00f6dv\u00e4ndigt \u00e4r ett faktum som b\u00e5de ledande nationalekonomer och tj\u00e4nstem\u00e4n p\u00e5 finansministeriet st\u00f6der. Allm\u00e4nt [&hellip;]<\/p>\n","protected":false},"author":1,"featured_media":9656,"comment_status":"open","ping_status":"open","sticky":false,"template":"","format":"standard","meta":{"jetpack_post_was_ever_published":false,"_jetpack_newsletter_access":"","jetpack_publicize_message":"","jetpack_is_tweetstorm":false,"jetpack_publicize_feature_enabled":true,"jetpack_social_post_already_shared":true,"jetpack_social_options":{"image_generator_settings":{"template":"highway","enabled":false}}},"categories":[46,45,131,105,34,143],"tags":[],"jetpack_publicize_connections":[],"yoast_head":"<!-- This site is optimized with the Yoast SEO plugin v20.12 - https:\/\/yoast.com\/wordpress\/plugins\/seo\/ -->\n<title>Ett litet land m\u00e5ste t\u00e4nka stort - Anders Adlercreutz<\/title>\n<meta name=\"robots\" content=\"index, follow, max-snippet:-1, max-image-preview:large, max-video-preview:-1\" \/>\n<link rel=\"canonical\" href=\"https:\/\/andersadlercreutz.fi\/blog\/blog-sv\/ett-litet-land-maste-tanka-stort\/\" \/>\n<meta property=\"og:locale\" content=\"sv_SE\" \/>\n<meta property=\"og:type\" content=\"article\" \/>\n<meta property=\"og:title\" content=\"Ett litet land m\u00e5ste t\u00e4nka stort - Anders Adlercreutz\" \/>\n<meta property=\"og:description\" content=\"(Suomeksi t\u00e4\u00e4ll\u00e4) Invandring \u00e4r inte ensamt l\u00f6sningen p\u00e5 Finlands ekonomiska problem och v\u00e5rt h\u00e5llbarhetsunderskott, men utan invandring kommer v\u00e5rt land sakta men s\u00e4kert att glida ner i allt djupare ekonomiska tr\u00e5ngm\u00e5l. F\u00f6r att \u00f6verbrygga h\u00e5llbarhetsgapet beh\u00f6ver vi invandring.\u00a0 Att invandring \u00e4r n\u00f6dv\u00e4ndigt \u00e4r ett faktum som b\u00e5de ledande nationalekonomer och tj\u00e4nstem\u00e4n p\u00e5 finansministeriet st\u00f6der. Allm\u00e4nt [&hellip;]\" \/>\n<meta property=\"og:url\" content=\"https:\/\/andersadlercreutz.fi\/blog\/blog-sv\/ett-litet-land-maste-tanka-stort\/\" \/>\n<meta property=\"og:site_name\" content=\"Anders Adlercreutz\" \/>\n<meta property=\"article:published_time\" content=\"2025-01-04T16:09:44+00:00\" \/>\n<meta property=\"article:modified_time\" content=\"2025-01-04T17:28:29+00:00\" \/>\n<meta property=\"og:image\" content=\"https:\/\/andersadlercreutz.fi\/blog\/wp-content\/uploads\/2024\/05\/YAN-april.jpg\" \/>\n\t<meta property=\"og:image:width\" content=\"1200\" \/>\n\t<meta property=\"og:image:height\" content=\"541\" \/>\n\t<meta property=\"og:image:type\" content=\"image\/jpeg\" \/>\n<meta name=\"author\" content=\"Anders\" \/>\n<meta name=\"twitter:card\" content=\"summary_large_image\" \/>\n<meta name=\"twitter:label1\" content=\"Skriven av\" \/>\n\t<meta name=\"twitter:data1\" content=\"Anders\" \/>\n\t<meta name=\"twitter:label2\" content=\"Ber\u00e4knad l\u00e4stid\" \/>\n\t<meta name=\"twitter:data2\" content=\"10 minuter\" \/>\n<script type=\"application\/ld+json\" class=\"yoast-schema-graph\">{\"@context\":\"https:\/\/schema.org\",\"@graph\":[{\"@type\":\"WebPage\",\"@id\":\"https:\/\/andersadlercreutz.fi\/blog\/blog-sv\/ett-litet-land-maste-tanka-stort\/\",\"url\":\"https:\/\/andersadlercreutz.fi\/blog\/blog-sv\/ett-litet-land-maste-tanka-stort\/\",\"name\":\"Ett litet land m\u00e5ste t\u00e4nka stort - Anders Adlercreutz\",\"isPartOf\":{\"@id\":\"https:\/\/andersadlercreutz.fi\/blog\/#website\"},\"datePublished\":\"2025-01-04T16:09:44+00:00\",\"dateModified\":\"2025-01-04T17:28:29+00:00\",\"author\":{\"@id\":\"https:\/\/andersadlercreutz.fi\/blog\/#\/schema\/person\/47d4b72eded862b484f74bb4b3a2354f\"},\"breadcrumb\":{\"@id\":\"https:\/\/andersadlercreutz.fi\/blog\/blog-sv\/ett-litet-land-maste-tanka-stort\/#breadcrumb\"},\"inLanguage\":\"sv-SE\",\"potentialAction\":[{\"@type\":\"ReadAction\",\"target\":[\"https:\/\/andersadlercreutz.fi\/blog\/blog-sv\/ett-litet-land-maste-tanka-stort\/\"]}]},{\"@type\":\"BreadcrumbList\",\"@id\":\"https:\/\/andersadlercreutz.fi\/blog\/blog-sv\/ett-litet-land-maste-tanka-stort\/#breadcrumb\",\"itemListElement\":[{\"@type\":\"ListItem\",\"position\":1,\"name\":\"Home\",\"item\":\"https:\/\/andersadlercreutz.fi\/blog\/blogg\/?lang=sv\"},{\"@type\":\"ListItem\",\"position\":2,\"name\":\"Ett litet land m\u00e5ste t\u00e4nka stort\"}]},{\"@type\":\"WebSite\",\"@id\":\"https:\/\/andersadlercreutz.fi\/blog\/#website\",\"url\":\"https:\/\/andersadlercreutz.fi\/blog\/\",\"name\":\"Anders Adlercreutz\",\"description\":\"Du. Jag. Vi. Kest&auml;v&auml;sti optimisti\",\"potentialAction\":[{\"@type\":\"SearchAction\",\"target\":{\"@type\":\"EntryPoint\",\"urlTemplate\":\"https:\/\/andersadlercreutz.fi\/blog\/?s={search_term_string}\"},\"query-input\":\"required name=search_term_string\"}],\"inLanguage\":\"sv-SE\"},{\"@type\":\"Person\",\"@id\":\"https:\/\/andersadlercreutz.fi\/blog\/#\/schema\/person\/47d4b72eded862b484f74bb4b3a2354f\",\"name\":\"Anders\",\"image\":{\"@type\":\"ImageObject\",\"inLanguage\":\"sv-SE\",\"@id\":\"https:\/\/andersadlercreutz.fi\/blog\/#\/schema\/person\/image\/\",\"url\":\"https:\/\/secure.gravatar.com\/avatar\/a144c9bda7a581ff6fabba169027e620?s=96&d=mm&r=g\",\"contentUrl\":\"https:\/\/secure.gravatar.com\/avatar\/a144c9bda7a581ff6fabba169027e620?s=96&d=mm&r=g\",\"caption\":\"Anders\"},\"url\":\"https:\/\/andersadlercreutz.fi\/blog\/author\/admin\/\"}]}<\/script>\n<!-- \/ Yoast SEO plugin. -->","yoast_head_json":{"title":"Ett litet land m\u00e5ste t\u00e4nka stort - Anders Adlercreutz","robots":{"index":"index","follow":"follow","max-snippet":"max-snippet:-1","max-image-preview":"max-image-preview:large","max-video-preview":"max-video-preview:-1"},"canonical":"https:\/\/andersadlercreutz.fi\/blog\/blog-sv\/ett-litet-land-maste-tanka-stort\/","og_locale":"sv_SE","og_type":"article","og_title":"Ett litet land m\u00e5ste t\u00e4nka stort - Anders Adlercreutz","og_description":"(Suomeksi t\u00e4\u00e4ll\u00e4) Invandring \u00e4r inte ensamt l\u00f6sningen p\u00e5 Finlands ekonomiska problem och v\u00e5rt h\u00e5llbarhetsunderskott, men utan invandring kommer v\u00e5rt land sakta men s\u00e4kert att glida ner i allt djupare ekonomiska tr\u00e5ngm\u00e5l. F\u00f6r att \u00f6verbrygga h\u00e5llbarhetsgapet beh\u00f6ver vi invandring.\u00a0 Att invandring \u00e4r n\u00f6dv\u00e4ndigt \u00e4r ett faktum som b\u00e5de ledande nationalekonomer och tj\u00e4nstem\u00e4n p\u00e5 finansministeriet st\u00f6der. Allm\u00e4nt [&hellip;]","og_url":"https:\/\/andersadlercreutz.fi\/blog\/blog-sv\/ett-litet-land-maste-tanka-stort\/","og_site_name":"Anders Adlercreutz","article_published_time":"2025-01-04T16:09:44+00:00","article_modified_time":"2025-01-04T17:28:29+00:00","og_image":[{"width":1200,"height":541,"url":"https:\/\/andersadlercreutz.fi\/blog\/wp-content\/uploads\/2024\/05\/YAN-april.jpg","type":"image\/jpeg"}],"author":"Anders","twitter_card":"summary_large_image","twitter_misc":{"Skriven av":"Anders","Ber\u00e4knad l\u00e4stid":"10 minuter"},"schema":{"@context":"https:\/\/schema.org","@graph":[{"@type":"WebPage","@id":"https:\/\/andersadlercreutz.fi\/blog\/blog-sv\/ett-litet-land-maste-tanka-stort\/","url":"https:\/\/andersadlercreutz.fi\/blog\/blog-sv\/ett-litet-land-maste-tanka-stort\/","name":"Ett litet land m\u00e5ste t\u00e4nka stort - Anders Adlercreutz","isPartOf":{"@id":"https:\/\/andersadlercreutz.fi\/blog\/#website"},"datePublished":"2025-01-04T16:09:44+00:00","dateModified":"2025-01-04T17:28:29+00:00","author":{"@id":"https:\/\/andersadlercreutz.fi\/blog\/#\/schema\/person\/47d4b72eded862b484f74bb4b3a2354f"},"breadcrumb":{"@id":"https:\/\/andersadlercreutz.fi\/blog\/blog-sv\/ett-litet-land-maste-tanka-stort\/#breadcrumb"},"inLanguage":"sv-SE","potentialAction":[{"@type":"ReadAction","target":["https:\/\/andersadlercreutz.fi\/blog\/blog-sv\/ett-litet-land-maste-tanka-stort\/"]}]},{"@type":"BreadcrumbList","@id":"https:\/\/andersadlercreutz.fi\/blog\/blog-sv\/ett-litet-land-maste-tanka-stort\/#breadcrumb","itemListElement":[{"@type":"ListItem","position":1,"name":"Home","item":"https:\/\/andersadlercreutz.fi\/blog\/blogg\/?lang=sv"},{"@type":"ListItem","position":2,"name":"Ett litet land m\u00e5ste t\u00e4nka stort"}]},{"@type":"WebSite","@id":"https:\/\/andersadlercreutz.fi\/blog\/#website","url":"https:\/\/andersadlercreutz.fi\/blog\/","name":"Anders Adlercreutz","description":"Du. Jag. Vi. Kest&auml;v&auml;sti optimisti","potentialAction":[{"@type":"SearchAction","target":{"@type":"EntryPoint","urlTemplate":"https:\/\/andersadlercreutz.fi\/blog\/?s={search_term_string}"},"query-input":"required name=search_term_string"}],"inLanguage":"sv-SE"},{"@type":"Person","@id":"https:\/\/andersadlercreutz.fi\/blog\/#\/schema\/person\/47d4b72eded862b484f74bb4b3a2354f","name":"Anders","image":{"@type":"ImageObject","inLanguage":"sv-SE","@id":"https:\/\/andersadlercreutz.fi\/blog\/#\/schema\/person\/image\/","url":"https:\/\/secure.gravatar.com\/avatar\/a144c9bda7a581ff6fabba169027e620?s=96&d=mm&r=g","contentUrl":"https:\/\/secure.gravatar.com\/avatar\/a144c9bda7a581ff6fabba169027e620?s=96&d=mm&r=g","caption":"Anders"},"url":"https:\/\/andersadlercreutz.fi\/blog\/author\/admin\/"}]}},"jetpack_featured_media_url":"https:\/\/i0.wp.com\/andersadlercreutz.fi\/blog\/wp-content\/uploads\/2024\/05\/YAN-april.jpg?fit=1200%2C541&ssl=1","jetpack_shortlink":"https:\/\/wp.me\/p4T6Dh-2Dm","jetpack_sharing_enabled":true,"_links":{"self":[{"href":"https:\/\/andersadlercreutz.fi\/blog\/wp-json\/wp\/v2\/posts\/10128"}],"collection":[{"href":"https:\/\/andersadlercreutz.fi\/blog\/wp-json\/wp\/v2\/posts"}],"about":[{"href":"https:\/\/andersadlercreutz.fi\/blog\/wp-json\/wp\/v2\/types\/post"}],"author":[{"embeddable":true,"href":"https:\/\/andersadlercreutz.fi\/blog\/wp-json\/wp\/v2\/users\/1"}],"replies":[{"embeddable":true,"href":"https:\/\/andersadlercreutz.fi\/blog\/wp-json\/wp\/v2\/comments?post=10128"}],"version-history":[{"count":5,"href":"https:\/\/andersadlercreutz.fi\/blog\/wp-json\/wp\/v2\/posts\/10128\/revisions"}],"predecessor-version":[{"id":10149,"href":"https:\/\/andersadlercreutz.fi\/blog\/wp-json\/wp\/v2\/posts\/10128\/revisions\/10149"}],"wp:featuredmedia":[{"embeddable":true,"href":"https:\/\/andersadlercreutz.fi\/blog\/wp-json\/wp\/v2\/media\/9656"}],"wp:attachment":[{"href":"https:\/\/andersadlercreutz.fi\/blog\/wp-json\/wp\/v2\/media?parent=10128"}],"wp:term":[{"taxonomy":"category","embeddable":true,"href":"https:\/\/andersadlercreutz.fi\/blog\/wp-json\/wp\/v2\/categories?post=10128"},{"taxonomy":"post_tag","embeddable":true,"href":"https:\/\/andersadlercreutz.fi\/blog\/wp-json\/wp\/v2\/tags?post=10128"}],"curies":[{"name":"wp","href":"https:\/\/api.w.org\/{rel}","templated":true}]}}