{"id":10176,"date":"2025-02-08T10:22:33","date_gmt":"2025-02-08T08:22:33","guid":{"rendered":"https:\/\/andersadlercreutz.fi\/blog\/?p=10176"},"modified":"2025-02-08T10:31:36","modified_gmt":"2025-02-08T08:31:36","slug":"sfp-lovar-dra-sitt-stra-till-stacken","status":"publish","type":"post","link":"https:\/\/andersadlercreutz.fi\/blog\/blogg\/sfp-lovar-dra-sitt-stra-till-stacken\/","title":{"rendered":"SFP lovar dra sitt str\u00e5 till stacken"},"content":{"rendered":"<p><span style=\"font-weight: 400;\">F\u00f6r 16 \u00e5r sedan var Portugal i en stor kris. S\u00e4ttet p\u00e5 vilket vi finl\u00e4ndare d\u00e5 f\u00f6rh\u00f6ll oss till den krisen minns man fortfarande i Portugal, och inte med v\u00e4rme. Portugal fick d\u00e5 ekonomiskt st\u00f6d via EU f\u00f6r att klara sig, och Finlands inst\u00e4llning var strikt. Vi uppfattades som sn\u00e5la \u00f6versittare. Idag sjunker Portugals statsskuld hela tiden, och dess andel av BNP kan gott vara l\u00e4gre \u00e4n v\u00e5r statsskulds andel av v\u00e5r BNP n\u00e4r denna regeringsperiod \u00e4r slut.<\/span><\/p>\n<p><span style=\"font-weight: 400;\">V\u00e5ra respektive kurvor g\u00e5r allts\u00e5 \u00e5t olika h\u00e5ll. Jag hade hellre sett att de g\u00e5r \u00e5t samma h\u00e5ll \u2013 och det str\u00e4var vi till just nu.\u00a0<\/span><\/p>\n<p><span style=\"font-weight: 400;\">Att hitta anpassnings\u00e5tg\u00e4rder f\u00f6r 6 miljarder euro var inte l\u00e4tt f\u00f6r snart tv\u00e5 \u00e5r sedan i samband med regeringsf\u00f6rhandlingarna. F\u00f6rra v\u00e5ren blev det beslut om 3 miljarder till. Och trots det riskerar att inte m\u00f6ta v\u00e5ra egna m\u00e5l och kommissionens gr\u00e4nser f\u00f6r underskott.\u00a0<\/span><\/p>\n<p><span style=\"font-weight: 400;\">Det \u00e4r situationen vi \u00e4r i.\u00a0<\/span><\/p>\n<p><span style=\"font-weight: 400;\">Kritiken mot anpassningarna \u00e4r h\u00e5rd. Det \u00e4r f\u00f6rst\u00e5eligt. Stora nedsk\u00e4rningar p\u00e5 utgiftssidan sl\u00e5r till mot m\u00e5nga goda \u00e4ndam\u00e5l och inverkar p\u00e5 m\u00e5nga m\u00e4nniskors liv. Varje beslut och varje inbesparing kan ifr\u00e5gas\u00e4ttas och debatteras. Samtidigt \u00e4r det sv\u00e5rt att hitta andra alternativ f\u00f6r varje enskilt m\u00e5l. Fyra partier har f\u00f6rs\u00f6kt komma fram till en helhet som fyra partier kan omfatta.\u00a0<\/span><\/p>\n<blockquote><p><span style=\"font-weight: 400;\">Det r\u00e5der p\u00e5 ett retoriskt plan en stor enighet om att vi m\u00e5ste anpassa v\u00e5r ekonomi. Alla partier i riksdagen h\u00e5ller med om det m\u00e5let. I praktiken \u00e4r det dock regeringens ansvar att se till att m\u00e5len uppfylls.\u00a0<\/span><\/p><\/blockquote>\n<p><span style=\"font-weight: 400;\">Oppositionen har friheten att ifr\u00e5gas\u00e4tta varje beslut. Det, att till exempel SDP i sin skuggbudget i praktiken valde att st\u00f6da regeringens ekonomiska politik \u2013 inklusive de flesta anpassningarna och arbetsmarknadss\u00e5tg\u00e4rderna \u2013 visar att alternativen, festtalen till trots, \u00e4r r\u00e4tt f\u00e5. Att skjuta upp m\u00e5let \u00e4r inte heller en l\u00e4tt v\u00e4g fram\u00e5t \u2013 de sv\u00e5ra besluten kommer oberoende, bara med eftersl\u00e4pning och med st\u00f6rre tyngd.\u00a0<\/span><\/p>\n<p><span style=\"font-weight: 400;\">Portugal kunde sv\u00e4nga sin kurs, b\u00e5de via nedsk\u00e4rningar och tillv\u00e4xt\u00e5tg\u00e4rder, och det ska vi ocks\u00e5 kunna g\u00f6ra. Och eftersom vi rimligtvis varit lite tidigare ute ska det g\u00e5 med l\u00e4ttare och mindre radikala \u00e5tg\u00e4rder, bara viljan finns.\u00a0<\/span><\/p>\n<p><span style=\"font-weight: 400;\">Samtidigt \u00e4r det klart att det h\u00e4r inte bara \u00e4r en Excel-\u00f6vning d\u00e4r vi st\u00e4ller statiska siffror mot varandra. Tillv\u00e4xten har ocks\u00e5 en betydelse, i synnerhet n\u00e4r vi m\u00e4ter skulden som en andel av BNP.\u00a0<\/span><\/p>\n<p><span style=\"font-weight: 400;\">F\u00f6r ett knappt halvt \u00e5r sedan presenterade Svenska folkpartiet 26 \u00e5tg\u00e4rder f\u00f6r att s\u00e4tta fart p\u00e5 tillv\u00e4xten. Under de kommande m\u00e5naderna forts\u00e4tter diskussionen om\u00a0 dem och m\u00e5nga flera inom regeringen f\u00f6r att hitta de recept p\u00e5 tillv\u00e4xt som \u00e4r n\u00f6dv\u00e4ndiga.\u00a0<\/span><\/p>\n<p><span style=\"font-weight: 400;\">Samtidigt \u00e4r det sk\u00e4l att notera att mycket har gjorts. N\u00e4sta v\u00e5r \u00e4r vi i en situation d\u00e4r flera av de strukturella problem som Finland dragits med l\u00e4nge har korrigerats, tack vare de \u00e5tg\u00e4rder regeringen tagit till. De arbetsmarknadsreformer som v\u00e4ckt mycket diskussion kommer i det skedet med stor sannolikhet ha behandlats f\u00e4rdigt av riksdagen. V\u00e4gen dit kommer s\u00e4kert \u00e4nd\u00e5 att pr\u00e4glas av en stormig debatt.\u00a0<\/span><\/p>\n<p><span style=\"font-weight: 400;\">Samtidigt \u00e4r det helt klart att oppositionen av idag inte kommer att vilja backa reformerna om och n\u00e4r de n\u00e5gon g\u00e5ng i framtiden \u00e5ter har regeringsansvar. Det finns en tyst f\u00f6rst\u00e5else f\u00f6r att \u00e5tg\u00e4rderna beh\u00f6vs.\u00a0<\/span><\/p>\n<p><span style=\"font-weight: 400;\">Men det \u00e5terst\u00e5r \u00e4nnu utmaningar, och de hoppas jag, och SFP, att vi ska kunna fokusera p\u00e5 nu: Bristen p\u00e5 kapital, incitamenten f\u00f6r investeringar och tillg\u00e4ngligheten till arbetskraft. Den senare omfattar ocks\u00e5 den ibland f\u00f6rbluffande heta potatisen abetskraftsrelaterad invandring.\u00a0<\/span><\/p>\n<blockquote><p><span style=\"font-weight: 400;\">F\u00f6r alla dessa har SFP l\u00f6sningar att presentera.<\/span><\/p><\/blockquote>\n<p><span style=\"font-weight: 400;\">Det \u00e5terst\u00e5r \u00e4nd\u00e5 en helhet som \u00e4r sv\u00e5rare att tackla: V\u00e5rt allm\u00e4nna klimat, andan i samh\u00e4llet, v\u00e5r attityd.<\/span><\/p>\n<p><span style=\"font-weight: 400;\">F\u00e5 l\u00e4nder har det s\u00e5 v\u00e4l f\u00f6rsp\u00e4nt som Finland. Vi har s\u00e4kerhet, vi har f\u00f6rtroende, en f\u00f6rh\u00e5llandevis utbildad befolkning och en relativt stark j\u00e4mst\u00e4lldhet.<\/span><\/p>\n<p><span style=\"font-weight: 400;\">Men s\u00e4ttet p\u00e5 vilket vi diskuterar v\u00e5r framtid, v\u00e5ra m\u00f6jligheter och framf\u00f6rallt v\u00e5ra utmaningar \u00e4r under all kritik.<\/span><\/p>\n<p><span style=\"font-weight: 400;\">Det \u00e4r sv\u00e5rt att hitta en v\u00e4g fram\u00e5t om piskor och saxar \u00e4r det enda vi ser i en situation d\u00e4r vi ocks\u00e5 borde f\u00f6rst\u00e5 att utveckla det vi har. Det \u00e4r ocks\u00e5 bra att bli p\u00e5mind om att allting inte raseras av att ett anslag \u00e4r lite mindre \u00e4n tidigare. Det \u00e4r alltid befogat och n\u00f6dv\u00e4ndigt att prioritera offentliga utgifter.<\/span><\/p>\n<p><span style=\"font-weight: 400;\">Vi politiker agerar p\u00e5 flera plan. Vi stiftar lagar och fattar beslut om gemensamma angel\u00e4genheter. Det \u00e4r konkreta saker. Men vi styr ocks\u00e5 mycket av samh\u00e4llsdebatten. Den f\u00f6rra delen klarar vi av, med lite olika betoning i olika koalitioner. Men den senare delen, samh\u00e4llsdebatten, \u00e4r vi f\u00f6rbluffande d\u00e5liga p\u00e5. Och de politiska diskussionerna p\u00e5 sistone har visat just detta, klart och tydligt.\u00a0<\/span><\/p>\n<p><span style=\"font-weight: 400;\">L\u00e5t oss inte bli ett surpuppornas land. D\u00e5 lockar vi varken m\u00e4nniskor eller investeringar hit.<\/span><\/p>\n<p><span style=\"font-weight: 400;\">Det verkar vankas tillv\u00e4xt bakom h\u00f6rnet. Vi kan s\u00e4tta fart p\u00e5 den med goda beslut under v\u00e5ren. Och om besluten dessutom ledsagas av en lite mer positiv attityd, och en tro p\u00e5 v\u00e5ra styrkor, ska vi kunna v\u00e4nda statsskuld skutan, s\u00e5 som ocks\u00e5 Portugal klarade av att g\u00f6ra. SFP lovar dra sitt str\u00e5 till stacken.\u00a0<\/span><\/p>\n<p>(Publicerad i HBL 29.1.2025)<\/p>\n<p><span style=\"font-weight: 400;\">\u00a0<\/span><\/p>\n<p><br style=\"font-weight: 400;\" \/><br style=\"font-weight: 400;\" \/><\/p>\n","protected":false},"excerpt":{"rendered":"<p>F\u00f6r 16 \u00e5r sedan var Portugal i en stor kris. S\u00e4ttet p\u00e5 vilket vi finl\u00e4ndare d\u00e5 f\u00f6rh\u00f6ll oss till den krisen minns man fortfarande i Portugal, och inte med v\u00e4rme. Portugal fick d\u00e5 ekonomiskt st\u00f6d via EU f\u00f6r att klara sig, och Finlands inst\u00e4llning var strikt. Vi uppfattades som sn\u00e5la \u00f6versittare. Idag sjunker Portugals statsskuld [&hellip;]<\/p>\n","protected":false},"author":1,"featured_media":10129,"comment_status":"open","ping_status":"open","sticky":false,"template":"","format":"standard","meta":{"jetpack_post_was_ever_published":false,"_jetpack_newsletter_access":"","jetpack_publicize_message":"","jetpack_is_tweetstorm":false,"jetpack_publicize_feature_enabled":true,"jetpack_social_post_already_shared":true,"jetpack_social_options":{"image_generator_settings":{"template":"highway","enabled":false}}},"categories":[46,45,31,131,105,73],"tags":[],"jetpack_publicize_connections":[],"yoast_head":"<!-- This site is optimized with the Yoast SEO plugin v20.12 - https:\/\/yoast.com\/wordpress\/plugins\/seo\/ -->\n<title>SFP lovar dra sitt str\u00e5 till stacken - Anders Adlercreutz<\/title>\n<meta name=\"robots\" content=\"index, follow, max-snippet:-1, max-image-preview:large, max-video-preview:-1\" \/>\n<link rel=\"canonical\" href=\"https:\/\/andersadlercreutz.fi\/blog\/blogg\/sfp-lovar-dra-sitt-stra-till-stacken\/\" \/>\n<meta property=\"og:locale\" content=\"sv_SE\" \/>\n<meta property=\"og:type\" content=\"article\" \/>\n<meta property=\"og:title\" content=\"SFP lovar dra sitt str\u00e5 till stacken - Anders Adlercreutz\" \/>\n<meta property=\"og:description\" content=\"F\u00f6r 16 \u00e5r sedan var Portugal i en stor kris. S\u00e4ttet p\u00e5 vilket vi finl\u00e4ndare d\u00e5 f\u00f6rh\u00f6ll oss till den krisen minns man fortfarande i Portugal, och inte med v\u00e4rme. Portugal fick d\u00e5 ekonomiskt st\u00f6d via EU f\u00f6r att klara sig, och Finlands inst\u00e4llning var strikt. Vi uppfattades som sn\u00e5la \u00f6versittare. Idag sjunker Portugals statsskuld [&hellip;]\" \/>\n<meta property=\"og:url\" content=\"https:\/\/andersadlercreutz.fi\/blog\/blogg\/sfp-lovar-dra-sitt-stra-till-stacken\/\" \/>\n<meta property=\"og:site_name\" content=\"Anders Adlercreutz\" \/>\n<meta property=\"article:published_time\" content=\"2025-02-08T08:22:33+00:00\" \/>\n<meta property=\"article:modified_time\" content=\"2025-02-08T08:31:36+00:00\" \/>\n<meta property=\"og:image\" content=\"https:\/\/andersadlercreutz.fi\/blog\/wp-content\/uploads\/2025\/01\/0S6A1389_wp.png\" \/>\n\t<meta property=\"og:image:width\" content=\"1440\" \/>\n\t<meta property=\"og:image:height\" content=\"1027\" \/>\n\t<meta property=\"og:image:type\" content=\"image\/png\" \/>\n<meta name=\"author\" content=\"Anders\" \/>\n<meta name=\"twitter:card\" content=\"summary_large_image\" \/>\n<meta name=\"twitter:label1\" content=\"Skriven av\" \/>\n\t<meta name=\"twitter:data1\" content=\"Anders\" \/>\n\t<meta name=\"twitter:label2\" content=\"Ber\u00e4knad l\u00e4stid\" \/>\n\t<meta name=\"twitter:data2\" content=\"4 minuter\" \/>\n<script type=\"application\/ld+json\" class=\"yoast-schema-graph\">{\"@context\":\"https:\/\/schema.org\",\"@graph\":[{\"@type\":\"WebPage\",\"@id\":\"https:\/\/andersadlercreutz.fi\/blog\/blogg\/sfp-lovar-dra-sitt-stra-till-stacken\/\",\"url\":\"https:\/\/andersadlercreutz.fi\/blog\/blogg\/sfp-lovar-dra-sitt-stra-till-stacken\/\",\"name\":\"SFP lovar dra sitt str\u00e5 till stacken - Anders Adlercreutz\",\"isPartOf\":{\"@id\":\"https:\/\/andersadlercreutz.fi\/blog\/#website\"},\"datePublished\":\"2025-02-08T08:22:33+00:00\",\"dateModified\":\"2025-02-08T08:31:36+00:00\",\"author\":{\"@id\":\"https:\/\/andersadlercreutz.fi\/blog\/#\/schema\/person\/47d4b72eded862b484f74bb4b3a2354f\"},\"breadcrumb\":{\"@id\":\"https:\/\/andersadlercreutz.fi\/blog\/blogg\/sfp-lovar-dra-sitt-stra-till-stacken\/#breadcrumb\"},\"inLanguage\":\"sv-SE\",\"potentialAction\":[{\"@type\":\"ReadAction\",\"target\":[\"https:\/\/andersadlercreutz.fi\/blog\/blogg\/sfp-lovar-dra-sitt-stra-till-stacken\/\"]}]},{\"@type\":\"BreadcrumbList\",\"@id\":\"https:\/\/andersadlercreutz.fi\/blog\/blogg\/sfp-lovar-dra-sitt-stra-till-stacken\/#breadcrumb\",\"itemListElement\":[{\"@type\":\"ListItem\",\"position\":1,\"name\":\"Home\",\"item\":\"https:\/\/andersadlercreutz.fi\/blog\/blogg\/?lang=sv\"},{\"@type\":\"ListItem\",\"position\":2,\"name\":\"SFP lovar dra sitt str\u00e5 till stacken\"}]},{\"@type\":\"WebSite\",\"@id\":\"https:\/\/andersadlercreutz.fi\/blog\/#website\",\"url\":\"https:\/\/andersadlercreutz.fi\/blog\/\",\"name\":\"Anders Adlercreutz\",\"description\":\"Du. Jag. Vi. Kest&auml;v&auml;sti optimisti\",\"potentialAction\":[{\"@type\":\"SearchAction\",\"target\":{\"@type\":\"EntryPoint\",\"urlTemplate\":\"https:\/\/andersadlercreutz.fi\/blog\/?s={search_term_string}\"},\"query-input\":\"required name=search_term_string\"}],\"inLanguage\":\"sv-SE\"},{\"@type\":\"Person\",\"@id\":\"https:\/\/andersadlercreutz.fi\/blog\/#\/schema\/person\/47d4b72eded862b484f74bb4b3a2354f\",\"name\":\"Anders\",\"image\":{\"@type\":\"ImageObject\",\"inLanguage\":\"sv-SE\",\"@id\":\"https:\/\/andersadlercreutz.fi\/blog\/#\/schema\/person\/image\/\",\"url\":\"https:\/\/secure.gravatar.com\/avatar\/a144c9bda7a581ff6fabba169027e620?s=96&d=mm&r=g\",\"contentUrl\":\"https:\/\/secure.gravatar.com\/avatar\/a144c9bda7a581ff6fabba169027e620?s=96&d=mm&r=g\",\"caption\":\"Anders\"},\"url\":\"https:\/\/andersadlercreutz.fi\/blog\/author\/admin\/\"}]}<\/script>\n<!-- \/ Yoast SEO plugin. -->","yoast_head_json":{"title":"SFP lovar dra sitt str\u00e5 till stacken - Anders Adlercreutz","robots":{"index":"index","follow":"follow","max-snippet":"max-snippet:-1","max-image-preview":"max-image-preview:large","max-video-preview":"max-video-preview:-1"},"canonical":"https:\/\/andersadlercreutz.fi\/blog\/blogg\/sfp-lovar-dra-sitt-stra-till-stacken\/","og_locale":"sv_SE","og_type":"article","og_title":"SFP lovar dra sitt str\u00e5 till stacken - Anders Adlercreutz","og_description":"F\u00f6r 16 \u00e5r sedan var Portugal i en stor kris. S\u00e4ttet p\u00e5 vilket vi finl\u00e4ndare d\u00e5 f\u00f6rh\u00f6ll oss till den krisen minns man fortfarande i Portugal, och inte med v\u00e4rme. Portugal fick d\u00e5 ekonomiskt st\u00f6d via EU f\u00f6r att klara sig, och Finlands inst\u00e4llning var strikt. Vi uppfattades som sn\u00e5la \u00f6versittare. Idag sjunker Portugals statsskuld [&hellip;]","og_url":"https:\/\/andersadlercreutz.fi\/blog\/blogg\/sfp-lovar-dra-sitt-stra-till-stacken\/","og_site_name":"Anders Adlercreutz","article_published_time":"2025-02-08T08:22:33+00:00","article_modified_time":"2025-02-08T08:31:36+00:00","og_image":[{"width":1440,"height":1027,"url":"https:\/\/andersadlercreutz.fi\/blog\/wp-content\/uploads\/2025\/01\/0S6A1389_wp.png","type":"image\/png"}],"author":"Anders","twitter_card":"summary_large_image","twitter_misc":{"Skriven av":"Anders","Ber\u00e4knad l\u00e4stid":"4 minuter"},"schema":{"@context":"https:\/\/schema.org","@graph":[{"@type":"WebPage","@id":"https:\/\/andersadlercreutz.fi\/blog\/blogg\/sfp-lovar-dra-sitt-stra-till-stacken\/","url":"https:\/\/andersadlercreutz.fi\/blog\/blogg\/sfp-lovar-dra-sitt-stra-till-stacken\/","name":"SFP lovar dra sitt str\u00e5 till stacken - Anders Adlercreutz","isPartOf":{"@id":"https:\/\/andersadlercreutz.fi\/blog\/#website"},"datePublished":"2025-02-08T08:22:33+00:00","dateModified":"2025-02-08T08:31:36+00:00","author":{"@id":"https:\/\/andersadlercreutz.fi\/blog\/#\/schema\/person\/47d4b72eded862b484f74bb4b3a2354f"},"breadcrumb":{"@id":"https:\/\/andersadlercreutz.fi\/blog\/blogg\/sfp-lovar-dra-sitt-stra-till-stacken\/#breadcrumb"},"inLanguage":"sv-SE","potentialAction":[{"@type":"ReadAction","target":["https:\/\/andersadlercreutz.fi\/blog\/blogg\/sfp-lovar-dra-sitt-stra-till-stacken\/"]}]},{"@type":"BreadcrumbList","@id":"https:\/\/andersadlercreutz.fi\/blog\/blogg\/sfp-lovar-dra-sitt-stra-till-stacken\/#breadcrumb","itemListElement":[{"@type":"ListItem","position":1,"name":"Home","item":"https:\/\/andersadlercreutz.fi\/blog\/blogg\/?lang=sv"},{"@type":"ListItem","position":2,"name":"SFP lovar dra sitt str\u00e5 till stacken"}]},{"@type":"WebSite","@id":"https:\/\/andersadlercreutz.fi\/blog\/#website","url":"https:\/\/andersadlercreutz.fi\/blog\/","name":"Anders Adlercreutz","description":"Du. Jag. Vi. Kest&auml;v&auml;sti optimisti","potentialAction":[{"@type":"SearchAction","target":{"@type":"EntryPoint","urlTemplate":"https:\/\/andersadlercreutz.fi\/blog\/?s={search_term_string}"},"query-input":"required name=search_term_string"}],"inLanguage":"sv-SE"},{"@type":"Person","@id":"https:\/\/andersadlercreutz.fi\/blog\/#\/schema\/person\/47d4b72eded862b484f74bb4b3a2354f","name":"Anders","image":{"@type":"ImageObject","inLanguage":"sv-SE","@id":"https:\/\/andersadlercreutz.fi\/blog\/#\/schema\/person\/image\/","url":"https:\/\/secure.gravatar.com\/avatar\/a144c9bda7a581ff6fabba169027e620?s=96&d=mm&r=g","contentUrl":"https:\/\/secure.gravatar.com\/avatar\/a144c9bda7a581ff6fabba169027e620?s=96&d=mm&r=g","caption":"Anders"},"url":"https:\/\/andersadlercreutz.fi\/blog\/author\/admin\/"}]}},"jetpack_featured_media_url":"https:\/\/i0.wp.com\/andersadlercreutz.fi\/blog\/wp-content\/uploads\/2025\/01\/0S6A1389_wp.png?fit=1440%2C1027&ssl=1","jetpack_shortlink":"https:\/\/wp.me\/p4T6Dh-2E8","jetpack_sharing_enabled":true,"_links":{"self":[{"href":"https:\/\/andersadlercreutz.fi\/blog\/wp-json\/wp\/v2\/posts\/10176"}],"collection":[{"href":"https:\/\/andersadlercreutz.fi\/blog\/wp-json\/wp\/v2\/posts"}],"about":[{"href":"https:\/\/andersadlercreutz.fi\/blog\/wp-json\/wp\/v2\/types\/post"}],"author":[{"embeddable":true,"href":"https:\/\/andersadlercreutz.fi\/blog\/wp-json\/wp\/v2\/users\/1"}],"replies":[{"embeddable":true,"href":"https:\/\/andersadlercreutz.fi\/blog\/wp-json\/wp\/v2\/comments?post=10176"}],"version-history":[{"count":3,"href":"https:\/\/andersadlercreutz.fi\/blog\/wp-json\/wp\/v2\/posts\/10176\/revisions"}],"predecessor-version":[{"id":10185,"href":"https:\/\/andersadlercreutz.fi\/blog\/wp-json\/wp\/v2\/posts\/10176\/revisions\/10185"}],"wp:featuredmedia":[{"embeddable":true,"href":"https:\/\/andersadlercreutz.fi\/blog\/wp-json\/wp\/v2\/media\/10129"}],"wp:attachment":[{"href":"https:\/\/andersadlercreutz.fi\/blog\/wp-json\/wp\/v2\/media?parent=10176"}],"wp:term":[{"taxonomy":"category","embeddable":true,"href":"https:\/\/andersadlercreutz.fi\/blog\/wp-json\/wp\/v2\/categories?post=10176"},{"taxonomy":"post_tag","embeddable":true,"href":"https:\/\/andersadlercreutz.fi\/blog\/wp-json\/wp\/v2\/tags?post=10176"}],"curies":[{"name":"wp","href":"https:\/\/api.w.org\/{rel}","templated":true}]}}