{"id":10179,"date":"2025-02-08T10:26:00","date_gmt":"2025-02-08T08:26:00","guid":{"rendered":"https:\/\/andersadlercreutz.fi\/blog\/?p=10179"},"modified":"2025-02-08T10:26:00","modified_gmt":"2025-02-08T08:26:00","slug":"lat-oss-inte-vara-likgiltiga","status":"publish","type":"post","link":"https:\/\/andersadlercreutz.fi\/blog\/blog-sv\/lat-oss-inte-vara-likgiltiga\/","title":{"rendered":"L\u00e5t oss inte vara likgiltiga"},"content":{"rendered":"<p><span style=\"font-weight: 400;\">\u201dVi tror att motsatsen till k\u00e4rlek \u00e4r hat. S\u00e5 \u00e4r det inte. Motsatsen till hat \u00e4r likgiltighet.\u201d<\/span><\/p>\n<p><span style=\"font-weight: 400;\">S\u00e5 sade Elie Wiesel, en av det f\u00e5tal som \u00f6verlevde Auschwitz d\u00f6dsmaskin, i en intervju i US News &amp; World Report 1986, samma \u00e5r han tog emot Nobels fredspris. F\u00f6rintelsen skede eftersom alltf\u00f6r m\u00e5nga var likgiltiga. Blundade, tittade bort och valde att inte se.<\/span><\/p>\n<p><span style=\"font-weight: 400;\">Jag hade f\u00f6rm\u00e5nen att bes\u00f6ka koncentrationsl\u00e4gret Auschwitz-Birkenau i slutet av januari tillsammans med Republikens president. Det, att det g\u00e5tt 80 \u00e5r sedan l\u00e4gret befriades, firades med en gripande ceremoni d\u00e4r m\u00e5nga stats\u00f6verhuvud, men framf\u00f6rallt ett femtiotal \u00f6verlevande var p\u00e5 plats.\u00a0<\/span><\/p>\n<p><span style=\"font-weight: 400;\">Historierna de ber\u00e4ttade var hj\u00e4rtsk\u00e4rande. Hur k\u00e4nns det att se sina kompisar samlas ihop f\u00f6r att f\u00f6sas in i gaskammaren? Hur k\u00e4nns det f\u00f6r en liten flicka att tro att orden barn, jude och d\u00f6d \u00e4r oskiljaktiga? Hur k\u00e4nns det att se sin framtid sl\u00e5s i kras, att se sin far eller mor tvingas v\u00e4lja sp\u00e5ret till v\u00e4nster eller h\u00f6ger n\u00e4r du sj\u00e4lv f\u00f6ses \u00e5t andra h\u00e5llet?<\/span><\/p>\n<p><span style=\"font-weight: 400;\">Vi s\u00e4ger ofta att det aldrig kan h\u00e4nda igen. Men det kan h\u00e4nda igen. Mekanismen \u00e4r inte sv\u00e5r. Vi m\u00e4nniskor har inte \u00e4ndrat oss. Och vi har kanske inte ens l\u00e4rt oss en l\u00e4xa.\u00a0<\/span><\/p>\n<p><span style=\"font-weight: 400;\">Det som h\u00e4nde i Auschwitz, Treblinka, Maidanek, Buchenwald och p\u00e5 m\u00e5nga andra st\u00e4llen var ett resultat av metodisk avhumanisering.<\/span><\/p>\n<p><span style=\"font-weight: 400;\">\u201dDe \u00e4r inte som vi. De \u00e4r fr\u00e4mmande. De \u00e4r inte m\u00e4nniskor. De h\u00f6r inte hit.\u201d\u00a0<\/span><\/p>\n<p><span style=\"font-weight: 400;\">Vi h\u00f6r samma tankeg\u00e5ngar runtom oss idag, i hela v\u00e4rlden. Det \u00e4r ett vapen man tycks ta till allt oftare. Man m\u00e5lar upp hotbilder kring dem man inte identifierar sig med. Man generaliserar bilden av en m\u00e4nniskogrupp p\u00e5 basen av en ber\u00e4ttelse man h\u00f6rt eller hittat p\u00e5.<\/span><\/p>\n<p><span style=\"font-weight: 400;\">I synnerhet i tider d\u00e4r det \u00e4r ekonomiskt utmanande och os\u00e4kert vill man hitta syndabockar. Man vill hitta l\u00e4tta svar p\u00e5 sv\u00e5ra fr\u00e5gor. D\u00e5 kan det att man f\u00e5r skylla p\u00e5 n\u00e5gon annan f\u00f6r sina problem och utmaningar, p\u00e5 n\u00e5gon som \u00e4r annorlunda \u00e4n en sj\u00e4lv, som kommer n\u00e5gon annanstans ifr\u00e5n, bli ett s\u00e4tt att hantera allt det os\u00e4kra, alla problem och utmaningar.<\/span><\/p>\n<p><span style=\"font-weight: 400;\">Empati \u00e4r att st\u00e4llasig i andras st\u00f6vlar. Att f\u00f6rst\u00e5 att ens egenbild av v\u00e4rlden inte \u00e4r den enda r\u00e4tta och framf\u00f6rallt, att livet inte behandlar oss alla p\u00e5 samma s\u00e4tt.\u00a0<\/span><\/p>\n<p><span style=\"font-weight: 400;\">Empati, f\u00f6rst\u00e5else och medm\u00e4nsklighet beh\u00f6vs f\u00f6r att vi ska kunna s\u00e4kerst\u00e4lla att n\u00e5got som F\u00f6rintelsen aldrig sker igen.<\/span><\/p>\n<p><span style=\"font-weight: 400;\">Motsatsen till hat \u00e4r likgiltighet. S\u00e5 l\u00e5t oss bry oss.<\/span><\/p>\n<p><span style=\"font-weight: 400;\">Det \u00e4r uppenbart att utvecklingen i v\u00e4rlden p\u00e5 m\u00e5nga s\u00e4tt \u00e4r orov\u00e4ckande. Det andra v\u00e4rldskriget fungerade som en v\u00e4ckarklocka som hj\u00e4lpte oss att bygga m\u00e5nga av de institutioner som tj\u00e4nat oss v\u00e4l: FN, r\u00e4ttsstaten, gemensamma avtal och f\u00f6rdrag. M\u00e5nga av dessa institutioner naggas nu i kanterna, de diskrediteras.\u00a0<\/span><\/p>\n<p><span style=\"font-weight: 400;\">Vi m\u00e4nniskor har en f\u00f6rm\u00e5ga att gl\u00f6mma det vi l\u00e4rt oss. I Putins retorik har fascismen och nazismen sl\u00e4ngts \u00f6ver \u00e4nda och de orden anv\u00e4nds nu igen som slagtr\u00e4 f\u00f6r att absurt nog r\u00e4ttf\u00e4rdiga grymma brott mot m\u00e4nskligheten. Vi har politiska r\u00f6relser som fokuserar p\u00e5 att st\u00e4mpla folkgrupper. Ansvaret f\u00f6r hela samh\u00e4llets problem, vare sig det \u00e4r inl\u00e4rningsresultat, arbetsl\u00f6shet, obalansen i den offentliga ekonomin eller v\u00e5ldet i samh\u00e4llet l\u00e4ggs p\u00e5 dem som vi inte upplever att h\u00f6r hit .<\/span><\/p>\n<p><span style=\"font-weight: 400;\">Den polarisering vi ser runt omkring oss \u00e4r ett f\u00f6rsta steg i fel riktning. D\u00e4rf\u00f6r \u00e4r det s\u00e5 viktigt att vi i Europa v\u00e4rnar om ett samh\u00e4lle d\u00e4r alla k\u00e4nner sig delaktiga och ingen skjuts ut i marginalen, varken fysiskt eller mentalt. D\u00e4r det finns spelregler som vi ser som s\u00e5 fundamentala delar av v\u00e5rt samh\u00e4llsskick att de inte relativiseras f\u00f6r kortsiktiga vinster eller f\u00f6r att vi \u201dbara m\u00e5ste\u201d.\u00a0<\/span><\/p>\n<p><span style=\"font-weight: 400;\">Vi har m\u00e5nga gemensamma utmaningar att tackla. P\u00e5 30-talet lyckades vi inte tackla den polarisering och radikalisering som ledde till F\u00f6rintelsen. Storbritanniens d\u00e5varande premi\u00e4rminister Neville Chamberlain har inte behandlats med silkesvantar av historieskrivningen. Idag st\u00e5r vi inf\u00f6r samma dilemma igen. Det handlar inte enbart om radikalisering, polarisering och intolerans utan ocks\u00e5 om fr\u00e5gor som klimatf\u00f6r\u00e4ndring och biodiversitetsf\u00f6rlust som ocks\u00e5 beh\u00f6ver internationella, gemensamma och solidariska beslut.\u00a0<\/span><\/p>\n<p><span style=\"font-weight: 400;\">D\u00e4rf\u00f6r \u00e4r det s\u00e5 viktigt att politiken inte f\u00f6rfaller till skyttegravskrig och demonisering utan talar om samarbete, inklusion och l\u00f6sningar.\u00a0<\/span><\/p>\n<p><span style=\"font-weight: 400;\">Om vi inte har fora f\u00f6r gemensam diskussion och en f\u00f6rm\u00e5ga att komma \u00f6verens s\u00e5 splittras den gemensamma v\u00e4rldsbilden och v\u00e4rdegrunden. Senast det skedde gick det illa. L\u00e5t oss gemensamt se till att det inte h\u00e4nder igen. L\u00e5t oss inte vara likgiltiga.\u00a0<\/span><\/p>\n<p>&nbsp;<\/p>\n<p>(Ins\u00e4ndare i Vasabladet, \u00d6sterbottens tidning, Sydin 2.2.2025)<\/p>\n<p><br style=\"font-weight: 400;\" \/><\/p>\n","protected":false},"excerpt":{"rendered":"<p>\u201dVi tror att motsatsen till k\u00e4rlek \u00e4r hat. S\u00e5 \u00e4r det inte. Motsatsen till hat \u00e4r likgiltighet.\u201d S\u00e5 sade Elie Wiesel, en av det f\u00e5tal som \u00f6verlevde Auschwitz d\u00f6dsmaskin, i en intervju i US News &amp; World Report 1986, samma \u00e5r han tog emot Nobels fredspris. F\u00f6rintelsen skede eftersom alltf\u00f6r m\u00e5nga var likgiltiga. Blundade, tittade [&hellip;]<\/p>\n","protected":false},"author":1,"featured_media":9656,"comment_status":"open","ping_status":"open","sticky":false,"template":"","format":"standard","meta":{"jetpack_post_was_ever_published":false,"_jetpack_newsletter_access":"","jetpack_publicize_message":"","jetpack_is_tweetstorm":false,"jetpack_publicize_feature_enabled":true,"jetpack_social_post_already_shared":true,"jetpack_social_options":{"image_generator_settings":{"template":"highway","enabled":false}}},"categories":[46,45],"tags":[],"jetpack_publicize_connections":[],"yoast_head":"<!-- This site is optimized with the Yoast SEO plugin v20.12 - https:\/\/yoast.com\/wordpress\/plugins\/seo\/ -->\n<title>L\u00e5t oss inte vara likgiltiga - Anders Adlercreutz<\/title>\n<meta name=\"robots\" content=\"index, follow, max-snippet:-1, max-image-preview:large, max-video-preview:-1\" \/>\n<link rel=\"canonical\" href=\"https:\/\/andersadlercreutz.fi\/blog\/blog-sv\/lat-oss-inte-vara-likgiltiga\/\" \/>\n<meta property=\"og:locale\" content=\"sv_SE\" \/>\n<meta property=\"og:type\" content=\"article\" \/>\n<meta property=\"og:title\" content=\"L\u00e5t oss inte vara likgiltiga - Anders Adlercreutz\" \/>\n<meta property=\"og:description\" content=\"\u201dVi tror att motsatsen till k\u00e4rlek \u00e4r hat. S\u00e5 \u00e4r det inte. Motsatsen till hat \u00e4r likgiltighet.\u201d S\u00e5 sade Elie Wiesel, en av det f\u00e5tal som \u00f6verlevde Auschwitz d\u00f6dsmaskin, i en intervju i US News &amp; World Report 1986, samma \u00e5r han tog emot Nobels fredspris. F\u00f6rintelsen skede eftersom alltf\u00f6r m\u00e5nga var likgiltiga. Blundade, tittade [&hellip;]\" \/>\n<meta property=\"og:url\" content=\"https:\/\/andersadlercreutz.fi\/blog\/blog-sv\/lat-oss-inte-vara-likgiltiga\/\" \/>\n<meta property=\"og:site_name\" content=\"Anders Adlercreutz\" \/>\n<meta property=\"article:published_time\" content=\"2025-02-08T08:26:00+00:00\" \/>\n<meta property=\"og:image\" content=\"https:\/\/andersadlercreutz.fi\/blog\/wp-content\/uploads\/2024\/05\/YAN-april.jpg\" \/>\n\t<meta property=\"og:image:width\" content=\"1200\" \/>\n\t<meta property=\"og:image:height\" content=\"541\" \/>\n\t<meta property=\"og:image:type\" content=\"image\/jpeg\" \/>\n<meta name=\"author\" content=\"Anders\" \/>\n<meta name=\"twitter:card\" content=\"summary_large_image\" \/>\n<meta name=\"twitter:label1\" content=\"Skriven av\" \/>\n\t<meta name=\"twitter:data1\" content=\"Anders\" \/>\n\t<meta name=\"twitter:label2\" content=\"Ber\u00e4knad l\u00e4stid\" \/>\n\t<meta name=\"twitter:data2\" content=\"4 minuter\" \/>\n<script type=\"application\/ld+json\" class=\"yoast-schema-graph\">{\"@context\":\"https:\/\/schema.org\",\"@graph\":[{\"@type\":\"WebPage\",\"@id\":\"https:\/\/andersadlercreutz.fi\/blog\/blog-sv\/lat-oss-inte-vara-likgiltiga\/\",\"url\":\"https:\/\/andersadlercreutz.fi\/blog\/blog-sv\/lat-oss-inte-vara-likgiltiga\/\",\"name\":\"L\u00e5t oss inte vara likgiltiga - Anders Adlercreutz\",\"isPartOf\":{\"@id\":\"https:\/\/andersadlercreutz.fi\/blog\/#website\"},\"datePublished\":\"2025-02-08T08:26:00+00:00\",\"dateModified\":\"2025-02-08T08:26:00+00:00\",\"author\":{\"@id\":\"https:\/\/andersadlercreutz.fi\/blog\/#\/schema\/person\/47d4b72eded862b484f74bb4b3a2354f\"},\"breadcrumb\":{\"@id\":\"https:\/\/andersadlercreutz.fi\/blog\/blog-sv\/lat-oss-inte-vara-likgiltiga\/#breadcrumb\"},\"inLanguage\":\"sv-SE\",\"potentialAction\":[{\"@type\":\"ReadAction\",\"target\":[\"https:\/\/andersadlercreutz.fi\/blog\/blog-sv\/lat-oss-inte-vara-likgiltiga\/\"]}]},{\"@type\":\"BreadcrumbList\",\"@id\":\"https:\/\/andersadlercreutz.fi\/blog\/blog-sv\/lat-oss-inte-vara-likgiltiga\/#breadcrumb\",\"itemListElement\":[{\"@type\":\"ListItem\",\"position\":1,\"name\":\"Home\",\"item\":\"https:\/\/andersadlercreutz.fi\/blog\/blogg\/?lang=sv\"},{\"@type\":\"ListItem\",\"position\":2,\"name\":\"L\u00e5t oss inte vara likgiltiga\"}]},{\"@type\":\"WebSite\",\"@id\":\"https:\/\/andersadlercreutz.fi\/blog\/#website\",\"url\":\"https:\/\/andersadlercreutz.fi\/blog\/\",\"name\":\"Anders Adlercreutz\",\"description\":\"Du. Jag. Vi. Kest&auml;v&auml;sti optimisti\",\"potentialAction\":[{\"@type\":\"SearchAction\",\"target\":{\"@type\":\"EntryPoint\",\"urlTemplate\":\"https:\/\/andersadlercreutz.fi\/blog\/?s={search_term_string}\"},\"query-input\":\"required name=search_term_string\"}],\"inLanguage\":\"sv-SE\"},{\"@type\":\"Person\",\"@id\":\"https:\/\/andersadlercreutz.fi\/blog\/#\/schema\/person\/47d4b72eded862b484f74bb4b3a2354f\",\"name\":\"Anders\",\"image\":{\"@type\":\"ImageObject\",\"inLanguage\":\"sv-SE\",\"@id\":\"https:\/\/andersadlercreutz.fi\/blog\/#\/schema\/person\/image\/\",\"url\":\"https:\/\/secure.gravatar.com\/avatar\/a144c9bda7a581ff6fabba169027e620?s=96&d=mm&r=g\",\"contentUrl\":\"https:\/\/secure.gravatar.com\/avatar\/a144c9bda7a581ff6fabba169027e620?s=96&d=mm&r=g\",\"caption\":\"Anders\"},\"url\":\"https:\/\/andersadlercreutz.fi\/blog\/author\/admin\/\"}]}<\/script>\n<!-- \/ Yoast SEO plugin. -->","yoast_head_json":{"title":"L\u00e5t oss inte vara likgiltiga - Anders Adlercreutz","robots":{"index":"index","follow":"follow","max-snippet":"max-snippet:-1","max-image-preview":"max-image-preview:large","max-video-preview":"max-video-preview:-1"},"canonical":"https:\/\/andersadlercreutz.fi\/blog\/blog-sv\/lat-oss-inte-vara-likgiltiga\/","og_locale":"sv_SE","og_type":"article","og_title":"L\u00e5t oss inte vara likgiltiga - Anders Adlercreutz","og_description":"\u201dVi tror att motsatsen till k\u00e4rlek \u00e4r hat. S\u00e5 \u00e4r det inte. Motsatsen till hat \u00e4r likgiltighet.\u201d S\u00e5 sade Elie Wiesel, en av det f\u00e5tal som \u00f6verlevde Auschwitz d\u00f6dsmaskin, i en intervju i US News &amp; World Report 1986, samma \u00e5r han tog emot Nobels fredspris. F\u00f6rintelsen skede eftersom alltf\u00f6r m\u00e5nga var likgiltiga. Blundade, tittade [&hellip;]","og_url":"https:\/\/andersadlercreutz.fi\/blog\/blog-sv\/lat-oss-inte-vara-likgiltiga\/","og_site_name":"Anders Adlercreutz","article_published_time":"2025-02-08T08:26:00+00:00","og_image":[{"width":1200,"height":541,"url":"https:\/\/andersadlercreutz.fi\/blog\/wp-content\/uploads\/2024\/05\/YAN-april.jpg","type":"image\/jpeg"}],"author":"Anders","twitter_card":"summary_large_image","twitter_misc":{"Skriven av":"Anders","Ber\u00e4knad l\u00e4stid":"4 minuter"},"schema":{"@context":"https:\/\/schema.org","@graph":[{"@type":"WebPage","@id":"https:\/\/andersadlercreutz.fi\/blog\/blog-sv\/lat-oss-inte-vara-likgiltiga\/","url":"https:\/\/andersadlercreutz.fi\/blog\/blog-sv\/lat-oss-inte-vara-likgiltiga\/","name":"L\u00e5t oss inte vara likgiltiga - Anders Adlercreutz","isPartOf":{"@id":"https:\/\/andersadlercreutz.fi\/blog\/#website"},"datePublished":"2025-02-08T08:26:00+00:00","dateModified":"2025-02-08T08:26:00+00:00","author":{"@id":"https:\/\/andersadlercreutz.fi\/blog\/#\/schema\/person\/47d4b72eded862b484f74bb4b3a2354f"},"breadcrumb":{"@id":"https:\/\/andersadlercreutz.fi\/blog\/blog-sv\/lat-oss-inte-vara-likgiltiga\/#breadcrumb"},"inLanguage":"sv-SE","potentialAction":[{"@type":"ReadAction","target":["https:\/\/andersadlercreutz.fi\/blog\/blog-sv\/lat-oss-inte-vara-likgiltiga\/"]}]},{"@type":"BreadcrumbList","@id":"https:\/\/andersadlercreutz.fi\/blog\/blog-sv\/lat-oss-inte-vara-likgiltiga\/#breadcrumb","itemListElement":[{"@type":"ListItem","position":1,"name":"Home","item":"https:\/\/andersadlercreutz.fi\/blog\/blogg\/?lang=sv"},{"@type":"ListItem","position":2,"name":"L\u00e5t oss inte vara likgiltiga"}]},{"@type":"WebSite","@id":"https:\/\/andersadlercreutz.fi\/blog\/#website","url":"https:\/\/andersadlercreutz.fi\/blog\/","name":"Anders Adlercreutz","description":"Du. Jag. Vi. Kest&auml;v&auml;sti optimisti","potentialAction":[{"@type":"SearchAction","target":{"@type":"EntryPoint","urlTemplate":"https:\/\/andersadlercreutz.fi\/blog\/?s={search_term_string}"},"query-input":"required name=search_term_string"}],"inLanguage":"sv-SE"},{"@type":"Person","@id":"https:\/\/andersadlercreutz.fi\/blog\/#\/schema\/person\/47d4b72eded862b484f74bb4b3a2354f","name":"Anders","image":{"@type":"ImageObject","inLanguage":"sv-SE","@id":"https:\/\/andersadlercreutz.fi\/blog\/#\/schema\/person\/image\/","url":"https:\/\/secure.gravatar.com\/avatar\/a144c9bda7a581ff6fabba169027e620?s=96&d=mm&r=g","contentUrl":"https:\/\/secure.gravatar.com\/avatar\/a144c9bda7a581ff6fabba169027e620?s=96&d=mm&r=g","caption":"Anders"},"url":"https:\/\/andersadlercreutz.fi\/blog\/author\/admin\/"}]}},"jetpack_featured_media_url":"https:\/\/i0.wp.com\/andersadlercreutz.fi\/blog\/wp-content\/uploads\/2024\/05\/YAN-april.jpg?fit=1200%2C541&ssl=1","jetpack_shortlink":"https:\/\/wp.me\/p4T6Dh-2Eb","jetpack_sharing_enabled":true,"_links":{"self":[{"href":"https:\/\/andersadlercreutz.fi\/blog\/wp-json\/wp\/v2\/posts\/10179"}],"collection":[{"href":"https:\/\/andersadlercreutz.fi\/blog\/wp-json\/wp\/v2\/posts"}],"about":[{"href":"https:\/\/andersadlercreutz.fi\/blog\/wp-json\/wp\/v2\/types\/post"}],"author":[{"embeddable":true,"href":"https:\/\/andersadlercreutz.fi\/blog\/wp-json\/wp\/v2\/users\/1"}],"replies":[{"embeddable":true,"href":"https:\/\/andersadlercreutz.fi\/blog\/wp-json\/wp\/v2\/comments?post=10179"}],"version-history":[{"count":2,"href":"https:\/\/andersadlercreutz.fi\/blog\/wp-json\/wp\/v2\/posts\/10179\/revisions"}],"predecessor-version":[{"id":10181,"href":"https:\/\/andersadlercreutz.fi\/blog\/wp-json\/wp\/v2\/posts\/10179\/revisions\/10181"}],"wp:featuredmedia":[{"embeddable":true,"href":"https:\/\/andersadlercreutz.fi\/blog\/wp-json\/wp\/v2\/media\/9656"}],"wp:attachment":[{"href":"https:\/\/andersadlercreutz.fi\/blog\/wp-json\/wp\/v2\/media?parent=10179"}],"wp:term":[{"taxonomy":"category","embeddable":true,"href":"https:\/\/andersadlercreutz.fi\/blog\/wp-json\/wp\/v2\/categories?post=10179"},{"taxonomy":"post_tag","embeddable":true,"href":"https:\/\/andersadlercreutz.fi\/blog\/wp-json\/wp\/v2\/tags?post=10179"}],"curies":[{"name":"wp","href":"https:\/\/api.w.org\/{rel}","templated":true}]}}