{"id":10182,"date":"2025-02-08T10:29:27","date_gmt":"2025-02-08T08:29:27","guid":{"rendered":"https:\/\/andersadlercreutz.fi\/blog\/?p=10182"},"modified":"2025-02-08T10:39:34","modified_gmt":"2025-02-08T08:39:34","slug":"jag-vill-motverka-den-polarisering-som-korpak-blaser-liv-i","status":"publish","type":"post","link":"https:\/\/andersadlercreutz.fi\/blog\/blog-sv\/jag-vill-motverka-den-polarisering-som-korpak-blaser-liv-i\/","title":{"rendered":"Jag vill motverka den polarisering som Korpak bl\u00e5ser liv i"},"content":{"rendered":"<p><span style=\"font-weight: 400;\">I en skickligt skriven kolumn ber\u00e4ttar Helen Korpak i <a href=\"https:\/\/www.hbl.fi\/2025-02-03\/jag-ar-kulturarbetaren-som-adlercreutz-och-von-kraemer-tycker-ska-halla-mun\/\">HBL 4.2<\/a> vad hon tror att jag t\u00e4nker i min text <a href=\"https:\/\/andersadlercreutz.fi\/blog\/blogg\/sfp-lovar-dra-sitt-stra-till-stacken\/\">\u201cOm att dra sitt str\u00e5 till stacken\u201d<\/a> som HBL publicerade 29.1.2025. Samtidigt \u00e4r hennes analys b\u00e5de l\u00e5ngt ifr\u00e5n min verklighet och l\u00e5ngt ifr\u00e5n det jag skrev och \u00e5tminstone f\u00f6rs\u00f6kte formulera.<\/span><\/p>\n<p><span style=\"font-weight: 400;\">Det k\u00e4nns os\u00f6kt som om Korpak har ett narrativ, som hon f\u00f6rs\u00f6ker leta efter en skrud f\u00f6r.<\/span><\/p>\n<p><span style=\"font-weight: 400;\">Min text, i vilken jag inte alls talar om att \u201dp\u00f6beln skall h\u00e5lla mun\u201d f\u00f6r att citera Korpak, efterlyser jag en diskussion om v\u00e5rt samh\u00e4lle och v\u00e5r framtid som inte utg\u00e5r enbart fr\u00e5n piskor och saxar utan som f\u00f6rm\u00e5r se v\u00e5ra styrkor och m\u00f6jligheter \u2013 som ju verkligen finns.\u00a0<\/span><\/p>\n<p><span style=\"font-weight: 400;\">En del av v\u00e5ra styrkor \u00e4r till exempel v\u00e5r utbildning och ett starkt f\u00f6rtroendeklimat. Andra \u00e4r en stor social r\u00f6rlighet och en i internationell j\u00e4mf\u00f6relse l\u00e5g niv\u00e5 av polarisering.\u00a0<\/span><\/p>\n<p><span style=\"font-weight: 400;\">I sin text bekr\u00e4ftar Korpak indirekt den oro som ledde till det jag skrev. Det \u00e4r just den typens mots\u00e4ttning och polarisering Koprak skickligt bl\u00e5ser liv i som jag vill motverka.<\/span><\/p>\n<p><span style=\"font-weight: 400;\">Vi ser kulturkrig b\u00e5de i v\u00e5rt land och utanf\u00f6r. Man odlar en bild av \u201deliten\u201d och \u201dfolket\u201d. Man ifr\u00e5gas\u00e4tter vetenskapen och fakta och ifr\u00e5gas\u00e4tter folks avsikter n\u00e4r man hellre kunde diskutera det man l\u00e4ser och ser.\u00a0<\/span><\/p>\n<p><span style=\"font-weight: 400;\">Man bygger ocks\u00e5 upp en bild d\u00e4r allt kan l\u00e4ggas in i ett narrativ om \u201dvi mot dem\u201d , f\u00f6r att inte tala om v\u00e4nster och h\u00f6ger.\u00a0<\/span><\/p>\n<blockquote><p><span style=\"font-weight: 400;\">Jag tror att v\u00e4rlden \u00e4r mer komplicerad \u00e4n s\u00e5.\u00a0<\/span><\/p><\/blockquote>\n<p><span style=\"font-weight: 400;\">Vad h\u00e4nvisar jag d\u00e5 till n\u00e4r jag talade om diskussionsklimatet och om att \u201d<\/span><i><span style=\"font-weight: 400;\">s\u00e4ttet p\u00e5 vilket vi diskuterar v\u00e5r framtid, v\u00e5ra m\u00f6jligheter och framf\u00f6r allt v\u00e5ra utmaningar \u00e4r under all kritik<\/span><\/i><span style=\"font-weight: 400;\">.\u201d eller n\u00e4r jag s\u00e4ger att\u00a0 \u201d<\/span><i><span style=\"font-weight: 400;\">Det \u00e4r sv\u00e5rt att hitta en v\u00e4g fram\u00e5t om piskor och saxar \u00e4r det enda vi ser i en situation d\u00e4r vi ocks\u00e5 borde f\u00f6rst\u00e5 att utveckla det vi har<\/span><\/i><span style=\"font-weight: 400;\">\u201d?<\/span><\/p>\n<p><span style=\"font-weight: 400;\">Jag ser det h\u00e4r som en central fr\u00e5ga. Om den ekonomiska diskussionen enbart fokuserar p\u00e5 nedsk\u00e4rningar, s\u00e5 finns det per definition inte utrymme f\u00f6r det tal om m\u00f6jlighet och tillv\u00e4xt som investeringar beh\u00f6ver.\u00a0<\/span><\/p>\n<p><span style=\"font-weight: 400;\">Om vi m\u00e5lar upp hotbilder kring de som vi borde locka hit f\u00f6r att, ve och fasa, investera, s\u00e5 \u00e4r det i h\u00f6gsta grad osannolikt att de vill komma.\u00a0<\/span><\/p>\n<p><span style=\"font-weight: 400;\">Och f\u00f6r all del: Om vi m\u00e5lar upp en bild av att en anpassning \u2013 eller f\u00f6r att anv\u00e4nda det ord Korpak f\u00f6redrar, nedsk\u00e4rning, \u00e4r totalt bin\u00e4r, att den raserar allting \u2013 s\u00e5 d\u00e5 finns det varken syre eller vilja att skapa, bygga och titta fram\u00e5t.\u00a0<\/span><\/p>\n<p><span style=\"font-weight: 400;\">Och jag anser att det ocks\u00e5 \u00e4r det vi beh\u00f6ver.\u00a0<\/span><\/p>\n<p><span style=\"font-weight: 400;\">Jag har full f\u00f6rst\u00e5else f\u00f6r vad nedsk\u00e4rningar betyder. Jag vet ocks\u00e5, att jag knappast sj\u00e4lv p\u00e5 ett personligt plan alltid kan se vad de rent konkret inneb\u00e4r.\u00a0<\/span><\/p>\n<p><span style=\"font-weight: 400;\">SFP har i alla situationer f\u00f6rs\u00f6kt prioritera n\u00e4r det bara funnits sv\u00e5ra alternativ. Jag \u00e4r glad f\u00f6r att vi kunde halvera anpassningarna inom kultursektorn i h\u00f6stens f\u00f6rhandlingar. Men det oaktat \u00e4r 20 miljoner, av den sammanlagda kulturpotten fr\u00e5n mitt ministerium p\u00e5 ca 530 miljoner, en ansenlig summa. Och den sl\u00e5r ut p\u00e5 ett s\u00e4tt som drabbar vissa mer \u00e4n andra.<\/span><\/p>\n<blockquote><p><span style=\"font-weight: 400;\">SFP v\u00e4rnar om kulturen, och jag v\u00e5gar p\u00e5st\u00e5 att jag personligen har en stark koppling till den p\u00e5 m\u00e5nga plan.<\/span><\/p><\/blockquote>\n<p><span style=\"font-weight: 400;\">Men jag \u00e4r ocks\u00e5 oroad \u00f6ver v\u00e5r statsekonomi som i f\u00f6rl\u00e4ngningen \u00e4r den som m\u00f6jligg\u00f6r satsningar. Jag \u00e4r orolig f\u00f6r v\u00e5rt samh\u00e4llsklimat, och den allm\u00e4nna bristen av vision som f\u00f6r tillf\u00e4llet genomsyrar samh\u00e4llsdiskussionen. Jag \u00e4r, som jag skriver, orolig f\u00f6r den bild av samh\u00e4llet vi politiker projicerar.<\/span><\/p>\n<p><span style=\"font-weight: 400;\">Jag v\u00e4lkomnar debatt och ifr\u00e5gas\u00e4ttande, men jag kan inte omfatta en debattkultur som bygger p\u00e5 antaganden, f\u00f6renklingar eller, som jag ser det, en tydlig vilja att missf\u00f6rst\u00e5 och f\u00f6rvr\u00e4nga. V\u00e4rlden \u00e4r inte svartvit. Den \u00e4r ofullkomlig, full av gr\u00e5skalor och behov att kompromissa.\u00a0\u00a0<\/span><\/p>\n<p><span style=\"font-weight: 400;\">F\u00f6r att, som Korpak klokt avslutar sin text: \u201d<\/span><span style=\"font-weight: 400;\">Ingendera av oss har mer r\u00e4tt \u00e4n den andra, eftersom det inte handlar om absoluta sanningar, utan bara om m\u00e4nskliga p\u00e5fund.\u201d<\/span><\/p>\n<p>&nbsp;<\/p>\n<p>(Publicerad i HBL 8.2.2025)<\/p>\n","protected":false},"excerpt":{"rendered":"<p>I en skickligt skriven kolumn ber\u00e4ttar Helen Korpak i HBL 4.2 vad hon tror att jag t\u00e4nker i min text \u201cOm att dra sitt str\u00e5 till stacken\u201d som HBL publicerade 29.1.2025. Samtidigt \u00e4r hennes analys b\u00e5de l\u00e5ngt ifr\u00e5n min verklighet och l\u00e5ngt ifr\u00e5n det jag skrev och \u00e5tminstone f\u00f6rs\u00f6kte formulera. Det k\u00e4nns os\u00f6kt som om [&hellip;]<\/p>\n","protected":false},"author":1,"featured_media":10132,"comment_status":"open","ping_status":"open","sticky":false,"template":"","format":"standard","meta":{"jetpack_post_was_ever_published":false,"_jetpack_newsletter_access":"","jetpack_publicize_message":"","jetpack_is_tweetstorm":false,"jetpack_publicize_feature_enabled":true,"jetpack_social_post_already_shared":true,"jetpack_social_options":{"image_generator_settings":{"template":"highway","enabled":false}}},"categories":[46,45,73],"tags":[],"jetpack_publicize_connections":[],"yoast_head":"<!-- This site is optimized with the Yoast SEO plugin v20.12 - https:\/\/yoast.com\/wordpress\/plugins\/seo\/ -->\n<title>Jag vill motverka den polarisering som Korpak bl\u00e5ser liv i - Anders Adlercreutz<\/title>\n<meta name=\"robots\" content=\"index, follow, max-snippet:-1, max-image-preview:large, max-video-preview:-1\" \/>\n<link rel=\"canonical\" href=\"https:\/\/andersadlercreutz.fi\/blog\/blog-sv\/jag-vill-motverka-den-polarisering-som-korpak-blaser-liv-i\/\" \/>\n<meta property=\"og:locale\" content=\"sv_SE\" \/>\n<meta property=\"og:type\" content=\"article\" \/>\n<meta property=\"og:title\" content=\"Jag vill motverka den polarisering som Korpak bl\u00e5ser liv i - Anders Adlercreutz\" \/>\n<meta property=\"og:description\" content=\"I en skickligt skriven kolumn ber\u00e4ttar Helen Korpak i HBL 4.2 vad hon tror att jag t\u00e4nker i min text \u201cOm att dra sitt str\u00e5 till stacken\u201d som HBL publicerade 29.1.2025. Samtidigt \u00e4r hennes analys b\u00e5de l\u00e5ngt ifr\u00e5n min verklighet och l\u00e5ngt ifr\u00e5n det jag skrev och \u00e5tminstone f\u00f6rs\u00f6kte formulera. Det k\u00e4nns os\u00f6kt som om [&hellip;]\" \/>\n<meta property=\"og:url\" content=\"https:\/\/andersadlercreutz.fi\/blog\/blog-sv\/jag-vill-motverka-den-polarisering-som-korpak-blaser-liv-i\/\" \/>\n<meta property=\"og:site_name\" content=\"Anders Adlercreutz\" \/>\n<meta property=\"article:published_time\" content=\"2025-02-08T08:29:27+00:00\" \/>\n<meta property=\"article:modified_time\" content=\"2025-02-08T08:39:34+00:00\" \/>\n<meta property=\"og:image\" content=\"https:\/\/andersadlercreutz.fi\/blog\/wp-content\/uploads\/2025\/01\/781A5447_wp.png\" \/>\n\t<meta property=\"og:image:width\" content=\"1333\" \/>\n\t<meta property=\"og:image:height\" content=\"864\" \/>\n\t<meta property=\"og:image:type\" content=\"image\/png\" \/>\n<meta name=\"author\" content=\"Anders\" \/>\n<meta name=\"twitter:card\" content=\"summary_large_image\" \/>\n<meta name=\"twitter:label1\" content=\"Skriven av\" \/>\n\t<meta name=\"twitter:data1\" content=\"Anders\" \/>\n\t<meta name=\"twitter:label2\" content=\"Ber\u00e4knad l\u00e4stid\" \/>\n\t<meta name=\"twitter:data2\" content=\"4 minuter\" \/>\n<script type=\"application\/ld+json\" class=\"yoast-schema-graph\">{\"@context\":\"https:\/\/schema.org\",\"@graph\":[{\"@type\":\"WebPage\",\"@id\":\"https:\/\/andersadlercreutz.fi\/blog\/blog-sv\/jag-vill-motverka-den-polarisering-som-korpak-blaser-liv-i\/\",\"url\":\"https:\/\/andersadlercreutz.fi\/blog\/blog-sv\/jag-vill-motverka-den-polarisering-som-korpak-blaser-liv-i\/\",\"name\":\"Jag vill motverka den polarisering som Korpak bl\u00e5ser liv i - Anders Adlercreutz\",\"isPartOf\":{\"@id\":\"https:\/\/andersadlercreutz.fi\/blog\/#website\"},\"datePublished\":\"2025-02-08T08:29:27+00:00\",\"dateModified\":\"2025-02-08T08:39:34+00:00\",\"author\":{\"@id\":\"https:\/\/andersadlercreutz.fi\/blog\/#\/schema\/person\/47d4b72eded862b484f74bb4b3a2354f\"},\"breadcrumb\":{\"@id\":\"https:\/\/andersadlercreutz.fi\/blog\/blog-sv\/jag-vill-motverka-den-polarisering-som-korpak-blaser-liv-i\/#breadcrumb\"},\"inLanguage\":\"sv-SE\",\"potentialAction\":[{\"@type\":\"ReadAction\",\"target\":[\"https:\/\/andersadlercreutz.fi\/blog\/blog-sv\/jag-vill-motverka-den-polarisering-som-korpak-blaser-liv-i\/\"]}]},{\"@type\":\"BreadcrumbList\",\"@id\":\"https:\/\/andersadlercreutz.fi\/blog\/blog-sv\/jag-vill-motverka-den-polarisering-som-korpak-blaser-liv-i\/#breadcrumb\",\"itemListElement\":[{\"@type\":\"ListItem\",\"position\":1,\"name\":\"Home\",\"item\":\"https:\/\/andersadlercreutz.fi\/blog\/blogg\/?lang=sv\"},{\"@type\":\"ListItem\",\"position\":2,\"name\":\"Jag vill motverka den polarisering som Korpak bl\u00e5ser liv i\"}]},{\"@type\":\"WebSite\",\"@id\":\"https:\/\/andersadlercreutz.fi\/blog\/#website\",\"url\":\"https:\/\/andersadlercreutz.fi\/blog\/\",\"name\":\"Anders Adlercreutz\",\"description\":\"Du. Jag. Vi. Kest&auml;v&auml;sti optimisti\",\"potentialAction\":[{\"@type\":\"SearchAction\",\"target\":{\"@type\":\"EntryPoint\",\"urlTemplate\":\"https:\/\/andersadlercreutz.fi\/blog\/?s={search_term_string}\"},\"query-input\":\"required name=search_term_string\"}],\"inLanguage\":\"sv-SE\"},{\"@type\":\"Person\",\"@id\":\"https:\/\/andersadlercreutz.fi\/blog\/#\/schema\/person\/47d4b72eded862b484f74bb4b3a2354f\",\"name\":\"Anders\",\"image\":{\"@type\":\"ImageObject\",\"inLanguage\":\"sv-SE\",\"@id\":\"https:\/\/andersadlercreutz.fi\/blog\/#\/schema\/person\/image\/\",\"url\":\"https:\/\/secure.gravatar.com\/avatar\/a144c9bda7a581ff6fabba169027e620?s=96&d=mm&r=g\",\"contentUrl\":\"https:\/\/secure.gravatar.com\/avatar\/a144c9bda7a581ff6fabba169027e620?s=96&d=mm&r=g\",\"caption\":\"Anders\"},\"url\":\"https:\/\/andersadlercreutz.fi\/blog\/author\/admin\/\"}]}<\/script>\n<!-- \/ Yoast SEO plugin. -->","yoast_head_json":{"title":"Jag vill motverka den polarisering som Korpak bl\u00e5ser liv i - Anders Adlercreutz","robots":{"index":"index","follow":"follow","max-snippet":"max-snippet:-1","max-image-preview":"max-image-preview:large","max-video-preview":"max-video-preview:-1"},"canonical":"https:\/\/andersadlercreutz.fi\/blog\/blog-sv\/jag-vill-motverka-den-polarisering-som-korpak-blaser-liv-i\/","og_locale":"sv_SE","og_type":"article","og_title":"Jag vill motverka den polarisering som Korpak bl\u00e5ser liv i - Anders Adlercreutz","og_description":"I en skickligt skriven kolumn ber\u00e4ttar Helen Korpak i HBL 4.2 vad hon tror att jag t\u00e4nker i min text \u201cOm att dra sitt str\u00e5 till stacken\u201d som HBL publicerade 29.1.2025. Samtidigt \u00e4r hennes analys b\u00e5de l\u00e5ngt ifr\u00e5n min verklighet och l\u00e5ngt ifr\u00e5n det jag skrev och \u00e5tminstone f\u00f6rs\u00f6kte formulera. Det k\u00e4nns os\u00f6kt som om [&hellip;]","og_url":"https:\/\/andersadlercreutz.fi\/blog\/blog-sv\/jag-vill-motverka-den-polarisering-som-korpak-blaser-liv-i\/","og_site_name":"Anders Adlercreutz","article_published_time":"2025-02-08T08:29:27+00:00","article_modified_time":"2025-02-08T08:39:34+00:00","og_image":[{"width":1333,"height":864,"url":"https:\/\/andersadlercreutz.fi\/blog\/wp-content\/uploads\/2025\/01\/781A5447_wp.png","type":"image\/png"}],"author":"Anders","twitter_card":"summary_large_image","twitter_misc":{"Skriven av":"Anders","Ber\u00e4knad l\u00e4stid":"4 minuter"},"schema":{"@context":"https:\/\/schema.org","@graph":[{"@type":"WebPage","@id":"https:\/\/andersadlercreutz.fi\/blog\/blog-sv\/jag-vill-motverka-den-polarisering-som-korpak-blaser-liv-i\/","url":"https:\/\/andersadlercreutz.fi\/blog\/blog-sv\/jag-vill-motverka-den-polarisering-som-korpak-blaser-liv-i\/","name":"Jag vill motverka den polarisering som Korpak bl\u00e5ser liv i - Anders Adlercreutz","isPartOf":{"@id":"https:\/\/andersadlercreutz.fi\/blog\/#website"},"datePublished":"2025-02-08T08:29:27+00:00","dateModified":"2025-02-08T08:39:34+00:00","author":{"@id":"https:\/\/andersadlercreutz.fi\/blog\/#\/schema\/person\/47d4b72eded862b484f74bb4b3a2354f"},"breadcrumb":{"@id":"https:\/\/andersadlercreutz.fi\/blog\/blog-sv\/jag-vill-motverka-den-polarisering-som-korpak-blaser-liv-i\/#breadcrumb"},"inLanguage":"sv-SE","potentialAction":[{"@type":"ReadAction","target":["https:\/\/andersadlercreutz.fi\/blog\/blog-sv\/jag-vill-motverka-den-polarisering-som-korpak-blaser-liv-i\/"]}]},{"@type":"BreadcrumbList","@id":"https:\/\/andersadlercreutz.fi\/blog\/blog-sv\/jag-vill-motverka-den-polarisering-som-korpak-blaser-liv-i\/#breadcrumb","itemListElement":[{"@type":"ListItem","position":1,"name":"Home","item":"https:\/\/andersadlercreutz.fi\/blog\/blogg\/?lang=sv"},{"@type":"ListItem","position":2,"name":"Jag vill motverka den polarisering som Korpak bl\u00e5ser liv i"}]},{"@type":"WebSite","@id":"https:\/\/andersadlercreutz.fi\/blog\/#website","url":"https:\/\/andersadlercreutz.fi\/blog\/","name":"Anders Adlercreutz","description":"Du. Jag. Vi. Kest&auml;v&auml;sti optimisti","potentialAction":[{"@type":"SearchAction","target":{"@type":"EntryPoint","urlTemplate":"https:\/\/andersadlercreutz.fi\/blog\/?s={search_term_string}"},"query-input":"required name=search_term_string"}],"inLanguage":"sv-SE"},{"@type":"Person","@id":"https:\/\/andersadlercreutz.fi\/blog\/#\/schema\/person\/47d4b72eded862b484f74bb4b3a2354f","name":"Anders","image":{"@type":"ImageObject","inLanguage":"sv-SE","@id":"https:\/\/andersadlercreutz.fi\/blog\/#\/schema\/person\/image\/","url":"https:\/\/secure.gravatar.com\/avatar\/a144c9bda7a581ff6fabba169027e620?s=96&d=mm&r=g","contentUrl":"https:\/\/secure.gravatar.com\/avatar\/a144c9bda7a581ff6fabba169027e620?s=96&d=mm&r=g","caption":"Anders"},"url":"https:\/\/andersadlercreutz.fi\/blog\/author\/admin\/"}]}},"jetpack_featured_media_url":"https:\/\/i0.wp.com\/andersadlercreutz.fi\/blog\/wp-content\/uploads\/2025\/01\/781A5447_wp.png?fit=1333%2C864&ssl=1","jetpack_shortlink":"https:\/\/wp.me\/p4T6Dh-2Ee","jetpack_sharing_enabled":true,"_links":{"self":[{"href":"https:\/\/andersadlercreutz.fi\/blog\/wp-json\/wp\/v2\/posts\/10182"}],"collection":[{"href":"https:\/\/andersadlercreutz.fi\/blog\/wp-json\/wp\/v2\/posts"}],"about":[{"href":"https:\/\/andersadlercreutz.fi\/blog\/wp-json\/wp\/v2\/types\/post"}],"author":[{"embeddable":true,"href":"https:\/\/andersadlercreutz.fi\/blog\/wp-json\/wp\/v2\/users\/1"}],"replies":[{"embeddable":true,"href":"https:\/\/andersadlercreutz.fi\/blog\/wp-json\/wp\/v2\/comments?post=10182"}],"version-history":[{"count":2,"href":"https:\/\/andersadlercreutz.fi\/blog\/wp-json\/wp\/v2\/posts\/10182\/revisions"}],"predecessor-version":[{"id":10184,"href":"https:\/\/andersadlercreutz.fi\/blog\/wp-json\/wp\/v2\/posts\/10182\/revisions\/10184"}],"wp:featuredmedia":[{"embeddable":true,"href":"https:\/\/andersadlercreutz.fi\/blog\/wp-json\/wp\/v2\/media\/10132"}],"wp:attachment":[{"href":"https:\/\/andersadlercreutz.fi\/blog\/wp-json\/wp\/v2\/media?parent=10182"}],"wp:term":[{"taxonomy":"category","embeddable":true,"href":"https:\/\/andersadlercreutz.fi\/blog\/wp-json\/wp\/v2\/categories?post=10182"},{"taxonomy":"post_tag","embeddable":true,"href":"https:\/\/andersadlercreutz.fi\/blog\/wp-json\/wp\/v2\/tags?post=10182"}],"curies":[{"name":"wp","href":"https:\/\/api.w.org\/{rel}","templated":true}]}}