{"id":10216,"date":"2025-03-23T09:32:53","date_gmt":"2025-03-23T07:32:53","guid":{"rendered":"https:\/\/andersadlercreutz.fi\/blog\/?p=10216"},"modified":"2025-04-10T12:27:27","modified_gmt":"2025-04-10T09:27:27","slug":"kommunen-ska-nu-fokusera-pa-livskraft-och-bildning","status":"publish","type":"post","link":"https:\/\/andersadlercreutz.fi\/blog\/blogg\/kommunen-ska-nu-fokusera-pa-livskraft-och-bildning\/","title":{"rendered":"Kommunen ska nu fokusera p\u00e5 livskraft och bildning\u00a0"},"content":{"rendered":"<p><span style=\"font-weight: 400;\">N\u00e4r vi gick till val f\u00f6r fyra \u00e5r sedan s\u00e5g kommunerna annorlunda ut. Visst, vi visste att social- och h\u00e4lsov\u00e5rdsreformen var p\u00e5 kommande. Men den stora f\u00f6r\u00e4ndringen var inte \u00e4nnu verklighet.\u00a0<\/span><\/p>\n<p><span style=\"font-weight: 400;\">Idag \u00e4r vi i en annan situation. V\u00e5rden \u00e5kte iv\u00e4g till v\u00e4lf\u00e4rdsomr\u00e5det\u00a0 och kommunerna blev kvar med tv\u00e5 prim\u00e4ra byggstenar: livskraft och bildning.\u00a0<\/span><\/p>\n<p><span style=\"font-weight: 400;\">Inom b\u00e5da dessa sektorer st\u00e5r Kyrksl\u00e4tt mitt i en stor f\u00f6r\u00e4ndring. Vi har stora industrietableringar p\u00e5 g\u00e5ng och det planeras stort b\u00e5de i kommunens centrum och l\u00e4ngre bort i till exempel Kantvik.\u00a0<\/span><\/p>\n<p><span style=\"font-weight: 400;\">Som arkitekt ser jag att vi h\u00e4r har fantastiska m\u00f6jligheter till att skapa enast\u00e5ende milj\u00f6er. Men jag \u00e5terkommer till det i en annan skrivelse. I denna text vill jag fokusera p\u00e5 skolans roll f\u00f6r livskraften. F\u00f6r kopplingen mellan dessa tv\u00e5 \u2013 livskraft och bildning \u2013 \u00e4r uppenbar.\u00a0<\/span><\/p>\n<p><span style=\"font-weight: 400;\">N\u00e4r jag i min roll som undervisningsminister bes\u00f6ker skolor eller talar med f\u00f6retagare runt om i landet, h\u00f6r jag samma budskap om och om igen: utbildning och n\u00e4ringsliv beh\u00f6ver varandra. Att utveckla dem sida vid sida, som en integrerad helhet, \u00e4r en av v\u00e5ra viktigaste uppgifter.<\/span><\/p>\n<p><span style=\"font-weight: 400;\">Livskraft uppst\u00e5r inte ur tomma intet. Kommunernas beslut avg\u00f6r om f\u00f6retag har verkliga m\u00f6jligheter att v\u00e4xa och utvecklas. Det \u00e4r kommunens ansvar att s\u00e4kerst\u00e4lla att f\u00f6retag hittar kompetent arbetskraft, att infrastrukturen fungerar och att tillst\u00e5ndsprocesser l\u00f6per smidigt utan on\u00f6dig byr\u00e5krati. Utan kloka beslut f\u00f6rsvinner jobben och tj\u00e4nsterna tynar bort.<\/span><\/p>\n<p><span style=\"font-weight: 400;\">Det \u00e4r l\u00e4tt att s\u00e4ga att skatteh\u00f6jningar kan trygga v\u00e4lf\u00e4rden. Men i verkligheten \u00e4r det arbete och f\u00f6retagande som skapar en h\u00e5llbar framtid. Det \u00e4r just d\u00e4rf\u00f6r jag l\u00e4gger s\u00e5 mycket tid p\u00e5 att se till att utbildningen i framtiden \u00e4nnu b\u00e4ttre motsvarar arbetslivets behov.<\/span><\/p>\n<p><span style=\"font-weight: 400;\">N\u00e4r jag tilltr\u00e4dde som undervisningsminister var det klart att vi m\u00e5ste korrigera kursen inom utbildningen. Finland ligger inte l\u00e4ngre i v\u00e4rldstoppen i PISA-unders\u00f6kningarna. De sjunkande inl\u00e4rningsresultaten \u00e4r ett obestridligt faktum \u2013 men det \u00e4r inte en oundviklig utveckling. Vi kan p\u00e5verka situationen. D\u00e4rf\u00f6r har vi under denna regeringsperiod beslutat att g\u00f6ra historiska investeringar i grundskolan. Dessa satsningar kommer att synas i varje kommun i Finland.<\/span><\/p>\n<blockquote><p><span style=\"font-weight: 400;\">Vad g\u00f6r vi d\u00e5 med denna till\u00e4ggssatsning p\u00e5 200 miljoner euro? Vi st\u00e4rker grunden.\u00a0<\/span><\/p><\/blockquote>\n<p><span style=\"font-weight: 400;\">Vi f\u00e5r inte inbilla oss att baskunskaper som l\u00e4sning, skrivning och r\u00e4kning \u00e4r sj\u00e4lvklarheter. Redan idag ser vi klart att alla unga inte besitter tillr\u00e4ckliga grundl\u00e4ggande f\u00e4rdigheter f\u00f6r att klara sig i andra stadiets utbildning eller i arbetslivet. Ett konkret steg f\u00f6r att m\u00f6ta denna utmaning \u00e4r att vi inf\u00f6r tre extra \u00e5rsveckotimmar i dessa \u00e4mnen i de l\u00e4ngre klasserna. I h\u00f6st kommer allts\u00e5 eleverna i varje skola i Finland att f\u00e5 en starkare grund att st\u00e5 p\u00e5 \u00e4n f\u00f6r ett \u00e5r sedan.<\/span><\/p>\n<p><span style=\"font-weight: 400;\">Jag har m\u00f6tt elever f\u00f6r vilka l\u00e4sning \u00e4r en daglig kamp. Jag har m\u00f6tt f\u00f6r\u00e4ldrar som oroar sig f\u00f6r sina barns framtid. Att minska klyftorna i inl\u00e4rning \u00e4r d\u00e4rf\u00f6r en av mina viktigaste prioriteringar.<\/span><\/p>\n<p><span style=\"font-weight: 400;\">Den finl\u00e4ndska skolans filosofi har alltid varit att varje barn och ungdom ska ha j\u00e4mlika m\u00f6jligheter att lyckas i livet. Vi h\u00e5ller fast vid den principen ocks\u00e5 genom dessa investeringar. Regeringen har bef\u00e4st j\u00e4mst\u00e4lldhetsfinansieringens niv\u00e5 till 50 miljoner euro per \u00e5r f\u00f6r att s\u00e4kerst\u00e4lla att alla barn \u2013 oavsett bakgrund \u2013 f\u00e5r en r\u00e4ttvis start i skolan.<\/span><\/p>\n<p><span style=\"font-weight: 400;\">Jag vet att utbildning inte l\u00f6ser allt. Men en utbildning av h\u00f6g kvalitet \u00e4r den viktigaste grundbulten i kommunens livskraft. Arbetslivet f\u00f6r\u00e4ndras, och kommunerna har en central roll i att ge unga de f\u00e4rdigheter de beh\u00f6ver f\u00f6r att klara sig i denna f\u00f6r\u00e4nderliga v\u00e4rld. Vi st\u00e4rker grundskolan och g\u00f6r yrkesutbildningen mer flexibel och arbetslivsanpassad \u2013 utan att kompromissa med kvaliteten.<\/span><\/p>\n<p><span style=\"font-weight: 400;\">En livskraftig kommun uppst\u00e5r inte av en slump. Den skapas genom en serie kloka beslut. Den byggs upp genom l\u00e5ngsiktigt och systematiskt arbete. D\u00e4rf\u00f6r \u00e4r det ett tungt ansvar som vilar p\u00e5 dem som v\u00e4ljs i det kommande kommunalvalet.\u00a0<\/span><\/p>\n<p><span style=\"font-weight: 400;\">Och speciellt viktigt \u00e4r det, att det kommande fullm\u00e4ktiget tar vara p\u00e5 de m\u00f6jligheter som nu ges: att vi implementerar de extra \u00e5rsveckotimmarna fullt ut, att vi kanaliserar pengarna f\u00f6r st\u00f6det i l\u00e4randet till skolorna och att vi tillsamman med eleverna f\u00f6r diskussioner kring anv\u00e4ndningen av mobiltelefoner i skolorna. N\u00e4sta h\u00f6st f\u00f6rsvinner de fr\u00e5n lektionerna, men om deras anv\u00e4ndning under rasterna fattar man beslut tillsammans, i skolan.\u00a0<\/span><\/p>\n<p><span style=\"font-weight: 400;\">N\u00e4sta period \u00e4r viktig f\u00f6r Kyrksl\u00e4tts livskraft. Och d\u00e4rf\u00f6r \u00e4r det s\u00e5 viktigt att din r\u00f6st h\u00f6rs.\u00a0<\/span><\/p>\n<p><span style=\"font-weight: 400;\">Det \u00e4r i kommunerna som Finlands framtid avg\u00f6rs.<\/span><\/p>\n<p>&nbsp;<\/p>\n<p><span style=\"font-weight: 400;\">Anders Adlercreutz\u00a0<\/span><\/p>\n<p><span style=\"font-weight: 400;\">Undervisningsminister, partiordf\u00f6rande SFP<\/span><\/p>\n<p><br style=\"font-weight: 400;\" \/><br style=\"font-weight: 400;\" \/><\/p>\n","protected":false},"excerpt":{"rendered":"<p>N\u00e4r vi gick till val f\u00f6r fyra \u00e5r sedan s\u00e5g kommunerna annorlunda ut. Visst, vi visste att social- och h\u00e4lsov\u00e5rdsreformen var p\u00e5 kommande. Men den stora f\u00f6r\u00e4ndringen var inte \u00e4nnu verklighet.\u00a0 Idag \u00e4r vi i en annan situation. V\u00e5rden \u00e5kte iv\u00e4g till v\u00e4lf\u00e4rdsomr\u00e5det\u00a0 och kommunerna blev kvar med tv\u00e5 prim\u00e4ra byggstenar: livskraft och bildning.\u00a0 Inom [&hellip;]<\/p>\n","protected":false},"author":1,"featured_media":10224,"comment_status":"open","ping_status":"open","sticky":false,"template":"","format":"standard","meta":{"jetpack_post_was_ever_published":false,"_jetpack_newsletter_access":"","jetpack_publicize_message":"","jetpack_is_tweetstorm":false,"jetpack_publicize_feature_enabled":true,"jetpack_social_post_already_shared":true,"jetpack_social_options":{"image_generator_settings":{"template":"highway","enabled":false}}},"categories":[46,45,31,106,42,131,105,73,35,63,41,123],"tags":[],"jetpack_publicize_connections":[],"yoast_head":"<!-- This site is optimized with the Yoast SEO plugin v20.12 - https:\/\/yoast.com\/wordpress\/plugins\/seo\/ -->\n<title>Kommunen ska nu fokusera p\u00e5 livskraft och bildning\u00a0 - Anders Adlercreutz<\/title>\n<meta name=\"robots\" content=\"index, follow, max-snippet:-1, max-image-preview:large, max-video-preview:-1\" \/>\n<link rel=\"canonical\" href=\"https:\/\/andersadlercreutz.fi\/blog\/blogg\/kommunen-ska-nu-fokusera-pa-livskraft-och-bildning\/\" \/>\n<meta property=\"og:locale\" content=\"sv_SE\" \/>\n<meta property=\"og:type\" content=\"article\" \/>\n<meta property=\"og:title\" content=\"Kommunen ska nu fokusera p\u00e5 livskraft och bildning\u00a0 - Anders Adlercreutz\" \/>\n<meta property=\"og:description\" content=\"N\u00e4r vi gick till val f\u00f6r fyra \u00e5r sedan s\u00e5g kommunerna annorlunda ut. Visst, vi visste att social- och h\u00e4lsov\u00e5rdsreformen var p\u00e5 kommande. Men den stora f\u00f6r\u00e4ndringen var inte \u00e4nnu verklighet.\u00a0 Idag \u00e4r vi i en annan situation. V\u00e5rden \u00e5kte iv\u00e4g till v\u00e4lf\u00e4rdsomr\u00e5det\u00a0 och kommunerna blev kvar med tv\u00e5 prim\u00e4ra byggstenar: livskraft och bildning.\u00a0 Inom [&hellip;]\" \/>\n<meta property=\"og:url\" content=\"https:\/\/andersadlercreutz.fi\/blog\/blogg\/kommunen-ska-nu-fokusera-pa-livskraft-och-bildning\/\" \/>\n<meta property=\"og:site_name\" content=\"Anders Adlercreutz\" \/>\n<meta property=\"article:published_time\" content=\"2025-03-23T07:32:53+00:00\" \/>\n<meta property=\"article:modified_time\" content=\"2025-04-10T09:27:27+00:00\" \/>\n<meta property=\"og:image\" content=\"https:\/\/andersadlercreutz.fi\/blog\/wp-content\/uploads\/2025\/03\/781A1919-copy_blogg-1030x549.png\" \/>\n\t<meta property=\"og:image:width\" content=\"1030\" \/>\n\t<meta property=\"og:image:height\" content=\"549\" \/>\n\t<meta property=\"og:image:type\" content=\"image\/png\" \/>\n<meta name=\"author\" content=\"Anders\" \/>\n<meta name=\"twitter:card\" content=\"summary_large_image\" \/>\n<meta name=\"twitter:label1\" content=\"Skriven av\" \/>\n\t<meta name=\"twitter:data1\" content=\"Anders\" \/>\n\t<meta name=\"twitter:label2\" content=\"Ber\u00e4knad l\u00e4stid\" \/>\n\t<meta name=\"twitter:data2\" content=\"4 minuter\" \/>\n<script type=\"application\/ld+json\" class=\"yoast-schema-graph\">{\"@context\":\"https:\/\/schema.org\",\"@graph\":[{\"@type\":\"WebPage\",\"@id\":\"https:\/\/andersadlercreutz.fi\/blog\/blogg\/kommunen-ska-nu-fokusera-pa-livskraft-och-bildning\/\",\"url\":\"https:\/\/andersadlercreutz.fi\/blog\/blogg\/kommunen-ska-nu-fokusera-pa-livskraft-och-bildning\/\",\"name\":\"Kommunen ska nu fokusera p\u00e5 livskraft och bildning\u00a0 - Anders Adlercreutz\",\"isPartOf\":{\"@id\":\"https:\/\/andersadlercreutz.fi\/blog\/#website\"},\"datePublished\":\"2025-03-23T07:32:53+00:00\",\"dateModified\":\"2025-04-10T09:27:27+00:00\",\"author\":{\"@id\":\"https:\/\/andersadlercreutz.fi\/blog\/#\/schema\/person\/47d4b72eded862b484f74bb4b3a2354f\"},\"breadcrumb\":{\"@id\":\"https:\/\/andersadlercreutz.fi\/blog\/blogg\/kommunen-ska-nu-fokusera-pa-livskraft-och-bildning\/#breadcrumb\"},\"inLanguage\":\"sv-SE\",\"potentialAction\":[{\"@type\":\"ReadAction\",\"target\":[\"https:\/\/andersadlercreutz.fi\/blog\/blogg\/kommunen-ska-nu-fokusera-pa-livskraft-och-bildning\/\"]}]},{\"@type\":\"BreadcrumbList\",\"@id\":\"https:\/\/andersadlercreutz.fi\/blog\/blogg\/kommunen-ska-nu-fokusera-pa-livskraft-och-bildning\/#breadcrumb\",\"itemListElement\":[{\"@type\":\"ListItem\",\"position\":1,\"name\":\"Home\",\"item\":\"https:\/\/andersadlercreutz.fi\/blog\/blogg\/?lang=sv\"},{\"@type\":\"ListItem\",\"position\":2,\"name\":\"Kommunen ska nu fokusera p\u00e5 livskraft och bildning\u00a0\"}]},{\"@type\":\"WebSite\",\"@id\":\"https:\/\/andersadlercreutz.fi\/blog\/#website\",\"url\":\"https:\/\/andersadlercreutz.fi\/blog\/\",\"name\":\"Anders Adlercreutz\",\"description\":\"Du. Jag. Vi. Kest&auml;v&auml;sti optimisti\",\"potentialAction\":[{\"@type\":\"SearchAction\",\"target\":{\"@type\":\"EntryPoint\",\"urlTemplate\":\"https:\/\/andersadlercreutz.fi\/blog\/?s={search_term_string}\"},\"query-input\":\"required name=search_term_string\"}],\"inLanguage\":\"sv-SE\"},{\"@type\":\"Person\",\"@id\":\"https:\/\/andersadlercreutz.fi\/blog\/#\/schema\/person\/47d4b72eded862b484f74bb4b3a2354f\",\"name\":\"Anders\",\"image\":{\"@type\":\"ImageObject\",\"inLanguage\":\"sv-SE\",\"@id\":\"https:\/\/andersadlercreutz.fi\/blog\/#\/schema\/person\/image\/\",\"url\":\"https:\/\/secure.gravatar.com\/avatar\/a144c9bda7a581ff6fabba169027e620?s=96&d=mm&r=g\",\"contentUrl\":\"https:\/\/secure.gravatar.com\/avatar\/a144c9bda7a581ff6fabba169027e620?s=96&d=mm&r=g\",\"caption\":\"Anders\"},\"url\":\"https:\/\/andersadlercreutz.fi\/blog\/author\/admin\/\"}]}<\/script>\n<!-- \/ Yoast SEO plugin. -->","yoast_head_json":{"title":"Kommunen ska nu fokusera p\u00e5 livskraft och bildning\u00a0 - Anders Adlercreutz","robots":{"index":"index","follow":"follow","max-snippet":"max-snippet:-1","max-image-preview":"max-image-preview:large","max-video-preview":"max-video-preview:-1"},"canonical":"https:\/\/andersadlercreutz.fi\/blog\/blogg\/kommunen-ska-nu-fokusera-pa-livskraft-och-bildning\/","og_locale":"sv_SE","og_type":"article","og_title":"Kommunen ska nu fokusera p\u00e5 livskraft och bildning\u00a0 - Anders Adlercreutz","og_description":"N\u00e4r vi gick till val f\u00f6r fyra \u00e5r sedan s\u00e5g kommunerna annorlunda ut. Visst, vi visste att social- och h\u00e4lsov\u00e5rdsreformen var p\u00e5 kommande. Men den stora f\u00f6r\u00e4ndringen var inte \u00e4nnu verklighet.\u00a0 Idag \u00e4r vi i en annan situation. V\u00e5rden \u00e5kte iv\u00e4g till v\u00e4lf\u00e4rdsomr\u00e5det\u00a0 och kommunerna blev kvar med tv\u00e5 prim\u00e4ra byggstenar: livskraft och bildning.\u00a0 Inom [&hellip;]","og_url":"https:\/\/andersadlercreutz.fi\/blog\/blogg\/kommunen-ska-nu-fokusera-pa-livskraft-och-bildning\/","og_site_name":"Anders Adlercreutz","article_published_time":"2025-03-23T07:32:53+00:00","article_modified_time":"2025-04-10T09:27:27+00:00","og_image":[{"width":1030,"height":549,"url":"https:\/\/andersadlercreutz.fi\/blog\/wp-content\/uploads\/2025\/03\/781A1919-copy_blogg-1030x549.png","type":"image\/png"}],"author":"Anders","twitter_card":"summary_large_image","twitter_misc":{"Skriven av":"Anders","Ber\u00e4knad l\u00e4stid":"4 minuter"},"schema":{"@context":"https:\/\/schema.org","@graph":[{"@type":"WebPage","@id":"https:\/\/andersadlercreutz.fi\/blog\/blogg\/kommunen-ska-nu-fokusera-pa-livskraft-och-bildning\/","url":"https:\/\/andersadlercreutz.fi\/blog\/blogg\/kommunen-ska-nu-fokusera-pa-livskraft-och-bildning\/","name":"Kommunen ska nu fokusera p\u00e5 livskraft och bildning\u00a0 - Anders Adlercreutz","isPartOf":{"@id":"https:\/\/andersadlercreutz.fi\/blog\/#website"},"datePublished":"2025-03-23T07:32:53+00:00","dateModified":"2025-04-10T09:27:27+00:00","author":{"@id":"https:\/\/andersadlercreutz.fi\/blog\/#\/schema\/person\/47d4b72eded862b484f74bb4b3a2354f"},"breadcrumb":{"@id":"https:\/\/andersadlercreutz.fi\/blog\/blogg\/kommunen-ska-nu-fokusera-pa-livskraft-och-bildning\/#breadcrumb"},"inLanguage":"sv-SE","potentialAction":[{"@type":"ReadAction","target":["https:\/\/andersadlercreutz.fi\/blog\/blogg\/kommunen-ska-nu-fokusera-pa-livskraft-och-bildning\/"]}]},{"@type":"BreadcrumbList","@id":"https:\/\/andersadlercreutz.fi\/blog\/blogg\/kommunen-ska-nu-fokusera-pa-livskraft-och-bildning\/#breadcrumb","itemListElement":[{"@type":"ListItem","position":1,"name":"Home","item":"https:\/\/andersadlercreutz.fi\/blog\/blogg\/?lang=sv"},{"@type":"ListItem","position":2,"name":"Kommunen ska nu fokusera p\u00e5 livskraft och bildning\u00a0"}]},{"@type":"WebSite","@id":"https:\/\/andersadlercreutz.fi\/blog\/#website","url":"https:\/\/andersadlercreutz.fi\/blog\/","name":"Anders Adlercreutz","description":"Du. Jag. Vi. Kest&auml;v&auml;sti optimisti","potentialAction":[{"@type":"SearchAction","target":{"@type":"EntryPoint","urlTemplate":"https:\/\/andersadlercreutz.fi\/blog\/?s={search_term_string}"},"query-input":"required name=search_term_string"}],"inLanguage":"sv-SE"},{"@type":"Person","@id":"https:\/\/andersadlercreutz.fi\/blog\/#\/schema\/person\/47d4b72eded862b484f74bb4b3a2354f","name":"Anders","image":{"@type":"ImageObject","inLanguage":"sv-SE","@id":"https:\/\/andersadlercreutz.fi\/blog\/#\/schema\/person\/image\/","url":"https:\/\/secure.gravatar.com\/avatar\/a144c9bda7a581ff6fabba169027e620?s=96&d=mm&r=g","contentUrl":"https:\/\/secure.gravatar.com\/avatar\/a144c9bda7a581ff6fabba169027e620?s=96&d=mm&r=g","caption":"Anders"},"url":"https:\/\/andersadlercreutz.fi\/blog\/author\/admin\/"}]}},"jetpack_featured_media_url":"https:\/\/i0.wp.com\/andersadlercreutz.fi\/blog\/wp-content\/uploads\/2025\/03\/781A1919-copy_blogg.png?fit=3240%2C1728&ssl=1","jetpack_shortlink":"https:\/\/wp.me\/p4T6Dh-2EM","jetpack_sharing_enabled":true,"_links":{"self":[{"href":"https:\/\/andersadlercreutz.fi\/blog\/wp-json\/wp\/v2\/posts\/10216"}],"collection":[{"href":"https:\/\/andersadlercreutz.fi\/blog\/wp-json\/wp\/v2\/posts"}],"about":[{"href":"https:\/\/andersadlercreutz.fi\/blog\/wp-json\/wp\/v2\/types\/post"}],"author":[{"embeddable":true,"href":"https:\/\/andersadlercreutz.fi\/blog\/wp-json\/wp\/v2\/users\/1"}],"replies":[{"embeddable":true,"href":"https:\/\/andersadlercreutz.fi\/blog\/wp-json\/wp\/v2\/comments?post=10216"}],"version-history":[{"count":2,"href":"https:\/\/andersadlercreutz.fi\/blog\/wp-json\/wp\/v2\/posts\/10216\/revisions"}],"predecessor-version":[{"id":10358,"href":"https:\/\/andersadlercreutz.fi\/blog\/wp-json\/wp\/v2\/posts\/10216\/revisions\/10358"}],"wp:featuredmedia":[{"embeddable":true,"href":"https:\/\/andersadlercreutz.fi\/blog\/wp-json\/wp\/v2\/media\/10224"}],"wp:attachment":[{"href":"https:\/\/andersadlercreutz.fi\/blog\/wp-json\/wp\/v2\/media?parent=10216"}],"wp:term":[{"taxonomy":"category","embeddable":true,"href":"https:\/\/andersadlercreutz.fi\/blog\/wp-json\/wp\/v2\/categories?post=10216"},{"taxonomy":"post_tag","embeddable":true,"href":"https:\/\/andersadlercreutz.fi\/blog\/wp-json\/wp\/v2\/tags?post=10216"}],"curies":[{"name":"wp","href":"https:\/\/api.w.org\/{rel}","templated":true}]}}