{"id":10255,"date":"2025-03-20T11:53:00","date_gmt":"2025-03-20T09:53:00","guid":{"rendered":"https:\/\/andersadlercreutz.fi\/blog\/?p=10255"},"modified":"2025-03-24T11:58:45","modified_gmt":"2025-03-24T09:58:45","slug":"adlercreutz-osallistui-ukrainan-presidentin-puoliso-olena-zelenskan-kouluvierailuun-kirkkonummella","status":"publish","type":"post","link":"https:\/\/andersadlercreutz.fi\/blog\/1koulutus\/adlercreutz-osallistui-ukrainan-presidentin-puoliso-olena-zelenskan-kouluvierailuun-kirkkonummella\/?lang=fi","title":{"rendered":"Adlercreutz osallistui Ukrainan presidentin puoliso Olena Zelenskan kouluvierailuun Kirkkonummella"},"content":{"rendered":"<div class=\"excerpt\">\n<p>Ukrainan presidenttipari Volodymyr Zelenskyi ja Olena Zelenska vierailivat Suomessa keskiviikkona 19. maaliskuuta 2025. RKP:n puheenjohtaja, opetusministeri Anders Adlercreutz osallistui rouva Olena Zelenskan ja rouva Suzanne Innes-Stubbin vierailuun Jokirinteen koulussa Kirkkonummella.<\/p>\n<\/div>\n<div class=\"resizable\">\n<p>\u2013 Oli hienoa saada toivottaa rouva Zelenska ja rouva Innes-Stubb tervetulleiksi Kirkkonummelle ja Jokirinteen kouluun ja kertoa heille suomalaisesta kouluj\u00e4rjestelm\u00e4st\u00e4 \u2013 koulujemme arjesta, oppilashuollosta sek\u00e4 lasten ja nuorten hyvinvoinnista, kouluruokailusta ja v\u00e4est\u00f6nsuojista sek\u00e4 niihin liittyvist\u00e4 j\u00e4rjestelyist\u00e4, Adlercreutz sanoo.<\/p>\n<p>\u2013 Globaalissa vertailussa Suomen panostusta kouluruokailuun voidaan pit\u00e4\u00e4 erityisen\u00e4. My\u00f6s se, ett\u00e4 meill\u00e4 on v\u00e4est\u00f6nsuojia kouluissamme, on ainutlaatuista ja tietysti Ukrainan kannalta valitettavan ajankohtainen aihe, Adlercreutz sanoo.<\/p>\n<p>Rouva Olena Zelenska toimii Ukrainan kouluruokareformin suojelijana, kun Ukrainan kouluj\u00e4rjestelm\u00e4\u00e4 parhaillaan uudistetaan. Suomi tukee Ukrainaa aktiivisesti uudistuksissa ja kehitysty\u00f6ss\u00e4.<\/p>\n<p>\u2013 Suomen koulutusj\u00e4rjestelm\u00e4 on maailmanlaajuisesti tunnustettu menestystekij\u00e4 ja keskeinen syy siihen, miksi suomalainen yhteiskunta toimii niin hyvin. Koulutussektori on yksi Suomen painopistealueista Ukrainalle annettavassa kehitysavussa. Olen iloinen siit\u00e4, ett\u00e4 voimme jakaa osaamistamme ja auttaa Ukrainaa sek\u00e4 meneill\u00e4\u00e4n olevan hy\u00f6kk\u00e4yssodan aikana ett\u00e4 sitten, kun sota jonain p\u00e4iv\u00e4n\u00e4 p\u00e4\u00e4ttyy, Adlercreutz sanoo.<\/p>\n<p>&nbsp;<\/p>\n<p>Kuva:Valtioneuvosto<\/p>\n<\/div>\n","protected":false},"excerpt":{"rendered":"<p>Ukrainan presidenttipari Volodymyr Zelenskyi ja Olena Zelenska vierailivat Suomessa keskiviikkona 19. maaliskuuta 2025. RKP:n puheenjohtaja, opetusministeri Anders Adlercreutz osallistui rouva Olena Zelenskan ja rouva Suzanne Innes-Stubbin vierailuun Jokirinteen koulussa Kirkkonummella. \u2013 Oli hienoa saada toivottaa rouva Zelenska ja rouva Innes-Stubb tervetulleiksi Kirkkonummelle ja Jokirinteen kouluun ja kertoa heille suomalaisesta kouluj\u00e4rjestelm\u00e4st\u00e4 \u2013 koulujemme arjesta, oppilashuollosta sek\u00e4 [&hellip;]<\/p>\n","protected":false},"author":1,"featured_media":10252,"comment_status":"open","ping_status":"open","sticky":false,"template":"","format":"standard","meta":{"jetpack_post_was_ever_published":false,"_jetpack_newsletter_access":"","jetpack_publicize_message":"","jetpack_is_tweetstorm":false,"jetpack_publicize_feature_enabled":true,"jetpack_social_post_already_shared":true,"jetpack_social_options":{"image_generator_settings":{"template":"highway","enabled":false}}},"categories":[21,18,3,164],"tags":[],"jetpack_publicize_connections":[],"yoast_head":"<!-- This site is optimized with the Yoast SEO plugin v20.12 - https:\/\/yoast.com\/wordpress\/plugins\/seo\/ -->\n<title>Adlercreutz osallistui Ukrainan presidentin puoliso Olena Zelenskan kouluvierailuun Kirkkonummella - Anders Adlercreutz<\/title>\n<meta name=\"robots\" content=\"index, follow, max-snippet:-1, max-image-preview:large, max-video-preview:-1\" \/>\n<link rel=\"canonical\" href=\"https:\/\/andersadlercreutz.fi\/blog\/1koulutus\/adlercreutz-osallistui-ukrainan-presidentin-puoliso-olena-zelenskan-kouluvierailuun-kirkkonummella\/\" \/>\n<meta property=\"og:locale\" content=\"sv_SE\" \/>\n<meta property=\"og:type\" content=\"article\" \/>\n<meta property=\"og:title\" content=\"Adlercreutz osallistui Ukrainan presidentin puoliso Olena Zelenskan kouluvierailuun Kirkkonummella - Anders Adlercreutz\" \/>\n<meta property=\"og:description\" content=\"Ukrainan presidenttipari Volodymyr Zelenskyi ja Olena Zelenska vierailivat Suomessa keskiviikkona 19. maaliskuuta 2025. RKP:n puheenjohtaja, opetusministeri Anders Adlercreutz osallistui rouva Olena Zelenskan ja rouva Suzanne Innes-Stubbin vierailuun Jokirinteen koulussa Kirkkonummella. \u2013 Oli hienoa saada toivottaa rouva Zelenska ja rouva Innes-Stubb tervetulleiksi Kirkkonummelle ja Jokirinteen kouluun ja kertoa heille suomalaisesta kouluj\u00e4rjestelm\u00e4st\u00e4 \u2013 koulujemme arjesta, oppilashuollosta sek\u00e4 [&hellip;]\" \/>\n<meta property=\"og:url\" content=\"https:\/\/andersadlercreutz.fi\/blog\/1koulutus\/adlercreutz-osallistui-ukrainan-presidentin-puoliso-olena-zelenskan-kouluvierailuun-kirkkonummella\/?lang=fi\" \/>\n<meta property=\"og:site_name\" content=\"Anders Adlercreutz\" \/>\n<meta property=\"article:published_time\" content=\"2025-03-20T09:53:00+00:00\" \/>\n<meta property=\"article:modified_time\" content=\"2025-03-24T09:58:45+00:00\" \/>\n<meta property=\"og:image\" content=\"https:\/\/andersadlercreutz.fi\/blog\/wp-content\/uploads\/2025\/03\/Andersbild-e1742810091896.jpg\" \/>\n\t<meta property=\"og:image:width\" content=\"1152\" \/>\n\t<meta property=\"og:image:height\" content=\"558\" \/>\n\t<meta property=\"og:image:type\" content=\"image\/jpeg\" \/>\n<meta name=\"author\" content=\"Anders\" \/>\n<meta name=\"twitter:card\" content=\"summary_large_image\" \/>\n<meta name=\"twitter:label1\" content=\"Skriven av\" \/>\n\t<meta name=\"twitter:data1\" content=\"Anders\" \/>\n\t<meta name=\"twitter:label2\" content=\"Ber\u00e4knad l\u00e4stid\" \/>\n\t<meta name=\"twitter:data2\" content=\"1 minut\" \/>\n<script type=\"application\/ld+json\" class=\"yoast-schema-graph\">{\"@context\":\"https:\/\/schema.org\",\"@graph\":[{\"@type\":\"WebPage\",\"@id\":\"https:\/\/andersadlercreutz.fi\/blog\/1koulutus\/adlercreutz-osallistui-ukrainan-presidentin-puoliso-olena-zelenskan-kouluvierailuun-kirkkonummella\/?lang=fi\",\"url\":\"https:\/\/andersadlercreutz.fi\/blog\/1koulutus\/adlercreutz-osallistui-ukrainan-presidentin-puoliso-olena-zelenskan-kouluvierailuun-kirkkonummella\/?lang=fi\",\"name\":\"Adlercreutz osallistui Ukrainan presidentin puoliso Olena Zelenskan kouluvierailuun Kirkkonummella - Anders Adlercreutz\",\"isPartOf\":{\"@id\":\"https:\/\/andersadlercreutz.fi\/blog\/#website\"},\"datePublished\":\"2025-03-20T09:53:00+00:00\",\"dateModified\":\"2025-03-24T09:58:45+00:00\",\"author\":{\"@id\":\"https:\/\/andersadlercreutz.fi\/blog\/#\/schema\/person\/47d4b72eded862b484f74bb4b3a2354f\"},\"breadcrumb\":{\"@id\":\"https:\/\/andersadlercreutz.fi\/blog\/1koulutus\/adlercreutz-osallistui-ukrainan-presidentin-puoliso-olena-zelenskan-kouluvierailuun-kirkkonummella\/?lang=fi#breadcrumb\"},\"inLanguage\":\"sv-SE\",\"potentialAction\":[{\"@type\":\"ReadAction\",\"target\":[\"https:\/\/andersadlercreutz.fi\/blog\/1koulutus\/adlercreutz-osallistui-ukrainan-presidentin-puoliso-olena-zelenskan-kouluvierailuun-kirkkonummella\/?lang=fi\"]}]},{\"@type\":\"BreadcrumbList\",\"@id\":\"https:\/\/andersadlercreutz.fi\/blog\/1koulutus\/adlercreutz-osallistui-ukrainan-presidentin-puoliso-olena-zelenskan-kouluvierailuun-kirkkonummella\/?lang=fi#breadcrumb\",\"itemListElement\":[{\"@type\":\"ListItem\",\"position\":1,\"name\":\"Home\",\"item\":\"https:\/\/andersadlercreutz.fi\/blog\/blogg\/?lang=sv\"},{\"@type\":\"ListItem\",\"position\":2,\"name\":\"Adlercreutz osallistui Ukrainan presidentin puoliso Olena Zelenskan kouluvierailuun Kirkkonummella\"}]},{\"@type\":\"WebSite\",\"@id\":\"https:\/\/andersadlercreutz.fi\/blog\/#website\",\"url\":\"https:\/\/andersadlercreutz.fi\/blog\/\",\"name\":\"Anders Adlercreutz\",\"description\":\"Du. Jag. Vi. Kest&auml;v&auml;sti optimisti\",\"potentialAction\":[{\"@type\":\"SearchAction\",\"target\":{\"@type\":\"EntryPoint\",\"urlTemplate\":\"https:\/\/andersadlercreutz.fi\/blog\/?s={search_term_string}\"},\"query-input\":\"required name=search_term_string\"}],\"inLanguage\":\"sv-SE\"},{\"@type\":\"Person\",\"@id\":\"https:\/\/andersadlercreutz.fi\/blog\/#\/schema\/person\/47d4b72eded862b484f74bb4b3a2354f\",\"name\":\"Anders\",\"image\":{\"@type\":\"ImageObject\",\"inLanguage\":\"sv-SE\",\"@id\":\"https:\/\/andersadlercreutz.fi\/blog\/#\/schema\/person\/image\/\",\"url\":\"https:\/\/secure.gravatar.com\/avatar\/a144c9bda7a581ff6fabba169027e620?s=96&d=mm&r=g\",\"contentUrl\":\"https:\/\/secure.gravatar.com\/avatar\/a144c9bda7a581ff6fabba169027e620?s=96&d=mm&r=g\",\"caption\":\"Anders\"},\"url\":\"https:\/\/andersadlercreutz.fi\/blog\/author\/admin\/\"}]}<\/script>\n<!-- \/ Yoast SEO plugin. -->","yoast_head_json":{"title":"Adlercreutz osallistui Ukrainan presidentin puoliso Olena Zelenskan kouluvierailuun Kirkkonummella - Anders Adlercreutz","robots":{"index":"index","follow":"follow","max-snippet":"max-snippet:-1","max-image-preview":"max-image-preview:large","max-video-preview":"max-video-preview:-1"},"canonical":"https:\/\/andersadlercreutz.fi\/blog\/1koulutus\/adlercreutz-osallistui-ukrainan-presidentin-puoliso-olena-zelenskan-kouluvierailuun-kirkkonummella\/","og_locale":"sv_SE","og_type":"article","og_title":"Adlercreutz osallistui Ukrainan presidentin puoliso Olena Zelenskan kouluvierailuun Kirkkonummella - Anders Adlercreutz","og_description":"Ukrainan presidenttipari Volodymyr Zelenskyi ja Olena Zelenska vierailivat Suomessa keskiviikkona 19. maaliskuuta 2025. RKP:n puheenjohtaja, opetusministeri Anders Adlercreutz osallistui rouva Olena Zelenskan ja rouva Suzanne Innes-Stubbin vierailuun Jokirinteen koulussa Kirkkonummella. \u2013 Oli hienoa saada toivottaa rouva Zelenska ja rouva Innes-Stubb tervetulleiksi Kirkkonummelle ja Jokirinteen kouluun ja kertoa heille suomalaisesta kouluj\u00e4rjestelm\u00e4st\u00e4 \u2013 koulujemme arjesta, oppilashuollosta sek\u00e4 [&hellip;]","og_url":"https:\/\/andersadlercreutz.fi\/blog\/1koulutus\/adlercreutz-osallistui-ukrainan-presidentin-puoliso-olena-zelenskan-kouluvierailuun-kirkkonummella\/?lang=fi","og_site_name":"Anders Adlercreutz","article_published_time":"2025-03-20T09:53:00+00:00","article_modified_time":"2025-03-24T09:58:45+00:00","og_image":[{"width":1152,"height":558,"url":"https:\/\/andersadlercreutz.fi\/blog\/wp-content\/uploads\/2025\/03\/Andersbild-e1742810091896.jpg","type":"image\/jpeg"}],"author":"Anders","twitter_card":"summary_large_image","twitter_misc":{"Skriven av":"Anders","Ber\u00e4knad l\u00e4stid":"1 minut"},"schema":{"@context":"https:\/\/schema.org","@graph":[{"@type":"WebPage","@id":"https:\/\/andersadlercreutz.fi\/blog\/1koulutus\/adlercreutz-osallistui-ukrainan-presidentin-puoliso-olena-zelenskan-kouluvierailuun-kirkkonummella\/?lang=fi","url":"https:\/\/andersadlercreutz.fi\/blog\/1koulutus\/adlercreutz-osallistui-ukrainan-presidentin-puoliso-olena-zelenskan-kouluvierailuun-kirkkonummella\/?lang=fi","name":"Adlercreutz osallistui Ukrainan presidentin puoliso Olena Zelenskan kouluvierailuun Kirkkonummella - Anders Adlercreutz","isPartOf":{"@id":"https:\/\/andersadlercreutz.fi\/blog\/#website"},"datePublished":"2025-03-20T09:53:00+00:00","dateModified":"2025-03-24T09:58:45+00:00","author":{"@id":"https:\/\/andersadlercreutz.fi\/blog\/#\/schema\/person\/47d4b72eded862b484f74bb4b3a2354f"},"breadcrumb":{"@id":"https:\/\/andersadlercreutz.fi\/blog\/1koulutus\/adlercreutz-osallistui-ukrainan-presidentin-puoliso-olena-zelenskan-kouluvierailuun-kirkkonummella\/?lang=fi#breadcrumb"},"inLanguage":"sv-SE","potentialAction":[{"@type":"ReadAction","target":["https:\/\/andersadlercreutz.fi\/blog\/1koulutus\/adlercreutz-osallistui-ukrainan-presidentin-puoliso-olena-zelenskan-kouluvierailuun-kirkkonummella\/?lang=fi"]}]},{"@type":"BreadcrumbList","@id":"https:\/\/andersadlercreutz.fi\/blog\/1koulutus\/adlercreutz-osallistui-ukrainan-presidentin-puoliso-olena-zelenskan-kouluvierailuun-kirkkonummella\/?lang=fi#breadcrumb","itemListElement":[{"@type":"ListItem","position":1,"name":"Home","item":"https:\/\/andersadlercreutz.fi\/blog\/blogg\/?lang=sv"},{"@type":"ListItem","position":2,"name":"Adlercreutz osallistui Ukrainan presidentin puoliso Olena Zelenskan kouluvierailuun Kirkkonummella"}]},{"@type":"WebSite","@id":"https:\/\/andersadlercreutz.fi\/blog\/#website","url":"https:\/\/andersadlercreutz.fi\/blog\/","name":"Anders Adlercreutz","description":"Du. Jag. Vi. Kest&auml;v&auml;sti optimisti","potentialAction":[{"@type":"SearchAction","target":{"@type":"EntryPoint","urlTemplate":"https:\/\/andersadlercreutz.fi\/blog\/?s={search_term_string}"},"query-input":"required name=search_term_string"}],"inLanguage":"sv-SE"},{"@type":"Person","@id":"https:\/\/andersadlercreutz.fi\/blog\/#\/schema\/person\/47d4b72eded862b484f74bb4b3a2354f","name":"Anders","image":{"@type":"ImageObject","inLanguage":"sv-SE","@id":"https:\/\/andersadlercreutz.fi\/blog\/#\/schema\/person\/image\/","url":"https:\/\/secure.gravatar.com\/avatar\/a144c9bda7a581ff6fabba169027e620?s=96&d=mm&r=g","contentUrl":"https:\/\/secure.gravatar.com\/avatar\/a144c9bda7a581ff6fabba169027e620?s=96&d=mm&r=g","caption":"Anders"},"url":"https:\/\/andersadlercreutz.fi\/blog\/author\/admin\/"}]}},"jetpack_featured_media_url":"https:\/\/i0.wp.com\/andersadlercreutz.fi\/blog\/wp-content\/uploads\/2025\/03\/Andersbild-e1742810091896.jpg?fit=1152%2C558&ssl=1","jetpack_shortlink":"https:\/\/wp.me\/p4T6Dh-2Fp","jetpack_sharing_enabled":true,"_links":{"self":[{"href":"https:\/\/andersadlercreutz.fi\/blog\/wp-json\/wp\/v2\/posts\/10255"}],"collection":[{"href":"https:\/\/andersadlercreutz.fi\/blog\/wp-json\/wp\/v2\/posts"}],"about":[{"href":"https:\/\/andersadlercreutz.fi\/blog\/wp-json\/wp\/v2\/types\/post"}],"author":[{"embeddable":true,"href":"https:\/\/andersadlercreutz.fi\/blog\/wp-json\/wp\/v2\/users\/1"}],"replies":[{"embeddable":true,"href":"https:\/\/andersadlercreutz.fi\/blog\/wp-json\/wp\/v2\/comments?post=10255"}],"version-history":[{"count":2,"href":"https:\/\/andersadlercreutz.fi\/blog\/wp-json\/wp\/v2\/posts\/10255\/revisions"}],"predecessor-version":[{"id":10262,"href":"https:\/\/andersadlercreutz.fi\/blog\/wp-json\/wp\/v2\/posts\/10255\/revisions\/10262"}],"wp:featuredmedia":[{"embeddable":true,"href":"https:\/\/andersadlercreutz.fi\/blog\/wp-json\/wp\/v2\/media\/10252"}],"wp:attachment":[{"href":"https:\/\/andersadlercreutz.fi\/blog\/wp-json\/wp\/v2\/media?parent=10255"}],"wp:term":[{"taxonomy":"category","embeddable":true,"href":"https:\/\/andersadlercreutz.fi\/blog\/wp-json\/wp\/v2\/categories?post=10255"},{"taxonomy":"post_tag","embeddable":true,"href":"https:\/\/andersadlercreutz.fi\/blog\/wp-json\/wp\/v2\/tags?post=10255"}],"curies":[{"name":"wp","href":"https:\/\/api.w.org\/{rel}","templated":true}]}}