{"id":10315,"date":"2025-04-02T16:38:26","date_gmt":"2025-04-02T13:38:26","guid":{"rendered":"https:\/\/andersadlercreutz.fi\/blog\/?p=10315"},"modified":"2025-04-02T16:38:26","modified_gmt":"2025-04-02T13:38:26","slug":"adlercreutz-eduskunta-otti-kantaa-eheytyshoitoja-vastaan","status":"publish","type":"post","link":"https:\/\/andersadlercreutz.fi\/blog\/regeringen-fi\/adlercreutz-eduskunta-otti-kantaa-eheytyshoitoja-vastaan\/?lang=fi","title":{"rendered":"Adlercreutz: Eduskunta otti kantaa eheytyshoitoja vastaan"},"content":{"rendered":"<div class=\"excerpt\">\n<p>T\u00e4n\u00e4\u00e4n eduskunta on hyv\u00e4ksynyt aloitteen, joka t\u00e4ht\u00e4\u00e4 eheytyshoitojen kielt\u00e4miseen ja joka perustuu yli 50 000 kansalaisen allekirjoittamaan kansalaisaloitteeseen Ihminen on kokonainen \u2013 kiellet\u00e4\u00e4n eheytyshoidot. N\u00e4iden hoitojen tarkoituksena on muuttaa henkil\u00f6n seksuaalista suuntautumista tai sukupuoli-identiteetti\u00e4. Ne kohdistuvat erityisesti seksuaaliv\u00e4hemmist\u00f6ihin, transhenkil\u00f6ihin ja intersukupuolisiin henkil\u00f6ihin.<\/p>\n<\/div>\n<div class=\"resizable\">\n<p>\u2013 Nykyinen lains\u00e4\u00e4d\u00e4nt\u00f6 ei ole riitt\u00e4v\u00e4n selke\u00e4, ja lakimuutoksella voitaisiin suojella ihmisi\u00e4 eheytyshoitojen psyykkiselt\u00e4 v\u00e4kivallalta, sanoo RKP:n puheenjohtaja ja opetusministeri Anders Adlercreutz.<\/p>\n<p>P\u00e4\u00e4t\u00f6s ei ainoastaan vahvista seksuaaliv\u00e4hemmist\u00f6jen perusoikeuksia, vaan osoittaa my\u00f6s, miten demokratia voi toimia.<\/p>\n<p>\u2013 Kansalaisaloitteita ei hyv\u00e4ksyt\u00e4 joka p\u00e4iv\u00e4, ja ett\u00e4 t\u00e4m\u00e4 tapahtuu asiassa, joka koskee ihmisoikeuksien ydint\u00e4, tekee siit\u00e4 viel\u00e4 t\u00e4rke\u00e4mm\u00e4n. On itsest\u00e4\u00e4n selv\u00e4\u00e4, ett\u00e4 RKP tukee eheytyshoitojen kieltoa, sanoo Adlercreutz.<\/p>\n<\/div>\n","protected":false},"excerpt":{"rendered":"<p>T\u00e4n\u00e4\u00e4n eduskunta on hyv\u00e4ksynyt aloitteen, joka t\u00e4ht\u00e4\u00e4 eheytyshoitojen kielt\u00e4miseen ja joka perustuu yli 50 000 kansalaisen allekirjoittamaan kansalaisaloitteeseen Ihminen on kokonainen \u2013 kiellet\u00e4\u00e4n eheytyshoidot. N\u00e4iden hoitojen tarkoituksena on muuttaa henkil\u00f6n seksuaalista suuntautumista tai sukupuoli-identiteetti\u00e4. Ne kohdistuvat erityisesti seksuaaliv\u00e4hemmist\u00f6ihin, transhenkil\u00f6ihin ja intersukupuolisiin henkil\u00f6ihin. \u2013 Nykyinen lains\u00e4\u00e4d\u00e4nt\u00f6 ei ole riitt\u00e4v\u00e4n selke\u00e4, ja lakimuutoksella voitaisiin suojella ihmisi\u00e4 eheytyshoitojen [&hellip;]<\/p>\n","protected":false},"author":1,"featured_media":9896,"comment_status":"open","ping_status":"open","sticky":false,"template":"","format":"standard","meta":{"jetpack_post_was_ever_published":false,"_jetpack_newsletter_access":"","jetpack_publicize_message":"","jetpack_is_tweetstorm":false,"jetpack_publicize_feature_enabled":true,"jetpack_social_post_already_shared":true,"jetpack_social_options":{"image_generator_settings":{"template":"highway","enabled":false}}},"categories":[18,163,164],"tags":[],"jetpack_publicize_connections":[],"yoast_head":"<!-- This site is optimized with the Yoast SEO plugin v20.12 - https:\/\/yoast.com\/wordpress\/plugins\/seo\/ -->\n<title>Adlercreutz: Eduskunta otti kantaa eheytyshoitoja vastaan - Anders Adlercreutz<\/title>\n<meta name=\"robots\" content=\"index, follow, max-snippet:-1, max-image-preview:large, max-video-preview:-1\" \/>\n<link rel=\"canonical\" href=\"https:\/\/andersadlercreutz.fi\/blog\/regeringen-fi\/adlercreutz-eduskunta-otti-kantaa-eheytyshoitoja-vastaan\/\" \/>\n<meta property=\"og:locale\" content=\"sv_SE\" \/>\n<meta property=\"og:type\" content=\"article\" \/>\n<meta property=\"og:title\" content=\"Adlercreutz: Eduskunta otti kantaa eheytyshoitoja vastaan - Anders Adlercreutz\" \/>\n<meta property=\"og:description\" content=\"T\u00e4n\u00e4\u00e4n eduskunta on hyv\u00e4ksynyt aloitteen, joka t\u00e4ht\u00e4\u00e4 eheytyshoitojen kielt\u00e4miseen ja joka perustuu yli 50 000 kansalaisen allekirjoittamaan kansalaisaloitteeseen Ihminen on kokonainen \u2013 kiellet\u00e4\u00e4n eheytyshoidot. N\u00e4iden hoitojen tarkoituksena on muuttaa henkil\u00f6n seksuaalista suuntautumista tai sukupuoli-identiteetti\u00e4. Ne kohdistuvat erityisesti seksuaaliv\u00e4hemmist\u00f6ihin, transhenkil\u00f6ihin ja intersukupuolisiin henkil\u00f6ihin. \u2013 Nykyinen lains\u00e4\u00e4d\u00e4nt\u00f6 ei ole riitt\u00e4v\u00e4n selke\u00e4, ja lakimuutoksella voitaisiin suojella ihmisi\u00e4 eheytyshoitojen [&hellip;]\" \/>\n<meta property=\"og:url\" content=\"https:\/\/andersadlercreutz.fi\/blog\/regeringen-fi\/adlercreutz-eduskunta-otti-kantaa-eheytyshoitoja-vastaan\/?lang=fi\" \/>\n<meta property=\"og:site_name\" content=\"Anders Adlercreutz\" \/>\n<meta property=\"article:published_time\" content=\"2025-04-02T13:38:26+00:00\" \/>\n<meta property=\"og:image\" content=\"https:\/\/andersadlercreutz.fi\/blog\/wp-content\/uploads\/2024\/09\/Anders_proppen-om-stodet-for-inlarning.jpg\" \/>\n\t<meta property=\"og:image:width\" content=\"2048\" \/>\n\t<meta property=\"og:image:height\" content=\"1092\" \/>\n\t<meta property=\"og:image:type\" content=\"image\/jpeg\" \/>\n<meta name=\"author\" content=\"Anders\" \/>\n<meta name=\"twitter:card\" content=\"summary_large_image\" \/>\n<meta name=\"twitter:label1\" content=\"Skriven av\" \/>\n\t<meta name=\"twitter:data1\" content=\"Anders\" \/>\n\t<meta name=\"twitter:label2\" content=\"Ber\u00e4knad l\u00e4stid\" \/>\n\t<meta name=\"twitter:data2\" content=\"1 minut\" \/>\n<script type=\"application\/ld+json\" class=\"yoast-schema-graph\">{\"@context\":\"https:\/\/schema.org\",\"@graph\":[{\"@type\":\"WebPage\",\"@id\":\"https:\/\/andersadlercreutz.fi\/blog\/regeringen-fi\/adlercreutz-eduskunta-otti-kantaa-eheytyshoitoja-vastaan\/?lang=fi\",\"url\":\"https:\/\/andersadlercreutz.fi\/blog\/regeringen-fi\/adlercreutz-eduskunta-otti-kantaa-eheytyshoitoja-vastaan\/?lang=fi\",\"name\":\"Adlercreutz: Eduskunta otti kantaa eheytyshoitoja vastaan - Anders Adlercreutz\",\"isPartOf\":{\"@id\":\"https:\/\/andersadlercreutz.fi\/blog\/#website\"},\"datePublished\":\"2025-04-02T13:38:26+00:00\",\"dateModified\":\"2025-04-02T13:38:26+00:00\",\"author\":{\"@id\":\"https:\/\/andersadlercreutz.fi\/blog\/#\/schema\/person\/47d4b72eded862b484f74bb4b3a2354f\"},\"breadcrumb\":{\"@id\":\"https:\/\/andersadlercreutz.fi\/blog\/regeringen-fi\/adlercreutz-eduskunta-otti-kantaa-eheytyshoitoja-vastaan\/?lang=fi#breadcrumb\"},\"inLanguage\":\"sv-SE\",\"potentialAction\":[{\"@type\":\"ReadAction\",\"target\":[\"https:\/\/andersadlercreutz.fi\/blog\/regeringen-fi\/adlercreutz-eduskunta-otti-kantaa-eheytyshoitoja-vastaan\/?lang=fi\"]}]},{\"@type\":\"BreadcrumbList\",\"@id\":\"https:\/\/andersadlercreutz.fi\/blog\/regeringen-fi\/adlercreutz-eduskunta-otti-kantaa-eheytyshoitoja-vastaan\/?lang=fi#breadcrumb\",\"itemListElement\":[{\"@type\":\"ListItem\",\"position\":1,\"name\":\"Home\",\"item\":\"https:\/\/andersadlercreutz.fi\/blog\/blogg\/?lang=sv\"},{\"@type\":\"ListItem\",\"position\":2,\"name\":\"Adlercreutz: Eduskunta otti kantaa eheytyshoitoja vastaan\"}]},{\"@type\":\"WebSite\",\"@id\":\"https:\/\/andersadlercreutz.fi\/blog\/#website\",\"url\":\"https:\/\/andersadlercreutz.fi\/blog\/\",\"name\":\"Anders Adlercreutz\",\"description\":\"Du. Jag. Vi. Kest&auml;v&auml;sti optimisti\",\"potentialAction\":[{\"@type\":\"SearchAction\",\"target\":{\"@type\":\"EntryPoint\",\"urlTemplate\":\"https:\/\/andersadlercreutz.fi\/blog\/?s={search_term_string}\"},\"query-input\":\"required name=search_term_string\"}],\"inLanguage\":\"sv-SE\"},{\"@type\":\"Person\",\"@id\":\"https:\/\/andersadlercreutz.fi\/blog\/#\/schema\/person\/47d4b72eded862b484f74bb4b3a2354f\",\"name\":\"Anders\",\"image\":{\"@type\":\"ImageObject\",\"inLanguage\":\"sv-SE\",\"@id\":\"https:\/\/andersadlercreutz.fi\/blog\/#\/schema\/person\/image\/\",\"url\":\"https:\/\/secure.gravatar.com\/avatar\/a144c9bda7a581ff6fabba169027e620?s=96&d=mm&r=g\",\"contentUrl\":\"https:\/\/secure.gravatar.com\/avatar\/a144c9bda7a581ff6fabba169027e620?s=96&d=mm&r=g\",\"caption\":\"Anders\"},\"url\":\"https:\/\/andersadlercreutz.fi\/blog\/author\/admin\/\"}]}<\/script>\n<!-- \/ Yoast SEO plugin. -->","yoast_head_json":{"title":"Adlercreutz: Eduskunta otti kantaa eheytyshoitoja vastaan - Anders Adlercreutz","robots":{"index":"index","follow":"follow","max-snippet":"max-snippet:-1","max-image-preview":"max-image-preview:large","max-video-preview":"max-video-preview:-1"},"canonical":"https:\/\/andersadlercreutz.fi\/blog\/regeringen-fi\/adlercreutz-eduskunta-otti-kantaa-eheytyshoitoja-vastaan\/","og_locale":"sv_SE","og_type":"article","og_title":"Adlercreutz: Eduskunta otti kantaa eheytyshoitoja vastaan - Anders Adlercreutz","og_description":"T\u00e4n\u00e4\u00e4n eduskunta on hyv\u00e4ksynyt aloitteen, joka t\u00e4ht\u00e4\u00e4 eheytyshoitojen kielt\u00e4miseen ja joka perustuu yli 50 000 kansalaisen allekirjoittamaan kansalaisaloitteeseen Ihminen on kokonainen \u2013 kiellet\u00e4\u00e4n eheytyshoidot. N\u00e4iden hoitojen tarkoituksena on muuttaa henkil\u00f6n seksuaalista suuntautumista tai sukupuoli-identiteetti\u00e4. Ne kohdistuvat erityisesti seksuaaliv\u00e4hemmist\u00f6ihin, transhenkil\u00f6ihin ja intersukupuolisiin henkil\u00f6ihin. \u2013 Nykyinen lains\u00e4\u00e4d\u00e4nt\u00f6 ei ole riitt\u00e4v\u00e4n selke\u00e4, ja lakimuutoksella voitaisiin suojella ihmisi\u00e4 eheytyshoitojen [&hellip;]","og_url":"https:\/\/andersadlercreutz.fi\/blog\/regeringen-fi\/adlercreutz-eduskunta-otti-kantaa-eheytyshoitoja-vastaan\/?lang=fi","og_site_name":"Anders Adlercreutz","article_published_time":"2025-04-02T13:38:26+00:00","og_image":[{"width":2048,"height":1092,"url":"https:\/\/andersadlercreutz.fi\/blog\/wp-content\/uploads\/2024\/09\/Anders_proppen-om-stodet-for-inlarning.jpg","type":"image\/jpeg"}],"author":"Anders","twitter_card":"summary_large_image","twitter_misc":{"Skriven av":"Anders","Ber\u00e4knad l\u00e4stid":"1 minut"},"schema":{"@context":"https:\/\/schema.org","@graph":[{"@type":"WebPage","@id":"https:\/\/andersadlercreutz.fi\/blog\/regeringen-fi\/adlercreutz-eduskunta-otti-kantaa-eheytyshoitoja-vastaan\/?lang=fi","url":"https:\/\/andersadlercreutz.fi\/blog\/regeringen-fi\/adlercreutz-eduskunta-otti-kantaa-eheytyshoitoja-vastaan\/?lang=fi","name":"Adlercreutz: Eduskunta otti kantaa eheytyshoitoja vastaan - Anders Adlercreutz","isPartOf":{"@id":"https:\/\/andersadlercreutz.fi\/blog\/#website"},"datePublished":"2025-04-02T13:38:26+00:00","dateModified":"2025-04-02T13:38:26+00:00","author":{"@id":"https:\/\/andersadlercreutz.fi\/blog\/#\/schema\/person\/47d4b72eded862b484f74bb4b3a2354f"},"breadcrumb":{"@id":"https:\/\/andersadlercreutz.fi\/blog\/regeringen-fi\/adlercreutz-eduskunta-otti-kantaa-eheytyshoitoja-vastaan\/?lang=fi#breadcrumb"},"inLanguage":"sv-SE","potentialAction":[{"@type":"ReadAction","target":["https:\/\/andersadlercreutz.fi\/blog\/regeringen-fi\/adlercreutz-eduskunta-otti-kantaa-eheytyshoitoja-vastaan\/?lang=fi"]}]},{"@type":"BreadcrumbList","@id":"https:\/\/andersadlercreutz.fi\/blog\/regeringen-fi\/adlercreutz-eduskunta-otti-kantaa-eheytyshoitoja-vastaan\/?lang=fi#breadcrumb","itemListElement":[{"@type":"ListItem","position":1,"name":"Home","item":"https:\/\/andersadlercreutz.fi\/blog\/blogg\/?lang=sv"},{"@type":"ListItem","position":2,"name":"Adlercreutz: Eduskunta otti kantaa eheytyshoitoja vastaan"}]},{"@type":"WebSite","@id":"https:\/\/andersadlercreutz.fi\/blog\/#website","url":"https:\/\/andersadlercreutz.fi\/blog\/","name":"Anders Adlercreutz","description":"Du. Jag. Vi. Kest&auml;v&auml;sti optimisti","potentialAction":[{"@type":"SearchAction","target":{"@type":"EntryPoint","urlTemplate":"https:\/\/andersadlercreutz.fi\/blog\/?s={search_term_string}"},"query-input":"required name=search_term_string"}],"inLanguage":"sv-SE"},{"@type":"Person","@id":"https:\/\/andersadlercreutz.fi\/blog\/#\/schema\/person\/47d4b72eded862b484f74bb4b3a2354f","name":"Anders","image":{"@type":"ImageObject","inLanguage":"sv-SE","@id":"https:\/\/andersadlercreutz.fi\/blog\/#\/schema\/person\/image\/","url":"https:\/\/secure.gravatar.com\/avatar\/a144c9bda7a581ff6fabba169027e620?s=96&d=mm&r=g","contentUrl":"https:\/\/secure.gravatar.com\/avatar\/a144c9bda7a581ff6fabba169027e620?s=96&d=mm&r=g","caption":"Anders"},"url":"https:\/\/andersadlercreutz.fi\/blog\/author\/admin\/"}]}},"jetpack_featured_media_url":"https:\/\/i0.wp.com\/andersadlercreutz.fi\/blog\/wp-content\/uploads\/2024\/09\/Anders_proppen-om-stodet-for-inlarning.jpg?fit=2048%2C1092&ssl=1","jetpack_shortlink":"https:\/\/wp.me\/p4T6Dh-2Gn","jetpack_sharing_enabled":true,"_links":{"self":[{"href":"https:\/\/andersadlercreutz.fi\/blog\/wp-json\/wp\/v2\/posts\/10315"}],"collection":[{"href":"https:\/\/andersadlercreutz.fi\/blog\/wp-json\/wp\/v2\/posts"}],"about":[{"href":"https:\/\/andersadlercreutz.fi\/blog\/wp-json\/wp\/v2\/types\/post"}],"author":[{"embeddable":true,"href":"https:\/\/andersadlercreutz.fi\/blog\/wp-json\/wp\/v2\/users\/1"}],"replies":[{"embeddable":true,"href":"https:\/\/andersadlercreutz.fi\/blog\/wp-json\/wp\/v2\/comments?post=10315"}],"version-history":[{"count":2,"href":"https:\/\/andersadlercreutz.fi\/blog\/wp-json\/wp\/v2\/posts\/10315\/revisions"}],"predecessor-version":[{"id":10317,"href":"https:\/\/andersadlercreutz.fi\/blog\/wp-json\/wp\/v2\/posts\/10315\/revisions\/10317"}],"wp:featuredmedia":[{"embeddable":true,"href":"https:\/\/andersadlercreutz.fi\/blog\/wp-json\/wp\/v2\/media\/9896"}],"wp:attachment":[{"href":"https:\/\/andersadlercreutz.fi\/blog\/wp-json\/wp\/v2\/media?parent=10315"}],"wp:term":[{"taxonomy":"category","embeddable":true,"href":"https:\/\/andersadlercreutz.fi\/blog\/wp-json\/wp\/v2\/categories?post=10315"},{"taxonomy":"post_tag","embeddable":true,"href":"https:\/\/andersadlercreutz.fi\/blog\/wp-json\/wp\/v2\/tags?post=10315"}],"curies":[{"name":"wp","href":"https:\/\/api.w.org\/{rel}","templated":true}]}}