{"id":10341,"date":"2025-04-09T12:47:09","date_gmt":"2025-04-09T09:47:09","guid":{"rendered":"https:\/\/andersadlercreutz.fi\/blog\/?p=10341"},"modified":"2025-04-09T22:13:14","modified_gmt":"2025-04-09T19:13:14","slug":"en-framgangsrik-kommun-kanner-sina-styrkor","status":"publish","type":"post","link":"https:\/\/andersadlercreutz.fi\/blog\/kyrkslatt\/en-framgangsrik-kommun-kanner-sina-styrkor\/","title":{"rendered":"En framg\u00e5ngsrik kommun k\u00e4nner sina styrkor."},"content":{"rendered":"<p><span style=\"font-weight: 400;\">Jag skrev f\u00f6r n\u00e5gra veckor sedan om skola och utbildning som en viktig del av kommunens livskraft. Bildningen \u00e4r en helt central uppgift f\u00f6r kommunerna i dag.<\/span><\/p>\n<p><span style=\"font-weight: 400;\">Den andra delen av kommunernas uppgifter \u00e4r milj\u00f6n: hur vi bygger, hur vi planerar och genom det hur vi skapar en milj\u00f6 som m\u00e4nniskor vill flytta till.<\/span><\/p>\n<p><span style=\"font-weight: 400;\">Vi bor i v\u00e5ra kommuner och vi vill trivas. S\u00e5 enkelt \u00e4r det.<\/span><\/p>\n<p><span style=\"font-weight: 400;\">Vi vet ganska v\u00e4l varf\u00f6r man vill flytta till Kyrksl\u00e4tt. Centrala fr\u00e5gor som kommer upp \u00e4r tillg\u00e4nglighet, n\u00e4rhet till naturen, utrymme. N\u00e4r man flyttar till Kyrksl\u00e4tt vill man ha lite sv\u00e4ngrum. Man vill bo mindre t\u00e4tt, helt enkelt.<\/span><\/p>\n<p><span style=\"font-weight: 400;\">En annan viktig insikt \u00e4r att man flyttar till Kyrksl\u00e4tt f\u00f6r att det \u00e4r n\u00e5got annorlunda. Det \u00e4r inte f\u00f6r att vi liknar Esbo men ligger lite l\u00e4ngre bort \u2013 utan f\u00f6r att vi erbjuder n\u00e5got som v\u00e5ra grannkommuner inte g\u00f6r.<\/span><\/p>\n<blockquote><p><span style=\"font-weight: 400;\">Det h\u00e4r \u00e4r den centrala insikten som borde styra v\u00e5r planering: en vilja och ett mod att vara lite annorlunda.<\/span><\/p><\/blockquote>\n<p><span style=\"font-weight: 400;\">Och liksom i s\u00e5 m\u00e5nga andra fr\u00e5gor b\u00f6rjar allt med att vi delar samma l\u00e4gesbild \u2013 en f\u00f6rst\u00e5else f\u00f6r vad vi \u00e4r och vilka styrkor vi har.<\/span><\/p>\n<p><span style=\"font-weight: 400;\">25 kilometer fr\u00e5n Finlands huvudstad, invid en motorv\u00e4g, en j\u00e4rnv\u00e4g och med ett kulturarv som ger ett brett fundament att ta avstamp ifr\u00e5n \u2013 d\u00e4r finns Kyrksl\u00e4tt. I v\u00e5rt centrum har vi en medeltida kyrka, ett torg och \u2013 enligt min mening \u2013 Finlands finaste bibliotek Fyyri. Helsingfors och Ode, det \u00e4r bara att inse faktum.<\/span><\/p>\n<p><span style=\"font-weight: 400;\">Bakom biblioteket tar det kommande gymnasiet form. En fin byggnad som kommer att inrymma v\u00e5ra b\u00e5da gymnasier \u2013 det finsk- och det svenskspr\u00e5kiga. Att de b\u00e5da nu f\u00e5r nya utrymmen \u00e4r n\u00e5got SFP l\u00e4nge har arbetat f\u00f6r.<\/span><\/p>\n<p><span style=\"font-weight: 400;\">Den h\u00e4r helheten fungerar som grund f\u00f6r det arbete som ska ge form \u00e5t v\u00e5rt nya centrum, som har potential att bli Finlands finaste lilla nya sm\u00e5stad.<\/span><\/p>\n<p><span style=\"font-weight: 400;\">Men det g\u00e4ller att h\u00e5lla blicken p\u00e5 bollen. Den centrala pj\u00e4s vi har i centrum \u00e4r v\u00e5r kyrka. Resten \u00e4r sekund\u00e4rt. Jag hoppas att vi vill bygga t\u00e4tt \u2013 men med h\u00e4nsyn till kyrkan, l\u00e5gt. Jag vill se kvarter med aff\u00e4rsutrymmen i bottenv\u00e5ningen och som avgr\u00e4nsar sm\u00e5, lummiga innerg\u00e5rdar.<\/span><\/p>\n<p><span style=\"font-weight: 400;\">Jag hoppas att centrum blir en m\u00f6tesplats f\u00f6r olika generationer. I anslutning till biblioteket bygger vi en skola \u2013 men varf\u00f6r inte \u00e4ven ett serviceboende? Om en av de stora utmaningarna f\u00f6r \u00e4ldre \u00e4r bristen p\u00e5 socialt umg\u00e4nge och den ensamhet som f\u00f6ljer av det \u2013 varf\u00f6r skulle vi inte \u00e5tg\u00e4rda det redan i stadsplaneringen?<\/span><\/p>\n<blockquote><p><span style=\"font-weight: 400;\">Om vi genom b\u00e4ttre planering kan skapa m\u00f6jligheter till m\u00f6ten mellan generationer, vinner alla.<\/span><\/p><\/blockquote>\n<p><span style=\"font-weight: 400;\">Sedan g\u00e4ller det ocks\u00e5 att se v\u00e5ra \u00f6vriga styrkor. Vi ligger vid vattnet. Kantvik \u00e4r det omr\u00e5de som har de b\u00e4sta f\u00f6ruts\u00e4ttningarna att ta vara p\u00e5 den kvaliteten. Jag hoppas att Kyrksl\u00e4tt vill aspirera p\u00e5 att ordna en bostadsm\u00e4ssa. Men jag vill inte att det blir en karneval av olika hus, utan en harmonisk helhet som t\u00e5l tidens tand.<\/span><\/p>\n<p><span style=\"font-weight: 400;\">Att v\u00e5r kommun till ytan \u00e4r stor i f\u00f6rh\u00e5llande till v\u00e5r befolkningsm\u00e4ngd inneb\u00e4r att vi inte kan ha ett lika t\u00e4tt n\u00e4t av kollektivtrafik som till exempel Esbo. Den budgettekniska verkligheten g\u00f6r det inte m\u00f6jligt. Men det g\u00e4ller f\u00f6r oss att arbeta f\u00f6r att beh\u00e5lla och utveckla den kollektivtrafik vi har.<\/span><\/p>\n<p><span style=\"font-weight: 400;\">Kustbanan \u00e4r \u2013 vid sidan av 51:an och \u00c5bov\u00e4gen \u2013 v\u00e5r livsnerv.<\/span><\/p>\n<p><span style=\"font-weight: 400;\">Samtidigt \u00e4r kustbanan hotad. Det \u00e4r sv\u00e5rt att tro att en m\u00f6jlig V\u00e4stbana inte skulle inneb\u00e4ra att kustbanan nedprioriteras. Det vore ett h\u00f6gt pris att betala f\u00f6r v\u00e5r kommun.<\/span><\/p>\n<p><span style=\"font-weight: 400;\">I centrum f\u00f6r v\u00e5rt kommunala p\u00e5verkansarbete m\u00e5ste det d\u00e4rf\u00f6r finnas l\u00f6sningar som s\u00e4kerst\u00e4ller trafiken p\u00e5 kustbanan och s\u00e5 m\u00e5nga h\u00e5llplatser som m\u00f6jligt inom v\u00e5r kommuns gr\u00e4nser. Jag hoppas att vi ska ha enighet kring dessa m\u00e5l i v\u00e5rt kommande fullm\u00e4ktige.<\/span><\/p>\n<p><span style=\"font-weight: 400;\">En livskraftigt kommun beh\u00f6ver attraktivt boende, goda skolor, en god milj\u00f6 och goda kommunikationer. Men vi beh\u00f6ver ocks\u00e5 arbetsplatser.\u00a0<\/span><\/p>\n<p><span style=\"font-weight: 400;\">L\u00e4nge var vi k\u00e4nda som en kommun d\u00e4r planeringen och lovsprocesserna gick l\u00e5ngsamt. Idag p\u00e5st\u00e5r jag att vi presterar klart b\u00e4ttre h\u00e4r. B\u00e5de Microsofts datacenter och Prysmians utvidgning k\u00f6rde ig\u00e5ng p\u00e5 mycket kort tid, trots att det i b\u00e5da fallen var fr\u00e5ga om stora och komplicerade anl\u00e4ggningar. Nu g\u00e4ller det att smida n\u00e4r j\u00e4rnet \u00e4r varmt. Kring de h\u00e4r etableringarna ska vi klara av att bygga upp kluster av f\u00f6retag som h\u00e4mtar b\u00e5de arbete och skatte\u00f6ren till kommunen.\u00a0<\/span><\/p>\n<p><span style=\"font-weight: 400;\">V\u00e5r kommun har anor. Den best\u00e5r av m\u00e5nga olika byar som alla har sin egen identitet. Lappb\u00f6le \u00e4r inte Bob\u00e4ck, och Vecklax \u00e4r inte L\u00e5ngvik. Vi har tre centra \u2013 kyrkobyn, Masaby och Veikkola. Emellan dem finns mycket utrymme och plats f\u00f6r gles sm\u00e5husbebyggelse, jordbruk och andra prim\u00e4rn\u00e4ringar.<\/span><\/p>\n<p><span style=\"font-weight: 400;\">Det h\u00e4r \u00e4r kvaliteter man inte hittar p\u00e5 ett stenkasts avst\u00e5nd fr\u00e5n n\u00e5gon annan europeisk huvudstad.<\/span><\/p>\n<p><span style=\"font-weight: 400;\">L\u00e5t oss ta vara p\u00e5 v\u00e5rt unika l\u00e4ge och de kvaliteter som skiljer oss fr\u00e5n m\u00e4ngden.<\/span><\/p>\n","protected":false},"excerpt":{"rendered":"<p>Jag skrev f\u00f6r n\u00e5gra veckor sedan om skola och utbildning som en viktig del av kommunens livskraft. Bildningen \u00e4r en helt central uppgift f\u00f6r kommunerna i dag. Den andra delen av kommunernas uppgifter \u00e4r milj\u00f6n: hur vi bygger, hur vi planerar och genom det hur vi skapar en milj\u00f6 som m\u00e4nniskor vill flytta till. Vi [&hellip;]<\/p>\n","protected":false},"author":1,"featured_media":10230,"comment_status":"open","ping_status":"open","sticky":false,"template":"","format":"standard","meta":{"jetpack_post_was_ever_published":false,"_jetpack_newsletter_access":"","jetpack_publicize_message":"","jetpack_is_tweetstorm":false,"jetpack_publicize_feature_enabled":true,"jetpack_social_post_already_shared":true,"jetpack_social_options":{"image_generator_settings":{"template":"highway","enabled":false}}},"categories":[45,106,73,35],"tags":[],"jetpack_publicize_connections":[],"yoast_head":"<!-- This site is optimized with the Yoast SEO plugin v20.12 - https:\/\/yoast.com\/wordpress\/plugins\/seo\/ -->\n<title>En framg\u00e5ngsrik kommun k\u00e4nner sina styrkor. - Anders Adlercreutz<\/title>\n<meta name=\"robots\" content=\"index, follow, max-snippet:-1, max-image-preview:large, max-video-preview:-1\" \/>\n<link rel=\"canonical\" href=\"https:\/\/andersadlercreutz.fi\/blog\/kyrkslatt\/en-framgangsrik-kommun-kanner-sina-styrkor\/\" \/>\n<meta property=\"og:locale\" content=\"sv_SE\" \/>\n<meta property=\"og:type\" content=\"article\" \/>\n<meta property=\"og:title\" content=\"En framg\u00e5ngsrik kommun k\u00e4nner sina styrkor. - Anders Adlercreutz\" \/>\n<meta property=\"og:description\" content=\"Jag skrev f\u00f6r n\u00e5gra veckor sedan om skola och utbildning som en viktig del av kommunens livskraft. Bildningen \u00e4r en helt central uppgift f\u00f6r kommunerna i dag. Den andra delen av kommunernas uppgifter \u00e4r milj\u00f6n: hur vi bygger, hur vi planerar och genom det hur vi skapar en milj\u00f6 som m\u00e4nniskor vill flytta till. Vi [&hellip;]\" \/>\n<meta property=\"og:url\" content=\"https:\/\/andersadlercreutz.fi\/blog\/kyrkslatt\/en-framgangsrik-kommun-kanner-sina-styrkor\/\" \/>\n<meta property=\"og:site_name\" content=\"Anders Adlercreutz\" \/>\n<meta property=\"article:published_time\" content=\"2025-04-09T09:47:09+00:00\" \/>\n<meta property=\"article:modified_time\" content=\"2025-04-09T19:13:14+00:00\" \/>\n<meta property=\"og:image\" content=\"https:\/\/andersadlercreutz.fi\/blog\/wp-content\/uploads\/2025\/03\/IMG_0272_expanderad_blogg-1030x550.png\" \/>\n\t<meta property=\"og:image:width\" content=\"1030\" \/>\n\t<meta property=\"og:image:height\" content=\"550\" \/>\n\t<meta property=\"og:image:type\" content=\"image\/png\" \/>\n<meta name=\"author\" content=\"Anders\" \/>\n<meta name=\"twitter:card\" content=\"summary_large_image\" \/>\n<meta name=\"twitter:label1\" content=\"Skriven av\" \/>\n\t<meta name=\"twitter:data1\" content=\"Anders\" \/>\n\t<meta name=\"twitter:label2\" content=\"Ber\u00e4knad l\u00e4stid\" \/>\n\t<meta name=\"twitter:data2\" content=\"4 minuter\" \/>\n<script type=\"application\/ld+json\" class=\"yoast-schema-graph\">{\"@context\":\"https:\/\/schema.org\",\"@graph\":[{\"@type\":\"WebPage\",\"@id\":\"https:\/\/andersadlercreutz.fi\/blog\/kyrkslatt\/en-framgangsrik-kommun-kanner-sina-styrkor\/\",\"url\":\"https:\/\/andersadlercreutz.fi\/blog\/kyrkslatt\/en-framgangsrik-kommun-kanner-sina-styrkor\/\",\"name\":\"En framg\u00e5ngsrik kommun k\u00e4nner sina styrkor. - Anders Adlercreutz\",\"isPartOf\":{\"@id\":\"https:\/\/andersadlercreutz.fi\/blog\/#website\"},\"datePublished\":\"2025-04-09T09:47:09+00:00\",\"dateModified\":\"2025-04-09T19:13:14+00:00\",\"author\":{\"@id\":\"https:\/\/andersadlercreutz.fi\/blog\/#\/schema\/person\/47d4b72eded862b484f74bb4b3a2354f\"},\"breadcrumb\":{\"@id\":\"https:\/\/andersadlercreutz.fi\/blog\/kyrkslatt\/en-framgangsrik-kommun-kanner-sina-styrkor\/#breadcrumb\"},\"inLanguage\":\"sv-SE\",\"potentialAction\":[{\"@type\":\"ReadAction\",\"target\":[\"https:\/\/andersadlercreutz.fi\/blog\/kyrkslatt\/en-framgangsrik-kommun-kanner-sina-styrkor\/\"]}]},{\"@type\":\"BreadcrumbList\",\"@id\":\"https:\/\/andersadlercreutz.fi\/blog\/kyrkslatt\/en-framgangsrik-kommun-kanner-sina-styrkor\/#breadcrumb\",\"itemListElement\":[{\"@type\":\"ListItem\",\"position\":1,\"name\":\"Home\",\"item\":\"https:\/\/andersadlercreutz.fi\/blog\/blogg\/?lang=sv\"},{\"@type\":\"ListItem\",\"position\":2,\"name\":\"En framg\u00e5ngsrik kommun k\u00e4nner sina styrkor.\"}]},{\"@type\":\"WebSite\",\"@id\":\"https:\/\/andersadlercreutz.fi\/blog\/#website\",\"url\":\"https:\/\/andersadlercreutz.fi\/blog\/\",\"name\":\"Anders Adlercreutz\",\"description\":\"Du. Jag. Vi. Kest&auml;v&auml;sti optimisti\",\"potentialAction\":[{\"@type\":\"SearchAction\",\"target\":{\"@type\":\"EntryPoint\",\"urlTemplate\":\"https:\/\/andersadlercreutz.fi\/blog\/?s={search_term_string}\"},\"query-input\":\"required name=search_term_string\"}],\"inLanguage\":\"sv-SE\"},{\"@type\":\"Person\",\"@id\":\"https:\/\/andersadlercreutz.fi\/blog\/#\/schema\/person\/47d4b72eded862b484f74bb4b3a2354f\",\"name\":\"Anders\",\"image\":{\"@type\":\"ImageObject\",\"inLanguage\":\"sv-SE\",\"@id\":\"https:\/\/andersadlercreutz.fi\/blog\/#\/schema\/person\/image\/\",\"url\":\"https:\/\/secure.gravatar.com\/avatar\/a144c9bda7a581ff6fabba169027e620?s=96&d=mm&r=g\",\"contentUrl\":\"https:\/\/secure.gravatar.com\/avatar\/a144c9bda7a581ff6fabba169027e620?s=96&d=mm&r=g\",\"caption\":\"Anders\"},\"url\":\"https:\/\/andersadlercreutz.fi\/blog\/author\/admin\/\"}]}<\/script>\n<!-- \/ Yoast SEO plugin. -->","yoast_head_json":{"title":"En framg\u00e5ngsrik kommun k\u00e4nner sina styrkor. - Anders Adlercreutz","robots":{"index":"index","follow":"follow","max-snippet":"max-snippet:-1","max-image-preview":"max-image-preview:large","max-video-preview":"max-video-preview:-1"},"canonical":"https:\/\/andersadlercreutz.fi\/blog\/kyrkslatt\/en-framgangsrik-kommun-kanner-sina-styrkor\/","og_locale":"sv_SE","og_type":"article","og_title":"En framg\u00e5ngsrik kommun k\u00e4nner sina styrkor. - Anders Adlercreutz","og_description":"Jag skrev f\u00f6r n\u00e5gra veckor sedan om skola och utbildning som en viktig del av kommunens livskraft. Bildningen \u00e4r en helt central uppgift f\u00f6r kommunerna i dag. Den andra delen av kommunernas uppgifter \u00e4r milj\u00f6n: hur vi bygger, hur vi planerar och genom det hur vi skapar en milj\u00f6 som m\u00e4nniskor vill flytta till. Vi [&hellip;]","og_url":"https:\/\/andersadlercreutz.fi\/blog\/kyrkslatt\/en-framgangsrik-kommun-kanner-sina-styrkor\/","og_site_name":"Anders Adlercreutz","article_published_time":"2025-04-09T09:47:09+00:00","article_modified_time":"2025-04-09T19:13:14+00:00","og_image":[{"width":1030,"height":550,"url":"https:\/\/andersadlercreutz.fi\/blog\/wp-content\/uploads\/2025\/03\/IMG_0272_expanderad_blogg-1030x550.png","type":"image\/png"}],"author":"Anders","twitter_card":"summary_large_image","twitter_misc":{"Skriven av":"Anders","Ber\u00e4knad l\u00e4stid":"4 minuter"},"schema":{"@context":"https:\/\/schema.org","@graph":[{"@type":"WebPage","@id":"https:\/\/andersadlercreutz.fi\/blog\/kyrkslatt\/en-framgangsrik-kommun-kanner-sina-styrkor\/","url":"https:\/\/andersadlercreutz.fi\/blog\/kyrkslatt\/en-framgangsrik-kommun-kanner-sina-styrkor\/","name":"En framg\u00e5ngsrik kommun k\u00e4nner sina styrkor. - Anders Adlercreutz","isPartOf":{"@id":"https:\/\/andersadlercreutz.fi\/blog\/#website"},"datePublished":"2025-04-09T09:47:09+00:00","dateModified":"2025-04-09T19:13:14+00:00","author":{"@id":"https:\/\/andersadlercreutz.fi\/blog\/#\/schema\/person\/47d4b72eded862b484f74bb4b3a2354f"},"breadcrumb":{"@id":"https:\/\/andersadlercreutz.fi\/blog\/kyrkslatt\/en-framgangsrik-kommun-kanner-sina-styrkor\/#breadcrumb"},"inLanguage":"sv-SE","potentialAction":[{"@type":"ReadAction","target":["https:\/\/andersadlercreutz.fi\/blog\/kyrkslatt\/en-framgangsrik-kommun-kanner-sina-styrkor\/"]}]},{"@type":"BreadcrumbList","@id":"https:\/\/andersadlercreutz.fi\/blog\/kyrkslatt\/en-framgangsrik-kommun-kanner-sina-styrkor\/#breadcrumb","itemListElement":[{"@type":"ListItem","position":1,"name":"Home","item":"https:\/\/andersadlercreutz.fi\/blog\/blogg\/?lang=sv"},{"@type":"ListItem","position":2,"name":"En framg\u00e5ngsrik kommun k\u00e4nner sina styrkor."}]},{"@type":"WebSite","@id":"https:\/\/andersadlercreutz.fi\/blog\/#website","url":"https:\/\/andersadlercreutz.fi\/blog\/","name":"Anders Adlercreutz","description":"Du. Jag. Vi. Kest&auml;v&auml;sti optimisti","potentialAction":[{"@type":"SearchAction","target":{"@type":"EntryPoint","urlTemplate":"https:\/\/andersadlercreutz.fi\/blog\/?s={search_term_string}"},"query-input":"required name=search_term_string"}],"inLanguage":"sv-SE"},{"@type":"Person","@id":"https:\/\/andersadlercreutz.fi\/blog\/#\/schema\/person\/47d4b72eded862b484f74bb4b3a2354f","name":"Anders","image":{"@type":"ImageObject","inLanguage":"sv-SE","@id":"https:\/\/andersadlercreutz.fi\/blog\/#\/schema\/person\/image\/","url":"https:\/\/secure.gravatar.com\/avatar\/a144c9bda7a581ff6fabba169027e620?s=96&d=mm&r=g","contentUrl":"https:\/\/secure.gravatar.com\/avatar\/a144c9bda7a581ff6fabba169027e620?s=96&d=mm&r=g","caption":"Anders"},"url":"https:\/\/andersadlercreutz.fi\/blog\/author\/admin\/"}]}},"jetpack_featured_media_url":"https:\/\/i0.wp.com\/andersadlercreutz.fi\/blog\/wp-content\/uploads\/2025\/03\/IMG_0272_expanderad_blogg.png?fit=2515%2C1342&ssl=1","jetpack_shortlink":"https:\/\/wp.me\/p4T6Dh-2GN","jetpack_sharing_enabled":true,"_links":{"self":[{"href":"https:\/\/andersadlercreutz.fi\/blog\/wp-json\/wp\/v2\/posts\/10341"}],"collection":[{"href":"https:\/\/andersadlercreutz.fi\/blog\/wp-json\/wp\/v2\/posts"}],"about":[{"href":"https:\/\/andersadlercreutz.fi\/blog\/wp-json\/wp\/v2\/types\/post"}],"author":[{"embeddable":true,"href":"https:\/\/andersadlercreutz.fi\/blog\/wp-json\/wp\/v2\/users\/1"}],"replies":[{"embeddable":true,"href":"https:\/\/andersadlercreutz.fi\/blog\/wp-json\/wp\/v2\/comments?post=10341"}],"version-history":[{"count":3,"href":"https:\/\/andersadlercreutz.fi\/blog\/wp-json\/wp\/v2\/posts\/10341\/revisions"}],"predecessor-version":[{"id":10355,"href":"https:\/\/andersadlercreutz.fi\/blog\/wp-json\/wp\/v2\/posts\/10341\/revisions\/10355"}],"wp:featuredmedia":[{"embeddable":true,"href":"https:\/\/andersadlercreutz.fi\/blog\/wp-json\/wp\/v2\/media\/10230"}],"wp:attachment":[{"href":"https:\/\/andersadlercreutz.fi\/blog\/wp-json\/wp\/v2\/media?parent=10341"}],"wp:term":[{"taxonomy":"category","embeddable":true,"href":"https:\/\/andersadlercreutz.fi\/blog\/wp-json\/wp\/v2\/categories?post=10341"},{"taxonomy":"post_tag","embeddable":true,"href":"https:\/\/andersadlercreutz.fi\/blog\/wp-json\/wp\/v2\/tags?post=10341"}],"curies":[{"name":"wp","href":"https:\/\/api.w.org\/{rel}","templated":true}]}}