{"id":10382,"date":"2025-04-12T13:02:52","date_gmt":"2025-04-12T10:02:52","guid":{"rendered":"https:\/\/andersadlercreutz.fi\/blog\/?p=10382"},"modified":"2025-04-14T13:04:46","modified_gmt":"2025-04-14T10:04:46","slug":"adlercreutz-sfp-star-redo-att-forsvara-din-rost","status":"publish","type":"post","link":"https:\/\/andersadlercreutz.fi\/blog\/blogg\/adlercreutz-sfp-star-redo-att-forsvara-din-rost\/","title":{"rendered":"Adlercreutz: SFP st\u00e5r redo att f\u00f6rsvara din r\u00f6st"},"content":{"rendered":"<div class=\"excerpt\">\n<p>Idag s\u00f6ndag g\u00e5r Finland till val \u2013 ett historiskt val d\u00e5 vi f\u00f6r f\u00f6rsta g\u00e5ngen sedan 1996 r\u00f6star i tv\u00e5 val samtidigt, med tv\u00e5 r\u00f6stsedlar. En vit r\u00f6stsedel f\u00f6r kommunalvalet, och en violett r\u00f6stsedel f\u00f6r v\u00e4lf\u00e4rdsomr\u00e5desvalet.<\/p>\n<\/div>\n<div class=\"resizable\">\n<p>F\u00f6r m\u00e5nga orter i Svenskfinland handlar det om ett \u00f6desval. Om avg\u00f6rande mandat g\u00e5r f\u00f6rlorade p\u00e5verkas m\u00f6jligheter att trygga en fungerande tv\u00e5spr\u00e5kighet och f\u00f6ruts\u00e4ttningar att st\u00e5 upp f\u00f6r de v\u00e4rderingar som st\u00e5r oss n\u00e4ra.<\/p>\n<p>\u2013 Svenska folkpartiet har alltid tagit ansvar f\u00f6r spr\u00e5kliga minoriteter. Under valkampanjerna vaknar m\u00e5nga andra partier upp och vi har h\u00f6rt m\u00e5nga goda talturer om svenskan, och fint s\u00e5. Men n\u00e4r det verkligen g\u00e4ller finns det bara ett parti som mandatperiod efter mandatperiod, i det dagliga politiska arbetet konsekvent f\u00f6rsvarar v\u00e5rt tv\u00e5spr\u00e5kiga Finland, s\u00e4ger SFP:s ordf\u00f6rande, undervisningsminister Anders Adlercreutz.<\/p>\n<p>SFP g\u00e5r till val med starka listor b\u00e5de i kommunal- och v\u00e4lf\u00e4rdsomr\u00e5desvalet. SFP har den st\u00f6rsta andelen unga kandidater av alla partier och den st\u00f6rsta andelen kandidater med annat modersm\u00e5l \u00e4n svenska eller finska. Det ger v\u00e4ljarna en m\u00f6jlighet att hitta kandidater som delar deras v\u00e4rderingar och visioner f\u00f6r framtiden.<\/p>\n<p>I kommuner d\u00e4r SFP har ett starkt st\u00f6d, ser vi oftare en god ekonomi, l\u00e4gre arbetsl\u00f6shet, h\u00f6gre f\u00f6retagsamhet och v\u00e4lm\u00e5ende inv\u00e5nare.<\/p>\n<p>\u2013 Genom att r\u00f6sta p\u00e5 SFP ger du din r\u00f6st till beslutsfattare som b\u00e4r ansvar. En beslutsfattare som ser till att du f\u00e5r den v\u00e5rd du beh\u00f6ver och p\u00e5 ditt eget modersm\u00e5l. En beslutsfattare som ger l\u00e4rarna i din kommun r\u00e4tt f\u00f6ruts\u00e4ttningar att g\u00f6ra sitt jobb och ger eleverna f\u00f6ruts\u00e4ttningar att l\u00e4ra sig, i \u00e4ndam\u00e5lsenliga utrymmen, s\u00e4ger Adlercreutz.<\/p>\n<p>\u2013 I en tid d\u00e4r polariseringen pr\u00e4glar politiken och v\u00e5r samh\u00e4llsdiskussion p\u00e5 ett s\u00e4tt som jag upplever som problematiskt \u00e4r SFP:s uppgift att bygga broar. En r\u00f6st p\u00e5 SFP \u00e4r en r\u00f6st f\u00f6r mod och fram\u00e5tanda \u2013 n\u00e5got hela Finland beh\u00f6ver, s\u00e4ger Adlercreutz.<\/p>\n<p>Valurnorna \u00e4r \u00f6ppna p\u00e5 s\u00f6ndagen den 13 april fr\u00e5n kl. 9-20. P\u00e5 valdagen r\u00f6star man i sin egen vallokal. SFP:s kandidater hittas p\u00e5 val.sfp.fi.<\/p>\n<\/div>\n","protected":false},"excerpt":{"rendered":"<p>Idag s\u00f6ndag g\u00e5r Finland till val \u2013 ett historiskt val d\u00e5 vi f\u00f6r f\u00f6rsta g\u00e5ngen sedan 1996 r\u00f6star i tv\u00e5 val samtidigt, med tv\u00e5 r\u00f6stsedlar. En vit r\u00f6stsedel f\u00f6r kommunalvalet, och en violett r\u00f6stsedel f\u00f6r v\u00e4lf\u00e4rdsomr\u00e5desvalet. F\u00f6r m\u00e5nga orter i Svenskfinland handlar det om ett \u00f6desval. Om avg\u00f6rande mandat g\u00e5r f\u00f6rlorade p\u00e5verkas m\u00f6jligheter att trygga [&hellip;]<\/p>\n","protected":false},"author":1,"featured_media":10221,"comment_status":"open","ping_status":"open","sticky":false,"template":"","format":"standard","meta":{"jetpack_post_was_ever_published":false,"_jetpack_newsletter_access":"","jetpack_publicize_message":"","jetpack_is_tweetstorm":false,"jetpack_publicize_feature_enabled":true,"jetpack_social_post_already_shared":true,"jetpack_social_options":{"image_generator_settings":{"template":"highway","enabled":false}}},"categories":[45,72,88],"tags":[],"jetpack_publicize_connections":[],"yoast_head":"<!-- This site is optimized with the Yoast SEO plugin v20.12 - https:\/\/yoast.com\/wordpress\/plugins\/seo\/ -->\n<title>Adlercreutz: SFP st\u00e5r redo att f\u00f6rsvara din r\u00f6st - Anders Adlercreutz<\/title>\n<meta name=\"robots\" content=\"index, follow, max-snippet:-1, max-image-preview:large, max-video-preview:-1\" \/>\n<link rel=\"canonical\" href=\"https:\/\/andersadlercreutz.fi\/blog\/blogg\/adlercreutz-sfp-star-redo-att-forsvara-din-rost\/\" \/>\n<meta property=\"og:locale\" content=\"sv_SE\" \/>\n<meta property=\"og:type\" content=\"article\" \/>\n<meta property=\"og:title\" content=\"Adlercreutz: SFP st\u00e5r redo att f\u00f6rsvara din r\u00f6st - Anders Adlercreutz\" \/>\n<meta property=\"og:description\" content=\"Idag s\u00f6ndag g\u00e5r Finland till val \u2013 ett historiskt val d\u00e5 vi f\u00f6r f\u00f6rsta g\u00e5ngen sedan 1996 r\u00f6star i tv\u00e5 val samtidigt, med tv\u00e5 r\u00f6stsedlar. En vit r\u00f6stsedel f\u00f6r kommunalvalet, och en violett r\u00f6stsedel f\u00f6r v\u00e4lf\u00e4rdsomr\u00e5desvalet. F\u00f6r m\u00e5nga orter i Svenskfinland handlar det om ett \u00f6desval. Om avg\u00f6rande mandat g\u00e5r f\u00f6rlorade p\u00e5verkas m\u00f6jligheter att trygga [&hellip;]\" \/>\n<meta property=\"og:url\" content=\"https:\/\/andersadlercreutz.fi\/blog\/blogg\/adlercreutz-sfp-star-redo-att-forsvara-din-rost\/\" \/>\n<meta property=\"og:site_name\" content=\"Anders Adlercreutz\" \/>\n<meta property=\"article:published_time\" content=\"2025-04-12T10:02:52+00:00\" \/>\n<meta property=\"article:modified_time\" content=\"2025-04-14T10:04:46+00:00\" \/>\n<meta property=\"og:image\" content=\"https:\/\/andersadlercreutz.fi\/blog\/wp-content\/uploads\/2025\/03\/781A0617-Enhanced-NR-copy_blogg-1030x549.png\" \/>\n\t<meta property=\"og:image:width\" content=\"1030\" \/>\n\t<meta property=\"og:image:height\" content=\"549\" \/>\n\t<meta property=\"og:image:type\" content=\"image\/png\" \/>\n<meta name=\"author\" content=\"Anders\" \/>\n<meta name=\"twitter:card\" content=\"summary_large_image\" \/>\n<meta name=\"twitter:label1\" content=\"Skriven av\" \/>\n\t<meta name=\"twitter:data1\" content=\"Anders\" \/>\n\t<meta name=\"twitter:label2\" content=\"Ber\u00e4knad l\u00e4stid\" \/>\n\t<meta name=\"twitter:data2\" content=\"2 minuter\" \/>\n<script type=\"application\/ld+json\" class=\"yoast-schema-graph\">{\"@context\":\"https:\/\/schema.org\",\"@graph\":[{\"@type\":\"WebPage\",\"@id\":\"https:\/\/andersadlercreutz.fi\/blog\/blogg\/adlercreutz-sfp-star-redo-att-forsvara-din-rost\/\",\"url\":\"https:\/\/andersadlercreutz.fi\/blog\/blogg\/adlercreutz-sfp-star-redo-att-forsvara-din-rost\/\",\"name\":\"Adlercreutz: SFP st\u00e5r redo att f\u00f6rsvara din r\u00f6st - Anders Adlercreutz\",\"isPartOf\":{\"@id\":\"https:\/\/andersadlercreutz.fi\/blog\/#website\"},\"datePublished\":\"2025-04-12T10:02:52+00:00\",\"dateModified\":\"2025-04-14T10:04:46+00:00\",\"author\":{\"@id\":\"https:\/\/andersadlercreutz.fi\/blog\/#\/schema\/person\/47d4b72eded862b484f74bb4b3a2354f\"},\"breadcrumb\":{\"@id\":\"https:\/\/andersadlercreutz.fi\/blog\/blogg\/adlercreutz-sfp-star-redo-att-forsvara-din-rost\/#breadcrumb\"},\"inLanguage\":\"sv-SE\",\"potentialAction\":[{\"@type\":\"ReadAction\",\"target\":[\"https:\/\/andersadlercreutz.fi\/blog\/blogg\/adlercreutz-sfp-star-redo-att-forsvara-din-rost\/\"]}]},{\"@type\":\"BreadcrumbList\",\"@id\":\"https:\/\/andersadlercreutz.fi\/blog\/blogg\/adlercreutz-sfp-star-redo-att-forsvara-din-rost\/#breadcrumb\",\"itemListElement\":[{\"@type\":\"ListItem\",\"position\":1,\"name\":\"Home\",\"item\":\"https:\/\/andersadlercreutz.fi\/blog\/blogg\/?lang=sv\"},{\"@type\":\"ListItem\",\"position\":2,\"name\":\"Adlercreutz: SFP st\u00e5r redo att f\u00f6rsvara din r\u00f6st\"}]},{\"@type\":\"WebSite\",\"@id\":\"https:\/\/andersadlercreutz.fi\/blog\/#website\",\"url\":\"https:\/\/andersadlercreutz.fi\/blog\/\",\"name\":\"Anders Adlercreutz\",\"description\":\"Du. Jag. Vi. Kest&auml;v&auml;sti optimisti\",\"potentialAction\":[{\"@type\":\"SearchAction\",\"target\":{\"@type\":\"EntryPoint\",\"urlTemplate\":\"https:\/\/andersadlercreutz.fi\/blog\/?s={search_term_string}\"},\"query-input\":\"required name=search_term_string\"}],\"inLanguage\":\"sv-SE\"},{\"@type\":\"Person\",\"@id\":\"https:\/\/andersadlercreutz.fi\/blog\/#\/schema\/person\/47d4b72eded862b484f74bb4b3a2354f\",\"name\":\"Anders\",\"image\":{\"@type\":\"ImageObject\",\"inLanguage\":\"sv-SE\",\"@id\":\"https:\/\/andersadlercreutz.fi\/blog\/#\/schema\/person\/image\/\",\"url\":\"https:\/\/secure.gravatar.com\/avatar\/a144c9bda7a581ff6fabba169027e620?s=96&d=mm&r=g\",\"contentUrl\":\"https:\/\/secure.gravatar.com\/avatar\/a144c9bda7a581ff6fabba169027e620?s=96&d=mm&r=g\",\"caption\":\"Anders\"},\"url\":\"https:\/\/andersadlercreutz.fi\/blog\/author\/admin\/\"}]}<\/script>\n<!-- \/ Yoast SEO plugin. -->","yoast_head_json":{"title":"Adlercreutz: SFP st\u00e5r redo att f\u00f6rsvara din r\u00f6st - Anders Adlercreutz","robots":{"index":"index","follow":"follow","max-snippet":"max-snippet:-1","max-image-preview":"max-image-preview:large","max-video-preview":"max-video-preview:-1"},"canonical":"https:\/\/andersadlercreutz.fi\/blog\/blogg\/adlercreutz-sfp-star-redo-att-forsvara-din-rost\/","og_locale":"sv_SE","og_type":"article","og_title":"Adlercreutz: SFP st\u00e5r redo att f\u00f6rsvara din r\u00f6st - Anders Adlercreutz","og_description":"Idag s\u00f6ndag g\u00e5r Finland till val \u2013 ett historiskt val d\u00e5 vi f\u00f6r f\u00f6rsta g\u00e5ngen sedan 1996 r\u00f6star i tv\u00e5 val samtidigt, med tv\u00e5 r\u00f6stsedlar. En vit r\u00f6stsedel f\u00f6r kommunalvalet, och en violett r\u00f6stsedel f\u00f6r v\u00e4lf\u00e4rdsomr\u00e5desvalet. F\u00f6r m\u00e5nga orter i Svenskfinland handlar det om ett \u00f6desval. Om avg\u00f6rande mandat g\u00e5r f\u00f6rlorade p\u00e5verkas m\u00f6jligheter att trygga [&hellip;]","og_url":"https:\/\/andersadlercreutz.fi\/blog\/blogg\/adlercreutz-sfp-star-redo-att-forsvara-din-rost\/","og_site_name":"Anders Adlercreutz","article_published_time":"2025-04-12T10:02:52+00:00","article_modified_time":"2025-04-14T10:04:46+00:00","og_image":[{"width":1030,"height":549,"url":"https:\/\/andersadlercreutz.fi\/blog\/wp-content\/uploads\/2025\/03\/781A0617-Enhanced-NR-copy_blogg-1030x549.png","type":"image\/png"}],"author":"Anders","twitter_card":"summary_large_image","twitter_misc":{"Skriven av":"Anders","Ber\u00e4knad l\u00e4stid":"2 minuter"},"schema":{"@context":"https:\/\/schema.org","@graph":[{"@type":"WebPage","@id":"https:\/\/andersadlercreutz.fi\/blog\/blogg\/adlercreutz-sfp-star-redo-att-forsvara-din-rost\/","url":"https:\/\/andersadlercreutz.fi\/blog\/blogg\/adlercreutz-sfp-star-redo-att-forsvara-din-rost\/","name":"Adlercreutz: SFP st\u00e5r redo att f\u00f6rsvara din r\u00f6st - Anders Adlercreutz","isPartOf":{"@id":"https:\/\/andersadlercreutz.fi\/blog\/#website"},"datePublished":"2025-04-12T10:02:52+00:00","dateModified":"2025-04-14T10:04:46+00:00","author":{"@id":"https:\/\/andersadlercreutz.fi\/blog\/#\/schema\/person\/47d4b72eded862b484f74bb4b3a2354f"},"breadcrumb":{"@id":"https:\/\/andersadlercreutz.fi\/blog\/blogg\/adlercreutz-sfp-star-redo-att-forsvara-din-rost\/#breadcrumb"},"inLanguage":"sv-SE","potentialAction":[{"@type":"ReadAction","target":["https:\/\/andersadlercreutz.fi\/blog\/blogg\/adlercreutz-sfp-star-redo-att-forsvara-din-rost\/"]}]},{"@type":"BreadcrumbList","@id":"https:\/\/andersadlercreutz.fi\/blog\/blogg\/adlercreutz-sfp-star-redo-att-forsvara-din-rost\/#breadcrumb","itemListElement":[{"@type":"ListItem","position":1,"name":"Home","item":"https:\/\/andersadlercreutz.fi\/blog\/blogg\/?lang=sv"},{"@type":"ListItem","position":2,"name":"Adlercreutz: SFP st\u00e5r redo att f\u00f6rsvara din r\u00f6st"}]},{"@type":"WebSite","@id":"https:\/\/andersadlercreutz.fi\/blog\/#website","url":"https:\/\/andersadlercreutz.fi\/blog\/","name":"Anders Adlercreutz","description":"Du. Jag. Vi. Kest&auml;v&auml;sti optimisti","potentialAction":[{"@type":"SearchAction","target":{"@type":"EntryPoint","urlTemplate":"https:\/\/andersadlercreutz.fi\/blog\/?s={search_term_string}"},"query-input":"required name=search_term_string"}],"inLanguage":"sv-SE"},{"@type":"Person","@id":"https:\/\/andersadlercreutz.fi\/blog\/#\/schema\/person\/47d4b72eded862b484f74bb4b3a2354f","name":"Anders","image":{"@type":"ImageObject","inLanguage":"sv-SE","@id":"https:\/\/andersadlercreutz.fi\/blog\/#\/schema\/person\/image\/","url":"https:\/\/secure.gravatar.com\/avatar\/a144c9bda7a581ff6fabba169027e620?s=96&d=mm&r=g","contentUrl":"https:\/\/secure.gravatar.com\/avatar\/a144c9bda7a581ff6fabba169027e620?s=96&d=mm&r=g","caption":"Anders"},"url":"https:\/\/andersadlercreutz.fi\/blog\/author\/admin\/"}]}},"jetpack_featured_media_url":"https:\/\/i0.wp.com\/andersadlercreutz.fi\/blog\/wp-content\/uploads\/2025\/03\/781A0617-Enhanced-NR-copy_blogg.png?fit=4409%2C2351&ssl=1","jetpack_shortlink":"https:\/\/wp.me\/p4T6Dh-2Hs","jetpack_sharing_enabled":true,"_links":{"self":[{"href":"https:\/\/andersadlercreutz.fi\/blog\/wp-json\/wp\/v2\/posts\/10382"}],"collection":[{"href":"https:\/\/andersadlercreutz.fi\/blog\/wp-json\/wp\/v2\/posts"}],"about":[{"href":"https:\/\/andersadlercreutz.fi\/blog\/wp-json\/wp\/v2\/types\/post"}],"author":[{"embeddable":true,"href":"https:\/\/andersadlercreutz.fi\/blog\/wp-json\/wp\/v2\/users\/1"}],"replies":[{"embeddable":true,"href":"https:\/\/andersadlercreutz.fi\/blog\/wp-json\/wp\/v2\/comments?post=10382"}],"version-history":[{"count":2,"href":"https:\/\/andersadlercreutz.fi\/blog\/wp-json\/wp\/v2\/posts\/10382\/revisions"}],"predecessor-version":[{"id":10384,"href":"https:\/\/andersadlercreutz.fi\/blog\/wp-json\/wp\/v2\/posts\/10382\/revisions\/10384"}],"wp:featuredmedia":[{"embeddable":true,"href":"https:\/\/andersadlercreutz.fi\/blog\/wp-json\/wp\/v2\/media\/10221"}],"wp:attachment":[{"href":"https:\/\/andersadlercreutz.fi\/blog\/wp-json\/wp\/v2\/media?parent=10382"}],"wp:term":[{"taxonomy":"category","embeddable":true,"href":"https:\/\/andersadlercreutz.fi\/blog\/wp-json\/wp\/v2\/categories?post=10382"},{"taxonomy":"post_tag","embeddable":true,"href":"https:\/\/andersadlercreutz.fi\/blog\/wp-json\/wp\/v2\/tags?post=10382"}],"curies":[{"name":"wp","href":"https:\/\/api.w.org\/{rel}","templated":true}]}}