{"id":10454,"date":"2025-05-08T15:02:24","date_gmt":"2025-05-08T12:02:24","guid":{"rendered":"https:\/\/andersadlercreutz.fi\/blog\/?p=10454"},"modified":"2025-05-08T15:04:20","modified_gmt":"2025-05-08T12:04:20","slug":"adlercreutz-vaikuttunut-nuorista-ammattilaisista-taitaja2025-tapahtumassa","status":"publish","type":"post","link":"https:\/\/andersadlercreutz.fi\/blog\/2yrittaminen\/adlercreutz-vaikuttunut-nuorista-ammattilaisista-taitaja2025-tapahtumassa\/?lang=fi","title":{"rendered":"Adlercreutz vaikuttunut nuorista ammattilaisista Taitaja2025 -tapahtumassa"},"content":{"rendered":"<div class=\"excerpt\">\n<p>Suomi tarvitsee osaavia ammattilaisia my\u00f6s tulevaisuudessa. T\u00e4ll\u00e4 viikolla Turussa j\u00e4rjestett\u00e4v\u00e4ss\u00e4 Taitaja2025-tapahtumassa kokoontuu satoja nuoria sek\u00e4 Suomesta ett\u00e4 useista muista maista kilpailemaan eri ammattitaidon lajeissa \u2013 rakennusalasta ja teollisuudesta palveluihin, ohjelmointiin, mediasuunnitteluun ja vaatteiden ompeluun. RKP:n puheenjohtaja, opetusministeri Anders Adlercreutz osallistui tapahtumaan ja tutustui muun muassa kansainv\u00e4liseen kokkikilpailuun, jossa Suomi ja Sveitsi\u2013Ranska ottivat toisistaan mittaa.<\/p>\n<\/div>\n<div class=\"resizable\">\n<p>\u2013 Olen todella vaikuttunut Suomen kokkimaajoukkueesta . Kilpakeitti\u00f6iss\u00e4 n\u00e4kyi korkeatasoinen ammattimaisuus, keskittyminen ja taito.\u00a0Tapahtumassa huokui se, kuinka vahvaa osaamista nuorillamme on, sanoo Adlercreutz.<\/p>\n<p>T\u00e4m\u00e4n vuoden Taitaja-tapahtuman teemana on \u201dAmmattitaidolla tulevaisuuteen\u201d, mik\u00e4 on hyvin ajankohtainen aihe aikana, jolloin ty\u00f6markkinat muuttuvat nopeasti. Hallitus on k\u00e4ynnist\u00e4nyt uudistuksia ammatillisen koulutuksen vahvistamiseksi ja tulossa on muun muassa kokeilu, jolla lis\u00e4t\u00e4\u00e4n koulutuksen j\u00e4rjest\u00e4jien autonomiaa muokata koulutusta paikallisten tarpeiden mukaan.<\/p>\n<p>\u2013 On ratkaisevan t\u00e4rke\u00e4\u00e4, ett\u00e4 koulutuksemme todella valmistavat opiskelijoita tulevaisuuteen. Meid\u00e4n on annettava nuorillemme v\u00e4lineet kasvaa, kehitty\u00e4 ja p\u00e4rj\u00e4t\u00e4 jatkuvasti muuttuvassa ty\u00f6el\u00e4m\u00e4ss\u00e4. Taitaja2025 osoittaa selv\u00e4sti, kuinka korkeatasoista ammatillinen koulutuksemme on, Adlercreutz sanoo.<\/p>\n<\/div>\n","protected":false},"excerpt":{"rendered":"<p>Suomi tarvitsee osaavia ammattilaisia my\u00f6s tulevaisuudessa. T\u00e4ll\u00e4 viikolla Turussa j\u00e4rjestett\u00e4v\u00e4ss\u00e4 Taitaja2025-tapahtumassa kokoontuu satoja nuoria sek\u00e4 Suomesta ett\u00e4 useista muista maista kilpailemaan eri ammattitaidon lajeissa \u2013 rakennusalasta ja teollisuudesta palveluihin, ohjelmointiin, mediasuunnitteluun ja vaatteiden ompeluun. RKP:n puheenjohtaja, opetusministeri Anders Adlercreutz osallistui tapahtumaan ja tutustui muun muassa kansainv\u00e4liseen kokkikilpailuun, jossa Suomi ja Sveitsi\u2013Ranska ottivat toisistaan mittaa. \u2013 [&hellip;]<\/p>\n","protected":false},"author":1,"featured_media":10451,"comment_status":"open","ping_status":"open","sticky":false,"template":"","format":"standard","meta":{"jetpack_post_was_ever_published":false,"_jetpack_newsletter_access":"","jetpack_publicize_message":"","jetpack_is_tweetstorm":false,"jetpack_publicize_feature_enabled":true,"jetpack_social_post_already_shared":true,"jetpack_social_options":{"image_generator_settings":{"template":"highway","enabled":false}}},"categories":[21,22,18,166,113,71,6,163,164,87,150],"tags":[],"jetpack_publicize_connections":[],"yoast_head":"<!-- This site is optimized with the Yoast SEO plugin v20.12 - https:\/\/yoast.com\/wordpress\/plugins\/seo\/ -->\n<title>Adlercreutz vaikuttunut nuorista ammattilaisista Taitaja2025 -tapahtumassa - Anders Adlercreutz<\/title>\n<meta name=\"robots\" content=\"index, follow, max-snippet:-1, max-image-preview:large, max-video-preview:-1\" \/>\n<link rel=\"canonical\" href=\"https:\/\/andersadlercreutz.fi\/blog\/2yrittaminen\/adlercreutz-vaikuttunut-nuorista-ammattilaisista-taitaja2025-tapahtumassa\/\" \/>\n<meta property=\"og:locale\" content=\"sv_SE\" \/>\n<meta property=\"og:type\" content=\"article\" \/>\n<meta property=\"og:title\" content=\"Adlercreutz vaikuttunut nuorista ammattilaisista Taitaja2025 -tapahtumassa - Anders Adlercreutz\" \/>\n<meta property=\"og:description\" content=\"Suomi tarvitsee osaavia ammattilaisia my\u00f6s tulevaisuudessa. T\u00e4ll\u00e4 viikolla Turussa j\u00e4rjestett\u00e4v\u00e4ss\u00e4 Taitaja2025-tapahtumassa kokoontuu satoja nuoria sek\u00e4 Suomesta ett\u00e4 useista muista maista kilpailemaan eri ammattitaidon lajeissa \u2013 rakennusalasta ja teollisuudesta palveluihin, ohjelmointiin, mediasuunnitteluun ja vaatteiden ompeluun. RKP:n puheenjohtaja, opetusministeri Anders Adlercreutz osallistui tapahtumaan ja tutustui muun muassa kansainv\u00e4liseen kokkikilpailuun, jossa Suomi ja Sveitsi\u2013Ranska ottivat toisistaan mittaa. \u2013 [&hellip;]\" \/>\n<meta property=\"og:url\" content=\"https:\/\/andersadlercreutz.fi\/blog\/2yrittaminen\/adlercreutz-vaikuttunut-nuorista-ammattilaisista-taitaja2025-tapahtumassa\/?lang=fi\" \/>\n<meta property=\"og:site_name\" content=\"Anders Adlercreutz\" \/>\n<meta property=\"article:published_time\" content=\"2025-05-08T12:02:24+00:00\" \/>\n<meta property=\"article:modified_time\" content=\"2025-05-08T12:04:20+00:00\" \/>\n<meta property=\"og:image\" content=\"https:\/\/andersadlercreutz.fi\/blog\/wp-content\/uploads\/2025\/05\/taitaja2025_0918-scaled-e1746705848525-1030x440.jpg\" \/>\n\t<meta property=\"og:image:width\" content=\"1030\" \/>\n\t<meta property=\"og:image:height\" content=\"440\" \/>\n\t<meta property=\"og:image:type\" content=\"image\/jpeg\" \/>\n<meta name=\"author\" content=\"Anders\" \/>\n<meta name=\"twitter:card\" content=\"summary_large_image\" \/>\n<meta name=\"twitter:label1\" content=\"Skriven av\" \/>\n\t<meta name=\"twitter:data1\" content=\"Anders\" \/>\n\t<meta name=\"twitter:label2\" content=\"Ber\u00e4knad l\u00e4stid\" \/>\n\t<meta name=\"twitter:data2\" content=\"1 minut\" \/>\n<script type=\"application\/ld+json\" class=\"yoast-schema-graph\">{\"@context\":\"https:\/\/schema.org\",\"@graph\":[{\"@type\":\"WebPage\",\"@id\":\"https:\/\/andersadlercreutz.fi\/blog\/2yrittaminen\/adlercreutz-vaikuttunut-nuorista-ammattilaisista-taitaja2025-tapahtumassa\/?lang=fi\",\"url\":\"https:\/\/andersadlercreutz.fi\/blog\/2yrittaminen\/adlercreutz-vaikuttunut-nuorista-ammattilaisista-taitaja2025-tapahtumassa\/?lang=fi\",\"name\":\"Adlercreutz vaikuttunut nuorista ammattilaisista Taitaja2025 -tapahtumassa - Anders Adlercreutz\",\"isPartOf\":{\"@id\":\"https:\/\/andersadlercreutz.fi\/blog\/#website\"},\"datePublished\":\"2025-05-08T12:02:24+00:00\",\"dateModified\":\"2025-05-08T12:04:20+00:00\",\"author\":{\"@id\":\"https:\/\/andersadlercreutz.fi\/blog\/#\/schema\/person\/47d4b72eded862b484f74bb4b3a2354f\"},\"breadcrumb\":{\"@id\":\"https:\/\/andersadlercreutz.fi\/blog\/2yrittaminen\/adlercreutz-vaikuttunut-nuorista-ammattilaisista-taitaja2025-tapahtumassa\/?lang=fi#breadcrumb\"},\"inLanguage\":\"sv-SE\",\"potentialAction\":[{\"@type\":\"ReadAction\",\"target\":[\"https:\/\/andersadlercreutz.fi\/blog\/2yrittaminen\/adlercreutz-vaikuttunut-nuorista-ammattilaisista-taitaja2025-tapahtumassa\/?lang=fi\"]}]},{\"@type\":\"BreadcrumbList\",\"@id\":\"https:\/\/andersadlercreutz.fi\/blog\/2yrittaminen\/adlercreutz-vaikuttunut-nuorista-ammattilaisista-taitaja2025-tapahtumassa\/?lang=fi#breadcrumb\",\"itemListElement\":[{\"@type\":\"ListItem\",\"position\":1,\"name\":\"Home\",\"item\":\"https:\/\/andersadlercreutz.fi\/blog\/blogg\/?lang=sv\"},{\"@type\":\"ListItem\",\"position\":2,\"name\":\"Adlercreutz vaikuttunut nuorista ammattilaisista Taitaja2025 -tapahtumassa\"}]},{\"@type\":\"WebSite\",\"@id\":\"https:\/\/andersadlercreutz.fi\/blog\/#website\",\"url\":\"https:\/\/andersadlercreutz.fi\/blog\/\",\"name\":\"Anders Adlercreutz\",\"description\":\"Du. Jag. Vi. Kest&auml;v&auml;sti optimisti\",\"potentialAction\":[{\"@type\":\"SearchAction\",\"target\":{\"@type\":\"EntryPoint\",\"urlTemplate\":\"https:\/\/andersadlercreutz.fi\/blog\/?s={search_term_string}\"},\"query-input\":\"required name=search_term_string\"}],\"inLanguage\":\"sv-SE\"},{\"@type\":\"Person\",\"@id\":\"https:\/\/andersadlercreutz.fi\/blog\/#\/schema\/person\/47d4b72eded862b484f74bb4b3a2354f\",\"name\":\"Anders\",\"image\":{\"@type\":\"ImageObject\",\"inLanguage\":\"sv-SE\",\"@id\":\"https:\/\/andersadlercreutz.fi\/blog\/#\/schema\/person\/image\/\",\"url\":\"https:\/\/secure.gravatar.com\/avatar\/a144c9bda7a581ff6fabba169027e620?s=96&d=mm&r=g\",\"contentUrl\":\"https:\/\/secure.gravatar.com\/avatar\/a144c9bda7a581ff6fabba169027e620?s=96&d=mm&r=g\",\"caption\":\"Anders\"},\"url\":\"https:\/\/andersadlercreutz.fi\/blog\/author\/admin\/\"}]}<\/script>\n<!-- \/ Yoast SEO plugin. -->","yoast_head_json":{"title":"Adlercreutz vaikuttunut nuorista ammattilaisista Taitaja2025 -tapahtumassa - Anders Adlercreutz","robots":{"index":"index","follow":"follow","max-snippet":"max-snippet:-1","max-image-preview":"max-image-preview:large","max-video-preview":"max-video-preview:-1"},"canonical":"https:\/\/andersadlercreutz.fi\/blog\/2yrittaminen\/adlercreutz-vaikuttunut-nuorista-ammattilaisista-taitaja2025-tapahtumassa\/","og_locale":"sv_SE","og_type":"article","og_title":"Adlercreutz vaikuttunut nuorista ammattilaisista Taitaja2025 -tapahtumassa - Anders Adlercreutz","og_description":"Suomi tarvitsee osaavia ammattilaisia my\u00f6s tulevaisuudessa. T\u00e4ll\u00e4 viikolla Turussa j\u00e4rjestett\u00e4v\u00e4ss\u00e4 Taitaja2025-tapahtumassa kokoontuu satoja nuoria sek\u00e4 Suomesta ett\u00e4 useista muista maista kilpailemaan eri ammattitaidon lajeissa \u2013 rakennusalasta ja teollisuudesta palveluihin, ohjelmointiin, mediasuunnitteluun ja vaatteiden ompeluun. RKP:n puheenjohtaja, opetusministeri Anders Adlercreutz osallistui tapahtumaan ja tutustui muun muassa kansainv\u00e4liseen kokkikilpailuun, jossa Suomi ja Sveitsi\u2013Ranska ottivat toisistaan mittaa. \u2013 [&hellip;]","og_url":"https:\/\/andersadlercreutz.fi\/blog\/2yrittaminen\/adlercreutz-vaikuttunut-nuorista-ammattilaisista-taitaja2025-tapahtumassa\/?lang=fi","og_site_name":"Anders Adlercreutz","article_published_time":"2025-05-08T12:02:24+00:00","article_modified_time":"2025-05-08T12:04:20+00:00","og_image":[{"width":1030,"height":440,"url":"https:\/\/andersadlercreutz.fi\/blog\/wp-content\/uploads\/2025\/05\/taitaja2025_0918-scaled-e1746705848525-1030x440.jpg","type":"image\/jpeg"}],"author":"Anders","twitter_card":"summary_large_image","twitter_misc":{"Skriven av":"Anders","Ber\u00e4knad l\u00e4stid":"1 minut"},"schema":{"@context":"https:\/\/schema.org","@graph":[{"@type":"WebPage","@id":"https:\/\/andersadlercreutz.fi\/blog\/2yrittaminen\/adlercreutz-vaikuttunut-nuorista-ammattilaisista-taitaja2025-tapahtumassa\/?lang=fi","url":"https:\/\/andersadlercreutz.fi\/blog\/2yrittaminen\/adlercreutz-vaikuttunut-nuorista-ammattilaisista-taitaja2025-tapahtumassa\/?lang=fi","name":"Adlercreutz vaikuttunut nuorista ammattilaisista Taitaja2025 -tapahtumassa - Anders Adlercreutz","isPartOf":{"@id":"https:\/\/andersadlercreutz.fi\/blog\/#website"},"datePublished":"2025-05-08T12:02:24+00:00","dateModified":"2025-05-08T12:04:20+00:00","author":{"@id":"https:\/\/andersadlercreutz.fi\/blog\/#\/schema\/person\/47d4b72eded862b484f74bb4b3a2354f"},"breadcrumb":{"@id":"https:\/\/andersadlercreutz.fi\/blog\/2yrittaminen\/adlercreutz-vaikuttunut-nuorista-ammattilaisista-taitaja2025-tapahtumassa\/?lang=fi#breadcrumb"},"inLanguage":"sv-SE","potentialAction":[{"@type":"ReadAction","target":["https:\/\/andersadlercreutz.fi\/blog\/2yrittaminen\/adlercreutz-vaikuttunut-nuorista-ammattilaisista-taitaja2025-tapahtumassa\/?lang=fi"]}]},{"@type":"BreadcrumbList","@id":"https:\/\/andersadlercreutz.fi\/blog\/2yrittaminen\/adlercreutz-vaikuttunut-nuorista-ammattilaisista-taitaja2025-tapahtumassa\/?lang=fi#breadcrumb","itemListElement":[{"@type":"ListItem","position":1,"name":"Home","item":"https:\/\/andersadlercreutz.fi\/blog\/blogg\/?lang=sv"},{"@type":"ListItem","position":2,"name":"Adlercreutz vaikuttunut nuorista ammattilaisista Taitaja2025 -tapahtumassa"}]},{"@type":"WebSite","@id":"https:\/\/andersadlercreutz.fi\/blog\/#website","url":"https:\/\/andersadlercreutz.fi\/blog\/","name":"Anders Adlercreutz","description":"Du. Jag. Vi. Kest&auml;v&auml;sti optimisti","potentialAction":[{"@type":"SearchAction","target":{"@type":"EntryPoint","urlTemplate":"https:\/\/andersadlercreutz.fi\/blog\/?s={search_term_string}"},"query-input":"required name=search_term_string"}],"inLanguage":"sv-SE"},{"@type":"Person","@id":"https:\/\/andersadlercreutz.fi\/blog\/#\/schema\/person\/47d4b72eded862b484f74bb4b3a2354f","name":"Anders","image":{"@type":"ImageObject","inLanguage":"sv-SE","@id":"https:\/\/andersadlercreutz.fi\/blog\/#\/schema\/person\/image\/","url":"https:\/\/secure.gravatar.com\/avatar\/a144c9bda7a581ff6fabba169027e620?s=96&d=mm&r=g","contentUrl":"https:\/\/secure.gravatar.com\/avatar\/a144c9bda7a581ff6fabba169027e620?s=96&d=mm&r=g","caption":"Anders"},"url":"https:\/\/andersadlercreutz.fi\/blog\/author\/admin\/"}]}},"jetpack_featured_media_url":"https:\/\/i0.wp.com\/andersadlercreutz.fi\/blog\/wp-content\/uploads\/2025\/05\/taitaja2025_0918-scaled-e1746705848525.jpg?fit=2560%2C1094&ssl=1","jetpack_shortlink":"https:\/\/wp.me\/p4T6Dh-2IC","jetpack_sharing_enabled":true,"_links":{"self":[{"href":"https:\/\/andersadlercreutz.fi\/blog\/wp-json\/wp\/v2\/posts\/10454"}],"collection":[{"href":"https:\/\/andersadlercreutz.fi\/blog\/wp-json\/wp\/v2\/posts"}],"about":[{"href":"https:\/\/andersadlercreutz.fi\/blog\/wp-json\/wp\/v2\/types\/post"}],"author":[{"embeddable":true,"href":"https:\/\/andersadlercreutz.fi\/blog\/wp-json\/wp\/v2\/users\/1"}],"replies":[{"embeddable":true,"href":"https:\/\/andersadlercreutz.fi\/blog\/wp-json\/wp\/v2\/comments?post=10454"}],"version-history":[{"count":2,"href":"https:\/\/andersadlercreutz.fi\/blog\/wp-json\/wp\/v2\/posts\/10454\/revisions"}],"predecessor-version":[{"id":10458,"href":"https:\/\/andersadlercreutz.fi\/blog\/wp-json\/wp\/v2\/posts\/10454\/revisions\/10458"}],"wp:featuredmedia":[{"embeddable":true,"href":"https:\/\/andersadlercreutz.fi\/blog\/wp-json\/wp\/v2\/media\/10451"}],"wp:attachment":[{"href":"https:\/\/andersadlercreutz.fi\/blog\/wp-json\/wp\/v2\/media?parent=10454"}],"wp:term":[{"taxonomy":"category","embeddable":true,"href":"https:\/\/andersadlercreutz.fi\/blog\/wp-json\/wp\/v2\/categories?post=10454"},{"taxonomy":"post_tag","embeddable":true,"href":"https:\/\/andersadlercreutz.fi\/blog\/wp-json\/wp\/v2\/tags?post=10454"}],"curies":[{"name":"wp","href":"https:\/\/api.w.org\/{rel}","templated":true}]}}