{"id":10520,"date":"2025-05-19T21:10:47","date_gmt":"2025-05-19T18:10:47","guid":{"rendered":"https:\/\/andersadlercreutz.fi\/blog\/uncategorized\/om-laget-i-israel-och-palestina\/"},"modified":"2025-05-19T21:37:11","modified_gmt":"2025-05-19T18:37:11","slug":"palestiinan-ja-israelin-tilanteesta","status":"publish","type":"post","link":"https:\/\/andersadlercreutz.fi\/blog\/blog\/palestiinan-ja-israelin-tilanteesta\/?lang=fi","title":{"rendered":"Palestiinan ja Israelin tilanteesta"},"content":{"rendered":"<p><span style=\"font-weight: 400;\">Suomen linja on selv\u00e4: tuemme kahden valtion ratkaisua Israelin ja Palestiinan v\u00e4lille. Ratkaisua, jossa molemmat valtiot kunnioittavat kansainv\u00e4list\u00e4 oikeutta, YK:n p\u00e4\u00e4t\u00f6slauselmia ja toistensa oikeutta olemassaoloon. Kest\u00e4v\u00e4 rauha ei voi rakentua muun varaan.<\/span><\/p>\n<p><span style=\"font-weight: 400;\">Nykyiset toimet eiv\u00e4t ole tuottaneet tulosta. Humanitaarinen apu on saatava Gazaan, ja siviilien k\u00e4rsimyksen on loputtava. Suomi on my\u00f6s t\u00e4n\u00e4\u00e4n vaatinut, ett\u00e4 humanitaarinen apu jatkuu v\u00e4litt\u00f6m\u00e4sti. Gazan v\u00e4est\u00f6n pakkosiirrot ovat sotarikos. Meid\u00e4n on lis\u00e4tt\u00e4v\u00e4 painetta tulitauon saavuttamiseksi ja p\u00e4\u00e4st\u00e4v\u00e4 todellisiin neuvotteluihin kahden valtion mallista. Siksi my\u00f6s Palestiinan tunnustaminen on t\u00e4rke\u00e4 \u2013 ja v\u00e4ltt\u00e4m\u00e4t\u00f6n \u2013 osa neuvotteluja, jos kahden valtion ratkaisu aiotaan toteuttaa.<\/span><\/p>\n<p><span style=\"font-weight: 400;\">Kaksi itsen\u00e4ist\u00e4 valtiota on ainoa kest\u00e4v\u00e4 tie kohti tilannetta, jossa Israelin olemassaolo on turvattu ja palestiinalaiset voivat el\u00e4\u00e4 vapaasti omassa maassaan.<\/span><\/p>\n<p><span style=\"font-weight: 400;\">T\u00e4ll\u00e4 hetkell\u00e4 kahden valtion ratkaisu tuntuu et\u00e4iselt\u00e4. Hamasin julma hy\u00f6kk\u00e4ys johti Israelin vastatoimiin, joiden mittaluokka on saanut kansainv\u00e4lisen rikostuomioistuimen arvioimaan, t\u00e4yttyv\u00e4tk\u00f6 kansanmurhan tunnusmerkit.<\/span><\/p>\n<p><span style=\"font-weight: 400;\">Gaza on tuhoutumassa, ja ihmisten k\u00e4rsimys on hirvitt\u00e4v\u00e4\u00e4.<\/span><\/p>\n<p><span style=\"font-weight: 400;\">Israelin johtavien poliitikkojen puheista v\u00e4littyy my\u00f6s kuva, ett\u00e4 tavoitteena ei ole en\u00e4\u00e4 vain Hamasin uhkan poistaminen. Suunnitelmat pakkosiirroista vahvistavat t\u00e4t\u00e4 vaikutelmaa.<\/span><\/p>\n<p><span style=\"font-weight: 400;\">Suomi on todennut, ett\u00e4 tunnustamme Palestiinan, kun aika on oikea. Kysymys kuuluu: milloin se aika on?<\/span><\/p>\n<p><span style=\"font-weight: 400;\">Ihanteellinen hetki olisi silloin, kun alueet on selke\u00e4sti m\u00e4\u00e4ritelty ja molemmat osapuolet tunnustavat toisensa ja ovat valmiita vuoropuheluun. Emme ole viel\u00e4 siin\u00e4 tilanteessa. Mutta on my\u00f6s selv\u00e4\u00e4, ettei nykyinen kehitys vie meit\u00e4 l\u00e4hemm\u00e4s sit\u00e4. Hamas pit\u00e4\u00e4 edelleen panttivankeja, Israel tuhoaa Gazaa, ja ihmiset \u2013 lapset, aikuiset, vanhukset \u2013 kuolevat ja k\u00e4rsiv\u00e4t saarron ja pommitusten seurauksena.<\/span><\/p>\n<p><span style=\"font-weight: 400;\">Mit\u00e4 Suomen pit\u00e4isi tehd\u00e4?<\/span><\/p>\n<p><span style=\"font-weight: 400;\">Koska tavoitteemme on kahden valtion ratkaisu, ei olisi dramaattista tunnustaa n\u00e4iden valtioiden olemassaolo jo nyt. Huomio kohdistuu nyt Gazaan, mutta my\u00f6s L\u00e4nsirannalla toimii palestiinalaishallinto.<\/span><\/p>\n<p><span style=\"font-weight: 400;\">Alueen tilanne on monimutkainen. Gazaa on hallinnut Hamas, jonka sek\u00e4 EU ett\u00e4 YK on luokitellut terroristij\u00e4rjest\u00f6ksi \u2013 se ei ole legitiimi neuvotteluosapuoli. L\u00e4nsirannan hallintoa johtaa Fatah, jonka toiminta sekin j\u00e4tt\u00e4\u00e4 toivomisen varaa. Ratkaisuun tarvitaan my\u00f6s alueen suurten valtioiden osallistumista.<\/span><\/p>\n<p><span style=\"font-weight: 400;\">132 maata on jo tunnustanut Palestiinan. Jotta todellinen rauhanprosessi voisi k\u00e4ynnisty\u00e4, painetta on lis\u00e4tt\u00e4v\u00e4. T\u00e4ll\u00e4 hetkell\u00e4 tilanne k\u00e4rjistyy p\u00e4iv\u00e4 p\u00e4iv\u00e4lt\u00e4, ja mahdollisuus kasvattaa sukupolvi, joka uskoo rauhaan ja keskin\u00e4iseen kunnioitukseen, heikkenee.<\/span><\/p>\n<p><span style=\"font-weight: 400;\">Tosiasia on, ettei Palestiinasta tule viel\u00e4 pitk\u00e4\u00e4n aikaan t\u00e4ysin toimivaa valtiota. Suomen Palestiinan tunnustaminen koskisi ep\u00e4t\u00e4ydellist\u00e4 valtiota. Se on v\u00e4ist\u00e4m\u00e4t\u00f6nt\u00e4, ja se meid\u00e4n on hyv\u00e4ksytt\u00e4v\u00e4.<\/span><\/p>\n<p><span style=\"font-weight: 400;\">Olen tietoinen siit\u00e4, ettei hallituksessa t\u00e4ll\u00e4 hetkell\u00e4 ole t\u00e4st\u00e4 asiasta yksimielisyytt\u00e4. My\u00f6s Tasavallan presidentin kanta vaikuttaa ratkaisevasti siihen, miten Suomi toimii. T\u00e4m\u00e4 keskustelu on k\u00e4yt\u00e4v\u00e4.<\/span><\/p>\n","protected":false},"excerpt":{"rendered":"<p>Suomen linja on selv\u00e4: tuemme kahden valtion ratkaisua Israelin ja Palestiinan v\u00e4lille. Ratkaisua, jossa molemmat valtiot kunnioittavat kansainv\u00e4list\u00e4 oikeutta, YK:n p\u00e4\u00e4t\u00f6slauselmia ja toistensa oikeutta olemassaoloon. Kest\u00e4v\u00e4 rauha ei voi rakentua muun varaan. Nykyiset toimet eiv\u00e4t ole tuottaneet tulosta. Humanitaarinen apu on saatava Gazaan, ja siviilien k\u00e4rsimyksen on loputtava. Suomi on my\u00f6s t\u00e4n\u00e4\u00e4n vaatinut, ett\u00e4 humanitaarinen [&hellip;]<\/p>\n","protected":false},"author":1,"featured_media":10513,"comment_status":"open","ping_status":"open","sticky":false,"template":"","format":"standard","meta":{"jetpack_post_was_ever_published":false,"_jetpack_newsletter_access":"","jetpack_publicize_message":"","jetpack_is_tweetstorm":false,"jetpack_publicize_feature_enabled":true,"jetpack_social_post_already_shared":true,"jetpack_social_options":{"image_generator_settings":{"template":"highway","enabled":false}}},"categories":[18],"tags":[],"jetpack_publicize_connections":[],"yoast_head":"<!-- This site is optimized with the Yoast SEO plugin v20.12 - https:\/\/yoast.com\/wordpress\/plugins\/seo\/ -->\n<title>Palestiinan ja Israelin tilanteesta - Anders Adlercreutz<\/title>\n<meta name=\"robots\" content=\"index, follow, max-snippet:-1, max-image-preview:large, max-video-preview:-1\" \/>\n<link rel=\"canonical\" href=\"https:\/\/andersadlercreutz.fi\/blog\/blog\/palestiinan-ja-israelin-tilanteesta\/\" \/>\n<meta property=\"og:locale\" content=\"sv_SE\" \/>\n<meta property=\"og:type\" content=\"article\" \/>\n<meta property=\"og:title\" content=\"Palestiinan ja Israelin tilanteesta - Anders Adlercreutz\" \/>\n<meta property=\"og:description\" content=\"Suomen linja on selv\u00e4: tuemme kahden valtion ratkaisua Israelin ja Palestiinan v\u00e4lille. Ratkaisua, jossa molemmat valtiot kunnioittavat kansainv\u00e4list\u00e4 oikeutta, YK:n p\u00e4\u00e4t\u00f6slauselmia ja toistensa oikeutta olemassaoloon. Kest\u00e4v\u00e4 rauha ei voi rakentua muun varaan. Nykyiset toimet eiv\u00e4t ole tuottaneet tulosta. Humanitaarinen apu on saatava Gazaan, ja siviilien k\u00e4rsimyksen on loputtava. Suomi on my\u00f6s t\u00e4n\u00e4\u00e4n vaatinut, ett\u00e4 humanitaarinen [&hellip;]\" \/>\n<meta property=\"og:url\" content=\"https:\/\/andersadlercreutz.fi\/blog\/blog\/palestiinan-ja-israelin-tilanteesta\/?lang=fi\" \/>\n<meta property=\"og:site_name\" content=\"Anders Adlercreutz\" \/>\n<meta property=\"article:published_time\" content=\"2025-05-19T18:10:47+00:00\" \/>\n<meta property=\"article:modified_time\" content=\"2025-05-19T18:37:11+00:00\" \/>\n<meta property=\"og:image\" content=\"https:\/\/andersadlercreutz.fi\/blog\/wp-content\/uploads\/2025\/05\/0S6A0163-Enhanced-NR-copy-1030x687.jpg\" \/>\n\t<meta property=\"og:image:width\" content=\"1030\" \/>\n\t<meta property=\"og:image:height\" content=\"687\" \/>\n\t<meta property=\"og:image:type\" content=\"image\/jpeg\" \/>\n<meta name=\"author\" content=\"Anders\" \/>\n<meta name=\"twitter:card\" content=\"summary_large_image\" \/>\n<meta name=\"twitter:label1\" content=\"Skriven av\" \/>\n\t<meta name=\"twitter:data1\" content=\"Anders\" \/>\n\t<meta name=\"twitter:label2\" content=\"Ber\u00e4knad l\u00e4stid\" \/>\n\t<meta name=\"twitter:data2\" content=\"2 minuter\" \/>\n<script type=\"application\/ld+json\" class=\"yoast-schema-graph\">{\"@context\":\"https:\/\/schema.org\",\"@graph\":[{\"@type\":\"WebPage\",\"@id\":\"https:\/\/andersadlercreutz.fi\/blog\/blog\/palestiinan-ja-israelin-tilanteesta\/?lang=fi\",\"url\":\"https:\/\/andersadlercreutz.fi\/blog\/blog\/palestiinan-ja-israelin-tilanteesta\/?lang=fi\",\"name\":\"Palestiinan ja Israelin tilanteesta - Anders Adlercreutz\",\"isPartOf\":{\"@id\":\"https:\/\/andersadlercreutz.fi\/blog\/#website\"},\"datePublished\":\"2025-05-19T18:10:47+00:00\",\"dateModified\":\"2025-05-19T18:37:11+00:00\",\"author\":{\"@id\":\"https:\/\/andersadlercreutz.fi\/blog\/#\/schema\/person\/47d4b72eded862b484f74bb4b3a2354f\"},\"breadcrumb\":{\"@id\":\"https:\/\/andersadlercreutz.fi\/blog\/blog\/palestiinan-ja-israelin-tilanteesta\/?lang=fi#breadcrumb\"},\"inLanguage\":\"sv-SE\",\"potentialAction\":[{\"@type\":\"ReadAction\",\"target\":[\"https:\/\/andersadlercreutz.fi\/blog\/blog\/palestiinan-ja-israelin-tilanteesta\/?lang=fi\"]}]},{\"@type\":\"BreadcrumbList\",\"@id\":\"https:\/\/andersadlercreutz.fi\/blog\/blog\/palestiinan-ja-israelin-tilanteesta\/?lang=fi#breadcrumb\",\"itemListElement\":[{\"@type\":\"ListItem\",\"position\":1,\"name\":\"Home\",\"item\":\"https:\/\/andersadlercreutz.fi\/blog\/blogg\/?lang=sv\"},{\"@type\":\"ListItem\",\"position\":2,\"name\":\"Palestiinan ja Israelin tilanteesta\"}]},{\"@type\":\"WebSite\",\"@id\":\"https:\/\/andersadlercreutz.fi\/blog\/#website\",\"url\":\"https:\/\/andersadlercreutz.fi\/blog\/\",\"name\":\"Anders Adlercreutz\",\"description\":\"Du. Jag. Vi. Kest&auml;v&auml;sti optimisti\",\"potentialAction\":[{\"@type\":\"SearchAction\",\"target\":{\"@type\":\"EntryPoint\",\"urlTemplate\":\"https:\/\/andersadlercreutz.fi\/blog\/?s={search_term_string}\"},\"query-input\":\"required name=search_term_string\"}],\"inLanguage\":\"sv-SE\"},{\"@type\":\"Person\",\"@id\":\"https:\/\/andersadlercreutz.fi\/blog\/#\/schema\/person\/47d4b72eded862b484f74bb4b3a2354f\",\"name\":\"Anders\",\"image\":{\"@type\":\"ImageObject\",\"inLanguage\":\"sv-SE\",\"@id\":\"https:\/\/andersadlercreutz.fi\/blog\/#\/schema\/person\/image\/\",\"url\":\"https:\/\/secure.gravatar.com\/avatar\/a144c9bda7a581ff6fabba169027e620?s=96&d=mm&r=g\",\"contentUrl\":\"https:\/\/secure.gravatar.com\/avatar\/a144c9bda7a581ff6fabba169027e620?s=96&d=mm&r=g\",\"caption\":\"Anders\"},\"url\":\"https:\/\/andersadlercreutz.fi\/blog\/author\/admin\/\"}]}<\/script>\n<!-- \/ Yoast SEO plugin. -->","yoast_head_json":{"title":"Palestiinan ja Israelin tilanteesta - Anders Adlercreutz","robots":{"index":"index","follow":"follow","max-snippet":"max-snippet:-1","max-image-preview":"max-image-preview:large","max-video-preview":"max-video-preview:-1"},"canonical":"https:\/\/andersadlercreutz.fi\/blog\/blog\/palestiinan-ja-israelin-tilanteesta\/","og_locale":"sv_SE","og_type":"article","og_title":"Palestiinan ja Israelin tilanteesta - Anders Adlercreutz","og_description":"Suomen linja on selv\u00e4: tuemme kahden valtion ratkaisua Israelin ja Palestiinan v\u00e4lille. Ratkaisua, jossa molemmat valtiot kunnioittavat kansainv\u00e4list\u00e4 oikeutta, YK:n p\u00e4\u00e4t\u00f6slauselmia ja toistensa oikeutta olemassaoloon. Kest\u00e4v\u00e4 rauha ei voi rakentua muun varaan. Nykyiset toimet eiv\u00e4t ole tuottaneet tulosta. Humanitaarinen apu on saatava Gazaan, ja siviilien k\u00e4rsimyksen on loputtava. Suomi on my\u00f6s t\u00e4n\u00e4\u00e4n vaatinut, ett\u00e4 humanitaarinen [&hellip;]","og_url":"https:\/\/andersadlercreutz.fi\/blog\/blog\/palestiinan-ja-israelin-tilanteesta\/?lang=fi","og_site_name":"Anders Adlercreutz","article_published_time":"2025-05-19T18:10:47+00:00","article_modified_time":"2025-05-19T18:37:11+00:00","og_image":[{"width":1030,"height":687,"url":"https:\/\/andersadlercreutz.fi\/blog\/wp-content\/uploads\/2025\/05\/0S6A0163-Enhanced-NR-copy-1030x687.jpg","type":"image\/jpeg"}],"author":"Anders","twitter_card":"summary_large_image","twitter_misc":{"Skriven av":"Anders","Ber\u00e4knad l\u00e4stid":"2 minuter"},"schema":{"@context":"https:\/\/schema.org","@graph":[{"@type":"WebPage","@id":"https:\/\/andersadlercreutz.fi\/blog\/blog\/palestiinan-ja-israelin-tilanteesta\/?lang=fi","url":"https:\/\/andersadlercreutz.fi\/blog\/blog\/palestiinan-ja-israelin-tilanteesta\/?lang=fi","name":"Palestiinan ja Israelin tilanteesta - Anders Adlercreutz","isPartOf":{"@id":"https:\/\/andersadlercreutz.fi\/blog\/#website"},"datePublished":"2025-05-19T18:10:47+00:00","dateModified":"2025-05-19T18:37:11+00:00","author":{"@id":"https:\/\/andersadlercreutz.fi\/blog\/#\/schema\/person\/47d4b72eded862b484f74bb4b3a2354f"},"breadcrumb":{"@id":"https:\/\/andersadlercreutz.fi\/blog\/blog\/palestiinan-ja-israelin-tilanteesta\/?lang=fi#breadcrumb"},"inLanguage":"sv-SE","potentialAction":[{"@type":"ReadAction","target":["https:\/\/andersadlercreutz.fi\/blog\/blog\/palestiinan-ja-israelin-tilanteesta\/?lang=fi"]}]},{"@type":"BreadcrumbList","@id":"https:\/\/andersadlercreutz.fi\/blog\/blog\/palestiinan-ja-israelin-tilanteesta\/?lang=fi#breadcrumb","itemListElement":[{"@type":"ListItem","position":1,"name":"Home","item":"https:\/\/andersadlercreutz.fi\/blog\/blogg\/?lang=sv"},{"@type":"ListItem","position":2,"name":"Palestiinan ja Israelin tilanteesta"}]},{"@type":"WebSite","@id":"https:\/\/andersadlercreutz.fi\/blog\/#website","url":"https:\/\/andersadlercreutz.fi\/blog\/","name":"Anders Adlercreutz","description":"Du. Jag. Vi. Kest&auml;v&auml;sti optimisti","potentialAction":[{"@type":"SearchAction","target":{"@type":"EntryPoint","urlTemplate":"https:\/\/andersadlercreutz.fi\/blog\/?s={search_term_string}"},"query-input":"required name=search_term_string"}],"inLanguage":"sv-SE"},{"@type":"Person","@id":"https:\/\/andersadlercreutz.fi\/blog\/#\/schema\/person\/47d4b72eded862b484f74bb4b3a2354f","name":"Anders","image":{"@type":"ImageObject","inLanguage":"sv-SE","@id":"https:\/\/andersadlercreutz.fi\/blog\/#\/schema\/person\/image\/","url":"https:\/\/secure.gravatar.com\/avatar\/a144c9bda7a581ff6fabba169027e620?s=96&d=mm&r=g","contentUrl":"https:\/\/secure.gravatar.com\/avatar\/a144c9bda7a581ff6fabba169027e620?s=96&d=mm&r=g","caption":"Anders"},"url":"https:\/\/andersadlercreutz.fi\/blog\/author\/admin\/"}]}},"jetpack_featured_media_url":"https:\/\/i0.wp.com\/andersadlercreutz.fi\/blog\/wp-content\/uploads\/2025\/05\/0S6A0163-Enhanced-NR-copy-scaled.jpg?fit=2560%2C1707&ssl=1","jetpack_shortlink":"https:\/\/wp.me\/p4T6Dh-2JG","jetpack_sharing_enabled":true,"_links":{"self":[{"href":"https:\/\/andersadlercreutz.fi\/blog\/wp-json\/wp\/v2\/posts\/10520"}],"collection":[{"href":"https:\/\/andersadlercreutz.fi\/blog\/wp-json\/wp\/v2\/posts"}],"about":[{"href":"https:\/\/andersadlercreutz.fi\/blog\/wp-json\/wp\/v2\/types\/post"}],"author":[{"embeddable":true,"href":"https:\/\/andersadlercreutz.fi\/blog\/wp-json\/wp\/v2\/users\/1"}],"replies":[{"embeddable":true,"href":"https:\/\/andersadlercreutz.fi\/blog\/wp-json\/wp\/v2\/comments?post=10520"}],"version-history":[{"count":4,"href":"https:\/\/andersadlercreutz.fi\/blog\/wp-json\/wp\/v2\/posts\/10520\/revisions"}],"predecessor-version":[{"id":10597,"href":"https:\/\/andersadlercreutz.fi\/blog\/wp-json\/wp\/v2\/posts\/10520\/revisions\/10597"}],"wp:featuredmedia":[{"embeddable":true,"href":"https:\/\/andersadlercreutz.fi\/blog\/wp-json\/wp\/v2\/media\/10513"}],"wp:attachment":[{"href":"https:\/\/andersadlercreutz.fi\/blog\/wp-json\/wp\/v2\/media?parent=10520"}],"wp:term":[{"taxonomy":"category","embeddable":true,"href":"https:\/\/andersadlercreutz.fi\/blog\/wp-json\/wp\/v2\/categories?post=10520"},{"taxonomy":"post_tag","embeddable":true,"href":"https:\/\/andersadlercreutz.fi\/blog\/wp-json\/wp\/v2\/tags?post=10520"}],"curies":[{"name":"wp","href":"https:\/\/api.w.org\/{rel}","templated":true}]}}