{"id":10624,"date":"2025-06-16T17:24:43","date_gmt":"2025-06-16T14:24:43","guid":{"rendered":"https:\/\/andersadlercreutz.fi\/blog\/?p=10624"},"modified":"2025-06-16T17:24:43","modified_gmt":"2025-06-16T14:24:43","slug":"adlercreutz-puoluekokouksessa-vaasassa-suomi-tarvitsee-vahvan-rkpn","status":"publish","type":"post","link":"https:\/\/andersadlercreutz.fi\/blog\/blog\/adlercreutz-puoluekokouksessa-vaasassa-suomi-tarvitsee-vahvan-rkpn\/?lang=fi","title":{"rendered":"Adlercreutz puoluekokouksessa Vaasassa: Suomi tarvitsee vahvan RKP:n"},"content":{"rendered":"<div class=\"excerpt\">\n<p>RKP kokoontuu puoluekokoukseensa Vaasassa 14.\u201315. kes\u00e4kuuta. RKP:n puheenjohtaja, opetusministeri Anders Adlercreutz korosti linjapuheessaan RKP:n roolia suomalaisessa politiikassa, sek\u00e4 sit\u00e4 mahdollisuutta, joka RKP:ll\u00e4 liberaalina, porvarillisena puolueena on tavoittaa yh\u00e4 useampia.<\/p>\n<\/div>\n<div class=\"resizable\">\n<p>\u2013 N\u00e4emme uusia, arvoihin perustuvia vastakkainasetteluja: avoimuuden ja pelon, yhteisty\u00f6n ja vastakkainasettelun, vapauden ja kontrollin v\u00e4lill\u00e4. Ihmiset eiv\u00e4t ainoastaan ole eri mielt\u00e4, vaan tuntevat my\u00f6s ep\u00e4luottamusta ja vihaa toistensa mielipiteit\u00e4 kohtaan, sanoo Adlercreutz.<\/p>\n<p>\u2013 Kun politiikasta tulee tunteiden taistelu rakentavan vuoropuhelun sijaan, me menet\u00e4mme kykymme kuunnella. Menet\u00e4mme kykymme l\u00f6yt\u00e4\u00e4 ratkaisuja ja kykymme rakentaa yhteist\u00e4 huomista. Juuri se \u2013 kykymme tehd\u00e4 yhteisty\u00f6t\u00e4 \u2013 on ollut yhteiskuntamme vahvuus, Adlercreutz sanoo.<\/p>\n<p>\u2013 Siksi Suomi tarvitsee puolueen, joka on utelias ja etsii ratkaisuja \u2013 puolueen, joka ei kaivaudu poteroihin tai sorru populismiin. RKP kantaa vastuuta my\u00f6s vaikeina aikoina. Suomi tarvitsee vahvan RKP:n, sanoo Adlercreutz.<\/p>\n<p>Puheessaan Adlercreutz nosti esiin my\u00f6s tarpeen perustaa perustuslakituomioistuin Suomeen.<\/p>\n<p>\u2013 Se, ett\u00e4 perustuslakivaliokunnan puheenjohtajuudesta on tullut poliittinen pelinappula, on todiste siit\u00e4, ett\u00e4 valiokunta n\u00e4hd\u00e4\u00e4n poliittisena toimijana. T\u00e4m\u00e4 ei ole hyv\u00e4 asia. Tarvitsemme perustuslakivaliokunnan, mutta my\u00f6s j\u00e4lkik\u00e4teistarkastuksen, jossa oikeusoppineet, jolla ei ole kytk\u00f6ksi\u00e4 p\u00e4iv\u00e4npolitiikkaan, arvioisivat esityksi\u00e4, sanoo Adlercreutz.<\/p>\n<p>\u2013 Siksi Suomi tarvitsee perustuslakituomioistuimen, jotta perustuslakitulkinnalla ei teht\u00e4isi politiikkaa, sanoo Adlercreutz.<\/p>\n<\/div>\n","protected":false},"excerpt":{"rendered":"<p>RKP kokoontuu puoluekokoukseensa Vaasassa 14.\u201315. kes\u00e4kuuta. RKP:n puheenjohtaja, opetusministeri Anders Adlercreutz korosti linjapuheessaan RKP:n roolia suomalaisessa politiikassa, sek\u00e4 sit\u00e4 mahdollisuutta, joka RKP:ll\u00e4 liberaalina, porvarillisena puolueena on tavoittaa yh\u00e4 useampia. \u2013 N\u00e4emme uusia, arvoihin perustuvia vastakkainasetteluja: avoimuuden ja pelon, yhteisty\u00f6n ja vastakkainasettelun, vapauden ja kontrollin v\u00e4lill\u00e4. Ihmiset eiv\u00e4t ainoastaan ole eri mielt\u00e4, vaan tuntevat my\u00f6s ep\u00e4luottamusta [&hellip;]<\/p>\n","protected":false},"author":1,"featured_media":10621,"comment_status":"open","ping_status":"open","sticky":false,"template":"","format":"standard","meta":{"jetpack_post_was_ever_published":false,"_jetpack_newsletter_access":"","jetpack_publicize_message":"","jetpack_is_tweetstorm":false,"jetpack_publicize_feature_enabled":true,"jetpack_social_post_already_shared":true,"jetpack_social_options":{"image_generator_settings":{"template":"highway","enabled":false}}},"categories":[18,118,87],"tags":[],"jetpack_publicize_connections":[],"yoast_head":"<!-- This site is optimized with the Yoast SEO plugin v20.12 - https:\/\/yoast.com\/wordpress\/plugins\/seo\/ -->\n<title>Adlercreutz puoluekokouksessa Vaasassa: Suomi tarvitsee vahvan RKP:n - Anders Adlercreutz<\/title>\n<meta name=\"robots\" content=\"index, follow, max-snippet:-1, max-image-preview:large, max-video-preview:-1\" \/>\n<link rel=\"canonical\" href=\"https:\/\/andersadlercreutz.fi\/blog\/blog\/adlercreutz-puoluekokouksessa-vaasassa-suomi-tarvitsee-vahvan-rkpn\/\" \/>\n<meta property=\"og:locale\" content=\"sv_SE\" \/>\n<meta property=\"og:type\" content=\"article\" \/>\n<meta property=\"og:title\" content=\"Adlercreutz puoluekokouksessa Vaasassa: Suomi tarvitsee vahvan RKP:n - Anders Adlercreutz\" \/>\n<meta property=\"og:description\" content=\"RKP kokoontuu puoluekokoukseensa Vaasassa 14.\u201315. kes\u00e4kuuta. RKP:n puheenjohtaja, opetusministeri Anders Adlercreutz korosti linjapuheessaan RKP:n roolia suomalaisessa politiikassa, sek\u00e4 sit\u00e4 mahdollisuutta, joka RKP:ll\u00e4 liberaalina, porvarillisena puolueena on tavoittaa yh\u00e4 useampia. \u2013 N\u00e4emme uusia, arvoihin perustuvia vastakkainasetteluja: avoimuuden ja pelon, yhteisty\u00f6n ja vastakkainasettelun, vapauden ja kontrollin v\u00e4lill\u00e4. Ihmiset eiv\u00e4t ainoastaan ole eri mielt\u00e4, vaan tuntevat my\u00f6s ep\u00e4luottamusta [&hellip;]\" \/>\n<meta property=\"og:url\" content=\"https:\/\/andersadlercreutz.fi\/blog\/blog\/adlercreutz-puoluekokouksessa-vaasassa-suomi-tarvitsee-vahvan-rkpn\/?lang=fi\" \/>\n<meta property=\"og:site_name\" content=\"Anders Adlercreutz\" \/>\n<meta property=\"article:published_time\" content=\"2025-06-16T14:24:43+00:00\" \/>\n<meta property=\"og:image\" content=\"https:\/\/andersadlercreutz.fi\/blog\/wp-content\/uploads\/2025\/06\/WhatsApp-Image-2025-06-16-at-17.23.04.jpeg\" \/>\n\t<meta property=\"og:image:width\" content=\"1772\" \/>\n\t<meta property=\"og:image:height\" content=\"1181\" \/>\n\t<meta property=\"og:image:type\" content=\"image\/jpeg\" \/>\n<meta name=\"author\" content=\"Anders\" \/>\n<meta name=\"twitter:card\" content=\"summary_large_image\" \/>\n<meta name=\"twitter:label1\" content=\"Skriven av\" \/>\n\t<meta name=\"twitter:data1\" content=\"Anders\" \/>\n\t<meta name=\"twitter:label2\" content=\"Ber\u00e4knad l\u00e4stid\" \/>\n\t<meta name=\"twitter:data2\" content=\"1 minut\" \/>\n<script type=\"application\/ld+json\" class=\"yoast-schema-graph\">{\"@context\":\"https:\/\/schema.org\",\"@graph\":[{\"@type\":\"WebPage\",\"@id\":\"https:\/\/andersadlercreutz.fi\/blog\/blog\/adlercreutz-puoluekokouksessa-vaasassa-suomi-tarvitsee-vahvan-rkpn\/?lang=fi\",\"url\":\"https:\/\/andersadlercreutz.fi\/blog\/blog\/adlercreutz-puoluekokouksessa-vaasassa-suomi-tarvitsee-vahvan-rkpn\/?lang=fi\",\"name\":\"Adlercreutz puoluekokouksessa Vaasassa: Suomi tarvitsee vahvan RKP:n - Anders Adlercreutz\",\"isPartOf\":{\"@id\":\"https:\/\/andersadlercreutz.fi\/blog\/#website\"},\"datePublished\":\"2025-06-16T14:24:43+00:00\",\"dateModified\":\"2025-06-16T14:24:43+00:00\",\"author\":{\"@id\":\"https:\/\/andersadlercreutz.fi\/blog\/#\/schema\/person\/47d4b72eded862b484f74bb4b3a2354f\"},\"breadcrumb\":{\"@id\":\"https:\/\/andersadlercreutz.fi\/blog\/blog\/adlercreutz-puoluekokouksessa-vaasassa-suomi-tarvitsee-vahvan-rkpn\/?lang=fi#breadcrumb\"},\"inLanguage\":\"sv-SE\",\"potentialAction\":[{\"@type\":\"ReadAction\",\"target\":[\"https:\/\/andersadlercreutz.fi\/blog\/blog\/adlercreutz-puoluekokouksessa-vaasassa-suomi-tarvitsee-vahvan-rkpn\/?lang=fi\"]}]},{\"@type\":\"BreadcrumbList\",\"@id\":\"https:\/\/andersadlercreutz.fi\/blog\/blog\/adlercreutz-puoluekokouksessa-vaasassa-suomi-tarvitsee-vahvan-rkpn\/?lang=fi#breadcrumb\",\"itemListElement\":[{\"@type\":\"ListItem\",\"position\":1,\"name\":\"Home\",\"item\":\"https:\/\/andersadlercreutz.fi\/blog\/blogg\/?lang=sv\"},{\"@type\":\"ListItem\",\"position\":2,\"name\":\"Adlercreutz puoluekokouksessa Vaasassa: Suomi tarvitsee vahvan RKP:n\"}]},{\"@type\":\"WebSite\",\"@id\":\"https:\/\/andersadlercreutz.fi\/blog\/#website\",\"url\":\"https:\/\/andersadlercreutz.fi\/blog\/\",\"name\":\"Anders Adlercreutz\",\"description\":\"Du. Jag. Vi. Kest&auml;v&auml;sti optimisti\",\"potentialAction\":[{\"@type\":\"SearchAction\",\"target\":{\"@type\":\"EntryPoint\",\"urlTemplate\":\"https:\/\/andersadlercreutz.fi\/blog\/?s={search_term_string}\"},\"query-input\":\"required name=search_term_string\"}],\"inLanguage\":\"sv-SE\"},{\"@type\":\"Person\",\"@id\":\"https:\/\/andersadlercreutz.fi\/blog\/#\/schema\/person\/47d4b72eded862b484f74bb4b3a2354f\",\"name\":\"Anders\",\"image\":{\"@type\":\"ImageObject\",\"inLanguage\":\"sv-SE\",\"@id\":\"https:\/\/andersadlercreutz.fi\/blog\/#\/schema\/person\/image\/\",\"url\":\"https:\/\/secure.gravatar.com\/avatar\/a144c9bda7a581ff6fabba169027e620?s=96&d=mm&r=g\",\"contentUrl\":\"https:\/\/secure.gravatar.com\/avatar\/a144c9bda7a581ff6fabba169027e620?s=96&d=mm&r=g\",\"caption\":\"Anders\"},\"url\":\"https:\/\/andersadlercreutz.fi\/blog\/author\/admin\/\"}]}<\/script>\n<!-- \/ Yoast SEO plugin. -->","yoast_head_json":{"title":"Adlercreutz puoluekokouksessa Vaasassa: Suomi tarvitsee vahvan RKP:n - Anders Adlercreutz","robots":{"index":"index","follow":"follow","max-snippet":"max-snippet:-1","max-image-preview":"max-image-preview:large","max-video-preview":"max-video-preview:-1"},"canonical":"https:\/\/andersadlercreutz.fi\/blog\/blog\/adlercreutz-puoluekokouksessa-vaasassa-suomi-tarvitsee-vahvan-rkpn\/","og_locale":"sv_SE","og_type":"article","og_title":"Adlercreutz puoluekokouksessa Vaasassa: Suomi tarvitsee vahvan RKP:n - Anders Adlercreutz","og_description":"RKP kokoontuu puoluekokoukseensa Vaasassa 14.\u201315. kes\u00e4kuuta. RKP:n puheenjohtaja, opetusministeri Anders Adlercreutz korosti linjapuheessaan RKP:n roolia suomalaisessa politiikassa, sek\u00e4 sit\u00e4 mahdollisuutta, joka RKP:ll\u00e4 liberaalina, porvarillisena puolueena on tavoittaa yh\u00e4 useampia. \u2013 N\u00e4emme uusia, arvoihin perustuvia vastakkainasetteluja: avoimuuden ja pelon, yhteisty\u00f6n ja vastakkainasettelun, vapauden ja kontrollin v\u00e4lill\u00e4. Ihmiset eiv\u00e4t ainoastaan ole eri mielt\u00e4, vaan tuntevat my\u00f6s ep\u00e4luottamusta [&hellip;]","og_url":"https:\/\/andersadlercreutz.fi\/blog\/blog\/adlercreutz-puoluekokouksessa-vaasassa-suomi-tarvitsee-vahvan-rkpn\/?lang=fi","og_site_name":"Anders Adlercreutz","article_published_time":"2025-06-16T14:24:43+00:00","og_image":[{"width":1772,"height":1181,"url":"https:\/\/andersadlercreutz.fi\/blog\/wp-content\/uploads\/2025\/06\/WhatsApp-Image-2025-06-16-at-17.23.04.jpeg","type":"image\/jpeg"}],"author":"Anders","twitter_card":"summary_large_image","twitter_misc":{"Skriven av":"Anders","Ber\u00e4knad l\u00e4stid":"1 minut"},"schema":{"@context":"https:\/\/schema.org","@graph":[{"@type":"WebPage","@id":"https:\/\/andersadlercreutz.fi\/blog\/blog\/adlercreutz-puoluekokouksessa-vaasassa-suomi-tarvitsee-vahvan-rkpn\/?lang=fi","url":"https:\/\/andersadlercreutz.fi\/blog\/blog\/adlercreutz-puoluekokouksessa-vaasassa-suomi-tarvitsee-vahvan-rkpn\/?lang=fi","name":"Adlercreutz puoluekokouksessa Vaasassa: Suomi tarvitsee vahvan RKP:n - Anders Adlercreutz","isPartOf":{"@id":"https:\/\/andersadlercreutz.fi\/blog\/#website"},"datePublished":"2025-06-16T14:24:43+00:00","dateModified":"2025-06-16T14:24:43+00:00","author":{"@id":"https:\/\/andersadlercreutz.fi\/blog\/#\/schema\/person\/47d4b72eded862b484f74bb4b3a2354f"},"breadcrumb":{"@id":"https:\/\/andersadlercreutz.fi\/blog\/blog\/adlercreutz-puoluekokouksessa-vaasassa-suomi-tarvitsee-vahvan-rkpn\/?lang=fi#breadcrumb"},"inLanguage":"sv-SE","potentialAction":[{"@type":"ReadAction","target":["https:\/\/andersadlercreutz.fi\/blog\/blog\/adlercreutz-puoluekokouksessa-vaasassa-suomi-tarvitsee-vahvan-rkpn\/?lang=fi"]}]},{"@type":"BreadcrumbList","@id":"https:\/\/andersadlercreutz.fi\/blog\/blog\/adlercreutz-puoluekokouksessa-vaasassa-suomi-tarvitsee-vahvan-rkpn\/?lang=fi#breadcrumb","itemListElement":[{"@type":"ListItem","position":1,"name":"Home","item":"https:\/\/andersadlercreutz.fi\/blog\/blogg\/?lang=sv"},{"@type":"ListItem","position":2,"name":"Adlercreutz puoluekokouksessa Vaasassa: Suomi tarvitsee vahvan RKP:n"}]},{"@type":"WebSite","@id":"https:\/\/andersadlercreutz.fi\/blog\/#website","url":"https:\/\/andersadlercreutz.fi\/blog\/","name":"Anders Adlercreutz","description":"Du. Jag. Vi. Kest&auml;v&auml;sti optimisti","potentialAction":[{"@type":"SearchAction","target":{"@type":"EntryPoint","urlTemplate":"https:\/\/andersadlercreutz.fi\/blog\/?s={search_term_string}"},"query-input":"required name=search_term_string"}],"inLanguage":"sv-SE"},{"@type":"Person","@id":"https:\/\/andersadlercreutz.fi\/blog\/#\/schema\/person\/47d4b72eded862b484f74bb4b3a2354f","name":"Anders","image":{"@type":"ImageObject","inLanguage":"sv-SE","@id":"https:\/\/andersadlercreutz.fi\/blog\/#\/schema\/person\/image\/","url":"https:\/\/secure.gravatar.com\/avatar\/a144c9bda7a581ff6fabba169027e620?s=96&d=mm&r=g","contentUrl":"https:\/\/secure.gravatar.com\/avatar\/a144c9bda7a581ff6fabba169027e620?s=96&d=mm&r=g","caption":"Anders"},"url":"https:\/\/andersadlercreutz.fi\/blog\/author\/admin\/"}]}},"jetpack_featured_media_url":"https:\/\/i0.wp.com\/andersadlercreutz.fi\/blog\/wp-content\/uploads\/2025\/06\/WhatsApp-Image-2025-06-16-at-17.23.04.jpeg?fit=1772%2C1181&ssl=1","jetpack_shortlink":"https:\/\/wp.me\/p4T6Dh-2Lm","jetpack_sharing_enabled":true,"_links":{"self":[{"href":"https:\/\/andersadlercreutz.fi\/blog\/wp-json\/wp\/v2\/posts\/10624"}],"collection":[{"href":"https:\/\/andersadlercreutz.fi\/blog\/wp-json\/wp\/v2\/posts"}],"about":[{"href":"https:\/\/andersadlercreutz.fi\/blog\/wp-json\/wp\/v2\/types\/post"}],"author":[{"embeddable":true,"href":"https:\/\/andersadlercreutz.fi\/blog\/wp-json\/wp\/v2\/users\/1"}],"replies":[{"embeddable":true,"href":"https:\/\/andersadlercreutz.fi\/blog\/wp-json\/wp\/v2\/comments?post=10624"}],"version-history":[{"count":2,"href":"https:\/\/andersadlercreutz.fi\/blog\/wp-json\/wp\/v2\/posts\/10624\/revisions"}],"predecessor-version":[{"id":10626,"href":"https:\/\/andersadlercreutz.fi\/blog\/wp-json\/wp\/v2\/posts\/10624\/revisions\/10626"}],"wp:featuredmedia":[{"embeddable":true,"href":"https:\/\/andersadlercreutz.fi\/blog\/wp-json\/wp\/v2\/media\/10621"}],"wp:attachment":[{"href":"https:\/\/andersadlercreutz.fi\/blog\/wp-json\/wp\/v2\/media?parent=10624"}],"wp:term":[{"taxonomy":"category","embeddable":true,"href":"https:\/\/andersadlercreutz.fi\/blog\/wp-json\/wp\/v2\/categories?post=10624"},{"taxonomy":"post_tag","embeddable":true,"href":"https:\/\/andersadlercreutz.fi\/blog\/wp-json\/wp\/v2\/tags?post=10624"}],"curies":[{"name":"wp","href":"https:\/\/api.w.org\/{rel}","templated":true}]}}