{"id":10775,"date":"2025-09-05T12:52:53","date_gmt":"2025-09-05T09:52:53","guid":{"rendered":"https:\/\/andersadlercreutz.fi\/blog\/?p=10775"},"modified":"2025-09-05T13:10:44","modified_gmt":"2025-09-05T10:10:44","slug":"en-ria-om-varderingar","status":"publish","type":"post","link":"https:\/\/andersadlercreutz.fi\/blog\/budget\/en-ria-om-varderingar\/","title":{"rendered":"En ria om v\u00e4rderingar"},"content":{"rendered":"<p>(<a href=\"https:\/\/andersadlercreutz.fi\/blog\/budjetti\/arvoriihi\/?lang=fi\">Suomeksi t\u00e4\u00e4ll\u00e4<\/a>)<\/p>\n<p><span style=\"font-weight: 400;\">N\u00e4r jag skriver detta g\u00f6r jag det som undervisningsminister, som ordf\u00f6rande f\u00f6r Svenska folkpartiet \u2013 men ocks\u00e5 som f\u00f6r\u00e4lder. Det \u00e4r inte bara en fr\u00e5ga om politik, utan om vilket exempel vi ger v\u00e5ra barn och vilket Finland vi bygger.<\/span><\/p>\n<p><span style=\"font-weight: 400;\">F\u00f6rra veckans uttalanden om invandring gick \u00f6ver en gr\u00e4ns \u2013 en gr\u00e4ns vi inte kan acceptera i Finland. N\u00e4r m\u00e4nniskor kallas \u201cmindre v\u00e4rda\u201d handlar det inte l\u00e4ngre om politiska meningsskiljaktigheter, utan om ett direkt angrepp p\u00e5 m\u00e4nniskov\u00e4rdet.<\/span><\/p>\n<p><span style=\"font-weight: 400;\">F\u00f6r SFP \u00e4r det h\u00e4r en grundl\u00e4ggande fr\u00e5ga. N\u00e4r vi kr\u00e4vt tydliga konsekvenser f\u00f6r rasistiskt spr\u00e5kbruk har det inte varit en symbolisk markering, utan en fr\u00e5ga om principer. Vilket spr\u00e5k f\u00e5r riksdagsledam\u00f6ter och regeringsmedlemmar anv\u00e4nda? Om gr\u00e4nsen \u00f6verskrids m\u00e5ste det f\u00e5 f\u00f6ljder.<\/span><\/p>\n<p><span style=\"font-weight: 400;\">Regeringen har tidigare slagit fast att j\u00e4mlikhet \u00e4r en helt central och f\u00f6rpliktigande princip: alla \u00e4r lika inf\u00f6r lagen och ingen f\u00e5r diskrimineras p\u00e5 grund av sin bakgrund. Den principen \u00e4r inte dekoration \u2013 den \u00e4r grunden f\u00f6r regeringsarbetet. Och, vill jag till\u00e4gga, f\u00f6r hela v\u00e5rt samh\u00e4lle.<\/span><\/p>\n<p><span style=\"font-weight: 400;\">Det \u00e4r ocks\u00e5 viktigt att komma ih\u00e5g att de \u00e5tg\u00e4rder mot rasism som vidtagits under denna mandatperiod har skett p\u00e5 SFP:s initiativ. Detta har fr\u00e5n b\u00f6rjan varit en central f\u00f6r oss.<\/span><\/p>\n<p><span style=\"font-weight: 400;\">Inom SFP t\u00e4nker vi att samh\u00e4llet utvecklas b\u00e4st n\u00e4r vi har som utg\u00e5ngsl\u00e4ge att tro gott om varje m\u00e4nniska. Och p\u00e5 samma s\u00e4tt ska hen som beg\u00e5r brott st\u00e4llas inf\u00f6r r\u00e4tta, oberoende av bakgrund. Ingen \u00e4r \u201cmindre v\u00e4rd\u201d. Ofta \u00e4r v\u00e5ra handlingar snarare signaler \u2013 uttryck f\u00f6r problem i det f\u00f6rflutna eller oro inf\u00f6r framtiden.<\/span><\/p>\n<p><span style=\"font-weight: 400;\">Som m\u00e4nniskor \u00e4r vi summan av dem vi m\u00f6ter. L\u00e5t oss allts\u00e5 bem\u00f6ta varandra j\u00e4mlikt och med respekt \u2013 och l\u00e4mna d\u00f6mandet \u00e5t domstolarna.<\/span><\/p>\n<p><span style=\"font-weight: 400;\">Forskning st\u00f6der detta syns\u00e4tt. Teorier om social uppl\u00f6sning visar att m\u00e4nniskor i riskzonen f\u00f6r utanf\u00f6rskap s\u00f6ker mening och tillh\u00f6righet \u2013 och d\u00e4rf\u00f6r \u00e4r s\u00e4rskilt s\u00e5rbara f\u00f6r spr\u00e5k som st\u00e4mplar och splittrar. S\u00e5dan retorik kan \u00f6ka instabiliteten och skapa grogrund f\u00f6r radikalisering.<\/span><\/p>\n<h3><b>Regeringssamarbetet pr\u00f6vas<\/b><\/h3>\n<p><span style=\"font-weight: 400;\">N\u00e4r regeringen bildades stod det klart att samarbetet med Sannfinl\u00e4ndarna skulle bli sv\u00e5rt. V\u00e4rdekonflikterna var uppenbara, och oron f\u00f6r att de skulle v\u00e4xa sig f\u00f6r stora var reell. Samtidigt \u00e4r det viktigt att minnas att det funnits stora mots\u00e4ttningar ocks\u00e5 i tidigare regeringar.<\/span><\/p>\n<p><span style=\"font-weight: 400;\">Beslutet att delta i regeringen fattades gemensamt inom partiet \u2013 inte l\u00e4ttvindigt, utan med \u00f6vertygelsen att ett parti som har ett starkt mandat fr\u00e5n sina v\u00e4ljare ocks\u00e5 m\u00e5ste b\u00e4ra ansvar i regeringen, inte bara st\u00e5 vid sidan och kritisera.<\/span><\/p>\n<p><span style=\"font-weight: 400;\">Nu st\u00e5r vi i ett l\u00e4ge d\u00e4r detta ansvar testas. Sannfinl\u00e4ndarna har m\u00f6jlighet att visa att de \u00e4r redo att b\u00e4ra det. Om de i st\u00e4llet v\u00e4ljer att forts\u00e4ttningsvis t\u00e4nja p\u00e5 gr\u00e4nserna handlar det inte l\u00e4ngre om seri\u00f6st regeringssamarbete, utan om identitetspolitik.<\/span><\/p>\n<h3><b>\u201cVarf\u00f6r f\u00e4ller ni inte regeringen?\u201d<\/b><\/h3>\n<p><span style=\"font-weight: 400;\">M\u00e5nga fr\u00e5gar oss detta. Jag f\u00f6rst\u00e5r frustrationen. N\u00e4r v\u00e4rderingar s\u00e4tts p\u00e5 prov k\u00e4nns det lockande att dra i n\u00f6dbromsen. Det h\u00e4r arbetet har kr\u00e4vt t\u00e5lamod. Men att f\u00e4lla regeringen \u00e4r inget beslut man fattar l\u00e4ttvindigt. Det skulle riskera att lamsl\u00e5 beslutsfattandet i upp till ett \u00e5r och skapa en os\u00e4kerhet som skulle drabba alla \u2013 s\u00e4rskilt i ett s\u00e5 h\u00e4r tufft ekonomiskt l\u00e4ge.<\/span><\/p>\n<p><span style=\"font-weight: 400;\">I Finlands politiska historia har vi haft 77 regeringar. Endast ett f\u00e5tal har fallit \u2013 den senaste f\u00f6r \u00f6ver 40 \u00e5r sedan. Sedan Kekkonens presidenttid har regeringar alltid suttit hela mandatperioden. Jag v\u00e4ljer att inte r\u00e4kna Sipil\u00e4s regerings f\u00f6rtida avg\u00e5ng eller vissa byten av statsministrar som egentliga fall.<\/span><\/p>\n<p><span style=\"font-weight: 400;\">Och det \u00e4r i det h\u00e4r sammanhanget SFP:s linje m\u00e5ste ses: vi \u00e4r inte ett parti som svajar i vinden, utan ett parti som s\u00e4tter hela landets b\u00e4sta fr\u00e4mst och b\u00e4r ansvar.<\/span><\/p>\n<p><span style=\"font-weight: 400;\">D\u00e4rf\u00f6r har vi valt den sv\u00e5rare v\u00e4gen: vi stannar vid bordet, h\u00e5ller fast vid v\u00e5ra v\u00e4rderingar och arbetar kontinuerligt f\u00f6r att spelreglerna ska f\u00f6ljas.\u00a0<\/span><\/p>\n<p><span style=\"font-weight: 400;\">Det sker inte utan villkor och det \u00e4r inte att l\u00e5ta sig kuvas\u00a0 \u2013 det \u00e4r att b\u00e4ra ansvar.<\/span><\/p>\n<h3><b>Vad om Sannfinl\u00e4ndarna vore i opposition?<\/b><\/h3>\n<p><span style=\"font-weight: 400;\">Den \u00e4rliga sanningen \u00e4r att vi inte vet. Kanske hade det rasistiska spr\u00e5kbruket blomstrat \u00e4nnu mer fr\u00e5n oppositionsh\u00e5ll, utan det ansvar som regeringsmedverkan inneb\u00e4r. Kanske hade sp\u00e4nningarna l\u00f6sts p\u00e5 annat s\u00e4tt. Men detta \u00e4r spekulation. Det viktiga nu \u00e4r att Sannfinl\u00e4ndarna, som sitter i regeringen, har b\u00e5de m\u00f6jligheten och skyldigheten att f\u00f6lja reglerna, ta ansvar och visa att de kan g\u00f6ra det.<\/span><\/p>\n<p><span style=\"font-weight: 400;\">Och vi f\u00f6rs\u00f6ker bygga samarbete kring det som f\u00f6renar oss, en oro f\u00f6r ekonomin.\u00a0<\/span><\/p>\n<p><span style=\"font-weight: 400;\">Det \u00e4r viktigt \u2013 f\u00f6r det finns mycket arbete att g\u00f6ra:<\/span><\/p>\n<h3><b>Finland saknar vision och gemensam riktning<\/b><\/h3>\n<p><span style=\"font-weight: 400;\">Finlands tillv\u00e4xt har stannat av. Produktiviteten har stampat p\u00e5 st\u00e4llet, och det finns ingen gemensam syn p\u00e5 varifr\u00e5n n\u00e4sta tillv\u00e4xt ska komma. Det \u00e4r en farlig kombination, s\u00e4rskilt om vi samtidigt l\u00e5ter politiken och ett d\u00e5ligt samh\u00e4llsklimat slita oss i bitar.<\/span><\/p>\n<p><span style=\"font-weight: 400;\">Vi beh\u00f6ver tre saker:<\/span><\/p>\n<ol>\n<li style=\"font-weight: 400;\" aria-level=\"1\"><b>En vision f\u00f6r 2030-talets Finland<\/b><span style=\"font-weight: 400;\"> \u2013 ett bildat land som lockar talanger, skapar innovationer och exporterar l\u00f6sningar.<\/span><\/li>\n<li style=\"font-weight: 400;\" aria-level=\"1\"><b>En gemensam attityd<\/b><span style=\"font-weight: 400;\"> \u2013 som p\u00e5minner om tiden d\u00e5 landet reste sig p\u00e5 f\u00f6tter efter kriget. D\u00e5 drog alla \u00e5t samma h\u00e5ll. Vi beh\u00f6ver samma \u201cett lag\u201d-anda \u2013 inte f\u00f6r att vi ska tycka lika i allt, utan f\u00f6r att vi alla b\u00e4r ansvar.<\/span><\/li>\n<li style=\"font-weight: 400;\" aria-level=\"1\"><b>M\u00e4nniskor<\/b><span style=\"font-weight: 400;\"> \u2013 l\u00e4rare, forskare, experter, f\u00f6retagare, v\u00e5rdare och andra som vill bygga sin framtid h\u00e4r. De stannar inte om samh\u00e4llsklimatet insinuerar att de inte \u00e4r v\u00e4lkomna.\u00a0<\/span><\/li>\n<\/ol>\n<p><span style=\"font-weight: 400;\">St\u00e4mningen i landet spelar en roll. Den avg\u00f6r om m\u00e4nniskor och investeringar vill komma till Finland \u2013 och stanna h\u00e4r. Alltf\u00f6r m\u00e5nga som skulle kunna och framf\u00f6rallt skulle vilja investera och sl\u00e5 sig ner i Finland v\u00e4ljer idag att flytta annanstans. Andra stannar men lever kanske i sina egna bubblor n\u00e4r samh\u00e4llet inte tar dem till sig.<\/span><\/p>\n<p><span style=\"font-weight: 400;\">Detta handlar inte om att skuldbel\u00e4gga n\u00e5gon \u2013 det \u00e4r snarare en uppmaning: Vore det inte b\u00e4ttre att g\u00f6ra Finland till en plats d\u00e4r det l\u00f6nar sig att stanna, f\u00f6rs\u00f6ka och lyckas.<\/span><\/p>\n<h3><b>Fyra saker vi alla m\u00e5ste st\u00e5 upp f\u00f6r<\/b><\/h3>\n<ol>\n<li style=\"font-weight: 400;\" aria-level=\"1\"><b>Gemensamt ansvar \u00e4r fosterl\u00e4ndskhet.<\/b><span style=\"font-weight: 400;\"> Hela det politiska f\u00e4ltet beh\u00f6ver b\u00e4ttre situationsmedvetenhet, mer sj\u00e4lvreflektion och f\u00f6rm\u00e5ga att be om urs\u00e4kt. Finland byggs inte genom kortsiktiga maktspel, utan genom samarbete och respekt.<\/span><\/li>\n<li style=\"font-weight: 400;\" aria-level=\"1\"><b>De ekonomiska realiteterna har betydelse.<\/b><span style=\"font-weight: 400;\"> Det finns inga l\u00e4tta l\u00f6sningar f\u00f6r att st\u00e4vja skulds\u00e4ttningen. Den som s\u00e4ger det handlar i populism. Tillv\u00e4xt skapas genom utbildning, forskning, mod och internationalisering \u2013 inte genom \u00f6nsket\u00e4nkande.<\/span><\/li>\n<li style=\"font-weight: 400;\" aria-level=\"1\"><b>Utan invandring klarar vi oss inte.<\/b><span style=\"font-weight: 400;\"> V\u00e5r demografi kan inte v\u00e4ndas utan arbetskraftsinvandring. D\u00e4rf\u00f6r m\u00e5ste samh\u00e4llsklimatet vara v\u00e4lkomnande. H\u00e4r har vi riksdagsledam\u00f6ter och ministrar ett s\u00e4rskilt ansvar genom v\u00e5rt exempel. J\u00e4mlikhet \u00e4r inte n\u00e5gonting man f\u00f6rhandlar om \u2013 det \u00e4r en f\u00f6ruts\u00e4ttning f\u00f6r att m\u00e4nniskor ska vilja komma och stanna. De som ifr\u00e5gas\u00e4tter invandring undviker ofta att ber\u00e4tta f\u00f6ljderna av det valet: n\u00e4mligen stagnation.<\/span><\/li>\n<li style=\"font-weight: 400;\" aria-level=\"1\"><b>Vi m\u00e5ste k\u00e4nna v\u00e5ra styrkor \u2013 och uppmuntra till innovation.<\/b><span style=\"font-weight: 400;\"> Vi har en stark bildningstradition, ett tryggt samh\u00e4lle och tillit. Det m\u00e5ste vi skydda. Samtidigt beh\u00f6ver vi en tydlig tillv\u00e4xtber\u00e4ttelse och en \u201ccan do\u201d-attityd som lockar unga, internationella experter och investerare.<\/span><\/li>\n<\/ol>\n<h3><b>Vad g\u00f6r SFP?\u00a0<\/b><\/h3>\n<ul>\n<li style=\"font-weight: 400;\" aria-level=\"1\"><b>Vi st\u00e5r fast vid v\u00e5ra v\u00e4rderingar. <\/b><span style=\"font-weight: 400;\">Rasism har ingen plats i politiken \u2013 inte mellan raderna, inte som \u201csk\u00e4mt\u201d, inte som strategi.<\/span><\/li>\n<li style=\"font-weight: 400;\" aria-level=\"1\"><b>Vi bygger broar. <\/b><span style=\"font-weight: 400;\">Vi tar de sv\u00e5ra diskussionerna s\u00e5 att spelreglerna blir gemensamma \u2013 och f\u00f6ljs.<\/span><\/li>\n<li style=\"font-weight: 400;\" aria-level=\"1\"><b>Vi f\u00f6rnyar oss sj\u00e4lva.<\/b><span style=\"font-weight: 400;\"> SFP ska vara ett \u00f6ppet hem f\u00f6r liberala v\u00e4rderingar p\u00e5 b\u00e5da v\u00e5ra nationalspr\u00e5k.<\/span><\/li>\n<li style=\"font-weight: 400;\" aria-level=\"1\"><b>Vi g\u00f6r v\u00e5r heml\u00e4xa om tillv\u00e4xt. <\/b><span style=\"font-weight: 400;\">Utbildning och forskning \u00e4r investeringar. Vi g\u00f6r allt f\u00f6r att Finland ska locka kompetens, h\u00f6ja produktiviteten och st\u00e4rka exporten.<\/span><\/li>\n<\/ul>\n<h3><b>Till syvende och sist handlar det om tillit<\/b><\/h3>\n<p><span style=\"font-weight: 400;\">Tillit uppst\u00e5r n\u00e4r ord och handling inte kolliderar med varandra. Det centrala \u00e4r en respekt f\u00f6r m\u00e4nniskov\u00e4rdet. Samtidigt m\u00e5ste vi se till att Finland f\u00f6rblir handlingskraftigt och kan fatta beslut ocks\u00e5 i sv\u00e5ra tider.<\/span><\/p>\n<p><span style=\"font-weight: 400;\">Det \u00e4r l\u00e4tt att v\u00e4lja sida i en konflikt. Det \u00e4r betydligt sv\u00e5rare att bygga en bro \u00f6ver den. SFP v\u00e4ljer det senare \u2013 inte f\u00f6r att vi accepterar allt, utan f\u00f6r att vi ser den stora bilden: ett lag som s\u00e4ger nej till polarisering och ja till framtiden.<\/span><\/p>\n<p>Med avstamp i detta arbetar vi nu vidare.<\/p>\n","protected":false},"excerpt":{"rendered":"<p>(Suomeksi t\u00e4\u00e4ll\u00e4) N\u00e4r jag skriver detta g\u00f6r jag det som undervisningsminister, som ordf\u00f6rande f\u00f6r Svenska folkpartiet \u2013 men ocks\u00e5 som f\u00f6r\u00e4lder. Det \u00e4r inte bara en fr\u00e5ga om politik, utan om vilket exempel vi ger v\u00e5ra barn och vilket Finland vi bygger. F\u00f6rra veckans uttalanden om invandring gick \u00f6ver en gr\u00e4ns \u2013 en gr\u00e4ns vi [&hellip;]<\/p>\n","protected":false},"author":1,"featured_media":10698,"comment_status":"open","ping_status":"open","sticky":false,"template":"","format":"standard","meta":{"jetpack_post_was_ever_published":false,"_jetpack_newsletter_access":"","jetpack_publicize_message":"","jetpack_is_tweetstorm":false,"jetpack_publicize_feature_enabled":true,"jetpack_social_post_already_shared":true,"jetpack_social_options":{"image_generator_settings":{"template":"highway","enabled":false}}},"categories":[45,31,131,63],"tags":[],"jetpack_publicize_connections":[],"yoast_head":"<!-- This site is optimized with the Yoast SEO plugin v20.12 - https:\/\/yoast.com\/wordpress\/plugins\/seo\/ -->\n<title>En ria om v\u00e4rderingar - Anders Adlercreutz<\/title>\n<meta name=\"robots\" content=\"index, follow, max-snippet:-1, max-image-preview:large, max-video-preview:-1\" \/>\n<link rel=\"canonical\" href=\"https:\/\/andersadlercreutz.fi\/blog\/budget\/en-ria-om-varderingar\/\" \/>\n<meta property=\"og:locale\" content=\"sv_SE\" \/>\n<meta property=\"og:type\" content=\"article\" \/>\n<meta property=\"og:title\" content=\"En ria om v\u00e4rderingar - Anders Adlercreutz\" \/>\n<meta property=\"og:description\" content=\"(Suomeksi t\u00e4\u00e4ll\u00e4) N\u00e4r jag skriver detta g\u00f6r jag det som undervisningsminister, som ordf\u00f6rande f\u00f6r Svenska folkpartiet \u2013 men ocks\u00e5 som f\u00f6r\u00e4lder. Det \u00e4r inte bara en fr\u00e5ga om politik, utan om vilket exempel vi ger v\u00e5ra barn och vilket Finland vi bygger. F\u00f6rra veckans uttalanden om invandring gick \u00f6ver en gr\u00e4ns \u2013 en gr\u00e4ns vi [&hellip;]\" \/>\n<meta property=\"og:url\" content=\"https:\/\/andersadlercreutz.fi\/blog\/budget\/en-ria-om-varderingar\/\" \/>\n<meta property=\"og:site_name\" content=\"Anders Adlercreutz\" \/>\n<meta property=\"article:published_time\" content=\"2025-09-05T09:52:53+00:00\" \/>\n<meta property=\"article:modified_time\" content=\"2025-09-05T10:10:44+00:00\" \/>\n<meta property=\"og:image\" content=\"https:\/\/andersadlercreutz.fi\/blog\/wp-content\/uploads\/2025\/08\/781A1330-scaled-e1757066062687-1030x468.jpg\" \/>\n\t<meta property=\"og:image:width\" content=\"1030\" \/>\n\t<meta property=\"og:image:height\" content=\"468\" \/>\n\t<meta property=\"og:image:type\" content=\"image\/jpeg\" \/>\n<meta name=\"author\" content=\"Anders\" \/>\n<meta name=\"twitter:card\" content=\"summary_large_image\" \/>\n<meta name=\"twitter:label1\" content=\"Skriven av\" \/>\n\t<meta name=\"twitter:data1\" content=\"Anders\" \/>\n\t<meta name=\"twitter:label2\" content=\"Ber\u00e4knad l\u00e4stid\" \/>\n\t<meta name=\"twitter:data2\" content=\"7 minuter\" \/>\n<script type=\"application\/ld+json\" class=\"yoast-schema-graph\">{\"@context\":\"https:\/\/schema.org\",\"@graph\":[{\"@type\":\"WebPage\",\"@id\":\"https:\/\/andersadlercreutz.fi\/blog\/budget\/en-ria-om-varderingar\/\",\"url\":\"https:\/\/andersadlercreutz.fi\/blog\/budget\/en-ria-om-varderingar\/\",\"name\":\"En ria om v\u00e4rderingar - Anders Adlercreutz\",\"isPartOf\":{\"@id\":\"https:\/\/andersadlercreutz.fi\/blog\/#website\"},\"datePublished\":\"2025-09-05T09:52:53+00:00\",\"dateModified\":\"2025-09-05T10:10:44+00:00\",\"author\":{\"@id\":\"https:\/\/andersadlercreutz.fi\/blog\/#\/schema\/person\/47d4b72eded862b484f74bb4b3a2354f\"},\"breadcrumb\":{\"@id\":\"https:\/\/andersadlercreutz.fi\/blog\/budget\/en-ria-om-varderingar\/#breadcrumb\"},\"inLanguage\":\"sv-SE\",\"potentialAction\":[{\"@type\":\"ReadAction\",\"target\":[\"https:\/\/andersadlercreutz.fi\/blog\/budget\/en-ria-om-varderingar\/\"]}]},{\"@type\":\"BreadcrumbList\",\"@id\":\"https:\/\/andersadlercreutz.fi\/blog\/budget\/en-ria-om-varderingar\/#breadcrumb\",\"itemListElement\":[{\"@type\":\"ListItem\",\"position\":1,\"name\":\"Home\",\"item\":\"https:\/\/andersadlercreutz.fi\/blog\/blogg\/?lang=sv\"},{\"@type\":\"ListItem\",\"position\":2,\"name\":\"En ria om v\u00e4rderingar\"}]},{\"@type\":\"WebSite\",\"@id\":\"https:\/\/andersadlercreutz.fi\/blog\/#website\",\"url\":\"https:\/\/andersadlercreutz.fi\/blog\/\",\"name\":\"Anders Adlercreutz\",\"description\":\"Du. Jag. Vi. Kest&auml;v&auml;sti optimisti\",\"potentialAction\":[{\"@type\":\"SearchAction\",\"target\":{\"@type\":\"EntryPoint\",\"urlTemplate\":\"https:\/\/andersadlercreutz.fi\/blog\/?s={search_term_string}\"},\"query-input\":\"required name=search_term_string\"}],\"inLanguage\":\"sv-SE\"},{\"@type\":\"Person\",\"@id\":\"https:\/\/andersadlercreutz.fi\/blog\/#\/schema\/person\/47d4b72eded862b484f74bb4b3a2354f\",\"name\":\"Anders\",\"image\":{\"@type\":\"ImageObject\",\"inLanguage\":\"sv-SE\",\"@id\":\"https:\/\/andersadlercreutz.fi\/blog\/#\/schema\/person\/image\/\",\"url\":\"https:\/\/secure.gravatar.com\/avatar\/a144c9bda7a581ff6fabba169027e620?s=96&d=mm&r=g\",\"contentUrl\":\"https:\/\/secure.gravatar.com\/avatar\/a144c9bda7a581ff6fabba169027e620?s=96&d=mm&r=g\",\"caption\":\"Anders\"},\"url\":\"https:\/\/andersadlercreutz.fi\/blog\/author\/admin\/\"}]}<\/script>\n<!-- \/ Yoast SEO plugin. -->","yoast_head_json":{"title":"En ria om v\u00e4rderingar - Anders Adlercreutz","robots":{"index":"index","follow":"follow","max-snippet":"max-snippet:-1","max-image-preview":"max-image-preview:large","max-video-preview":"max-video-preview:-1"},"canonical":"https:\/\/andersadlercreutz.fi\/blog\/budget\/en-ria-om-varderingar\/","og_locale":"sv_SE","og_type":"article","og_title":"En ria om v\u00e4rderingar - Anders Adlercreutz","og_description":"(Suomeksi t\u00e4\u00e4ll\u00e4) N\u00e4r jag skriver detta g\u00f6r jag det som undervisningsminister, som ordf\u00f6rande f\u00f6r Svenska folkpartiet \u2013 men ocks\u00e5 som f\u00f6r\u00e4lder. Det \u00e4r inte bara en fr\u00e5ga om politik, utan om vilket exempel vi ger v\u00e5ra barn och vilket Finland vi bygger. F\u00f6rra veckans uttalanden om invandring gick \u00f6ver en gr\u00e4ns \u2013 en gr\u00e4ns vi [&hellip;]","og_url":"https:\/\/andersadlercreutz.fi\/blog\/budget\/en-ria-om-varderingar\/","og_site_name":"Anders Adlercreutz","article_published_time":"2025-09-05T09:52:53+00:00","article_modified_time":"2025-09-05T10:10:44+00:00","og_image":[{"width":1030,"height":468,"url":"https:\/\/andersadlercreutz.fi\/blog\/wp-content\/uploads\/2025\/08\/781A1330-scaled-e1757066062687-1030x468.jpg","type":"image\/jpeg"}],"author":"Anders","twitter_card":"summary_large_image","twitter_misc":{"Skriven av":"Anders","Ber\u00e4knad l\u00e4stid":"7 minuter"},"schema":{"@context":"https:\/\/schema.org","@graph":[{"@type":"WebPage","@id":"https:\/\/andersadlercreutz.fi\/blog\/budget\/en-ria-om-varderingar\/","url":"https:\/\/andersadlercreutz.fi\/blog\/budget\/en-ria-om-varderingar\/","name":"En ria om v\u00e4rderingar - Anders Adlercreutz","isPartOf":{"@id":"https:\/\/andersadlercreutz.fi\/blog\/#website"},"datePublished":"2025-09-05T09:52:53+00:00","dateModified":"2025-09-05T10:10:44+00:00","author":{"@id":"https:\/\/andersadlercreutz.fi\/blog\/#\/schema\/person\/47d4b72eded862b484f74bb4b3a2354f"},"breadcrumb":{"@id":"https:\/\/andersadlercreutz.fi\/blog\/budget\/en-ria-om-varderingar\/#breadcrumb"},"inLanguage":"sv-SE","potentialAction":[{"@type":"ReadAction","target":["https:\/\/andersadlercreutz.fi\/blog\/budget\/en-ria-om-varderingar\/"]}]},{"@type":"BreadcrumbList","@id":"https:\/\/andersadlercreutz.fi\/blog\/budget\/en-ria-om-varderingar\/#breadcrumb","itemListElement":[{"@type":"ListItem","position":1,"name":"Home","item":"https:\/\/andersadlercreutz.fi\/blog\/blogg\/?lang=sv"},{"@type":"ListItem","position":2,"name":"En ria om v\u00e4rderingar"}]},{"@type":"WebSite","@id":"https:\/\/andersadlercreutz.fi\/blog\/#website","url":"https:\/\/andersadlercreutz.fi\/blog\/","name":"Anders Adlercreutz","description":"Du. Jag. Vi. Kest&auml;v&auml;sti optimisti","potentialAction":[{"@type":"SearchAction","target":{"@type":"EntryPoint","urlTemplate":"https:\/\/andersadlercreutz.fi\/blog\/?s={search_term_string}"},"query-input":"required name=search_term_string"}],"inLanguage":"sv-SE"},{"@type":"Person","@id":"https:\/\/andersadlercreutz.fi\/blog\/#\/schema\/person\/47d4b72eded862b484f74bb4b3a2354f","name":"Anders","image":{"@type":"ImageObject","inLanguage":"sv-SE","@id":"https:\/\/andersadlercreutz.fi\/blog\/#\/schema\/person\/image\/","url":"https:\/\/secure.gravatar.com\/avatar\/a144c9bda7a581ff6fabba169027e620?s=96&d=mm&r=g","contentUrl":"https:\/\/secure.gravatar.com\/avatar\/a144c9bda7a581ff6fabba169027e620?s=96&d=mm&r=g","caption":"Anders"},"url":"https:\/\/andersadlercreutz.fi\/blog\/author\/admin\/"}]}},"jetpack_featured_media_url":"https:\/\/i0.wp.com\/andersadlercreutz.fi\/blog\/wp-content\/uploads\/2025\/08\/781A1330-scaled-e1757066062687.jpg?fit=2560%2C1164&ssl=1","jetpack_shortlink":"https:\/\/wp.me\/p4T6Dh-2NN","jetpack_sharing_enabled":true,"_links":{"self":[{"href":"https:\/\/andersadlercreutz.fi\/blog\/wp-json\/wp\/v2\/posts\/10775"}],"collection":[{"href":"https:\/\/andersadlercreutz.fi\/blog\/wp-json\/wp\/v2\/posts"}],"about":[{"href":"https:\/\/andersadlercreutz.fi\/blog\/wp-json\/wp\/v2\/types\/post"}],"author":[{"embeddable":true,"href":"https:\/\/andersadlercreutz.fi\/blog\/wp-json\/wp\/v2\/users\/1"}],"replies":[{"embeddable":true,"href":"https:\/\/andersadlercreutz.fi\/blog\/wp-json\/wp\/v2\/comments?post=10775"}],"version-history":[{"count":5,"href":"https:\/\/andersadlercreutz.fi\/blog\/wp-json\/wp\/v2\/posts\/10775\/revisions"}],"predecessor-version":[{"id":10812,"href":"https:\/\/andersadlercreutz.fi\/blog\/wp-json\/wp\/v2\/posts\/10775\/revisions\/10812"}],"wp:featuredmedia":[{"embeddable":true,"href":"https:\/\/andersadlercreutz.fi\/blog\/wp-json\/wp\/v2\/media\/10698"}],"wp:attachment":[{"href":"https:\/\/andersadlercreutz.fi\/blog\/wp-json\/wp\/v2\/media?parent=10775"}],"wp:term":[{"taxonomy":"category","embeddable":true,"href":"https:\/\/andersadlercreutz.fi\/blog\/wp-json\/wp\/v2\/categories?post=10775"},{"taxonomy":"post_tag","embeddable":true,"href":"https:\/\/andersadlercreutz.fi\/blog\/wp-json\/wp\/v2\/tags?post=10775"}],"curies":[{"name":"wp","href":"https:\/\/api.w.org\/{rel}","templated":true}]}}