{"id":10817,"date":"2025-09-09T09:15:57","date_gmt":"2025-09-09T06:15:57","guid":{"rendered":"https:\/\/andersadlercreutz.fi\/blog\/?p=10817"},"modified":"2025-09-10T09:20:22","modified_gmt":"2025-09-10T06:20:22","slug":"en-svar-ria-med-gott-resultat","status":"publish","type":"post","link":"https:\/\/andersadlercreutz.fi\/blog\/1-utbildning\/en-svar-ria-med-gott-resultat\/","title":{"rendered":"En sv\u00e5r ria med gott resultat\u00a0"},"content":{"rendered":"<p><span style=\"font-weight: 400;\">Om n\u00e5gra veckor ger regeringen sin budget till riksdagen. V\u00e5ra egna f\u00f6rhandlingar slutf\u00f6rdes i b\u00f6rjan av f\u00f6rra veckan i en situation d\u00e4r det b\u00e5de finns goda och s\u00e4mre nyheter att ta avstamp i.\u00a0<\/span><\/p>\n<p><span style=\"font-weight: 400;\">Mitt i allt tumult b\u00e5de innanf\u00f6r och utanf\u00f6r v\u00e5ra gr\u00e4nser har man kunnat b\u00f6rja ana lite ljusningar ocks\u00e5 inom ekonomin. Samtidigt pr\u00e4glades budgetrian f\u00f6rberedelser ocks\u00e5 av en annan nyhet: Det att Fitch bed\u00f6mning av Finlands kreditv\u00e4rdighet s\u00e4nktes i somras gjorde det helt klart att anpassningar m\u00e5ste g\u00f6ras, till en summa p\u00e5 en miljard euro p\u00e5 2027 \u00e5rs niv\u00e5.\u00a0<\/span><\/p>\n<p><span style=\"font-weight: 400;\">Rians startskott avfyrades redan i b\u00f6rjan av augusti n\u00e4r finansministeriets budgetf\u00f6rslag kom. Bland annat det att ett stor del av de inbesparingar som f\u00f6reslogs riktade sig till utbildningssektorn gjorde att f\u00f6rhandlingarna blev utmanande. Vi hade ett gemensamt m\u00e5l, men olika syner p\u00e5 vad som \u00e4r klokt och \u00e4ndam\u00e5lsenligt.\u00a0<\/span><\/p>\n<p><span style=\"font-weight: 400;\">Det resultat vi kom ut med \u00e4r jag \u00e4nd\u00e5 n\u00f6jd med. Vi kunde undvika nedsk\u00e4rningar i social- och h\u00e4lsov\u00e5rd och utbildningens finansiering r\u00f6rdes inte heller. Efter flera varv av anpassningar beh\u00f6vde vi inte heller g\u00e5 \u00e5t den viktiga tredje sektorns finansiering.\u00a0<\/span><\/p>\n<p><span style=\"font-weight: 400;\">N\u00e4sta \u00e5r \u00f6kar igen grundskolans anslag medan vi ocks\u00e5 kan s\u00e4nka skatten p\u00e5 arbete f\u00f6r en stor del av befolkningen. Det \u00e4r i linje med regeringens linje om att st\u00e4rka de grundl\u00e4ggande f\u00e4rdigheterna i skolan samtidigt som vi st\u00e4rker incitamenten f\u00f6r arbete och tillv\u00e4xt.\u00a0<\/span><\/p>\n<p><span style=\"font-weight: 400;\">Vi tar ocks\u00e5 fram en modell f\u00f6r att syssels\u00e4tta ungdomar. Den f\u00f6rsta arbetsplatsen \u00e4r enormt viktigt och en syssels\u00e4ttningssedel kan s\u00e4nka tr\u00f6skeln att ge en ungdom en f\u00f6rsta chans i arbetslivet. Det h\u00e4r var n\u00e5got SFP drivit och nu g\u00e5r f\u00f6rslaget vidare ledsagat av en stark finansiering.\u00a0<\/span><\/p>\n<p><span style=\"font-weight: 400;\">F\u00f6r v\u00e5r regions del betyder budgeten ocks\u00e5 att viktiga v\u00e4gprojekt som Getbergets planskilda korsning och Prysmians avtag g\u00e5r vidare. Med tanke p\u00e5 de arbetsplatser som planeras i omr\u00e5det \u00e4r det viktigt att trafikarrangemangen ocks\u00e5 st\u00f6der tillv\u00e4xten.\u00a0<\/span><\/p>\n<p><span style=\"font-weight: 400;\">Samtidigt som jag \u00e4r n\u00f6jd med resultatet kan jag inte var glad \u00f6ver den diskussion som p\u00e5gick kring budgetrian.\u00a0<\/span><\/p>\n<p><span style=\"font-weight: 400;\">Att vara politiker och riksdagsledamot inneb\u00e4r ett speciellt ansvar. D\u00e5 kan man inte sl\u00e4nga ur sig vad som helst. Med ord formar vi verkligheten. Och ord som nedv\u00e4rderar delar av befolkningen trasar s\u00f6nder den gemenskap och det f\u00f6rtroende som vi \u00e4r beroende av \u2013 ocks\u00e5 med tanke p\u00e5 den tillv\u00e4xt vi beh\u00f6ver.\u00a0<\/span><\/p>\n<p><span style=\"font-weight: 400;\">Jag hoppas och f\u00f6ruts\u00e4tter att alla nu tillsammans kan fokusera p\u00e5 det arbete som vi f\u00e5tt f\u00f6rtroendet att sk\u00f6ta \u2013\u00a0ett arbete f\u00f6r landets b\u00e4sta.\u00a0<\/span><\/p>\n<p>&nbsp;<\/p>\n","protected":false},"excerpt":{"rendered":"<p>Om n\u00e5gra veckor ger regeringen sin budget till riksdagen. V\u00e5ra egna f\u00f6rhandlingar slutf\u00f6rdes i b\u00f6rjan av f\u00f6rra veckan i en situation d\u00e4r det b\u00e5de finns goda och s\u00e4mre nyheter att ta avstamp i.\u00a0 Mitt i allt tumult b\u00e5de innanf\u00f6r och utanf\u00f6r v\u00e5ra gr\u00e4nser har man kunnat b\u00f6rja ana lite ljusningar ocks\u00e5 inom ekonomin. Samtidigt pr\u00e4glades [&hellip;]<\/p>\n","protected":false},"author":1,"featured_media":9869,"comment_status":"open","ping_status":"open","sticky":false,"template":"","format":"standard","meta":{"jetpack_post_was_ever_published":false,"_jetpack_newsletter_access":"","jetpack_publicize_message":"","jetpack_is_tweetstorm":false,"jetpack_publicize_feature_enabled":true,"jetpack_social_post_already_shared":true,"jetpack_social_options":{"image_generator_settings":{"template":"highway","enabled":false}}},"categories":[27,28,45,31,73,114,88],"tags":[],"jetpack_publicize_connections":[],"yoast_head":"<!-- This site is optimized with the Yoast SEO plugin v20.12 - https:\/\/yoast.com\/wordpress\/plugins\/seo\/ -->\n<title>En sv\u00e5r ria med gott resultat\u00a0 - Anders Adlercreutz<\/title>\n<meta name=\"robots\" content=\"index, follow, max-snippet:-1, max-image-preview:large, max-video-preview:-1\" \/>\n<link rel=\"canonical\" href=\"https:\/\/andersadlercreutz.fi\/blog\/1-utbildning\/en-svar-ria-med-gott-resultat\/\" \/>\n<meta property=\"og:locale\" content=\"sv_SE\" \/>\n<meta property=\"og:type\" content=\"article\" \/>\n<meta property=\"og:title\" content=\"En sv\u00e5r ria med gott resultat\u00a0 - Anders Adlercreutz\" \/>\n<meta property=\"og:description\" content=\"Om n\u00e5gra veckor ger regeringen sin budget till riksdagen. V\u00e5ra egna f\u00f6rhandlingar slutf\u00f6rdes i b\u00f6rjan av f\u00f6rra veckan i en situation d\u00e4r det b\u00e5de finns goda och s\u00e4mre nyheter att ta avstamp i.\u00a0 Mitt i allt tumult b\u00e5de innanf\u00f6r och utanf\u00f6r v\u00e5ra gr\u00e4nser har man kunnat b\u00f6rja ana lite ljusningar ocks\u00e5 inom ekonomin. Samtidigt pr\u00e4glades [&hellip;]\" \/>\n<meta property=\"og:url\" content=\"https:\/\/andersadlercreutz.fi\/blog\/1-utbildning\/en-svar-ria-med-gott-resultat\/\" \/>\n<meta property=\"og:site_name\" content=\"Anders Adlercreutz\" \/>\n<meta property=\"article:published_time\" content=\"2025-09-09T06:15:57+00:00\" \/>\n<meta property=\"article:modified_time\" content=\"2025-09-10T06:20:22+00:00\" \/>\n<meta property=\"og:image\" content=\"https:\/\/andersadlercreutz.fi\/blog\/wp-content\/uploads\/2024\/09\/Anders-i-rian-1.jpg\" \/>\n\t<meta property=\"og:image:width\" content=\"1252\" \/>\n\t<meta property=\"og:image:height\" content=\"718\" \/>\n\t<meta property=\"og:image:type\" content=\"image\/jpeg\" \/>\n<meta name=\"author\" content=\"Anders\" \/>\n<meta name=\"twitter:card\" content=\"summary_large_image\" \/>\n<meta name=\"twitter:label1\" content=\"Skriven av\" \/>\n\t<meta name=\"twitter:data1\" content=\"Anders\" \/>\n\t<meta name=\"twitter:label2\" content=\"Ber\u00e4knad l\u00e4stid\" \/>\n\t<meta name=\"twitter:data2\" content=\"3 minuter\" \/>\n<script type=\"application\/ld+json\" class=\"yoast-schema-graph\">{\"@context\":\"https:\/\/schema.org\",\"@graph\":[{\"@type\":\"WebPage\",\"@id\":\"https:\/\/andersadlercreutz.fi\/blog\/1-utbildning\/en-svar-ria-med-gott-resultat\/\",\"url\":\"https:\/\/andersadlercreutz.fi\/blog\/1-utbildning\/en-svar-ria-med-gott-resultat\/\",\"name\":\"En sv\u00e5r ria med gott resultat\u00a0 - Anders Adlercreutz\",\"isPartOf\":{\"@id\":\"https:\/\/andersadlercreutz.fi\/blog\/#website\"},\"datePublished\":\"2025-09-09T06:15:57+00:00\",\"dateModified\":\"2025-09-10T06:20:22+00:00\",\"author\":{\"@id\":\"https:\/\/andersadlercreutz.fi\/blog\/#\/schema\/person\/47d4b72eded862b484f74bb4b3a2354f\"},\"breadcrumb\":{\"@id\":\"https:\/\/andersadlercreutz.fi\/blog\/1-utbildning\/en-svar-ria-med-gott-resultat\/#breadcrumb\"},\"inLanguage\":\"sv-SE\",\"potentialAction\":[{\"@type\":\"ReadAction\",\"target\":[\"https:\/\/andersadlercreutz.fi\/blog\/1-utbildning\/en-svar-ria-med-gott-resultat\/\"]}]},{\"@type\":\"BreadcrumbList\",\"@id\":\"https:\/\/andersadlercreutz.fi\/blog\/1-utbildning\/en-svar-ria-med-gott-resultat\/#breadcrumb\",\"itemListElement\":[{\"@type\":\"ListItem\",\"position\":1,\"name\":\"Home\",\"item\":\"https:\/\/andersadlercreutz.fi\/blog\/blogg\/?lang=sv\"},{\"@type\":\"ListItem\",\"position\":2,\"name\":\"En sv\u00e5r ria med gott resultat\u00a0\"}]},{\"@type\":\"WebSite\",\"@id\":\"https:\/\/andersadlercreutz.fi\/blog\/#website\",\"url\":\"https:\/\/andersadlercreutz.fi\/blog\/\",\"name\":\"Anders Adlercreutz\",\"description\":\"Du. Jag. Vi. Kest&auml;v&auml;sti optimisti\",\"potentialAction\":[{\"@type\":\"SearchAction\",\"target\":{\"@type\":\"EntryPoint\",\"urlTemplate\":\"https:\/\/andersadlercreutz.fi\/blog\/?s={search_term_string}\"},\"query-input\":\"required name=search_term_string\"}],\"inLanguage\":\"sv-SE\"},{\"@type\":\"Person\",\"@id\":\"https:\/\/andersadlercreutz.fi\/blog\/#\/schema\/person\/47d4b72eded862b484f74bb4b3a2354f\",\"name\":\"Anders\",\"image\":{\"@type\":\"ImageObject\",\"inLanguage\":\"sv-SE\",\"@id\":\"https:\/\/andersadlercreutz.fi\/blog\/#\/schema\/person\/image\/\",\"url\":\"https:\/\/secure.gravatar.com\/avatar\/a144c9bda7a581ff6fabba169027e620?s=96&d=mm&r=g\",\"contentUrl\":\"https:\/\/secure.gravatar.com\/avatar\/a144c9bda7a581ff6fabba169027e620?s=96&d=mm&r=g\",\"caption\":\"Anders\"},\"url\":\"https:\/\/andersadlercreutz.fi\/blog\/author\/admin\/\"}]}<\/script>\n<!-- \/ Yoast SEO plugin. -->","yoast_head_json":{"title":"En sv\u00e5r ria med gott resultat\u00a0 - Anders Adlercreutz","robots":{"index":"index","follow":"follow","max-snippet":"max-snippet:-1","max-image-preview":"max-image-preview:large","max-video-preview":"max-video-preview:-1"},"canonical":"https:\/\/andersadlercreutz.fi\/blog\/1-utbildning\/en-svar-ria-med-gott-resultat\/","og_locale":"sv_SE","og_type":"article","og_title":"En sv\u00e5r ria med gott resultat\u00a0 - Anders Adlercreutz","og_description":"Om n\u00e5gra veckor ger regeringen sin budget till riksdagen. V\u00e5ra egna f\u00f6rhandlingar slutf\u00f6rdes i b\u00f6rjan av f\u00f6rra veckan i en situation d\u00e4r det b\u00e5de finns goda och s\u00e4mre nyheter att ta avstamp i.\u00a0 Mitt i allt tumult b\u00e5de innanf\u00f6r och utanf\u00f6r v\u00e5ra gr\u00e4nser har man kunnat b\u00f6rja ana lite ljusningar ocks\u00e5 inom ekonomin. Samtidigt pr\u00e4glades [&hellip;]","og_url":"https:\/\/andersadlercreutz.fi\/blog\/1-utbildning\/en-svar-ria-med-gott-resultat\/","og_site_name":"Anders Adlercreutz","article_published_time":"2025-09-09T06:15:57+00:00","article_modified_time":"2025-09-10T06:20:22+00:00","og_image":[{"width":1252,"height":718,"url":"https:\/\/andersadlercreutz.fi\/blog\/wp-content\/uploads\/2024\/09\/Anders-i-rian-1.jpg","type":"image\/jpeg"}],"author":"Anders","twitter_card":"summary_large_image","twitter_misc":{"Skriven av":"Anders","Ber\u00e4knad l\u00e4stid":"3 minuter"},"schema":{"@context":"https:\/\/schema.org","@graph":[{"@type":"WebPage","@id":"https:\/\/andersadlercreutz.fi\/blog\/1-utbildning\/en-svar-ria-med-gott-resultat\/","url":"https:\/\/andersadlercreutz.fi\/blog\/1-utbildning\/en-svar-ria-med-gott-resultat\/","name":"En sv\u00e5r ria med gott resultat\u00a0 - Anders Adlercreutz","isPartOf":{"@id":"https:\/\/andersadlercreutz.fi\/blog\/#website"},"datePublished":"2025-09-09T06:15:57+00:00","dateModified":"2025-09-10T06:20:22+00:00","author":{"@id":"https:\/\/andersadlercreutz.fi\/blog\/#\/schema\/person\/47d4b72eded862b484f74bb4b3a2354f"},"breadcrumb":{"@id":"https:\/\/andersadlercreutz.fi\/blog\/1-utbildning\/en-svar-ria-med-gott-resultat\/#breadcrumb"},"inLanguage":"sv-SE","potentialAction":[{"@type":"ReadAction","target":["https:\/\/andersadlercreutz.fi\/blog\/1-utbildning\/en-svar-ria-med-gott-resultat\/"]}]},{"@type":"BreadcrumbList","@id":"https:\/\/andersadlercreutz.fi\/blog\/1-utbildning\/en-svar-ria-med-gott-resultat\/#breadcrumb","itemListElement":[{"@type":"ListItem","position":1,"name":"Home","item":"https:\/\/andersadlercreutz.fi\/blog\/blogg\/?lang=sv"},{"@type":"ListItem","position":2,"name":"En sv\u00e5r ria med gott resultat\u00a0"}]},{"@type":"WebSite","@id":"https:\/\/andersadlercreutz.fi\/blog\/#website","url":"https:\/\/andersadlercreutz.fi\/blog\/","name":"Anders Adlercreutz","description":"Du. Jag. Vi. Kest&auml;v&auml;sti optimisti","potentialAction":[{"@type":"SearchAction","target":{"@type":"EntryPoint","urlTemplate":"https:\/\/andersadlercreutz.fi\/blog\/?s={search_term_string}"},"query-input":"required name=search_term_string"}],"inLanguage":"sv-SE"},{"@type":"Person","@id":"https:\/\/andersadlercreutz.fi\/blog\/#\/schema\/person\/47d4b72eded862b484f74bb4b3a2354f","name":"Anders","image":{"@type":"ImageObject","inLanguage":"sv-SE","@id":"https:\/\/andersadlercreutz.fi\/blog\/#\/schema\/person\/image\/","url":"https:\/\/secure.gravatar.com\/avatar\/a144c9bda7a581ff6fabba169027e620?s=96&d=mm&r=g","contentUrl":"https:\/\/secure.gravatar.com\/avatar\/a144c9bda7a581ff6fabba169027e620?s=96&d=mm&r=g","caption":"Anders"},"url":"https:\/\/andersadlercreutz.fi\/blog\/author\/admin\/"}]}},"jetpack_featured_media_url":"https:\/\/i0.wp.com\/andersadlercreutz.fi\/blog\/wp-content\/uploads\/2024\/09\/Anders-i-rian-1.jpg?fit=1252%2C718&ssl=1","jetpack_shortlink":"https:\/\/wp.me\/p4T6Dh-2Ot","jetpack_sharing_enabled":true,"_links":{"self":[{"href":"https:\/\/andersadlercreutz.fi\/blog\/wp-json\/wp\/v2\/posts\/10817"}],"collection":[{"href":"https:\/\/andersadlercreutz.fi\/blog\/wp-json\/wp\/v2\/posts"}],"about":[{"href":"https:\/\/andersadlercreutz.fi\/blog\/wp-json\/wp\/v2\/types\/post"}],"author":[{"embeddable":true,"href":"https:\/\/andersadlercreutz.fi\/blog\/wp-json\/wp\/v2\/users\/1"}],"replies":[{"embeddable":true,"href":"https:\/\/andersadlercreutz.fi\/blog\/wp-json\/wp\/v2\/comments?post=10817"}],"version-history":[{"count":2,"href":"https:\/\/andersadlercreutz.fi\/blog\/wp-json\/wp\/v2\/posts\/10817\/revisions"}],"predecessor-version":[{"id":10819,"href":"https:\/\/andersadlercreutz.fi\/blog\/wp-json\/wp\/v2\/posts\/10817\/revisions\/10819"}],"wp:featuredmedia":[{"embeddable":true,"href":"https:\/\/andersadlercreutz.fi\/blog\/wp-json\/wp\/v2\/media\/9869"}],"wp:attachment":[{"href":"https:\/\/andersadlercreutz.fi\/blog\/wp-json\/wp\/v2\/media?parent=10817"}],"wp:term":[{"taxonomy":"category","embeddable":true,"href":"https:\/\/andersadlercreutz.fi\/blog\/wp-json\/wp\/v2\/categories?post=10817"},{"taxonomy":"post_tag","embeddable":true,"href":"https:\/\/andersadlercreutz.fi\/blog\/wp-json\/wp\/v2\/tags?post=10817"}],"curies":[{"name":"wp","href":"https:\/\/api.w.org\/{rel}","templated":true}]}}