{"id":10868,"date":"2025-09-24T09:50:29","date_gmt":"2025-09-24T06:50:29","guid":{"rendered":"https:\/\/andersadlercreutz.fi\/blog\/?p=10868"},"modified":"2025-09-25T10:05:51","modified_gmt":"2025-09-25T07:05:51","slug":"utbildning-och-bildning-i-fokus-i-regeringens-budget-2026","status":"publish","type":"post","link":"https:\/\/andersadlercreutz.fi\/blog\/1-utbildning\/utbildning-och-bildning-i-fokus-i-regeringens-budget-2026\/","title":{"rendered":"Utbildning och bildning i fokus i regeringens budget 2026"},"content":{"rendered":"<div class=\"excerpt\">\n<p>Svenska folkpartiets ordf\u00f6rande, undervisningsminister Anders Adlercreutz har idag presenterat undervisningsministeriets f\u00f6rslag till budget f\u00f6r \u00e5r 2026 i riksdagens budgetdebatt. Inom sm\u00e5barnspedagogiken, grundskolan och andra stadiets utbildning g\u00f6rs det satsningar i syfte att st\u00e4rka kvaliteten, j\u00e4mlikheten och framtidstron.<\/p>\n<\/div>\n<div class=\"resizable\">\n<p>\u2013 Regeringen satsar stort p\u00e5 utbildning i budgeten f\u00f6r 2026. Vi st\u00e4rker grundskolan och sm\u00e5barnspedagogiken, satsar p\u00e5 spr\u00e5k och j\u00e4mlikhet och tryggar utbildning i hela landet. M\u00e5let \u00e4r att varje barn och ung ska f\u00e5 r\u00e4tt st\u00f6d och m\u00f6jlighet att lyckas, s\u00e4ger Adlercreutz.<\/p>\n<p>F\u00f6r grundskolan och sm\u00e5barnspedagogiken f\u00f6resl\u00e5s en \u00f6kning p\u00e5 50 miljoner euro. Det inneb\u00e4r mer resurser till exempel f\u00f6r \u00e5tg\u00e4rder som ber\u00f6r st\u00f6det f\u00f6r l\u00e4rande. D\u00e4rtill avs\u00e4tts 6 miljoner euro f\u00f6r att avhj\u00e4lpa personalbristen inom sm\u00e5barnspedagogiken. Nu f\u00f6rverkligas \u00e4ven halvtids\u00f6versynens beslut om att st\u00e4rka spr\u00e5kinl\u00e4rningen f\u00f6r barn med invandrarbakgrund.<\/p>\n<p>\u2013 Att kunna skolans spr\u00e5k \u00e4r en f\u00f6ruts\u00e4ttning att l\u00e4ra sig. Regeringen satsar nu p\u00e5 att invandrare ska ges de f\u00f6ruts\u00e4ttningar som beh\u00f6vs. D\u00e4rf\u00f6r satsar vi p\u00e5 undervisning i finska och svenska som andraspr\u00e5k och st\u00e4rker den f\u00f6rberedande undervisningen, s\u00e4ger Adlercreutz.<\/p>\n<p>R\u00e4tten till st\u00f6d f\u00f6r l\u00e4rande och till specialundervisning f\u00f6r studerande p\u00e5 andra stadiet st\u00e4rks. Inom yrkesutbildningen tr\u00e4der reformen i kraft den 1.8.2026 och i gymnasieutbildningen tr\u00e4dde den i kraft redan denna h\u00f6st.<\/p>\n<p>\u2013 M\u00e5let \u00e4r att g\u00f6ra \u00f6verg\u00e5ngen mellan utbildningsstadier smidigare, minska avhoppen, f\u00f6rb\u00e4ttra studenternas m\u00f6jligheter att slutf\u00f6ra sin examen och st\u00e4rka deras v\u00e4lm\u00e5ende. Alla unga ska ha en verklig chans att ta examen. Dessutom s\u00e4kerst\u00e4ller vi att undervisningen h\u00e5ller h\u00f6g kvalitet, s\u00e4ger Adlercreutz.<\/p>\n<p>Adlercreutz \u00e4r \u00e4ven n\u00f6jd \u00f6ver att det \u00e5tta\u00e5riga pilotprojektet, d\u00e4r utbildningsanordnare inom yrkesutbildningen i st\u00f6rre utstr\u00e4ckning \u00e4n i nul\u00e4get ska kunna anpassa utbildningsutbudet med regionens behov p\u00e5 arbetskraft, inleds n\u00e4sta \u00e5r.<\/p>\n<\/div>\n","protected":false},"excerpt":{"rendered":"<p>Svenska folkpartiets ordf\u00f6rande, undervisningsminister Anders Adlercreutz har idag presenterat undervisningsministeriets f\u00f6rslag till budget f\u00f6r \u00e5r 2026 i riksdagens budgetdebatt. Inom sm\u00e5barnspedagogiken, grundskolan och andra stadiets utbildning g\u00f6rs det satsningar i syfte att st\u00e4rka kvaliteten, j\u00e4mlikheten och framtidstron. \u2013 Regeringen satsar stort p\u00e5 utbildning i budgeten f\u00f6r 2026. Vi st\u00e4rker grundskolan och sm\u00e5barnspedagogiken, satsar p\u00e5 spr\u00e5k [&hellip;]<\/p>\n","protected":false},"author":1,"featured_media":10701,"comment_status":"open","ping_status":"open","sticky":false,"template":"","format":"standard","meta":{"jetpack_post_was_ever_published":false,"_jetpack_newsletter_access":"","jetpack_publicize_message":"","jetpack_is_tweetstorm":false,"jetpack_publicize_feature_enabled":true,"jetpack_social_post_already_shared":true,"jetpack_social_options":{"image_generator_settings":{"template":"highway","enabled":false}}},"categories":[27,45,31,72,114,88],"tags":[],"jetpack_publicize_connections":[],"yoast_head":"<!-- This site is optimized with the Yoast SEO plugin v20.12 - https:\/\/yoast.com\/wordpress\/plugins\/seo\/ -->\n<title>Utbildning och bildning i fokus i regeringens budget 2026 - Anders Adlercreutz<\/title>\n<meta name=\"robots\" content=\"index, follow, max-snippet:-1, max-image-preview:large, max-video-preview:-1\" \/>\n<link rel=\"canonical\" href=\"https:\/\/andersadlercreutz.fi\/blog\/1-utbildning\/utbildning-och-bildning-i-fokus-i-regeringens-budget-2026\/\" \/>\n<meta property=\"og:locale\" content=\"sv_SE\" \/>\n<meta property=\"og:type\" content=\"article\" \/>\n<meta property=\"og:title\" content=\"Utbildning och bildning i fokus i regeringens budget 2026 - Anders Adlercreutz\" \/>\n<meta property=\"og:description\" content=\"Svenska folkpartiets ordf\u00f6rande, undervisningsminister Anders Adlercreutz har idag presenterat undervisningsministeriets f\u00f6rslag till budget f\u00f6r \u00e5r 2026 i riksdagens budgetdebatt. Inom sm\u00e5barnspedagogiken, grundskolan och andra stadiets utbildning g\u00f6rs det satsningar i syfte att st\u00e4rka kvaliteten, j\u00e4mlikheten och framtidstron. \u2013 Regeringen satsar stort p\u00e5 utbildning i budgeten f\u00f6r 2026. Vi st\u00e4rker grundskolan och sm\u00e5barnspedagogiken, satsar p\u00e5 spr\u00e5k [&hellip;]\" \/>\n<meta property=\"og:url\" content=\"https:\/\/andersadlercreutz.fi\/blog\/1-utbildning\/utbildning-och-bildning-i-fokus-i-regeringens-budget-2026\/\" \/>\n<meta property=\"og:site_name\" content=\"Anders Adlercreutz\" \/>\n<meta property=\"article:published_time\" content=\"2025-09-24T06:50:29+00:00\" \/>\n<meta property=\"article:modified_time\" content=\"2025-09-25T07:05:51+00:00\" \/>\n<meta property=\"og:image\" content=\"https:\/\/andersadlercreutz.fi\/blog\/wp-content\/uploads\/2025\/08\/781A1335-Enhanced-NR-1030x687.jpg\" \/>\n\t<meta property=\"og:image:width\" content=\"1030\" \/>\n\t<meta property=\"og:image:height\" content=\"687\" \/>\n\t<meta property=\"og:image:type\" content=\"image\/jpeg\" \/>\n<meta name=\"author\" content=\"Anders\" \/>\n<meta name=\"twitter:card\" content=\"summary_large_image\" \/>\n<meta name=\"twitter:label1\" content=\"Skriven av\" \/>\n\t<meta name=\"twitter:data1\" content=\"Anders\" \/>\n\t<meta name=\"twitter:label2\" content=\"Ber\u00e4knad l\u00e4stid\" \/>\n\t<meta name=\"twitter:data2\" content=\"2 minuter\" \/>\n<script type=\"application\/ld+json\" class=\"yoast-schema-graph\">{\"@context\":\"https:\/\/schema.org\",\"@graph\":[{\"@type\":\"WebPage\",\"@id\":\"https:\/\/andersadlercreutz.fi\/blog\/1-utbildning\/utbildning-och-bildning-i-fokus-i-regeringens-budget-2026\/\",\"url\":\"https:\/\/andersadlercreutz.fi\/blog\/1-utbildning\/utbildning-och-bildning-i-fokus-i-regeringens-budget-2026\/\",\"name\":\"Utbildning och bildning i fokus i regeringens budget 2026 - Anders Adlercreutz\",\"isPartOf\":{\"@id\":\"https:\/\/andersadlercreutz.fi\/blog\/#website\"},\"datePublished\":\"2025-09-24T06:50:29+00:00\",\"dateModified\":\"2025-09-25T07:05:51+00:00\",\"author\":{\"@id\":\"https:\/\/andersadlercreutz.fi\/blog\/#\/schema\/person\/47d4b72eded862b484f74bb4b3a2354f\"},\"breadcrumb\":{\"@id\":\"https:\/\/andersadlercreutz.fi\/blog\/1-utbildning\/utbildning-och-bildning-i-fokus-i-regeringens-budget-2026\/#breadcrumb\"},\"inLanguage\":\"sv-SE\",\"potentialAction\":[{\"@type\":\"ReadAction\",\"target\":[\"https:\/\/andersadlercreutz.fi\/blog\/1-utbildning\/utbildning-och-bildning-i-fokus-i-regeringens-budget-2026\/\"]}]},{\"@type\":\"BreadcrumbList\",\"@id\":\"https:\/\/andersadlercreutz.fi\/blog\/1-utbildning\/utbildning-och-bildning-i-fokus-i-regeringens-budget-2026\/#breadcrumb\",\"itemListElement\":[{\"@type\":\"ListItem\",\"position\":1,\"name\":\"Home\",\"item\":\"https:\/\/andersadlercreutz.fi\/blog\/blogg\/?lang=sv\"},{\"@type\":\"ListItem\",\"position\":2,\"name\":\"Utbildning och bildning i fokus i regeringens budget 2026\"}]},{\"@type\":\"WebSite\",\"@id\":\"https:\/\/andersadlercreutz.fi\/blog\/#website\",\"url\":\"https:\/\/andersadlercreutz.fi\/blog\/\",\"name\":\"Anders Adlercreutz\",\"description\":\"Du. Jag. Vi. Kest&auml;v&auml;sti optimisti\",\"potentialAction\":[{\"@type\":\"SearchAction\",\"target\":{\"@type\":\"EntryPoint\",\"urlTemplate\":\"https:\/\/andersadlercreutz.fi\/blog\/?s={search_term_string}\"},\"query-input\":\"required name=search_term_string\"}],\"inLanguage\":\"sv-SE\"},{\"@type\":\"Person\",\"@id\":\"https:\/\/andersadlercreutz.fi\/blog\/#\/schema\/person\/47d4b72eded862b484f74bb4b3a2354f\",\"name\":\"Anders\",\"image\":{\"@type\":\"ImageObject\",\"inLanguage\":\"sv-SE\",\"@id\":\"https:\/\/andersadlercreutz.fi\/blog\/#\/schema\/person\/image\/\",\"url\":\"https:\/\/secure.gravatar.com\/avatar\/a144c9bda7a581ff6fabba169027e620?s=96&d=mm&r=g\",\"contentUrl\":\"https:\/\/secure.gravatar.com\/avatar\/a144c9bda7a581ff6fabba169027e620?s=96&d=mm&r=g\",\"caption\":\"Anders\"},\"url\":\"https:\/\/andersadlercreutz.fi\/blog\/author\/admin\/\"}]}<\/script>\n<!-- \/ Yoast SEO plugin. -->","yoast_head_json":{"title":"Utbildning och bildning i fokus i regeringens budget 2026 - Anders Adlercreutz","robots":{"index":"index","follow":"follow","max-snippet":"max-snippet:-1","max-image-preview":"max-image-preview:large","max-video-preview":"max-video-preview:-1"},"canonical":"https:\/\/andersadlercreutz.fi\/blog\/1-utbildning\/utbildning-och-bildning-i-fokus-i-regeringens-budget-2026\/","og_locale":"sv_SE","og_type":"article","og_title":"Utbildning och bildning i fokus i regeringens budget 2026 - Anders Adlercreutz","og_description":"Svenska folkpartiets ordf\u00f6rande, undervisningsminister Anders Adlercreutz har idag presenterat undervisningsministeriets f\u00f6rslag till budget f\u00f6r \u00e5r 2026 i riksdagens budgetdebatt. Inom sm\u00e5barnspedagogiken, grundskolan och andra stadiets utbildning g\u00f6rs det satsningar i syfte att st\u00e4rka kvaliteten, j\u00e4mlikheten och framtidstron. \u2013 Regeringen satsar stort p\u00e5 utbildning i budgeten f\u00f6r 2026. Vi st\u00e4rker grundskolan och sm\u00e5barnspedagogiken, satsar p\u00e5 spr\u00e5k [&hellip;]","og_url":"https:\/\/andersadlercreutz.fi\/blog\/1-utbildning\/utbildning-och-bildning-i-fokus-i-regeringens-budget-2026\/","og_site_name":"Anders Adlercreutz","article_published_time":"2025-09-24T06:50:29+00:00","article_modified_time":"2025-09-25T07:05:51+00:00","og_image":[{"width":1030,"height":687,"url":"https:\/\/andersadlercreutz.fi\/blog\/wp-content\/uploads\/2025\/08\/781A1335-Enhanced-NR-1030x687.jpg","type":"image\/jpeg"}],"author":"Anders","twitter_card":"summary_large_image","twitter_misc":{"Skriven av":"Anders","Ber\u00e4knad l\u00e4stid":"2 minuter"},"schema":{"@context":"https:\/\/schema.org","@graph":[{"@type":"WebPage","@id":"https:\/\/andersadlercreutz.fi\/blog\/1-utbildning\/utbildning-och-bildning-i-fokus-i-regeringens-budget-2026\/","url":"https:\/\/andersadlercreutz.fi\/blog\/1-utbildning\/utbildning-och-bildning-i-fokus-i-regeringens-budget-2026\/","name":"Utbildning och bildning i fokus i regeringens budget 2026 - Anders Adlercreutz","isPartOf":{"@id":"https:\/\/andersadlercreutz.fi\/blog\/#website"},"datePublished":"2025-09-24T06:50:29+00:00","dateModified":"2025-09-25T07:05:51+00:00","author":{"@id":"https:\/\/andersadlercreutz.fi\/blog\/#\/schema\/person\/47d4b72eded862b484f74bb4b3a2354f"},"breadcrumb":{"@id":"https:\/\/andersadlercreutz.fi\/blog\/1-utbildning\/utbildning-och-bildning-i-fokus-i-regeringens-budget-2026\/#breadcrumb"},"inLanguage":"sv-SE","potentialAction":[{"@type":"ReadAction","target":["https:\/\/andersadlercreutz.fi\/blog\/1-utbildning\/utbildning-och-bildning-i-fokus-i-regeringens-budget-2026\/"]}]},{"@type":"BreadcrumbList","@id":"https:\/\/andersadlercreutz.fi\/blog\/1-utbildning\/utbildning-och-bildning-i-fokus-i-regeringens-budget-2026\/#breadcrumb","itemListElement":[{"@type":"ListItem","position":1,"name":"Home","item":"https:\/\/andersadlercreutz.fi\/blog\/blogg\/?lang=sv"},{"@type":"ListItem","position":2,"name":"Utbildning och bildning i fokus i regeringens budget 2026"}]},{"@type":"WebSite","@id":"https:\/\/andersadlercreutz.fi\/blog\/#website","url":"https:\/\/andersadlercreutz.fi\/blog\/","name":"Anders Adlercreutz","description":"Du. Jag. Vi. Kest&auml;v&auml;sti optimisti","potentialAction":[{"@type":"SearchAction","target":{"@type":"EntryPoint","urlTemplate":"https:\/\/andersadlercreutz.fi\/blog\/?s={search_term_string}"},"query-input":"required name=search_term_string"}],"inLanguage":"sv-SE"},{"@type":"Person","@id":"https:\/\/andersadlercreutz.fi\/blog\/#\/schema\/person\/47d4b72eded862b484f74bb4b3a2354f","name":"Anders","image":{"@type":"ImageObject","inLanguage":"sv-SE","@id":"https:\/\/andersadlercreutz.fi\/blog\/#\/schema\/person\/image\/","url":"https:\/\/secure.gravatar.com\/avatar\/a144c9bda7a581ff6fabba169027e620?s=96&d=mm&r=g","contentUrl":"https:\/\/secure.gravatar.com\/avatar\/a144c9bda7a581ff6fabba169027e620?s=96&d=mm&r=g","caption":"Anders"},"url":"https:\/\/andersadlercreutz.fi\/blog\/author\/admin\/"}]}},"jetpack_featured_media_url":"https:\/\/i0.wp.com\/andersadlercreutz.fi\/blog\/wp-content\/uploads\/2025\/08\/781A1335-Enhanced-NR-scaled-e1763639599858.jpg?fit=2560%2C1356&ssl=1","jetpack_shortlink":"https:\/\/wp.me\/p4T6Dh-2Pi","jetpack_sharing_enabled":true,"_links":{"self":[{"href":"https:\/\/andersadlercreutz.fi\/blog\/wp-json\/wp\/v2\/posts\/10868"}],"collection":[{"href":"https:\/\/andersadlercreutz.fi\/blog\/wp-json\/wp\/v2\/posts"}],"about":[{"href":"https:\/\/andersadlercreutz.fi\/blog\/wp-json\/wp\/v2\/types\/post"}],"author":[{"embeddable":true,"href":"https:\/\/andersadlercreutz.fi\/blog\/wp-json\/wp\/v2\/users\/1"}],"replies":[{"embeddable":true,"href":"https:\/\/andersadlercreutz.fi\/blog\/wp-json\/wp\/v2\/comments?post=10868"}],"version-history":[{"count":2,"href":"https:\/\/andersadlercreutz.fi\/blog\/wp-json\/wp\/v2\/posts\/10868\/revisions"}],"predecessor-version":[{"id":10870,"href":"https:\/\/andersadlercreutz.fi\/blog\/wp-json\/wp\/v2\/posts\/10868\/revisions\/10870"}],"wp:featuredmedia":[{"embeddable":true,"href":"https:\/\/andersadlercreutz.fi\/blog\/wp-json\/wp\/v2\/media\/10701"}],"wp:attachment":[{"href":"https:\/\/andersadlercreutz.fi\/blog\/wp-json\/wp\/v2\/media?parent=10868"}],"wp:term":[{"taxonomy":"category","embeddable":true,"href":"https:\/\/andersadlercreutz.fi\/blog\/wp-json\/wp\/v2\/categories?post=10868"},{"taxonomy":"post_tag","embeddable":true,"href":"https:\/\/andersadlercreutz.fi\/blog\/wp-json\/wp\/v2\/tags?post=10868"}],"curies":[{"name":"wp","href":"https:\/\/api.w.org\/{rel}","templated":true}]}}