{"id":10882,"date":"2025-09-28T16:57:59","date_gmt":"2025-09-28T13:57:59","guid":{"rendered":"https:\/\/andersadlercreutz.fi\/blog\/okategoriserad\/vapaa-tiede-on-liberaalin-demokratian-turvaverkko\/"},"modified":"2025-09-28T17:08:58","modified_gmt":"2025-09-28T14:08:58","slug":"vapaa-tiede-on-liberaalin-demokratian-turvaverkko","status":"publish","type":"post","link":"https:\/\/andersadlercreutz.fi\/blog\/blog-sv\/vapaa-tiede-on-liberaalin-demokratian-turvaverkko\/","title":{"rendered":"En fri vetenskap \u00e4r den liberala demokratins skyddsn\u00e4t"},"content":{"rendered":"<p>Suomeksi <a href=\"https:\/\/andersadlercreutz.fi\/blog\/blog\/vapaa-tiede-on-liberaalin-demokratian-turvaverkko\/?lang=fi\">t\u00e4\u00e4ll\u00e4<\/a><\/p>\n<p><span style=\"font-weight: 400;\">Artikeln \u201d<a href=\"https:\/\/www.hs.fi\/visio\/art-2000011473433.html\">Miehet, jotka vihaavat liberaaleja<\/a>\u201d <\/span><span style=\"font-weight: 400;\">i dagens Helsingin Sanomat (Visio 28.9.2025) beskriver hur den nykonservativa r\u00f6relsen utmanar den liberala demokratins grund. Dess gemensamma fiende \u00e4r liberalismen \u2013 ett system som v\u00e4rnar individens friheter, m\u00e4nskliga r\u00e4ttigheter och r\u00e4ttsstaten. Samtidigt str\u00e4var r\u00f6relsen efter att bygga en verklighet d\u00e4r forskningens, mediernas och r\u00e4ttsv\u00e4sendets oberoende begr\u00e4nsas.<\/span><\/p>\n<p><span style=\"font-weight: 400;\">Det \u00e4r l\u00e4tt att se farorna som lurar bakom h\u00f6rnet. Om forskare inte har m\u00f6jlighet att behandla fr\u00e5gor som delar oss eller skapar kontrovers \u2013 som situationen i Mellan\u00f6stern eller minoritetsfr\u00e5gor \u2013 utan att riskera att bli uth\u00e4ngda eller att t.ex. <\/span><span style=\"font-weight: 400;\">utst\u00e5 hot fr\u00e5n beslutsfattare\u00a0 om indragen finansiering, d\u00e5 befinner vi oss p\u00e5 ett farligt sluttande plan n\u00e4r det g\u00e4ller b\u00e5de forskningens kvalitet och bredd. Lika oklokt vore det om politiker b\u00f6rjade definera vilka forskningsprojet som f\u00e5r tummen upp eller ner.\u00a0<\/span><\/p>\n<p><span style=\"font-weight: 400;\">Detta betyder inte att forskningen inte ska diskuteras. Tv\u00e4rtom: varje forskare hoppas att deras arbete ska v\u00e4cka intresse och lyftas i den offentliga debatten. Men besluten m\u00e5ste bygga p\u00e5 kollegial granskning och expertbed\u00f6mning, inte p\u00e5 politiskt tryck.<\/span><\/p>\n<p><span style=\"font-weight: 400;\">I Finland har vi ett\u00a0 starkt forskningsekosystem. K\u00e4rnan \u00e4r universitetens autonomi: staten tillhandah\u00e5ller finansieringen, men den f\u00f6rdelas vidare av Finlands Akademi och andra akt\u00f6rer genom deras egna mekanismer. Vi har ocks\u00e5 v\u00e4lfungerande modeller d\u00e4r offentlig finansiering generar privata investeringar. Forskningens inriktning styrs i m\u00e5nga fall av de stora politiska linjerna \u2013 man kan vilja betona klimatpolitiken eller fr\u00e4mjandet av folkh\u00e4lsan \u2013 men de enskilda projekten finansieras p\u00e5 basis av expertutv\u00e4rderingar.\u00a0<\/span><\/p>\n<p><span style=\"font-weight: 400;\">Det inneb\u00e4r att st\u00f6d ibland g\u00e5r till forskning som v\u00e4cker debatt, ibland till projekt som m\u00e5nga inte ens f\u00f6rst\u00e5r. <\/span><\/p>\n<blockquote><p><span style=\"font-weight: 400;\">Historien visar att det just \u00e4r ifr\u00e5gas\u00e4ttande och kontroverser som ofta f\u00f6der n\u00e5got nytt.<\/span><\/p><\/blockquote>\n<p><span style=\"font-weight: 400;\">Om forskningen begr\u00e4nsades till enbart l\u00e4ttf\u00f6rst\u00e5eliga och okontroversiella teman skulle m\u00e5nga viktiga fr\u00e5gor aldrig belysas. Mellan\u00f6sternkonflikter, klimatf\u00f6r\u00e4ndring eller minoriteters r\u00e4ttigheter \u00e4r inte enkla eller entydiga \u00e4mnen \u2013 men just d\u00e4rf\u00f6r m\u00e5ste de behandlas f\u00f6r att vi ska kunna f\u00f6rst\u00e5 och hantera v\u00e5r tids stora utmaningar.<\/span><\/p>\n<p><span style=\"font-weight: 400;\">Naturvetenskaplig grundforskning ses ofta som sj\u00e4lvklar. Men vi beh\u00f6ver ocks\u00e5 forskning i humanistiska \u00e4mnen. Humaniora har lagt grunden f\u00f6r innovationer som format samh\u00e4llet lika djupt som naturvetenskapen: spr\u00e5kvetenskapen m\u00f6jliggjorde artificiell intelligens och \u00f6vers\u00e4ttningsprogram, antropologin gav upphov till design thinking, historieforskningen skapade museiinstitutionen och skyddet av kulturarvet, och genom estetik och konstvetenskap v\u00e4xte de kreativa n\u00e4ringarna och upplevelseekonomin fram. Utan humanistisk forskning skulle m\u00e5nga teknologiska och ekonomiska genombrott sakna sin grund.<\/span><\/p>\n<p><span style=\"font-weight: 400;\">D\u00e4rf\u00f6r beh\u00f6ver vi bred grundforskning inom alla omr\u00e5den. En del projekt leder till nya insikter, andra inte. Men just h\u00e4rifr\u00e5n f\u00f6ds fr\u00f6n till till\u00e4mpad forskning, som i sin tur skapar innovationer, ekonomisk tillv\u00e4xt och v\u00e4lf\u00e4rd \u2013 ofta l\u00e4ngs ov\u00e4ntade v\u00e4gar.<\/span><\/p>\n<p><span style=\"font-weight: 400;\">Tanken p\u00e5 att enskilda forskningsprojekt skulle v\u00e4ljas utifr\u00e5n politikers egna uppfattningar strider mot den akademiska autonomin och vore ocks\u00e5 samh\u00e4llsekonomiskt kortsiktigt. Lika lite som det \u00e4r politikens uppgift att peta i marknaden, lika lite \u00e4r det dess roll att p\u00e5 detaljniv\u00e5 avg\u00f6ra vad som \u00e4r r\u00e4tt eller fel, relevant eller irrelevant forskning.<\/span><\/p>\n<h3><b>Den st\u00f6rre fr\u00e5gan: den liberal demokratin<\/b><\/h3>\n<p><span style=\"font-weight: 400;\">Den nykonservativa r\u00f6relsens framv\u00e4xt p\u00e5minner oss om att v\u00e5r liberala demokrati inte \u00e4r sj\u00e4lvklar. Liberala r\u00f6relser t\u00e5l b\u00e4ttre \u00e4n konservativa och populistiska r\u00f6relser den m\u00e5ngfald och de olika perspektiv som vetenskapen representerar. D\u00e4rf\u00f6r \u00e4r skyddet av vetenskapens frihet ett s\u00e4rskilt ansvar f\u00f6r de liberala r\u00f6relserna \u2013 ocks\u00e5 f\u00f6r mitt parti, SFP. Men det r\u00e4cker inte.<\/span><\/p>\n<p><span style=\"font-weight: 400;\">Vi liberaler m\u00e5ste ocks\u00e5 f\u00f6rst\u00e5 varf\u00f6r konservativa och populistiska budskap v\u00e4cker gensvar. I bakgrunden finns verkliga r\u00e4dslor: samh\u00e4llen som faller is\u00e4r, os\u00e4kerhet kring arbete och oro \u00f6ver det man upplever som familjens f\u00f6rsvagade roll. <\/span><\/p>\n<blockquote><p><span style=\"font-weight: 400;\">Den liberala r\u00f6relsens utmaning \u00e4r att se dessa r\u00e4dslor och erbjuda genuina l\u00f6sningar \u2013 inte genom att f\u00f6rringa m\u00e4nniskors oro, utan genom att lyssna till den.<\/span><\/p><\/blockquote>\n<p><span style=\"font-weight: 400;\">Att f\u00f6rsvara vetenskapens frihet \u00e4r ocks\u00e5 avg\u00f6rande i allt detta. Endast \u00f6ppen forskning kan ge den kunskap som hj\u00e4lper oss att f\u00f6rst\u00e5 det som ligger bakom r\u00e4dslorna och bygga l\u00f6sningar som st\u00e4rker trygghet, delaktighet och gemenskap \u2013 utan att inskr\u00e4nka i friheten.<\/span><\/p>\n<h3><b>Avslutningsvis<\/b><\/h3>\n<p><span style=\"font-weight: 400;\">Demokratin kan inte leva utan sina fria institutioner \u2013 som forskning, medier och ett sj\u00e4lvst\u00e4ndigt r\u00e4ttsv\u00e4sende. Deras styrka \u00e4r just att de kan ifr\u00e5gas\u00e4tta, utmana och visa oss verkligheten ur olika perspektiv. Att skydda den fria vetenskapen \u00e4r d\u00e4rf\u00f6r inte bara en akademisk fr\u00e5ga. Det \u00e4r en av den liberala demokratins \u2013 och en dynamisk ekonomis \u2013 starkaste skyddsn\u00e4t.<\/span><\/p>\n<p><br style=\"font-weight: 400;\" \/><br style=\"font-weight: 400;\" \/><\/p>\n","protected":false},"excerpt":{"rendered":"<p>Suomeksi t\u00e4\u00e4ll\u00e4 Artikeln \u201dMiehet, jotka vihaavat liberaaleja\u201d i dagens Helsingin Sanomat (Visio 28.9.2025) beskriver hur den nykonservativa r\u00f6relsen utmanar den liberala demokratins grund. Dess gemensamma fiende \u00e4r liberalismen \u2013 ett system som v\u00e4rnar individens friheter, m\u00e4nskliga r\u00e4ttigheter och r\u00e4ttsstaten. Samtidigt str\u00e4var r\u00f6relsen efter att bygga en verklighet d\u00e4r forskningens, mediernas och r\u00e4ttsv\u00e4sendets oberoende begr\u00e4nsas. Det [&hellip;]<\/p>\n","protected":false},"author":1,"featured_media":10132,"comment_status":"open","ping_status":"open","sticky":false,"template":"","format":"standard","meta":{"jetpack_post_was_ever_published":false,"_jetpack_newsletter_access":"","jetpack_publicize_message":"","jetpack_is_tweetstorm":false,"jetpack_publicize_feature_enabled":true,"jetpack_social_post_already_shared":true,"jetpack_social_options":{"image_generator_settings":{"template":"highway","enabled":false}}},"categories":[46,45,88],"tags":[],"jetpack_publicize_connections":[],"yoast_head":"<!-- This site is optimized with the Yoast SEO plugin v20.12 - https:\/\/yoast.com\/wordpress\/plugins\/seo\/ -->\n<title>En fri vetenskap \u00e4r den liberala demokratins skyddsn\u00e4t - Anders Adlercreutz<\/title>\n<meta name=\"robots\" content=\"index, follow, max-snippet:-1, max-image-preview:large, max-video-preview:-1\" \/>\n<link rel=\"canonical\" href=\"https:\/\/andersadlercreutz.fi\/blog\/blog-sv\/vapaa-tiede-on-liberaalin-demokratian-turvaverkko\/\" \/>\n<meta property=\"og:locale\" content=\"sv_SE\" \/>\n<meta property=\"og:type\" content=\"article\" \/>\n<meta property=\"og:title\" content=\"En fri vetenskap \u00e4r den liberala demokratins skyddsn\u00e4t - Anders Adlercreutz\" \/>\n<meta property=\"og:description\" content=\"Suomeksi t\u00e4\u00e4ll\u00e4 Artikeln \u201dMiehet, jotka vihaavat liberaaleja\u201d i dagens Helsingin Sanomat (Visio 28.9.2025) beskriver hur den nykonservativa r\u00f6relsen utmanar den liberala demokratins grund. Dess gemensamma fiende \u00e4r liberalismen \u2013 ett system som v\u00e4rnar individens friheter, m\u00e4nskliga r\u00e4ttigheter och r\u00e4ttsstaten. Samtidigt str\u00e4var r\u00f6relsen efter att bygga en verklighet d\u00e4r forskningens, mediernas och r\u00e4ttsv\u00e4sendets oberoende begr\u00e4nsas. Det [&hellip;]\" \/>\n<meta property=\"og:url\" content=\"https:\/\/andersadlercreutz.fi\/blog\/blog-sv\/vapaa-tiede-on-liberaalin-demokratian-turvaverkko\/\" \/>\n<meta property=\"og:site_name\" content=\"Anders Adlercreutz\" \/>\n<meta property=\"article:published_time\" content=\"2025-09-28T13:57:59+00:00\" \/>\n<meta property=\"article:modified_time\" content=\"2025-09-28T14:08:58+00:00\" \/>\n<meta property=\"og:image\" content=\"https:\/\/andersadlercreutz.fi\/blog\/wp-content\/uploads\/2025\/01\/781A5447_wp.png\" \/>\n\t<meta property=\"og:image:width\" content=\"1333\" \/>\n\t<meta property=\"og:image:height\" content=\"864\" \/>\n\t<meta property=\"og:image:type\" content=\"image\/png\" \/>\n<meta name=\"author\" content=\"Anders\" \/>\n<meta name=\"twitter:card\" content=\"summary_large_image\" \/>\n<meta name=\"twitter:label1\" content=\"Skriven av\" \/>\n\t<meta name=\"twitter:data1\" content=\"Anders\" \/>\n\t<meta name=\"twitter:label2\" content=\"Ber\u00e4knad l\u00e4stid\" \/>\n\t<meta name=\"twitter:data2\" content=\"4 minuter\" \/>\n<script type=\"application\/ld+json\" class=\"yoast-schema-graph\">{\"@context\":\"https:\/\/schema.org\",\"@graph\":[{\"@type\":\"WebPage\",\"@id\":\"https:\/\/andersadlercreutz.fi\/blog\/blog-sv\/vapaa-tiede-on-liberaalin-demokratian-turvaverkko\/\",\"url\":\"https:\/\/andersadlercreutz.fi\/blog\/blog-sv\/vapaa-tiede-on-liberaalin-demokratian-turvaverkko\/\",\"name\":\"En fri vetenskap \u00e4r den liberala demokratins skyddsn\u00e4t - Anders Adlercreutz\",\"isPartOf\":{\"@id\":\"https:\/\/andersadlercreutz.fi\/blog\/#website\"},\"datePublished\":\"2025-09-28T13:57:59+00:00\",\"dateModified\":\"2025-09-28T14:08:58+00:00\",\"author\":{\"@id\":\"https:\/\/andersadlercreutz.fi\/blog\/#\/schema\/person\/47d4b72eded862b484f74bb4b3a2354f\"},\"breadcrumb\":{\"@id\":\"https:\/\/andersadlercreutz.fi\/blog\/blog-sv\/vapaa-tiede-on-liberaalin-demokratian-turvaverkko\/#breadcrumb\"},\"inLanguage\":\"sv-SE\",\"potentialAction\":[{\"@type\":\"ReadAction\",\"target\":[\"https:\/\/andersadlercreutz.fi\/blog\/blog-sv\/vapaa-tiede-on-liberaalin-demokratian-turvaverkko\/\"]}]},{\"@type\":\"BreadcrumbList\",\"@id\":\"https:\/\/andersadlercreutz.fi\/blog\/blog-sv\/vapaa-tiede-on-liberaalin-demokratian-turvaverkko\/#breadcrumb\",\"itemListElement\":[{\"@type\":\"ListItem\",\"position\":1,\"name\":\"Home\",\"item\":\"https:\/\/andersadlercreutz.fi\/blog\/blogg\/?lang=sv\"},{\"@type\":\"ListItem\",\"position\":2,\"name\":\"En fri vetenskap \u00e4r den liberala demokratins skyddsn\u00e4t\"}]},{\"@type\":\"WebSite\",\"@id\":\"https:\/\/andersadlercreutz.fi\/blog\/#website\",\"url\":\"https:\/\/andersadlercreutz.fi\/blog\/\",\"name\":\"Anders Adlercreutz\",\"description\":\"Du. Jag. Vi. Kest&auml;v&auml;sti optimisti\",\"potentialAction\":[{\"@type\":\"SearchAction\",\"target\":{\"@type\":\"EntryPoint\",\"urlTemplate\":\"https:\/\/andersadlercreutz.fi\/blog\/?s={search_term_string}\"},\"query-input\":\"required name=search_term_string\"}],\"inLanguage\":\"sv-SE\"},{\"@type\":\"Person\",\"@id\":\"https:\/\/andersadlercreutz.fi\/blog\/#\/schema\/person\/47d4b72eded862b484f74bb4b3a2354f\",\"name\":\"Anders\",\"image\":{\"@type\":\"ImageObject\",\"inLanguage\":\"sv-SE\",\"@id\":\"https:\/\/andersadlercreutz.fi\/blog\/#\/schema\/person\/image\/\",\"url\":\"https:\/\/secure.gravatar.com\/avatar\/a144c9bda7a581ff6fabba169027e620?s=96&d=mm&r=g\",\"contentUrl\":\"https:\/\/secure.gravatar.com\/avatar\/a144c9bda7a581ff6fabba169027e620?s=96&d=mm&r=g\",\"caption\":\"Anders\"},\"url\":\"https:\/\/andersadlercreutz.fi\/blog\/author\/admin\/\"}]}<\/script>\n<!-- \/ Yoast SEO plugin. -->","yoast_head_json":{"title":"En fri vetenskap \u00e4r den liberala demokratins skyddsn\u00e4t - Anders Adlercreutz","robots":{"index":"index","follow":"follow","max-snippet":"max-snippet:-1","max-image-preview":"max-image-preview:large","max-video-preview":"max-video-preview:-1"},"canonical":"https:\/\/andersadlercreutz.fi\/blog\/blog-sv\/vapaa-tiede-on-liberaalin-demokratian-turvaverkko\/","og_locale":"sv_SE","og_type":"article","og_title":"En fri vetenskap \u00e4r den liberala demokratins skyddsn\u00e4t - Anders Adlercreutz","og_description":"Suomeksi t\u00e4\u00e4ll\u00e4 Artikeln \u201dMiehet, jotka vihaavat liberaaleja\u201d i dagens Helsingin Sanomat (Visio 28.9.2025) beskriver hur den nykonservativa r\u00f6relsen utmanar den liberala demokratins grund. Dess gemensamma fiende \u00e4r liberalismen \u2013 ett system som v\u00e4rnar individens friheter, m\u00e4nskliga r\u00e4ttigheter och r\u00e4ttsstaten. Samtidigt str\u00e4var r\u00f6relsen efter att bygga en verklighet d\u00e4r forskningens, mediernas och r\u00e4ttsv\u00e4sendets oberoende begr\u00e4nsas. Det [&hellip;]","og_url":"https:\/\/andersadlercreutz.fi\/blog\/blog-sv\/vapaa-tiede-on-liberaalin-demokratian-turvaverkko\/","og_site_name":"Anders Adlercreutz","article_published_time":"2025-09-28T13:57:59+00:00","article_modified_time":"2025-09-28T14:08:58+00:00","og_image":[{"width":1333,"height":864,"url":"https:\/\/andersadlercreutz.fi\/blog\/wp-content\/uploads\/2025\/01\/781A5447_wp.png","type":"image\/png"}],"author":"Anders","twitter_card":"summary_large_image","twitter_misc":{"Skriven av":"Anders","Ber\u00e4knad l\u00e4stid":"4 minuter"},"schema":{"@context":"https:\/\/schema.org","@graph":[{"@type":"WebPage","@id":"https:\/\/andersadlercreutz.fi\/blog\/blog-sv\/vapaa-tiede-on-liberaalin-demokratian-turvaverkko\/","url":"https:\/\/andersadlercreutz.fi\/blog\/blog-sv\/vapaa-tiede-on-liberaalin-demokratian-turvaverkko\/","name":"En fri vetenskap \u00e4r den liberala demokratins skyddsn\u00e4t - Anders Adlercreutz","isPartOf":{"@id":"https:\/\/andersadlercreutz.fi\/blog\/#website"},"datePublished":"2025-09-28T13:57:59+00:00","dateModified":"2025-09-28T14:08:58+00:00","author":{"@id":"https:\/\/andersadlercreutz.fi\/blog\/#\/schema\/person\/47d4b72eded862b484f74bb4b3a2354f"},"breadcrumb":{"@id":"https:\/\/andersadlercreutz.fi\/blog\/blog-sv\/vapaa-tiede-on-liberaalin-demokratian-turvaverkko\/#breadcrumb"},"inLanguage":"sv-SE","potentialAction":[{"@type":"ReadAction","target":["https:\/\/andersadlercreutz.fi\/blog\/blog-sv\/vapaa-tiede-on-liberaalin-demokratian-turvaverkko\/"]}]},{"@type":"BreadcrumbList","@id":"https:\/\/andersadlercreutz.fi\/blog\/blog-sv\/vapaa-tiede-on-liberaalin-demokratian-turvaverkko\/#breadcrumb","itemListElement":[{"@type":"ListItem","position":1,"name":"Home","item":"https:\/\/andersadlercreutz.fi\/blog\/blogg\/?lang=sv"},{"@type":"ListItem","position":2,"name":"En fri vetenskap \u00e4r den liberala demokratins skyddsn\u00e4t"}]},{"@type":"WebSite","@id":"https:\/\/andersadlercreutz.fi\/blog\/#website","url":"https:\/\/andersadlercreutz.fi\/blog\/","name":"Anders Adlercreutz","description":"Du. Jag. Vi. Kest&auml;v&auml;sti optimisti","potentialAction":[{"@type":"SearchAction","target":{"@type":"EntryPoint","urlTemplate":"https:\/\/andersadlercreutz.fi\/blog\/?s={search_term_string}"},"query-input":"required name=search_term_string"}],"inLanguage":"sv-SE"},{"@type":"Person","@id":"https:\/\/andersadlercreutz.fi\/blog\/#\/schema\/person\/47d4b72eded862b484f74bb4b3a2354f","name":"Anders","image":{"@type":"ImageObject","inLanguage":"sv-SE","@id":"https:\/\/andersadlercreutz.fi\/blog\/#\/schema\/person\/image\/","url":"https:\/\/secure.gravatar.com\/avatar\/a144c9bda7a581ff6fabba169027e620?s=96&d=mm&r=g","contentUrl":"https:\/\/secure.gravatar.com\/avatar\/a144c9bda7a581ff6fabba169027e620?s=96&d=mm&r=g","caption":"Anders"},"url":"https:\/\/andersadlercreutz.fi\/blog\/author\/admin\/"}]}},"jetpack_featured_media_url":"https:\/\/i0.wp.com\/andersadlercreutz.fi\/blog\/wp-content\/uploads\/2025\/01\/781A5447_wp.png?fit=1333%2C864&ssl=1","jetpack_shortlink":"https:\/\/wp.me\/p4T6Dh-2Pw","jetpack_sharing_enabled":true,"_links":{"self":[{"href":"https:\/\/andersadlercreutz.fi\/blog\/wp-json\/wp\/v2\/posts\/10882"}],"collection":[{"href":"https:\/\/andersadlercreutz.fi\/blog\/wp-json\/wp\/v2\/posts"}],"about":[{"href":"https:\/\/andersadlercreutz.fi\/blog\/wp-json\/wp\/v2\/types\/post"}],"author":[{"embeddable":true,"href":"https:\/\/andersadlercreutz.fi\/blog\/wp-json\/wp\/v2\/users\/1"}],"replies":[{"embeddable":true,"href":"https:\/\/andersadlercreutz.fi\/blog\/wp-json\/wp\/v2\/comments?post=10882"}],"version-history":[{"count":4,"href":"https:\/\/andersadlercreutz.fi\/blog\/wp-json\/wp\/v2\/posts\/10882\/revisions"}],"predecessor-version":[{"id":10892,"href":"https:\/\/andersadlercreutz.fi\/blog\/wp-json\/wp\/v2\/posts\/10882\/revisions\/10892"}],"wp:featuredmedia":[{"embeddable":true,"href":"https:\/\/andersadlercreutz.fi\/blog\/wp-json\/wp\/v2\/media\/10132"}],"wp:attachment":[{"href":"https:\/\/andersadlercreutz.fi\/blog\/wp-json\/wp\/v2\/media?parent=10882"}],"wp:term":[{"taxonomy":"category","embeddable":true,"href":"https:\/\/andersadlercreutz.fi\/blog\/wp-json\/wp\/v2\/categories?post=10882"},{"taxonomy":"post_tag","embeddable":true,"href":"https:\/\/andersadlercreutz.fi\/blog\/wp-json\/wp\/v2\/tags?post=10882"}],"curies":[{"name":"wp","href":"https:\/\/api.w.org\/{rel}","templated":true}]}}