{"id":10895,"date":"2025-10-09T11:04:09","date_gmt":"2025-10-09T08:04:09","guid":{"rendered":"https:\/\/andersadlercreutz.fi\/blog\/?p=10895"},"modified":"2025-10-09T11:04:09","modified_gmt":"2025-10-09T08:04:09","slug":"mielekasta-melua","status":"publish","type":"post","link":"https:\/\/andersadlercreutz.fi\/blog\/1koulutus\/mielekasta-melua\/?lang=fi","title":{"rendered":"Mielek\u00e4st\u00e4 melua"},"content":{"rendered":"<p><span style=\"font-weight: 400;\">Er\u00e4\u00e4ss\u00e4 kunnassa kaivettiin kunnan varastossa olleet koripallotelineet esille. Lapset kaipasivat pelej\u00e4 ja leikki\u00e4 v\u00e4litunnilla, kun k\u00e4nnyk\u00e4t olivat koulun p\u00e4\u00e4t\u00f6ksell\u00e4 p\u00e4\u00e4tetty j\u00e4tt\u00e4\u00e4 reppuun.<\/span><\/p>\n<p><span style=\"font-weight: 400;\">Toisessa kunnassa rehtori kertoi, ett\u00e4 v\u00e4litunneilla nyky\u00e4\u00e4n on kova melu. Lapset eiv\u00e4t en\u00e4\u00e4 istu hiljaa itsekseen v\u00e4litunneilla, vaan juttelevat kesken\u00e4\u00e4n, leikkiv\u00e4t ja pelaavat. Saattaa joukkoon mahtua jokunen kinastelukin, mutta meteli on p\u00e4\u00e4asiassa positiivista: oikeaa, suoraa vuorovaikutusta ja yhdess\u00e4 olemista.<\/span><\/p>\n<p><span style=\"font-weight: 400;\">Kun syyslukukausi on ehtinyt jo lokakuuhun elokuun alusta voimaan tullut k\u00e4nnykk\u00e4kielto n\u00e4ytt\u00e4\u00e4 muuttaneen monen koulun arjen ja sis\u00e4isen dynamiikan positiiviseen suuntaan. Vaikka lain kielto rajoittuu ainoastaan oppitunteihin, moni koulu on ilokseni ja kehotukseni mukaisesti p\u00e4\u00e4tt\u00e4nyt rajoittaa k\u00e4ytt\u00f6\u00e4 my\u00f6s v\u00e4lituntien aikana.<\/span><\/p>\n<p><span style=\"font-weight: 400;\">Aivan yht\u00e4 keskeist\u00e4 kuin se, ett\u00e4 koulu opettaa lukemaan, laskemaan ja tuntemaan yhteiskuntaamme, on se, ett\u00e4 se opettaa vuorovaikutusta ja sosiaalisia taitoja. Niit\u00e4 opitaan toimimalla yhdess\u00e4, puhumalla ja kuuntelemalla, keskustelemalla.<\/span><\/p>\n<p><span style=\"font-weight: 400;\">Ja se vaatii aikaa ja tilaa.\u00a0<\/span><\/p>\n<p><span style=\"font-weight: 400;\">Er\u00e4\u00e4n ruotsalaisen tutkimuksen mukaan lapsi viett\u00e4\u00e4 koulun ulkopuolella jopa yli 6 tuntia p\u00e4iv\u00e4ss\u00e4 ruudun \u00e4\u00e4rell\u00e4. Ajank\u00e4ytt\u00f6 on monella tavalla nollasummapeli. Tunti, jota k\u00e4ytet\u00e4\u00e4n yhteen asiaan, on pois jostain toisesta.<\/span><\/p>\n<p><span style=\"font-weight: 400;\">Kun k\u00e4nnyk\u00e4n k\u00e4yt\u00f6n rajoittaminen oppitunnilla n\u00e4ytt\u00e4\u00e4 johtavan siihen, ett\u00e4 k\u00e4ytt\u00f6 v\u00e4henee my\u00f6s tuntien v\u00e4liss\u00e4, on syyt\u00e4 odottaa, ett\u00e4 sama positiivinen vaikutus n\u00e4kyisi my\u00f6s vapaa-ajalla.<\/span><\/p>\n<p><span style=\"font-weight: 400;\">Silloin saatamme olla matkalla sen ratkaisemiseksi, mik\u00e4 on se keskeinen koulutuksen haaste: laskevat oppimistulokset.<\/span><\/p>\n<p><span style=\"font-weight: 400;\">Min\u00e4 uskon vahvasti siihen, ett\u00e4 p\u00e4\u00e4syyllinen oppimistulosten laskuun l\u00f6ytyy heikentyneest\u00e4 keskittymiskyvyst\u00e4mme. Se on asia, josta k\u00e4rsimme niin me vanhemmat kuin nuoretkin.\u00a0<\/span><\/p>\n<p><span style=\"font-weight: 400;\">Yksi syy t\u00e4h\u00e4n on taskussamme p\u00f6risev\u00e4 ja v\u00e4r\u00e4htelev\u00e4 laite. Se on ohjannut meid\u00e4t pois todellisuudesta, jossa saatoimme istua tunnin paikallamme ja k\u00e4\u00e4nt\u00e4\u00e4 kirjan sivuja, keskeytyksett\u00e4. Ja se on taito, jota tarvitaan my\u00f6s t\u00e4ss\u00e4 maailmassa.\u00a0<\/span><\/p>\n<p><span style=\"font-weight: 400;\">Koulun teht\u00e4v\u00e4 on opettaa nuorille niit\u00e4 keskeisi\u00e4 taitoja, joita maailma heilt\u00e4 edellytt\u00e4\u00e4. Digitaalinen kompetenssi on tietenkin yksi niist\u00e4. Emme voi ummistaa silmi\u00e4mme maailmalta. Mutta t\u00e4ss\u00e4 ajassa tarvitsemme viel\u00e4 ja yh\u00e4 kyky\u00e4 syventy\u00e4, keskitty\u00e4 ja olla hitaita. Voi sanoa, ett\u00e4 se on syv\u00e4oppimisen edellytys.\u00a0<\/span><\/p>\n<p><span style=\"font-weight: 400;\">Toivottavasti se, ett\u00e4 k\u00e4nnyk\u00e4t lakimuutoksen my\u00f6t\u00e4 n\u00e4yttelev\u00e4t hieman pienemp\u00e4\u00e4 roolia lasten ja nuorten mieless\u00e4 johtaa paitsi meluisimipiin v\u00e4litunteihin my\u00f6s hitauteen, keskittymiseen, syventymisen ja sen kautta parempaan kykyyn oppia uutta maailmasta ja itsest\u00e4mme. Hitaus on uusi nopea.<\/span><\/p>\n","protected":false},"excerpt":{"rendered":"<p>Er\u00e4\u00e4ss\u00e4 kunnassa kaivettiin kunnan varastossa olleet koripallotelineet esille. Lapset kaipasivat pelej\u00e4 ja leikki\u00e4 v\u00e4litunnilla, kun k\u00e4nnyk\u00e4t olivat koulun p\u00e4\u00e4t\u00f6ksell\u00e4 p\u00e4\u00e4tetty j\u00e4tt\u00e4\u00e4 reppuun. Toisessa kunnassa rehtori kertoi, ett\u00e4 v\u00e4litunneilla nyky\u00e4\u00e4n on kova melu. Lapset eiv\u00e4t en\u00e4\u00e4 istu hiljaa itsekseen v\u00e4litunneilla, vaan juttelevat kesken\u00e4\u00e4n, leikkiv\u00e4t ja pelaavat. Saattaa joukkoon mahtua jokunen kinastelukin, mutta meteli on p\u00e4\u00e4asiassa positiivista: [&hellip;]<\/p>\n","protected":false},"author":1,"featured_media":10229,"comment_status":"open","ping_status":"open","sticky":false,"template":"","format":"standard","meta":{"jetpack_post_was_ever_published":false,"_jetpack_newsletter_access":"","jetpack_publicize_message":"","jetpack_is_tweetstorm":false,"jetpack_publicize_feature_enabled":true,"jetpack_social_post_already_shared":true,"jetpack_social_options":{"image_generator_settings":{"template":"highway","enabled":false}}},"categories":[21,18,124,87],"tags":[],"jetpack_publicize_connections":[],"yoast_head":"<!-- This site is optimized with the Yoast SEO plugin v20.12 - https:\/\/yoast.com\/wordpress\/plugins\/seo\/ -->\n<title>Mielek\u00e4st\u00e4 melua - Anders Adlercreutz<\/title>\n<meta name=\"robots\" content=\"index, follow, max-snippet:-1, max-image-preview:large, max-video-preview:-1\" \/>\n<link rel=\"canonical\" href=\"https:\/\/andersadlercreutz.fi\/blog\/1koulutus\/mielekasta-melua\/\" \/>\n<meta property=\"og:locale\" content=\"sv_SE\" \/>\n<meta property=\"og:type\" content=\"article\" \/>\n<meta property=\"og:title\" content=\"Mielek\u00e4st\u00e4 melua - Anders Adlercreutz\" \/>\n<meta property=\"og:description\" content=\"Er\u00e4\u00e4ss\u00e4 kunnassa kaivettiin kunnan varastossa olleet koripallotelineet esille. Lapset kaipasivat pelej\u00e4 ja leikki\u00e4 v\u00e4litunnilla, kun k\u00e4nnyk\u00e4t olivat koulun p\u00e4\u00e4t\u00f6ksell\u00e4 p\u00e4\u00e4tetty j\u00e4tt\u00e4\u00e4 reppuun. Toisessa kunnassa rehtori kertoi, ett\u00e4 v\u00e4litunneilla nyky\u00e4\u00e4n on kova melu. Lapset eiv\u00e4t en\u00e4\u00e4 istu hiljaa itsekseen v\u00e4litunneilla, vaan juttelevat kesken\u00e4\u00e4n, leikkiv\u00e4t ja pelaavat. Saattaa joukkoon mahtua jokunen kinastelukin, mutta meteli on p\u00e4\u00e4asiassa positiivista: [&hellip;]\" \/>\n<meta property=\"og:url\" content=\"https:\/\/andersadlercreutz.fi\/blog\/1koulutus\/mielekasta-melua\/?lang=fi\" \/>\n<meta property=\"og:site_name\" content=\"Anders Adlercreutz\" \/>\n<meta property=\"article:published_time\" content=\"2025-10-09T08:04:09+00:00\" \/>\n<meta property=\"og:image\" content=\"https:\/\/andersadlercreutz.fi\/blog\/wp-content\/uploads\/2025\/03\/781A1868-copy_blogg-1030x550.png\" \/>\n\t<meta property=\"og:image:width\" content=\"1030\" \/>\n\t<meta property=\"og:image:height\" content=\"550\" \/>\n\t<meta property=\"og:image:type\" content=\"image\/png\" \/>\n<meta name=\"author\" content=\"Anders\" \/>\n<meta name=\"twitter:card\" content=\"summary_large_image\" \/>\n<meta name=\"twitter:label1\" content=\"Skriven av\" \/>\n\t<meta name=\"twitter:data1\" content=\"Anders\" \/>\n\t<meta name=\"twitter:label2\" content=\"Ber\u00e4knad l\u00e4stid\" \/>\n\t<meta name=\"twitter:data2\" content=\"2 minuter\" \/>\n<script type=\"application\/ld+json\" class=\"yoast-schema-graph\">{\"@context\":\"https:\/\/schema.org\",\"@graph\":[{\"@type\":\"WebPage\",\"@id\":\"https:\/\/andersadlercreutz.fi\/blog\/1koulutus\/mielekasta-melua\/?lang=fi\",\"url\":\"https:\/\/andersadlercreutz.fi\/blog\/1koulutus\/mielekasta-melua\/?lang=fi\",\"name\":\"Mielek\u00e4st\u00e4 melua - Anders Adlercreutz\",\"isPartOf\":{\"@id\":\"https:\/\/andersadlercreutz.fi\/blog\/#website\"},\"datePublished\":\"2025-10-09T08:04:09+00:00\",\"dateModified\":\"2025-10-09T08:04:09+00:00\",\"author\":{\"@id\":\"https:\/\/andersadlercreutz.fi\/blog\/#\/schema\/person\/47d4b72eded862b484f74bb4b3a2354f\"},\"breadcrumb\":{\"@id\":\"https:\/\/andersadlercreutz.fi\/blog\/1koulutus\/mielekasta-melua\/?lang=fi#breadcrumb\"},\"inLanguage\":\"sv-SE\",\"potentialAction\":[{\"@type\":\"ReadAction\",\"target\":[\"https:\/\/andersadlercreutz.fi\/blog\/1koulutus\/mielekasta-melua\/?lang=fi\"]}]},{\"@type\":\"BreadcrumbList\",\"@id\":\"https:\/\/andersadlercreutz.fi\/blog\/1koulutus\/mielekasta-melua\/?lang=fi#breadcrumb\",\"itemListElement\":[{\"@type\":\"ListItem\",\"position\":1,\"name\":\"Home\",\"item\":\"https:\/\/andersadlercreutz.fi\/blog\/blogg\/?lang=sv\"},{\"@type\":\"ListItem\",\"position\":2,\"name\":\"Mielek\u00e4st\u00e4 melua\"}]},{\"@type\":\"WebSite\",\"@id\":\"https:\/\/andersadlercreutz.fi\/blog\/#website\",\"url\":\"https:\/\/andersadlercreutz.fi\/blog\/\",\"name\":\"Anders Adlercreutz\",\"description\":\"Du. Jag. Vi. Kest&auml;v&auml;sti optimisti\",\"potentialAction\":[{\"@type\":\"SearchAction\",\"target\":{\"@type\":\"EntryPoint\",\"urlTemplate\":\"https:\/\/andersadlercreutz.fi\/blog\/?s={search_term_string}\"},\"query-input\":\"required name=search_term_string\"}],\"inLanguage\":\"sv-SE\"},{\"@type\":\"Person\",\"@id\":\"https:\/\/andersadlercreutz.fi\/blog\/#\/schema\/person\/47d4b72eded862b484f74bb4b3a2354f\",\"name\":\"Anders\",\"image\":{\"@type\":\"ImageObject\",\"inLanguage\":\"sv-SE\",\"@id\":\"https:\/\/andersadlercreutz.fi\/blog\/#\/schema\/person\/image\/\",\"url\":\"https:\/\/secure.gravatar.com\/avatar\/a144c9bda7a581ff6fabba169027e620?s=96&d=mm&r=g\",\"contentUrl\":\"https:\/\/secure.gravatar.com\/avatar\/a144c9bda7a581ff6fabba169027e620?s=96&d=mm&r=g\",\"caption\":\"Anders\"},\"url\":\"https:\/\/andersadlercreutz.fi\/blog\/author\/admin\/\"}]}<\/script>\n<!-- \/ Yoast SEO plugin. -->","yoast_head_json":{"title":"Mielek\u00e4st\u00e4 melua - Anders Adlercreutz","robots":{"index":"index","follow":"follow","max-snippet":"max-snippet:-1","max-image-preview":"max-image-preview:large","max-video-preview":"max-video-preview:-1"},"canonical":"https:\/\/andersadlercreutz.fi\/blog\/1koulutus\/mielekasta-melua\/","og_locale":"sv_SE","og_type":"article","og_title":"Mielek\u00e4st\u00e4 melua - Anders Adlercreutz","og_description":"Er\u00e4\u00e4ss\u00e4 kunnassa kaivettiin kunnan varastossa olleet koripallotelineet esille. Lapset kaipasivat pelej\u00e4 ja leikki\u00e4 v\u00e4litunnilla, kun k\u00e4nnyk\u00e4t olivat koulun p\u00e4\u00e4t\u00f6ksell\u00e4 p\u00e4\u00e4tetty j\u00e4tt\u00e4\u00e4 reppuun. Toisessa kunnassa rehtori kertoi, ett\u00e4 v\u00e4litunneilla nyky\u00e4\u00e4n on kova melu. Lapset eiv\u00e4t en\u00e4\u00e4 istu hiljaa itsekseen v\u00e4litunneilla, vaan juttelevat kesken\u00e4\u00e4n, leikkiv\u00e4t ja pelaavat. Saattaa joukkoon mahtua jokunen kinastelukin, mutta meteli on p\u00e4\u00e4asiassa positiivista: [&hellip;]","og_url":"https:\/\/andersadlercreutz.fi\/blog\/1koulutus\/mielekasta-melua\/?lang=fi","og_site_name":"Anders Adlercreutz","article_published_time":"2025-10-09T08:04:09+00:00","og_image":[{"width":1030,"height":550,"url":"https:\/\/andersadlercreutz.fi\/blog\/wp-content\/uploads\/2025\/03\/781A1868-copy_blogg-1030x550.png","type":"image\/png"}],"author":"Anders","twitter_card":"summary_large_image","twitter_misc":{"Skriven av":"Anders","Ber\u00e4knad l\u00e4stid":"2 minuter"},"schema":{"@context":"https:\/\/schema.org","@graph":[{"@type":"WebPage","@id":"https:\/\/andersadlercreutz.fi\/blog\/1koulutus\/mielekasta-melua\/?lang=fi","url":"https:\/\/andersadlercreutz.fi\/blog\/1koulutus\/mielekasta-melua\/?lang=fi","name":"Mielek\u00e4st\u00e4 melua - Anders Adlercreutz","isPartOf":{"@id":"https:\/\/andersadlercreutz.fi\/blog\/#website"},"datePublished":"2025-10-09T08:04:09+00:00","dateModified":"2025-10-09T08:04:09+00:00","author":{"@id":"https:\/\/andersadlercreutz.fi\/blog\/#\/schema\/person\/47d4b72eded862b484f74bb4b3a2354f"},"breadcrumb":{"@id":"https:\/\/andersadlercreutz.fi\/blog\/1koulutus\/mielekasta-melua\/?lang=fi#breadcrumb"},"inLanguage":"sv-SE","potentialAction":[{"@type":"ReadAction","target":["https:\/\/andersadlercreutz.fi\/blog\/1koulutus\/mielekasta-melua\/?lang=fi"]}]},{"@type":"BreadcrumbList","@id":"https:\/\/andersadlercreutz.fi\/blog\/1koulutus\/mielekasta-melua\/?lang=fi#breadcrumb","itemListElement":[{"@type":"ListItem","position":1,"name":"Home","item":"https:\/\/andersadlercreutz.fi\/blog\/blogg\/?lang=sv"},{"@type":"ListItem","position":2,"name":"Mielek\u00e4st\u00e4 melua"}]},{"@type":"WebSite","@id":"https:\/\/andersadlercreutz.fi\/blog\/#website","url":"https:\/\/andersadlercreutz.fi\/blog\/","name":"Anders Adlercreutz","description":"Du. Jag. Vi. Kest&auml;v&auml;sti optimisti","potentialAction":[{"@type":"SearchAction","target":{"@type":"EntryPoint","urlTemplate":"https:\/\/andersadlercreutz.fi\/blog\/?s={search_term_string}"},"query-input":"required name=search_term_string"}],"inLanguage":"sv-SE"},{"@type":"Person","@id":"https:\/\/andersadlercreutz.fi\/blog\/#\/schema\/person\/47d4b72eded862b484f74bb4b3a2354f","name":"Anders","image":{"@type":"ImageObject","inLanguage":"sv-SE","@id":"https:\/\/andersadlercreutz.fi\/blog\/#\/schema\/person\/image\/","url":"https:\/\/secure.gravatar.com\/avatar\/a144c9bda7a581ff6fabba169027e620?s=96&d=mm&r=g","contentUrl":"https:\/\/secure.gravatar.com\/avatar\/a144c9bda7a581ff6fabba169027e620?s=96&d=mm&r=g","caption":"Anders"},"url":"https:\/\/andersadlercreutz.fi\/blog\/author\/admin\/"}]}},"jetpack_featured_media_url":"https:\/\/i0.wp.com\/andersadlercreutz.fi\/blog\/wp-content\/uploads\/2025\/03\/781A1868-copy_blogg.png?fit=3152%2C1682&ssl=1","jetpack_shortlink":"https:\/\/wp.me\/p4T6Dh-2PJ","jetpack_sharing_enabled":true,"_links":{"self":[{"href":"https:\/\/andersadlercreutz.fi\/blog\/wp-json\/wp\/v2\/posts\/10895"}],"collection":[{"href":"https:\/\/andersadlercreutz.fi\/blog\/wp-json\/wp\/v2\/posts"}],"about":[{"href":"https:\/\/andersadlercreutz.fi\/blog\/wp-json\/wp\/v2\/types\/post"}],"author":[{"embeddable":true,"href":"https:\/\/andersadlercreutz.fi\/blog\/wp-json\/wp\/v2\/users\/1"}],"replies":[{"embeddable":true,"href":"https:\/\/andersadlercreutz.fi\/blog\/wp-json\/wp\/v2\/comments?post=10895"}],"version-history":[{"count":2,"href":"https:\/\/andersadlercreutz.fi\/blog\/wp-json\/wp\/v2\/posts\/10895\/revisions"}],"predecessor-version":[{"id":10897,"href":"https:\/\/andersadlercreutz.fi\/blog\/wp-json\/wp\/v2\/posts\/10895\/revisions\/10897"}],"wp:featuredmedia":[{"embeddable":true,"href":"https:\/\/andersadlercreutz.fi\/blog\/wp-json\/wp\/v2\/media\/10229"}],"wp:attachment":[{"href":"https:\/\/andersadlercreutz.fi\/blog\/wp-json\/wp\/v2\/media?parent=10895"}],"wp:term":[{"taxonomy":"category","embeddable":true,"href":"https:\/\/andersadlercreutz.fi\/blog\/wp-json\/wp\/v2\/categories?post=10895"},{"taxonomy":"post_tag","embeddable":true,"href":"https:\/\/andersadlercreutz.fi\/blog\/wp-json\/wp\/v2\/tags?post=10895"}],"curies":[{"name":"wp","href":"https:\/\/api.w.org\/{rel}","templated":true}]}}