{"id":10942,"date":"2025-10-17T09:40:16","date_gmt":"2025-10-17T06:40:16","guid":{"rendered":"https:\/\/andersadlercreutz.fi\/blog\/?p=10942"},"modified":"2025-10-17T09:40:16","modified_gmt":"2025-10-17T06:40:16","slug":"det-glada-ovasendet","status":"publish","type":"post","link":"https:\/\/andersadlercreutz.fi\/blog\/1-utbildning\/det-glada-ovasendet\/","title":{"rendered":"Det glada ov\u00e4sendet"},"content":{"rendered":"<p class=\"ew-preamble\">F\u00f6rm\u00e5gan att koncentrera oss \u00e4r trots allt fortfarande en f\u00e4rdighet som beh\u00f6vs i denna v\u00e4rld, oberoende av den teknologiska, digitala revolution som p\u00e5g\u00e5r runt omkring oss.<\/p>\n<p class=\"ew-body\">I en kommun har basketst\u00e4llningarna beh\u00f6vt gr\u00e4vas fram fr\u00e5n kommunens f\u00f6rr\u00e5d.\u00a0Barnen saknade n\u00e4mligen lekar och spel under rasterna, eftersom mobiltelefonerna enligt skolans beslut skulle l\u00e4mnas i ryggs\u00e4cken.<\/p>\n<p class=\"ew-body\">I en annan kommun ber\u00e4ttade rektorn att ljudniv\u00e5n numera \u00e4r h\u00f6g under rasterna. Barnen sitter inte l\u00e4ngre tysta och ensamma, utan pratar med varandra, leker och spelar.\u00a0Ibland uppst\u00e5r det f\u00f6rst\u00e5s sm\u00e5 gr\u00e4l, men ov\u00e4sendet \u00e4r mestadels positivt: \u00e4kta, direkt interaktion och gemenskap.<\/p>\n<p class=\"ew-body\">N\u00e4r h\u00f6stterminen nu hunnit till oktober verkar mobilf\u00f6rbudet, som tr\u00e4dde i kraft i b\u00f6rjan av augusti, ha f\u00f6r\u00e4ndrat vardagen och den inre dynamiken i m\u00e5nga skolor i en positiv riktning.<\/p>\n<footer><\/footer>\n<p class=\"ew-body\">\u00c4ven om lagen endast begr\u00e4nsar anv\u00e4ndningen under lektionstid, har m\u00e5nga skolor \u2013 till min gl\u00e4dje och enligt min uppmaning \u2013 valt att begr\u00e4nsa anv\u00e4ndningen \u00e4ven under rasterna. Lika centralt som att skolan l\u00e4r ut att l\u00e4sa, r\u00e4kna och f\u00f6rst\u00e5 v\u00e5rt samh\u00e4lle, \u00e4r att den l\u00e4r ut interaktion och sociala f\u00e4rdigheter. Dessa l\u00e4r man sig genom att g\u00f6ra saker tillsammans, tala och lyssna, diskutera.<\/p>\n<footer><\/footer>\n<p class=\"ew-body\">Och det kr\u00e4ver tid och utrymme.<\/p>\n<p class=\"ew-body\">Enligt en svensk studie tillbringar barn utanf\u00f6r skolan \u00f6ver sex timmar om dagen framf\u00f6r en sk\u00e4rm.\u00a0Tidsanv\u00e4ndning \u00e4r p\u00e5 m\u00e5nga s\u00e4tt ett nollsummespel \u2013 en timme som \u00e4gnas \u00e5t en sak \u00e4r bort fr\u00e5n n\u00e5got annat.<\/p>\n<p class=\"ew-body\">N\u00e4r begr\u00e4nsningen av mobilanv\u00e4ndning under lektionstid verkar leda till att anv\u00e4ndningen minskar \u00e4ven p\u00e5 rasterna, finns det sk\u00e4l att hoppas att samma positiva effekt ocks\u00e5 visar sig p\u00e5 fritiden. D\u00e5 kan vi vara p\u00e5 v\u00e4g att l\u00f6sa den centrala utmaningen f\u00f6r utbildningen: de sjunkande inl\u00e4rningsresultaten.<\/p>\n<p class=\"ew-body\">Jag tror starkt att huvudorsaken till de f\u00f6rs\u00e4mrade inl\u00e4rningsresultaten finns i v\u00e5r f\u00f6rsvagade koncentrationsf\u00f6rm\u00e5ga. Det \u00e4r n\u00e5got som drabbar b\u00e5de oss vuxna och de unga.<\/p>\n<p class=\"ew-body\">En orsak till detta \u00e4r den lilla apparat som surrar och vibrerar i fickan och i v\u00e4skan. Den har distraherat oss bort fr\u00e5n den verklighet d\u00e4r vi kunde sitta stilla i en timme och v\u00e4nda p\u00e5 bokens sidor, utan avbrott.<\/p>\n<p class=\"ew-body\">F\u00f6rm\u00e5gan att koncentrera oss \u00e4r trots allt fortfarande en f\u00e4rdighet som beh\u00f6vs i denna v\u00e4rld, oberoende av den teknologiska, digitala revolution som p\u00e5g\u00e5r runtomkring oss.<\/p>\n<p class=\"ew-body\">Skolans uppgift \u00e4r att l\u00e4ra unga de centrala f\u00e4rdigheter v\u00e4rlden kr\u00e4ver av dem.\u00a0Behovet av digital kompetens \u00e4r naturligtvis en central fr\u00e5ga. Vi kan inte blunda f\u00f6r det. Men i v\u00e5r tid beh\u00f6ver vi fortfarande f\u00f6rm\u00e5gan att f\u00f6rdjupa oss, att koncentrera oss och att vara l\u00e5ngsamma. Man kan s\u00e4ga att det \u00e4r en f\u00f6ruts\u00e4ttning f\u00f6r djup inl\u00e4rning.<\/p>\n<p class=\"ew-body\">F\u00f6rhoppningsvis leder lag\u00e4ndringen till att mobiltelefonerna spelar en n\u00e5got mindre roll i barnens och ungdomarnas liv. Och inte genom det bara till livligare raster, utan ocks\u00e5 till mer eftertanke, koncentration, f\u00f6rdjupning och d\u00e4rigenom en b\u00e4ttre f\u00f6rm\u00e5ga att l\u00e4ra sig nytt om v\u00e4rlden och om oss sj\u00e4lva.<\/p>\n<p class=\"ew-body\">L\u00e5ngsamhet beh\u00f6vs i denna snabba v\u00e4rld.<\/p>\n","protected":false},"excerpt":{"rendered":"<p>F\u00f6rm\u00e5gan att koncentrera oss \u00e4r trots allt fortfarande en f\u00e4rdighet som beh\u00f6vs i denna v\u00e4rld, oberoende av den teknologiska, digitala revolution som p\u00e5g\u00e5r runt omkring oss. I en kommun har basketst\u00e4llningarna beh\u00f6vt gr\u00e4vas fram fr\u00e5n kommunens f\u00f6rr\u00e5d.\u00a0Barnen saknade n\u00e4mligen lekar och spel under rasterna, eftersom mobiltelefonerna enligt skolans beslut skulle l\u00e4mnas i ryggs\u00e4cken. I en [&hellip;]<\/p>\n","protected":false},"author":1,"featured_media":10227,"comment_status":"open","ping_status":"open","sticky":false,"template":"","format":"standard","meta":{"jetpack_post_was_ever_published":false,"_jetpack_newsletter_access":"","jetpack_publicize_message":"","jetpack_is_tweetstorm":false,"jetpack_publicize_feature_enabled":true,"jetpack_social_post_already_shared":true,"jetpack_social_options":{"image_generator_settings":{"template":"highway","enabled":false}}},"categories":[27,45,73,114,88,41],"tags":[],"jetpack_publicize_connections":[],"yoast_head":"<!-- This site is optimized with the Yoast SEO plugin v20.12 - https:\/\/yoast.com\/wordpress\/plugins\/seo\/ -->\n<title>Det glada ov\u00e4sendet - Anders Adlercreutz<\/title>\n<meta name=\"robots\" content=\"index, follow, max-snippet:-1, max-image-preview:large, max-video-preview:-1\" \/>\n<link rel=\"canonical\" href=\"https:\/\/andersadlercreutz.fi\/blog\/1-utbildning\/det-glada-ovasendet\/\" \/>\n<meta property=\"og:locale\" content=\"sv_SE\" \/>\n<meta property=\"og:type\" content=\"article\" \/>\n<meta property=\"og:title\" content=\"Det glada ov\u00e4sendet - Anders Adlercreutz\" \/>\n<meta property=\"og:description\" content=\"F\u00f6rm\u00e5gan att koncentrera oss \u00e4r trots allt fortfarande en f\u00e4rdighet som beh\u00f6vs i denna v\u00e4rld, oberoende av den teknologiska, digitala revolution som p\u00e5g\u00e5r runt omkring oss. I en kommun har basketst\u00e4llningarna beh\u00f6vt gr\u00e4vas fram fr\u00e5n kommunens f\u00f6rr\u00e5d.\u00a0Barnen saknade n\u00e4mligen lekar och spel under rasterna, eftersom mobiltelefonerna enligt skolans beslut skulle l\u00e4mnas i ryggs\u00e4cken. I en [&hellip;]\" \/>\n<meta property=\"og:url\" content=\"https:\/\/andersadlercreutz.fi\/blog\/1-utbildning\/det-glada-ovasendet\/\" \/>\n<meta property=\"og:site_name\" content=\"Anders Adlercreutz\" \/>\n<meta property=\"article:published_time\" content=\"2025-10-17T06:40:16+00:00\" \/>\n<meta property=\"og:image\" content=\"https:\/\/andersadlercreutz.fi\/blog\/wp-content\/uploads\/2025\/03\/781A1868-copy_blogg-1030x550.png\" \/>\n\t<meta property=\"og:image:width\" content=\"1030\" \/>\n\t<meta property=\"og:image:height\" content=\"550\" \/>\n\t<meta property=\"og:image:type\" content=\"image\/png\" \/>\n<meta name=\"author\" content=\"Anders\" \/>\n<meta name=\"twitter:card\" content=\"summary_large_image\" \/>\n<meta name=\"twitter:label1\" content=\"Skriven av\" \/>\n\t<meta name=\"twitter:data1\" content=\"Anders\" \/>\n\t<meta name=\"twitter:label2\" content=\"Ber\u00e4knad l\u00e4stid\" \/>\n\t<meta name=\"twitter:data2\" content=\"3 minuter\" \/>\n<script type=\"application\/ld+json\" class=\"yoast-schema-graph\">{\"@context\":\"https:\/\/schema.org\",\"@graph\":[{\"@type\":\"WebPage\",\"@id\":\"https:\/\/andersadlercreutz.fi\/blog\/1-utbildning\/det-glada-ovasendet\/\",\"url\":\"https:\/\/andersadlercreutz.fi\/blog\/1-utbildning\/det-glada-ovasendet\/\",\"name\":\"Det glada ov\u00e4sendet - Anders Adlercreutz\",\"isPartOf\":{\"@id\":\"https:\/\/andersadlercreutz.fi\/blog\/#website\"},\"datePublished\":\"2025-10-17T06:40:16+00:00\",\"dateModified\":\"2025-10-17T06:40:16+00:00\",\"author\":{\"@id\":\"https:\/\/andersadlercreutz.fi\/blog\/#\/schema\/person\/47d4b72eded862b484f74bb4b3a2354f\"},\"breadcrumb\":{\"@id\":\"https:\/\/andersadlercreutz.fi\/blog\/1-utbildning\/det-glada-ovasendet\/#breadcrumb\"},\"inLanguage\":\"sv-SE\",\"potentialAction\":[{\"@type\":\"ReadAction\",\"target\":[\"https:\/\/andersadlercreutz.fi\/blog\/1-utbildning\/det-glada-ovasendet\/\"]}]},{\"@type\":\"BreadcrumbList\",\"@id\":\"https:\/\/andersadlercreutz.fi\/blog\/1-utbildning\/det-glada-ovasendet\/#breadcrumb\",\"itemListElement\":[{\"@type\":\"ListItem\",\"position\":1,\"name\":\"Home\",\"item\":\"https:\/\/andersadlercreutz.fi\/blog\/blogg\/?lang=sv\"},{\"@type\":\"ListItem\",\"position\":2,\"name\":\"Det glada ov\u00e4sendet\"}]},{\"@type\":\"WebSite\",\"@id\":\"https:\/\/andersadlercreutz.fi\/blog\/#website\",\"url\":\"https:\/\/andersadlercreutz.fi\/blog\/\",\"name\":\"Anders Adlercreutz\",\"description\":\"Du. Jag. Vi. Kest&auml;v&auml;sti optimisti\",\"potentialAction\":[{\"@type\":\"SearchAction\",\"target\":{\"@type\":\"EntryPoint\",\"urlTemplate\":\"https:\/\/andersadlercreutz.fi\/blog\/?s={search_term_string}\"},\"query-input\":\"required name=search_term_string\"}],\"inLanguage\":\"sv-SE\"},{\"@type\":\"Person\",\"@id\":\"https:\/\/andersadlercreutz.fi\/blog\/#\/schema\/person\/47d4b72eded862b484f74bb4b3a2354f\",\"name\":\"Anders\",\"image\":{\"@type\":\"ImageObject\",\"inLanguage\":\"sv-SE\",\"@id\":\"https:\/\/andersadlercreutz.fi\/blog\/#\/schema\/person\/image\/\",\"url\":\"https:\/\/secure.gravatar.com\/avatar\/a144c9bda7a581ff6fabba169027e620?s=96&d=mm&r=g\",\"contentUrl\":\"https:\/\/secure.gravatar.com\/avatar\/a144c9bda7a581ff6fabba169027e620?s=96&d=mm&r=g\",\"caption\":\"Anders\"},\"url\":\"https:\/\/andersadlercreutz.fi\/blog\/author\/admin\/\"}]}<\/script>\n<!-- \/ Yoast SEO plugin. -->","yoast_head_json":{"title":"Det glada ov\u00e4sendet - Anders Adlercreutz","robots":{"index":"index","follow":"follow","max-snippet":"max-snippet:-1","max-image-preview":"max-image-preview:large","max-video-preview":"max-video-preview:-1"},"canonical":"https:\/\/andersadlercreutz.fi\/blog\/1-utbildning\/det-glada-ovasendet\/","og_locale":"sv_SE","og_type":"article","og_title":"Det glada ov\u00e4sendet - Anders Adlercreutz","og_description":"F\u00f6rm\u00e5gan att koncentrera oss \u00e4r trots allt fortfarande en f\u00e4rdighet som beh\u00f6vs i denna v\u00e4rld, oberoende av den teknologiska, digitala revolution som p\u00e5g\u00e5r runt omkring oss. I en kommun har basketst\u00e4llningarna beh\u00f6vt gr\u00e4vas fram fr\u00e5n kommunens f\u00f6rr\u00e5d.\u00a0Barnen saknade n\u00e4mligen lekar och spel under rasterna, eftersom mobiltelefonerna enligt skolans beslut skulle l\u00e4mnas i ryggs\u00e4cken. I en [&hellip;]","og_url":"https:\/\/andersadlercreutz.fi\/blog\/1-utbildning\/det-glada-ovasendet\/","og_site_name":"Anders Adlercreutz","article_published_time":"2025-10-17T06:40:16+00:00","og_image":[{"width":1030,"height":550,"url":"https:\/\/andersadlercreutz.fi\/blog\/wp-content\/uploads\/2025\/03\/781A1868-copy_blogg-1030x550.png","type":"image\/png"}],"author":"Anders","twitter_card":"summary_large_image","twitter_misc":{"Skriven av":"Anders","Ber\u00e4knad l\u00e4stid":"3 minuter"},"schema":{"@context":"https:\/\/schema.org","@graph":[{"@type":"WebPage","@id":"https:\/\/andersadlercreutz.fi\/blog\/1-utbildning\/det-glada-ovasendet\/","url":"https:\/\/andersadlercreutz.fi\/blog\/1-utbildning\/det-glada-ovasendet\/","name":"Det glada ov\u00e4sendet - Anders Adlercreutz","isPartOf":{"@id":"https:\/\/andersadlercreutz.fi\/blog\/#website"},"datePublished":"2025-10-17T06:40:16+00:00","dateModified":"2025-10-17T06:40:16+00:00","author":{"@id":"https:\/\/andersadlercreutz.fi\/blog\/#\/schema\/person\/47d4b72eded862b484f74bb4b3a2354f"},"breadcrumb":{"@id":"https:\/\/andersadlercreutz.fi\/blog\/1-utbildning\/det-glada-ovasendet\/#breadcrumb"},"inLanguage":"sv-SE","potentialAction":[{"@type":"ReadAction","target":["https:\/\/andersadlercreutz.fi\/blog\/1-utbildning\/det-glada-ovasendet\/"]}]},{"@type":"BreadcrumbList","@id":"https:\/\/andersadlercreutz.fi\/blog\/1-utbildning\/det-glada-ovasendet\/#breadcrumb","itemListElement":[{"@type":"ListItem","position":1,"name":"Home","item":"https:\/\/andersadlercreutz.fi\/blog\/blogg\/?lang=sv"},{"@type":"ListItem","position":2,"name":"Det glada ov\u00e4sendet"}]},{"@type":"WebSite","@id":"https:\/\/andersadlercreutz.fi\/blog\/#website","url":"https:\/\/andersadlercreutz.fi\/blog\/","name":"Anders Adlercreutz","description":"Du. Jag. Vi. Kest&auml;v&auml;sti optimisti","potentialAction":[{"@type":"SearchAction","target":{"@type":"EntryPoint","urlTemplate":"https:\/\/andersadlercreutz.fi\/blog\/?s={search_term_string}"},"query-input":"required name=search_term_string"}],"inLanguage":"sv-SE"},{"@type":"Person","@id":"https:\/\/andersadlercreutz.fi\/blog\/#\/schema\/person\/47d4b72eded862b484f74bb4b3a2354f","name":"Anders","image":{"@type":"ImageObject","inLanguage":"sv-SE","@id":"https:\/\/andersadlercreutz.fi\/blog\/#\/schema\/person\/image\/","url":"https:\/\/secure.gravatar.com\/avatar\/a144c9bda7a581ff6fabba169027e620?s=96&d=mm&r=g","contentUrl":"https:\/\/secure.gravatar.com\/avatar\/a144c9bda7a581ff6fabba169027e620?s=96&d=mm&r=g","caption":"Anders"},"url":"https:\/\/andersadlercreutz.fi\/blog\/author\/admin\/"}]}},"jetpack_featured_media_url":"https:\/\/i0.wp.com\/andersadlercreutz.fi\/blog\/wp-content\/uploads\/2025\/03\/781A1868-copy_blogg.png?fit=3152%2C1682&ssl=1","jetpack_shortlink":"https:\/\/wp.me\/p4T6Dh-2Qu","jetpack_sharing_enabled":true,"_links":{"self":[{"href":"https:\/\/andersadlercreutz.fi\/blog\/wp-json\/wp\/v2\/posts\/10942"}],"collection":[{"href":"https:\/\/andersadlercreutz.fi\/blog\/wp-json\/wp\/v2\/posts"}],"about":[{"href":"https:\/\/andersadlercreutz.fi\/blog\/wp-json\/wp\/v2\/types\/post"}],"author":[{"embeddable":true,"href":"https:\/\/andersadlercreutz.fi\/blog\/wp-json\/wp\/v2\/users\/1"}],"replies":[{"embeddable":true,"href":"https:\/\/andersadlercreutz.fi\/blog\/wp-json\/wp\/v2\/comments?post=10942"}],"version-history":[{"count":2,"href":"https:\/\/andersadlercreutz.fi\/blog\/wp-json\/wp\/v2\/posts\/10942\/revisions"}],"predecessor-version":[{"id":10944,"href":"https:\/\/andersadlercreutz.fi\/blog\/wp-json\/wp\/v2\/posts\/10942\/revisions\/10944"}],"wp:featuredmedia":[{"embeddable":true,"href":"https:\/\/andersadlercreutz.fi\/blog\/wp-json\/wp\/v2\/media\/10227"}],"wp:attachment":[{"href":"https:\/\/andersadlercreutz.fi\/blog\/wp-json\/wp\/v2\/media?parent=10942"}],"wp:term":[{"taxonomy":"category","embeddable":true,"href":"https:\/\/andersadlercreutz.fi\/blog\/wp-json\/wp\/v2\/categories?post=10942"},{"taxonomy":"post_tag","embeddable":true,"href":"https:\/\/andersadlercreutz.fi\/blog\/wp-json\/wp\/v2\/tags?post=10942"}],"curies":[{"name":"wp","href":"https:\/\/api.w.org\/{rel}","templated":true}]}}