{"id":10970,"date":"2025-10-25T12:52:54","date_gmt":"2025-10-25T09:52:54","guid":{"rendered":"https:\/\/andersadlercreutz.fi\/blog\/?p=10970"},"modified":"2025-11-12T13:03:26","modified_gmt":"2025-11-12T11:03:26","slug":"liberaaleja-voimia-tarvitaan-nyt-enemman-kuin-koskaan-25-10-2025-eu","status":"publish","type":"post","link":"https:\/\/andersadlercreutz.fi\/blog\/uncategorized-en-2-2\/liberaaleja-voimia-tarvitaan-nyt-enemman-kuin-koskaan-25-10-2025-eu\/?lang=fi","title":{"rendered":"Liberaaleja voimia tarvitaan nyt enemm\u00e4n kuin koskaan"},"content":{"rendered":"<div class=\"excerpt\">\n<p>RKP:n puheenjohtaja ja opetusministeri Anders Adlercreutz osallistui viikonloppuna yhdess\u00e4 RKP:n valtuuskunnan kanssa ALDE-puoluekokoukseen Brysseliss\u00e4. ALDE on RKP:n eurooppalainen puolue.<\/p>\n<\/div>\n<div class=\"resizable\">\n<p>\u2013 On t\u00e4rke\u00e4\u00e4, ett\u00e4 liberaalit voimat kokoontuvat ja vaihtavat ajatuksia. T\u00e4ss\u00e4 poliittisessa todellisuudessa, jossa oikeusvaltioperiaate ja demokraattiset rakenteet monessa maassa ovat haastettuina, tarvitaan vuoropuhelua ja yhteist\u00e4 ty\u00f6t\u00e4 enemm\u00e4n kuin koskaan. Kun poliittinen arkemme polarisoituu ja \u00e4\u00e4ripuolueet ajautuvat reunoille, liberaalit puolueet tarjoavat eteenp\u00e4in katsovan vaihtoehdon, Adlercreutz sanoo.<\/p>\n<p>Kongressissa RKP:n aloite\u00a0<i>\u201cA Stronger Internal Market for Europe\u2019s Defence Industry\u201d<\/i>\u00a0sai laajaa kannatusta ja hyv\u00e4ksyttiin. Aloitteen tavoitteena on vahvistaa EU:n sis\u00e4markkinoita puolustusteollisuuden osalta ja siten parantaa Euroopan turvallisuutta ja puolustusyhteisty\u00f6t\u00e4.<\/p>\n<p>Adlercreutz johti my\u00f6s ty\u00f6pajan aiheesta\u00a0<i>\u201cLearning to Disconnect: The Benefits of Phone-Free Classrooms\u201d<\/i>, jossa h\u00e4n esitteli Suomen lakimuutoksen puhelimista vapaista kouluista. Osallistujia kiinnosti, miten laki on otettu vastaan ja miten koulut ovat kokeneet muutoksen k\u00e4yt\u00e4nn\u00f6ss\u00e4.<\/p>\n<p>\u2013 Olemme jo kuulleet kokemuksia siit\u00e4, ett\u00e4 oppilaiden on helpompi keskitty\u00e4, kun puhelimet eiv\u00e4t kilpaile huomiosta. Samalla luokkahuoneessa syntyy enemm\u00e4n keskustelua ja vuorovaikutusta. Kyse ei ole vain ty\u00f6rauhasta, vaan my\u00f6s yhteis\u00f6llisyyden vahvistamisesta. On hienoa huomata, ett\u00e4 suomalainen lains\u00e4\u00e4d\u00e4nt\u00f6 her\u00e4tt\u00e4\u00e4 kiinnostusta Euroopassa varsin ainutlaatuisella tavalla. Monet maat seuraavat nyt esimerkki\u00e4mme, Adlercreutz sanoo.<\/p>\n<\/div>\n","protected":false},"excerpt":{"rendered":"<p>RKP:n puheenjohtaja ja opetusministeri Anders Adlercreutz osallistui viikonloppuna yhdess\u00e4 RKP:n valtuuskunnan kanssa ALDE-puoluekokoukseen Brysseliss\u00e4. ALDE on RKP:n eurooppalainen puolue. \u2013 On t\u00e4rke\u00e4\u00e4, ett\u00e4 liberaalit voimat kokoontuvat ja vaihtavat ajatuksia. T\u00e4ss\u00e4 poliittisessa todellisuudessa, jossa oikeusvaltioperiaate ja demokraattiset rakenteet monessa maassa ovat haastettuina, tarvitaan vuoropuhelua ja yhteist\u00e4 ty\u00f6t\u00e4 enemm\u00e4n kuin koskaan. Kun poliittinen arkemme polarisoituu ja \u00e4\u00e4ripuolueet [&hellip;]<\/p>\n","protected":false},"author":1,"featured_media":10739,"comment_status":"open","ping_status":"open","sticky":false,"template":"","format":"standard","meta":{"jetpack_post_was_ever_published":false,"_jetpack_newsletter_access":"","jetpack_publicize_message":"","jetpack_is_tweetstorm":false,"jetpack_publicize_feature_enabled":true,"jetpack_social_post_already_shared":true,"jetpack_social_options":{"image_generator_settings":{"template":"highway","enabled":false}}},"categories":[18,71,6,163,150],"tags":[],"jetpack_publicize_connections":[],"yoast_head":"<!-- This site is optimized with the Yoast SEO plugin v20.12 - https:\/\/yoast.com\/wordpress\/plugins\/seo\/ -->\n<title>Liberaaleja voimia tarvitaan nyt enemm\u00e4n kuin koskaan - Anders Adlercreutz<\/title>\n<meta name=\"robots\" content=\"index, follow, max-snippet:-1, max-image-preview:large, max-video-preview:-1\" \/>\n<link rel=\"canonical\" href=\"https:\/\/andersadlercreutz.fi\/blog\/uncategorized-en-2-2\/liberaaleja-voimia-tarvitaan-nyt-enemman-kuin-koskaan-25-10-2025-eu\/\" \/>\n<meta property=\"og:locale\" content=\"sv_SE\" \/>\n<meta property=\"og:type\" content=\"article\" \/>\n<meta property=\"og:title\" content=\"Liberaaleja voimia tarvitaan nyt enemm\u00e4n kuin koskaan - Anders Adlercreutz\" \/>\n<meta property=\"og:description\" content=\"RKP:n puheenjohtaja ja opetusministeri Anders Adlercreutz osallistui viikonloppuna yhdess\u00e4 RKP:n valtuuskunnan kanssa ALDE-puoluekokoukseen Brysseliss\u00e4. ALDE on RKP:n eurooppalainen puolue. \u2013 On t\u00e4rke\u00e4\u00e4, ett\u00e4 liberaalit voimat kokoontuvat ja vaihtavat ajatuksia. T\u00e4ss\u00e4 poliittisessa todellisuudessa, jossa oikeusvaltioperiaate ja demokraattiset rakenteet monessa maassa ovat haastettuina, tarvitaan vuoropuhelua ja yhteist\u00e4 ty\u00f6t\u00e4 enemm\u00e4n kuin koskaan. Kun poliittinen arkemme polarisoituu ja \u00e4\u00e4ripuolueet [&hellip;]\" \/>\n<meta property=\"og:url\" content=\"https:\/\/andersadlercreutz.fi\/blog\/uncategorized-en-2-2\/liberaaleja-voimia-tarvitaan-nyt-enemman-kuin-koskaan-25-10-2025-eu\/?lang=fi\" \/>\n<meta property=\"og:site_name\" content=\"Anders Adlercreutz\" \/>\n<meta property=\"article:published_time\" content=\"2025-10-25T09:52:54+00:00\" \/>\n<meta property=\"article:modified_time\" content=\"2025-11-12T11:03:26+00:00\" \/>\n<meta property=\"og:image\" content=\"https:\/\/andersadlercreutz.fi\/blog\/wp-content\/uploads\/2025\/08\/DK1A2913-Enhanced-NR-copy-scaled-e1762945400905-1030x520.jpg\" \/>\n\t<meta property=\"og:image:width\" content=\"1030\" \/>\n\t<meta property=\"og:image:height\" content=\"520\" \/>\n\t<meta property=\"og:image:type\" content=\"image\/jpeg\" \/>\n<meta name=\"author\" content=\"Anders\" \/>\n<meta name=\"twitter:card\" content=\"summary_large_image\" \/>\n<meta name=\"twitter:label1\" content=\"Skriven av\" \/>\n\t<meta name=\"twitter:data1\" content=\"Anders\" \/>\n\t<meta name=\"twitter:label2\" content=\"Ber\u00e4knad l\u00e4stid\" \/>\n\t<meta name=\"twitter:data2\" content=\"1 minut\" \/>\n<script type=\"application\/ld+json\" class=\"yoast-schema-graph\">{\"@context\":\"https:\/\/schema.org\",\"@graph\":[{\"@type\":\"WebPage\",\"@id\":\"https:\/\/andersadlercreutz.fi\/blog\/uncategorized-en-2-2\/liberaaleja-voimia-tarvitaan-nyt-enemman-kuin-koskaan-25-10-2025-eu\/?lang=fi\",\"url\":\"https:\/\/andersadlercreutz.fi\/blog\/uncategorized-en-2-2\/liberaaleja-voimia-tarvitaan-nyt-enemman-kuin-koskaan-25-10-2025-eu\/?lang=fi\",\"name\":\"Liberaaleja voimia tarvitaan nyt enemm\u00e4n kuin koskaan - Anders Adlercreutz\",\"isPartOf\":{\"@id\":\"https:\/\/andersadlercreutz.fi\/blog\/#website\"},\"datePublished\":\"2025-10-25T09:52:54+00:00\",\"dateModified\":\"2025-11-12T11:03:26+00:00\",\"author\":{\"@id\":\"https:\/\/andersadlercreutz.fi\/blog\/#\/schema\/person\/47d4b72eded862b484f74bb4b3a2354f\"},\"breadcrumb\":{\"@id\":\"https:\/\/andersadlercreutz.fi\/blog\/uncategorized-en-2-2\/liberaaleja-voimia-tarvitaan-nyt-enemman-kuin-koskaan-25-10-2025-eu\/?lang=fi#breadcrumb\"},\"inLanguage\":\"sv-SE\",\"potentialAction\":[{\"@type\":\"ReadAction\",\"target\":[\"https:\/\/andersadlercreutz.fi\/blog\/uncategorized-en-2-2\/liberaaleja-voimia-tarvitaan-nyt-enemman-kuin-koskaan-25-10-2025-eu\/?lang=fi\"]}]},{\"@type\":\"BreadcrumbList\",\"@id\":\"https:\/\/andersadlercreutz.fi\/blog\/uncategorized-en-2-2\/liberaaleja-voimia-tarvitaan-nyt-enemman-kuin-koskaan-25-10-2025-eu\/?lang=fi#breadcrumb\",\"itemListElement\":[{\"@type\":\"ListItem\",\"position\":1,\"name\":\"Home\",\"item\":\"https:\/\/andersadlercreutz.fi\/blog\/blogg\/?lang=sv\"},{\"@type\":\"ListItem\",\"position\":2,\"name\":\"Liberaaleja voimia tarvitaan nyt enemm\u00e4n kuin koskaan\"}]},{\"@type\":\"WebSite\",\"@id\":\"https:\/\/andersadlercreutz.fi\/blog\/#website\",\"url\":\"https:\/\/andersadlercreutz.fi\/blog\/\",\"name\":\"Anders Adlercreutz\",\"description\":\"Du. Jag. Vi. Kest&auml;v&auml;sti optimisti\",\"potentialAction\":[{\"@type\":\"SearchAction\",\"target\":{\"@type\":\"EntryPoint\",\"urlTemplate\":\"https:\/\/andersadlercreutz.fi\/blog\/?s={search_term_string}\"},\"query-input\":\"required name=search_term_string\"}],\"inLanguage\":\"sv-SE\"},{\"@type\":\"Person\",\"@id\":\"https:\/\/andersadlercreutz.fi\/blog\/#\/schema\/person\/47d4b72eded862b484f74bb4b3a2354f\",\"name\":\"Anders\",\"image\":{\"@type\":\"ImageObject\",\"inLanguage\":\"sv-SE\",\"@id\":\"https:\/\/andersadlercreutz.fi\/blog\/#\/schema\/person\/image\/\",\"url\":\"https:\/\/secure.gravatar.com\/avatar\/a144c9bda7a581ff6fabba169027e620?s=96&d=mm&r=g\",\"contentUrl\":\"https:\/\/secure.gravatar.com\/avatar\/a144c9bda7a581ff6fabba169027e620?s=96&d=mm&r=g\",\"caption\":\"Anders\"},\"url\":\"https:\/\/andersadlercreutz.fi\/blog\/author\/admin\/\"}]}<\/script>\n<!-- \/ Yoast SEO plugin. -->","yoast_head_json":{"title":"Liberaaleja voimia tarvitaan nyt enemm\u00e4n kuin koskaan - Anders Adlercreutz","robots":{"index":"index","follow":"follow","max-snippet":"max-snippet:-1","max-image-preview":"max-image-preview:large","max-video-preview":"max-video-preview:-1"},"canonical":"https:\/\/andersadlercreutz.fi\/blog\/uncategorized-en-2-2\/liberaaleja-voimia-tarvitaan-nyt-enemman-kuin-koskaan-25-10-2025-eu\/","og_locale":"sv_SE","og_type":"article","og_title":"Liberaaleja voimia tarvitaan nyt enemm\u00e4n kuin koskaan - Anders Adlercreutz","og_description":"RKP:n puheenjohtaja ja opetusministeri Anders Adlercreutz osallistui viikonloppuna yhdess\u00e4 RKP:n valtuuskunnan kanssa ALDE-puoluekokoukseen Brysseliss\u00e4. ALDE on RKP:n eurooppalainen puolue. \u2013 On t\u00e4rke\u00e4\u00e4, ett\u00e4 liberaalit voimat kokoontuvat ja vaihtavat ajatuksia. T\u00e4ss\u00e4 poliittisessa todellisuudessa, jossa oikeusvaltioperiaate ja demokraattiset rakenteet monessa maassa ovat haastettuina, tarvitaan vuoropuhelua ja yhteist\u00e4 ty\u00f6t\u00e4 enemm\u00e4n kuin koskaan. Kun poliittinen arkemme polarisoituu ja \u00e4\u00e4ripuolueet [&hellip;]","og_url":"https:\/\/andersadlercreutz.fi\/blog\/uncategorized-en-2-2\/liberaaleja-voimia-tarvitaan-nyt-enemman-kuin-koskaan-25-10-2025-eu\/?lang=fi","og_site_name":"Anders Adlercreutz","article_published_time":"2025-10-25T09:52:54+00:00","article_modified_time":"2025-11-12T11:03:26+00:00","og_image":[{"width":1030,"height":520,"url":"https:\/\/andersadlercreutz.fi\/blog\/wp-content\/uploads\/2025\/08\/DK1A2913-Enhanced-NR-copy-scaled-e1762945400905-1030x520.jpg","type":"image\/jpeg"}],"author":"Anders","twitter_card":"summary_large_image","twitter_misc":{"Skriven av":"Anders","Ber\u00e4knad l\u00e4stid":"1 minut"},"schema":{"@context":"https:\/\/schema.org","@graph":[{"@type":"WebPage","@id":"https:\/\/andersadlercreutz.fi\/blog\/uncategorized-en-2-2\/liberaaleja-voimia-tarvitaan-nyt-enemman-kuin-koskaan-25-10-2025-eu\/?lang=fi","url":"https:\/\/andersadlercreutz.fi\/blog\/uncategorized-en-2-2\/liberaaleja-voimia-tarvitaan-nyt-enemman-kuin-koskaan-25-10-2025-eu\/?lang=fi","name":"Liberaaleja voimia tarvitaan nyt enemm\u00e4n kuin koskaan - Anders Adlercreutz","isPartOf":{"@id":"https:\/\/andersadlercreutz.fi\/blog\/#website"},"datePublished":"2025-10-25T09:52:54+00:00","dateModified":"2025-11-12T11:03:26+00:00","author":{"@id":"https:\/\/andersadlercreutz.fi\/blog\/#\/schema\/person\/47d4b72eded862b484f74bb4b3a2354f"},"breadcrumb":{"@id":"https:\/\/andersadlercreutz.fi\/blog\/uncategorized-en-2-2\/liberaaleja-voimia-tarvitaan-nyt-enemman-kuin-koskaan-25-10-2025-eu\/?lang=fi#breadcrumb"},"inLanguage":"sv-SE","potentialAction":[{"@type":"ReadAction","target":["https:\/\/andersadlercreutz.fi\/blog\/uncategorized-en-2-2\/liberaaleja-voimia-tarvitaan-nyt-enemman-kuin-koskaan-25-10-2025-eu\/?lang=fi"]}]},{"@type":"BreadcrumbList","@id":"https:\/\/andersadlercreutz.fi\/blog\/uncategorized-en-2-2\/liberaaleja-voimia-tarvitaan-nyt-enemman-kuin-koskaan-25-10-2025-eu\/?lang=fi#breadcrumb","itemListElement":[{"@type":"ListItem","position":1,"name":"Home","item":"https:\/\/andersadlercreutz.fi\/blog\/blogg\/?lang=sv"},{"@type":"ListItem","position":2,"name":"Liberaaleja voimia tarvitaan nyt enemm\u00e4n kuin koskaan"}]},{"@type":"WebSite","@id":"https:\/\/andersadlercreutz.fi\/blog\/#website","url":"https:\/\/andersadlercreutz.fi\/blog\/","name":"Anders Adlercreutz","description":"Du. Jag. Vi. Kest&auml;v&auml;sti optimisti","potentialAction":[{"@type":"SearchAction","target":{"@type":"EntryPoint","urlTemplate":"https:\/\/andersadlercreutz.fi\/blog\/?s={search_term_string}"},"query-input":"required name=search_term_string"}],"inLanguage":"sv-SE"},{"@type":"Person","@id":"https:\/\/andersadlercreutz.fi\/blog\/#\/schema\/person\/47d4b72eded862b484f74bb4b3a2354f","name":"Anders","image":{"@type":"ImageObject","inLanguage":"sv-SE","@id":"https:\/\/andersadlercreutz.fi\/blog\/#\/schema\/person\/image\/","url":"https:\/\/secure.gravatar.com\/avatar\/a144c9bda7a581ff6fabba169027e620?s=96&d=mm&r=g","contentUrl":"https:\/\/secure.gravatar.com\/avatar\/a144c9bda7a581ff6fabba169027e620?s=96&d=mm&r=g","caption":"Anders"},"url":"https:\/\/andersadlercreutz.fi\/blog\/author\/admin\/"}]}},"jetpack_featured_media_url":"https:\/\/i0.wp.com\/andersadlercreutz.fi\/blog\/wp-content\/uploads\/2025\/08\/DK1A2913-Enhanced-NR-copy-scaled-e1762945400905.jpg?fit=2560%2C1292&ssl=1","jetpack_shortlink":"https:\/\/wp.me\/p4T6Dh-2QW","jetpack_sharing_enabled":true,"_links":{"self":[{"href":"https:\/\/andersadlercreutz.fi\/blog\/wp-json\/wp\/v2\/posts\/10970"}],"collection":[{"href":"https:\/\/andersadlercreutz.fi\/blog\/wp-json\/wp\/v2\/posts"}],"about":[{"href":"https:\/\/andersadlercreutz.fi\/blog\/wp-json\/wp\/v2\/types\/post"}],"author":[{"embeddable":true,"href":"https:\/\/andersadlercreutz.fi\/blog\/wp-json\/wp\/v2\/users\/1"}],"replies":[{"embeddable":true,"href":"https:\/\/andersadlercreutz.fi\/blog\/wp-json\/wp\/v2\/comments?post=10970"}],"version-history":[{"count":3,"href":"https:\/\/andersadlercreutz.fi\/blog\/wp-json\/wp\/v2\/posts\/10970\/revisions"}],"predecessor-version":[{"id":10973,"href":"https:\/\/andersadlercreutz.fi\/blog\/wp-json\/wp\/v2\/posts\/10970\/revisions\/10973"}],"wp:featuredmedia":[{"embeddable":true,"href":"https:\/\/andersadlercreutz.fi\/blog\/wp-json\/wp\/v2\/media\/10739"}],"wp:attachment":[{"href":"https:\/\/andersadlercreutz.fi\/blog\/wp-json\/wp\/v2\/media?parent=10970"}],"wp:term":[{"taxonomy":"category","embeddable":true,"href":"https:\/\/andersadlercreutz.fi\/blog\/wp-json\/wp\/v2\/categories?post=10970"},{"taxonomy":"post_tag","embeddable":true,"href":"https:\/\/andersadlercreutz.fi\/blog\/wp-json\/wp\/v2\/tags?post=10970"}],"curies":[{"name":"wp","href":"https:\/\/api.w.org\/{rel}","templated":true}]}}