{"id":10978,"date":"2025-10-18T13:05:30","date_gmt":"2025-10-18T10:05:30","guid":{"rendered":"https:\/\/andersadlercreutz.fi\/blog\/?p=10978"},"modified":"2025-11-12T13:11:32","modified_gmt":"2025-11-12T11:11:32","slug":"valfardsomradenas-misslyckade-finansieringslag-maste-korrigeras","status":"publish","type":"post","link":"https:\/\/andersadlercreutz.fi\/blog\/blogg\/valfardsomradenas-misslyckade-finansieringslag-maste-korrigeras\/","title":{"rendered":"V\u00e4lf\u00e4rdsomr\u00e5denas misslyckade finansieringslag m\u00e5ste korrigeras!"},"content":{"rendered":"<div class=\"excerpt\">\n<p>SFP:s partiordf\u00f6rande och undervisningsminister Anders Adlercreutz och Svenska riksdagsgruppens ordf\u00f6rande Otto Andersson anser att v\u00e4lf\u00e4rdsomr\u00e5denas finansieringslag m\u00e5ste \u00f6ppnas och korrigeras. De anser att finansieringslagens stora brister blivit allt mer uppenbara efter ett f\u00e4rskt avg\u00f6rande av \u00d6stra Finlands f\u00f6rvaltningsdomstol. Domstolen sl\u00e5r fast att S\u00f6dra Karelens v\u00e4lf\u00e4rdsomr\u00e5des budget f\u00f6r 2025 och dess budgetplan f\u00f6r \u00e5ren 2026-2028 strider mot lagen.<\/p>\n<\/div>\n<div class=\"resizable\">\n<p>\u2013 Fallet i S\u00f6dra Karelen m\u00e5ste fungera som en v\u00e4ckarklocka. Alla politiska partier beh\u00f6ver se sig i spegeln. Den f\u00f6rra regeringen stiftade en misslyckad finansieringslag. Men den nuvarande regeringen b\u00f6r nu b\u00e4ra ansvar och korrigera bristerna. Nu har vi en oh\u00e5llbar situation, d\u00e4r bokf\u00f6ringsm\u00e4ssiga paragrafer verkar vara viktigare \u00e4n tryggande av finl\u00e4ndarnas r\u00e4tt till god v\u00e5rd och omsorg. Ist\u00e4llet f\u00f6r icke-konstruktivt beskyllande mellan regering och opposition, f\u00f6rtj\u00e4nar finl\u00e4ndarna nu l\u00f6sningar, s\u00e4ger Svenska riksdagsgruppens ordf\u00f6rande, riksdagsledamot Otto Andersson.<\/p>\n<p>\u2013 Den nuvarande tolkningen av lagstiftningen efter domstolens beslut riskerar leda till en allvarlig utveckling i hela Finland. V\u00e4lf\u00e4rdsomr\u00e5denas tj\u00e4nsteinnehavare och beslutsfattare har i praktiken tv\u00e5 alternativ. Antingen tvingas de f\u00f6rbereda en budget med underskott f\u00f6r att trygga servicen, vilket inte \u00e4r till\u00e5tet, eftersom v\u00e4lf\u00e4rdsomr\u00e5den har en skyldighet att t\u00e4cka sitt underskott. Alternativt m\u00e5ste de g\u00f6ra en nollbudget genom att mycket drastiskt sk\u00e4ra ner servicen, vilket i sig kan \u00e4ventyra folkets grundlagstryggade r\u00e4tt till social-och h\u00e4lsov\u00e5rdstj\u00e4nster. Detta \u00e4r en fullst\u00e4ndigt oh\u00e5llbar situation, s\u00e4ger SFP:s ordf\u00f6rande, undervisningsminister Anders Adlercreutz.<\/p>\n<p>Denna konflikt har skapat os\u00e4kerhet kring hur lagen ska tolkas och till\u00e4mpas i praktiken.<\/p>\n<p>\u2013 Redan i v\u00e5ras konstaterade justitiekanslern att v\u00e4lf\u00e4rdsomr\u00e5den inte kan l\u00e5ta bli att erbjuda lagstadgade tj\u00e4nster trots deras skyldighet att t\u00e4cka sitt budgetunderskott. Detta b\u00f6r senast nu tas p\u00e5 allvar, s\u00e4ger Andersson.<\/p>\n<p>\u2013 Finansieringen b\u00f6r i framtiden vara mera f\u00f6ruts\u00e4gbar \u00e4n vad den \u00e4r idag. Nuvarande finansieringssystem g\u00f6r det sv\u00e5rt f\u00f6r v\u00e4lf\u00e4rdsomr\u00e5dena att veta den exakta niv\u00e5n p\u00e5 finansieringen. Till exempel medf\u00f6r f\u00f6r\u00e4ndringar i antalet diagnoser i ett v\u00e4lf\u00e4rdsomr\u00e5de f\u00f6r\u00e4ndringar i finansieringen f\u00f6r \u00f6vriga omr\u00e5den. Finansieringen utg\u00f6r grunden f\u00f6r all verksamhet och det \u00e4r d\u00e4rf\u00f6r viktigt att den baserar sig p\u00e5 l\u00e5ngsiktighet och f\u00f6ruts\u00e4gbarhet. Dessutom b\u00f6r antalet indikatorer som p\u00e5verkar finansieringen ses \u00f6ver, s\u00e4ger Adlercreutz.<\/p>\n<p><b>\u00d6verdiagnostisering leder till stor or\u00e4ttvisa mellan v\u00e4lf\u00e4rdsomr\u00e5den<\/b><\/p>\n<p>V\u00e4lf\u00e4rdsomr\u00e5dena beviljas statlig finansiering p\u00e5 basen av v\u00e4lf\u00e4rdsomr\u00e5dets inv\u00e5narantal och faktorer som beskriver behovet av social- och h\u00e4lsov\u00e5rdstj\u00e4nster. En av faktorerna baserar sig p\u00e5 antalet diagnoser som v\u00e4lf\u00e4rdsomr\u00e5den rapporterar. Systemet har v\u00e4ckt djup oro f\u00f6r att det kan skapa incitament att st\u00e4lla fler diagnoser \u00e4n n\u00f6dv\u00e4ndigt.<\/p>\n<p>\u2013 Det har blivit uppenbart att nuvarande system uppmuntrar v\u00e4lf\u00e4rdsomr\u00e5den till \u00f6verdiagnostisering. Det gynnar varken individen eller v\u00e5rdsystemet. V\u00e4lf\u00e4rdsomr\u00e5denas finansiering m\u00e5ste grunda sig p\u00e5 m\u00e4nniskors verkliga behov. Vi beh\u00f6ver ett system som bel\u00f6nar god v\u00e5rd och f\u00f6rebyggande arbete, inte siffror i ett register, s\u00e4ger Adlercreutz.<\/p>\n<p>\u2013 Nu bel\u00f6nas de omr\u00e5den som st\u00e4ller flest diagnoser, vilket \u00e4r b\u00e5de oh\u00e5llbart och or\u00e4ttvist. N\u00e4r pengar f\u00f6rdelas p\u00e5 felaktiga grunder f\u00f6rsvinner resurser fr\u00e5n den v\u00e5rd som verkligen beh\u00f6vs, s\u00e4ger Andersson.<\/p>\n<\/div>\n","protected":false},"excerpt":{"rendered":"<p>SFP:s partiordf\u00f6rande och undervisningsminister Anders Adlercreutz och Svenska riksdagsgruppens ordf\u00f6rande Otto Andersson anser att v\u00e4lf\u00e4rdsomr\u00e5denas finansieringslag m\u00e5ste \u00f6ppnas och korrigeras. De anser att finansieringslagens stora brister blivit allt mer uppenbara efter ett f\u00e4rskt avg\u00f6rande av \u00d6stra Finlands f\u00f6rvaltningsdomstol. Domstolen sl\u00e5r fast att S\u00f6dra Karelens v\u00e4lf\u00e4rdsomr\u00e5des budget f\u00f6r 2025 och dess budgetplan f\u00f6r \u00e5ren 2026-2028 strider [&hellip;]<\/p>\n","protected":false},"author":1,"featured_media":10695,"comment_status":"open","ping_status":"open","sticky":false,"template":"","format":"standard","meta":{"jetpack_post_was_ever_published":false,"_jetpack_newsletter_access":"","jetpack_publicize_message":"","jetpack_is_tweetstorm":false,"jetpack_publicize_feature_enabled":true,"jetpack_social_post_already_shared":true,"jetpack_social_options":{"image_generator_settings":{"template":"highway","enabled":false}}},"categories":[45,31,72,88,74,78],"tags":[],"jetpack_publicize_connections":[],"yoast_head":"<!-- This site is optimized with the Yoast SEO plugin v20.12 - https:\/\/yoast.com\/wordpress\/plugins\/seo\/ -->\n<title>V\u00e4lf\u00e4rdsomr\u00e5denas misslyckade finansieringslag m\u00e5ste korrigeras! - Anders Adlercreutz<\/title>\n<meta name=\"robots\" content=\"index, follow, max-snippet:-1, max-image-preview:large, max-video-preview:-1\" \/>\n<link rel=\"canonical\" href=\"https:\/\/andersadlercreutz.fi\/blog\/blogg\/valfardsomradenas-misslyckade-finansieringslag-maste-korrigeras\/\" \/>\n<meta property=\"og:locale\" content=\"sv_SE\" \/>\n<meta property=\"og:type\" content=\"article\" \/>\n<meta property=\"og:title\" content=\"V\u00e4lf\u00e4rdsomr\u00e5denas misslyckade finansieringslag m\u00e5ste korrigeras! - Anders Adlercreutz\" \/>\n<meta property=\"og:description\" content=\"SFP:s partiordf\u00f6rande och undervisningsminister Anders Adlercreutz och Svenska riksdagsgruppens ordf\u00f6rande Otto Andersson anser att v\u00e4lf\u00e4rdsomr\u00e5denas finansieringslag m\u00e5ste \u00f6ppnas och korrigeras. De anser att finansieringslagens stora brister blivit allt mer uppenbara efter ett f\u00e4rskt avg\u00f6rande av \u00d6stra Finlands f\u00f6rvaltningsdomstol. Domstolen sl\u00e5r fast att S\u00f6dra Karelens v\u00e4lf\u00e4rdsomr\u00e5des budget f\u00f6r 2025 och dess budgetplan f\u00f6r \u00e5ren 2026-2028 strider [&hellip;]\" \/>\n<meta property=\"og:url\" content=\"https:\/\/andersadlercreutz.fi\/blog\/blogg\/valfardsomradenas-misslyckade-finansieringslag-maste-korrigeras\/\" \/>\n<meta property=\"og:site_name\" content=\"Anders Adlercreutz\" \/>\n<meta property=\"article:published_time\" content=\"2025-10-18T10:05:30+00:00\" \/>\n<meta property=\"article:modified_time\" content=\"2025-11-12T11:11:32+00:00\" \/>\n<meta property=\"og:image\" content=\"https:\/\/andersadlercreutz.fi\/blog\/wp-content\/uploads\/2025\/08\/781A1046-copy-scaled.jpg\" \/>\n\t<meta property=\"og:image:width\" content=\"2560\" \/>\n\t<meta property=\"og:image:height\" content=\"1707\" \/>\n\t<meta property=\"og:image:type\" content=\"image\/jpeg\" \/>\n<meta name=\"author\" content=\"Anders\" \/>\n<meta name=\"twitter:card\" content=\"summary_large_image\" \/>\n<meta name=\"twitter:label1\" content=\"Skriven av\" \/>\n\t<meta name=\"twitter:data1\" content=\"Anders\" \/>\n\t<meta name=\"twitter:label2\" content=\"Ber\u00e4knad l\u00e4stid\" \/>\n\t<meta name=\"twitter:data2\" content=\"3 minuter\" \/>\n<script type=\"application\/ld+json\" class=\"yoast-schema-graph\">{\"@context\":\"https:\/\/schema.org\",\"@graph\":[{\"@type\":\"WebPage\",\"@id\":\"https:\/\/andersadlercreutz.fi\/blog\/blogg\/valfardsomradenas-misslyckade-finansieringslag-maste-korrigeras\/\",\"url\":\"https:\/\/andersadlercreutz.fi\/blog\/blogg\/valfardsomradenas-misslyckade-finansieringslag-maste-korrigeras\/\",\"name\":\"V\u00e4lf\u00e4rdsomr\u00e5denas misslyckade finansieringslag m\u00e5ste korrigeras! - Anders Adlercreutz\",\"isPartOf\":{\"@id\":\"https:\/\/andersadlercreutz.fi\/blog\/#website\"},\"datePublished\":\"2025-10-18T10:05:30+00:00\",\"dateModified\":\"2025-11-12T11:11:32+00:00\",\"author\":{\"@id\":\"https:\/\/andersadlercreutz.fi\/blog\/#\/schema\/person\/47d4b72eded862b484f74bb4b3a2354f\"},\"breadcrumb\":{\"@id\":\"https:\/\/andersadlercreutz.fi\/blog\/blogg\/valfardsomradenas-misslyckade-finansieringslag-maste-korrigeras\/#breadcrumb\"},\"inLanguage\":\"sv-SE\",\"potentialAction\":[{\"@type\":\"ReadAction\",\"target\":[\"https:\/\/andersadlercreutz.fi\/blog\/blogg\/valfardsomradenas-misslyckade-finansieringslag-maste-korrigeras\/\"]}]},{\"@type\":\"BreadcrumbList\",\"@id\":\"https:\/\/andersadlercreutz.fi\/blog\/blogg\/valfardsomradenas-misslyckade-finansieringslag-maste-korrigeras\/#breadcrumb\",\"itemListElement\":[{\"@type\":\"ListItem\",\"position\":1,\"name\":\"Home\",\"item\":\"https:\/\/andersadlercreutz.fi\/blog\/blogg\/?lang=sv\"},{\"@type\":\"ListItem\",\"position\":2,\"name\":\"V\u00e4lf\u00e4rdsomr\u00e5denas misslyckade finansieringslag m\u00e5ste korrigeras!\"}]},{\"@type\":\"WebSite\",\"@id\":\"https:\/\/andersadlercreutz.fi\/blog\/#website\",\"url\":\"https:\/\/andersadlercreutz.fi\/blog\/\",\"name\":\"Anders Adlercreutz\",\"description\":\"Du. Jag. Vi. Kest&auml;v&auml;sti optimisti\",\"potentialAction\":[{\"@type\":\"SearchAction\",\"target\":{\"@type\":\"EntryPoint\",\"urlTemplate\":\"https:\/\/andersadlercreutz.fi\/blog\/?s={search_term_string}\"},\"query-input\":\"required name=search_term_string\"}],\"inLanguage\":\"sv-SE\"},{\"@type\":\"Person\",\"@id\":\"https:\/\/andersadlercreutz.fi\/blog\/#\/schema\/person\/47d4b72eded862b484f74bb4b3a2354f\",\"name\":\"Anders\",\"image\":{\"@type\":\"ImageObject\",\"inLanguage\":\"sv-SE\",\"@id\":\"https:\/\/andersadlercreutz.fi\/blog\/#\/schema\/person\/image\/\",\"url\":\"https:\/\/secure.gravatar.com\/avatar\/a144c9bda7a581ff6fabba169027e620?s=96&d=mm&r=g\",\"contentUrl\":\"https:\/\/secure.gravatar.com\/avatar\/a144c9bda7a581ff6fabba169027e620?s=96&d=mm&r=g\",\"caption\":\"Anders\"},\"url\":\"https:\/\/andersadlercreutz.fi\/blog\/author\/admin\/\"}]}<\/script>\n<!-- \/ Yoast SEO plugin. -->","yoast_head_json":{"title":"V\u00e4lf\u00e4rdsomr\u00e5denas misslyckade finansieringslag m\u00e5ste korrigeras! - Anders Adlercreutz","robots":{"index":"index","follow":"follow","max-snippet":"max-snippet:-1","max-image-preview":"max-image-preview:large","max-video-preview":"max-video-preview:-1"},"canonical":"https:\/\/andersadlercreutz.fi\/blog\/blogg\/valfardsomradenas-misslyckade-finansieringslag-maste-korrigeras\/","og_locale":"sv_SE","og_type":"article","og_title":"V\u00e4lf\u00e4rdsomr\u00e5denas misslyckade finansieringslag m\u00e5ste korrigeras! - Anders Adlercreutz","og_description":"SFP:s partiordf\u00f6rande och undervisningsminister Anders Adlercreutz och Svenska riksdagsgruppens ordf\u00f6rande Otto Andersson anser att v\u00e4lf\u00e4rdsomr\u00e5denas finansieringslag m\u00e5ste \u00f6ppnas och korrigeras. De anser att finansieringslagens stora brister blivit allt mer uppenbara efter ett f\u00e4rskt avg\u00f6rande av \u00d6stra Finlands f\u00f6rvaltningsdomstol. Domstolen sl\u00e5r fast att S\u00f6dra Karelens v\u00e4lf\u00e4rdsomr\u00e5des budget f\u00f6r 2025 och dess budgetplan f\u00f6r \u00e5ren 2026-2028 strider [&hellip;]","og_url":"https:\/\/andersadlercreutz.fi\/blog\/blogg\/valfardsomradenas-misslyckade-finansieringslag-maste-korrigeras\/","og_site_name":"Anders Adlercreutz","article_published_time":"2025-10-18T10:05:30+00:00","article_modified_time":"2025-11-12T11:11:32+00:00","og_image":[{"width":2560,"height":1707,"url":"https:\/\/andersadlercreutz.fi\/blog\/wp-content\/uploads\/2025\/08\/781A1046-copy-scaled.jpg","type":"image\/jpeg"}],"author":"Anders","twitter_card":"summary_large_image","twitter_misc":{"Skriven av":"Anders","Ber\u00e4knad l\u00e4stid":"3 minuter"},"schema":{"@context":"https:\/\/schema.org","@graph":[{"@type":"WebPage","@id":"https:\/\/andersadlercreutz.fi\/blog\/blogg\/valfardsomradenas-misslyckade-finansieringslag-maste-korrigeras\/","url":"https:\/\/andersadlercreutz.fi\/blog\/blogg\/valfardsomradenas-misslyckade-finansieringslag-maste-korrigeras\/","name":"V\u00e4lf\u00e4rdsomr\u00e5denas misslyckade finansieringslag m\u00e5ste korrigeras! - Anders Adlercreutz","isPartOf":{"@id":"https:\/\/andersadlercreutz.fi\/blog\/#website"},"datePublished":"2025-10-18T10:05:30+00:00","dateModified":"2025-11-12T11:11:32+00:00","author":{"@id":"https:\/\/andersadlercreutz.fi\/blog\/#\/schema\/person\/47d4b72eded862b484f74bb4b3a2354f"},"breadcrumb":{"@id":"https:\/\/andersadlercreutz.fi\/blog\/blogg\/valfardsomradenas-misslyckade-finansieringslag-maste-korrigeras\/#breadcrumb"},"inLanguage":"sv-SE","potentialAction":[{"@type":"ReadAction","target":["https:\/\/andersadlercreutz.fi\/blog\/blogg\/valfardsomradenas-misslyckade-finansieringslag-maste-korrigeras\/"]}]},{"@type":"BreadcrumbList","@id":"https:\/\/andersadlercreutz.fi\/blog\/blogg\/valfardsomradenas-misslyckade-finansieringslag-maste-korrigeras\/#breadcrumb","itemListElement":[{"@type":"ListItem","position":1,"name":"Home","item":"https:\/\/andersadlercreutz.fi\/blog\/blogg\/?lang=sv"},{"@type":"ListItem","position":2,"name":"V\u00e4lf\u00e4rdsomr\u00e5denas misslyckade finansieringslag m\u00e5ste korrigeras!"}]},{"@type":"WebSite","@id":"https:\/\/andersadlercreutz.fi\/blog\/#website","url":"https:\/\/andersadlercreutz.fi\/blog\/","name":"Anders Adlercreutz","description":"Du. Jag. Vi. Kest&auml;v&auml;sti optimisti","potentialAction":[{"@type":"SearchAction","target":{"@type":"EntryPoint","urlTemplate":"https:\/\/andersadlercreutz.fi\/blog\/?s={search_term_string}"},"query-input":"required name=search_term_string"}],"inLanguage":"sv-SE"},{"@type":"Person","@id":"https:\/\/andersadlercreutz.fi\/blog\/#\/schema\/person\/47d4b72eded862b484f74bb4b3a2354f","name":"Anders","image":{"@type":"ImageObject","inLanguage":"sv-SE","@id":"https:\/\/andersadlercreutz.fi\/blog\/#\/schema\/person\/image\/","url":"https:\/\/secure.gravatar.com\/avatar\/a144c9bda7a581ff6fabba169027e620?s=96&d=mm&r=g","contentUrl":"https:\/\/secure.gravatar.com\/avatar\/a144c9bda7a581ff6fabba169027e620?s=96&d=mm&r=g","caption":"Anders"},"url":"https:\/\/andersadlercreutz.fi\/blog\/author\/admin\/"}]}},"jetpack_featured_media_url":"https:\/\/i0.wp.com\/andersadlercreutz.fi\/blog\/wp-content\/uploads\/2025\/08\/781A1046-copy-scaled.jpg?fit=2560%2C1707&ssl=1","jetpack_shortlink":"https:\/\/wp.me\/p4T6Dh-2R4","jetpack_sharing_enabled":true,"_links":{"self":[{"href":"https:\/\/andersadlercreutz.fi\/blog\/wp-json\/wp\/v2\/posts\/10978"}],"collection":[{"href":"https:\/\/andersadlercreutz.fi\/blog\/wp-json\/wp\/v2\/posts"}],"about":[{"href":"https:\/\/andersadlercreutz.fi\/blog\/wp-json\/wp\/v2\/types\/post"}],"author":[{"embeddable":true,"href":"https:\/\/andersadlercreutz.fi\/blog\/wp-json\/wp\/v2\/users\/1"}],"replies":[{"embeddable":true,"href":"https:\/\/andersadlercreutz.fi\/blog\/wp-json\/wp\/v2\/comments?post=10978"}],"version-history":[{"count":2,"href":"https:\/\/andersadlercreutz.fi\/blog\/wp-json\/wp\/v2\/posts\/10978\/revisions"}],"predecessor-version":[{"id":10980,"href":"https:\/\/andersadlercreutz.fi\/blog\/wp-json\/wp\/v2\/posts\/10978\/revisions\/10980"}],"wp:featuredmedia":[{"embeddable":true,"href":"https:\/\/andersadlercreutz.fi\/blog\/wp-json\/wp\/v2\/media\/10695"}],"wp:attachment":[{"href":"https:\/\/andersadlercreutz.fi\/blog\/wp-json\/wp\/v2\/media?parent=10978"}],"wp:term":[{"taxonomy":"category","embeddable":true,"href":"https:\/\/andersadlercreutz.fi\/blog\/wp-json\/wp\/v2\/categories?post=10978"},{"taxonomy":"post_tag","embeddable":true,"href":"https:\/\/andersadlercreutz.fi\/blog\/wp-json\/wp\/v2\/tags?post=10978"}],"curies":[{"name":"wp","href":"https:\/\/api.w.org\/{rel}","templated":true}]}}