{"id":10997,"date":"2025-11-20T13:52:15","date_gmt":"2025-11-20T11:52:15","guid":{"rendered":"https:\/\/andersadlercreutz.fi\/blog\/?p=10997"},"modified":"2025-11-20T13:53:36","modified_gmt":"2025-11-20T11:53:36","slug":"manga-positiva-beslut-i-regeringens-kompletterande-budgetforslag","status":"publish","type":"post","link":"https:\/\/andersadlercreutz.fi\/blog\/pressmeddelande\/manga-positiva-beslut-i-regeringens-kompletterande-budgetforslag\/","title":{"rendered":"M\u00e5nga positiva beslut i regeringens kompletterande budgetf\u00f6rslag"},"content":{"rendered":"<div class=\"excerpt\">\n<p>Regeringen fattade idag beslut om det kompletterande budgetf\u00f6rslaget f\u00f6r 2026. Svenska folkpartiets ordf\u00f6rande, undervisningsminister Anders Adlercreutz, ser m\u00e5nga positiva nyheter i f\u00f6rslaget och \u00e4r s\u00e4rskilt n\u00f6jd \u00f6ver nya satsningar p\u00e5 infrastrukturprojekt och ett starkt fortsatt st\u00f6d till Ukraina med ett paket p\u00e5 100 miljoner euro.<\/p>\n<\/div>\n<div class=\"resizable\">\n<p>\u2013 Jag \u00e4r glad \u00f6ver att SFP lyckades f\u00f6rhandla fram extra anslag f\u00f6r att \u00f6ka t\u00e5gtrafiken p\u00e5 kustbanan: vi kan nu starta tv\u00e5 direkta turer varje dag fr\u00e5n Helsingfors till Hang\u00f6. Kustbanan \u00e4r en viktig transportled i V\u00e4stnyland, och det \u00e4r mycket bra att vi kan \u00f6ka trafiken och p\u00e5 det s\u00e4ttet ocks\u00e5 f\u00f6rb\u00e4ttra m\u00f6jligheterna f\u00f6r pendling, s\u00e4ger Adlercreutz.<\/p>\n<p>\u2013 Utvecklingen av stamv\u00e4g 51 g\u00e5r ocks\u00e5 fram\u00e5t, d\u00e5 regeringen f\u00f6resl\u00e5r 0,4 miljoner f\u00f6r planeringen av den planskilda anslutningen vid Getberget. Gr\u00e4nssamarbetet vid finsk-svenska gr\u00e4nsen i norr st\u00e4rks ocks\u00e5 med persont\u00e5gtrafik mellan Torne\u00e5 och Haparanda \u2013 n\u00e5got som jag som minister f\u00f6r nordiskt samarbete gl\u00e4ds \u00f6ver, s\u00e4ger Adlercreutz.<\/p>\n<p>Adlercreutz \u00e4r ocks\u00e5 n\u00f6jd \u00f6ver att\u202f st\u00f6det till filmproduktionen kunde \u00e5terst\u00e4llas. Det inneb\u00e4r allts\u00e5 att det tidigare beslutet om en nedsk\u00e4rning i st\u00f6det inte f\u00f6rverkligas. Det kompletterande budgetf\u00f6rslaget inneh\u00e5ller \u00e4ven beslut som st\u00e4rker utbildningen.<\/p>\n<p>\u2013 Antalet studieplatser i h\u00f6gskolor kommer att tillf\u00e4lligt \u00f6kas \u00e5r 2026 och de nya platserna riktas till utbildningar som st\u00f6djer ekonomisk tillv\u00e4xt. Dessutom kommer unga, som g\u00e5tt ut andra stadiet men inte f\u00e5tt en studieplats, erbjudas ett gratis studiesedel p\u00e5 30 studiepo\u00e4ng vid \u00f6ppna universitetet eller \u00f6ppna yrkesh\u00f6gskolan. Regeringen f\u00f6rb\u00e4ttrar p\u00e5 det s\u00e4ttet utbildningsm\u00f6jligheterna f\u00f6r fler.<\/p>\n<p>\u2013 Regeringen satsar ocks\u00e5 40 miljoner euro p\u00e5 v\u00e4lf\u00e4rdsomr\u00e5denas utvecklingsprojekt med egenl\u00e4kare, eget v\u00e5rdteam och egenf\u00f6retagarmodellen. SFP har l\u00e4nge jobbat f\u00f6r egenl\u00e4karmodellen och jag \u00e4r glad att vi genom detta beslut kan fr\u00e4mja utvecklandet av den. Dessutom riktas anslag till att s\u00e4kra att tillst\u00e5ndsprocesserna f\u00f6r projekt inom den gr\u00f6na omst\u00e4llningen \u00e4r snabba och smidiga \u2013 en central sak f\u00f6r Finlands konkurrenskraft, s\u00e4ger Adlercreutz.<\/p>\n<\/div>\n","protected":false},"excerpt":{"rendered":"<p>Regeringen fattade idag beslut om det kompletterande budgetf\u00f6rslaget f\u00f6r 2026. Svenska folkpartiets ordf\u00f6rande, undervisningsminister Anders Adlercreutz, ser m\u00e5nga positiva nyheter i f\u00f6rslaget och \u00e4r s\u00e4rskilt n\u00f6jd \u00f6ver nya satsningar p\u00e5 infrastrukturprojekt och ett starkt fortsatt st\u00f6d till Ukraina med ett paket p\u00e5 100 miljoner euro. \u2013 Jag \u00e4r glad \u00f6ver att SFP lyckades f\u00f6rhandla fram [&hellip;]<\/p>\n","protected":false},"author":1,"featured_media":10701,"comment_status":"open","ping_status":"open","sticky":false,"template":"","format":"standard","meta":{"jetpack_post_was_ever_published":false,"_jetpack_newsletter_access":"","jetpack_publicize_message":"","jetpack_is_tweetstorm":false,"jetpack_publicize_feature_enabled":true,"jetpack_social_post_already_shared":true,"jetpack_social_options":{"image_generator_settings":{"template":"highway","enabled":false}}},"categories":[45,31,72,114,88],"tags":[],"jetpack_publicize_connections":[],"yoast_head":"<!-- This site is optimized with the Yoast SEO plugin v20.12 - https:\/\/yoast.com\/wordpress\/plugins\/seo\/ -->\n<title>M\u00e5nga positiva beslut i regeringens kompletterande budgetf\u00f6rslag - Anders Adlercreutz<\/title>\n<meta name=\"robots\" content=\"index, follow, max-snippet:-1, max-image-preview:large, max-video-preview:-1\" \/>\n<link rel=\"canonical\" href=\"https:\/\/andersadlercreutz.fi\/blog\/pressmeddelande\/manga-positiva-beslut-i-regeringens-kompletterande-budgetforslag\/\" \/>\n<meta property=\"og:locale\" content=\"sv_SE\" \/>\n<meta property=\"og:type\" content=\"article\" \/>\n<meta property=\"og:title\" content=\"M\u00e5nga positiva beslut i regeringens kompletterande budgetf\u00f6rslag - Anders Adlercreutz\" \/>\n<meta property=\"og:description\" content=\"Regeringen fattade idag beslut om det kompletterande budgetf\u00f6rslaget f\u00f6r 2026. Svenska folkpartiets ordf\u00f6rande, undervisningsminister Anders Adlercreutz, ser m\u00e5nga positiva nyheter i f\u00f6rslaget och \u00e4r s\u00e4rskilt n\u00f6jd \u00f6ver nya satsningar p\u00e5 infrastrukturprojekt och ett starkt fortsatt st\u00f6d till Ukraina med ett paket p\u00e5 100 miljoner euro. \u2013 Jag \u00e4r glad \u00f6ver att SFP lyckades f\u00f6rhandla fram [&hellip;]\" \/>\n<meta property=\"og:url\" content=\"https:\/\/andersadlercreutz.fi\/blog\/pressmeddelande\/manga-positiva-beslut-i-regeringens-kompletterande-budgetforslag\/\" \/>\n<meta property=\"og:site_name\" content=\"Anders Adlercreutz\" \/>\n<meta property=\"article:published_time\" content=\"2025-11-20T11:52:15+00:00\" \/>\n<meta property=\"article:modified_time\" content=\"2025-11-20T11:53:36+00:00\" \/>\n<meta property=\"og:image\" content=\"https:\/\/andersadlercreutz.fi\/blog\/wp-content\/uploads\/2025\/08\/781A1335-Enhanced-NR-scaled-e1763639599858-1030x546.jpg\" \/>\n\t<meta property=\"og:image:width\" content=\"1030\" \/>\n\t<meta property=\"og:image:height\" content=\"546\" \/>\n\t<meta property=\"og:image:type\" content=\"image\/jpeg\" \/>\n<meta name=\"author\" content=\"Anders\" \/>\n<meta name=\"twitter:card\" content=\"summary_large_image\" \/>\n<meta name=\"twitter:label1\" content=\"Skriven av\" \/>\n\t<meta name=\"twitter:data1\" content=\"Anders\" \/>\n\t<meta name=\"twitter:label2\" content=\"Ber\u00e4knad l\u00e4stid\" \/>\n\t<meta name=\"twitter:data2\" content=\"2 minuter\" \/>\n<script type=\"application\/ld+json\" class=\"yoast-schema-graph\">{\"@context\":\"https:\/\/schema.org\",\"@graph\":[{\"@type\":\"WebPage\",\"@id\":\"https:\/\/andersadlercreutz.fi\/blog\/pressmeddelande\/manga-positiva-beslut-i-regeringens-kompletterande-budgetforslag\/\",\"url\":\"https:\/\/andersadlercreutz.fi\/blog\/pressmeddelande\/manga-positiva-beslut-i-regeringens-kompletterande-budgetforslag\/\",\"name\":\"M\u00e5nga positiva beslut i regeringens kompletterande budgetf\u00f6rslag - Anders Adlercreutz\",\"isPartOf\":{\"@id\":\"https:\/\/andersadlercreutz.fi\/blog\/#website\"},\"datePublished\":\"2025-11-20T11:52:15+00:00\",\"dateModified\":\"2025-11-20T11:53:36+00:00\",\"author\":{\"@id\":\"https:\/\/andersadlercreutz.fi\/blog\/#\/schema\/person\/47d4b72eded862b484f74bb4b3a2354f\"},\"breadcrumb\":{\"@id\":\"https:\/\/andersadlercreutz.fi\/blog\/pressmeddelande\/manga-positiva-beslut-i-regeringens-kompletterande-budgetforslag\/#breadcrumb\"},\"inLanguage\":\"sv-SE\",\"potentialAction\":[{\"@type\":\"ReadAction\",\"target\":[\"https:\/\/andersadlercreutz.fi\/blog\/pressmeddelande\/manga-positiva-beslut-i-regeringens-kompletterande-budgetforslag\/\"]}]},{\"@type\":\"BreadcrumbList\",\"@id\":\"https:\/\/andersadlercreutz.fi\/blog\/pressmeddelande\/manga-positiva-beslut-i-regeringens-kompletterande-budgetforslag\/#breadcrumb\",\"itemListElement\":[{\"@type\":\"ListItem\",\"position\":1,\"name\":\"Home\",\"item\":\"https:\/\/andersadlercreutz.fi\/blog\/blogg\/?lang=sv\"},{\"@type\":\"ListItem\",\"position\":2,\"name\":\"M\u00e5nga positiva beslut i regeringens kompletterande budgetf\u00f6rslag\"}]},{\"@type\":\"WebSite\",\"@id\":\"https:\/\/andersadlercreutz.fi\/blog\/#website\",\"url\":\"https:\/\/andersadlercreutz.fi\/blog\/\",\"name\":\"Anders Adlercreutz\",\"description\":\"Du. Jag. Vi. Kest&auml;v&auml;sti optimisti\",\"potentialAction\":[{\"@type\":\"SearchAction\",\"target\":{\"@type\":\"EntryPoint\",\"urlTemplate\":\"https:\/\/andersadlercreutz.fi\/blog\/?s={search_term_string}\"},\"query-input\":\"required name=search_term_string\"}],\"inLanguage\":\"sv-SE\"},{\"@type\":\"Person\",\"@id\":\"https:\/\/andersadlercreutz.fi\/blog\/#\/schema\/person\/47d4b72eded862b484f74bb4b3a2354f\",\"name\":\"Anders\",\"image\":{\"@type\":\"ImageObject\",\"inLanguage\":\"sv-SE\",\"@id\":\"https:\/\/andersadlercreutz.fi\/blog\/#\/schema\/person\/image\/\",\"url\":\"https:\/\/secure.gravatar.com\/avatar\/a144c9bda7a581ff6fabba169027e620?s=96&d=mm&r=g\",\"contentUrl\":\"https:\/\/secure.gravatar.com\/avatar\/a144c9bda7a581ff6fabba169027e620?s=96&d=mm&r=g\",\"caption\":\"Anders\"},\"url\":\"https:\/\/andersadlercreutz.fi\/blog\/author\/admin\/\"}]}<\/script>\n<!-- \/ Yoast SEO plugin. -->","yoast_head_json":{"title":"M\u00e5nga positiva beslut i regeringens kompletterande budgetf\u00f6rslag - Anders Adlercreutz","robots":{"index":"index","follow":"follow","max-snippet":"max-snippet:-1","max-image-preview":"max-image-preview:large","max-video-preview":"max-video-preview:-1"},"canonical":"https:\/\/andersadlercreutz.fi\/blog\/pressmeddelande\/manga-positiva-beslut-i-regeringens-kompletterande-budgetforslag\/","og_locale":"sv_SE","og_type":"article","og_title":"M\u00e5nga positiva beslut i regeringens kompletterande budgetf\u00f6rslag - Anders Adlercreutz","og_description":"Regeringen fattade idag beslut om det kompletterande budgetf\u00f6rslaget f\u00f6r 2026. Svenska folkpartiets ordf\u00f6rande, undervisningsminister Anders Adlercreutz, ser m\u00e5nga positiva nyheter i f\u00f6rslaget och \u00e4r s\u00e4rskilt n\u00f6jd \u00f6ver nya satsningar p\u00e5 infrastrukturprojekt och ett starkt fortsatt st\u00f6d till Ukraina med ett paket p\u00e5 100 miljoner euro. \u2013 Jag \u00e4r glad \u00f6ver att SFP lyckades f\u00f6rhandla fram [&hellip;]","og_url":"https:\/\/andersadlercreutz.fi\/blog\/pressmeddelande\/manga-positiva-beslut-i-regeringens-kompletterande-budgetforslag\/","og_site_name":"Anders Adlercreutz","article_published_time":"2025-11-20T11:52:15+00:00","article_modified_time":"2025-11-20T11:53:36+00:00","og_image":[{"width":1030,"height":546,"url":"https:\/\/andersadlercreutz.fi\/blog\/wp-content\/uploads\/2025\/08\/781A1335-Enhanced-NR-scaled-e1763639599858-1030x546.jpg","type":"image\/jpeg"}],"author":"Anders","twitter_card":"summary_large_image","twitter_misc":{"Skriven av":"Anders","Ber\u00e4knad l\u00e4stid":"2 minuter"},"schema":{"@context":"https:\/\/schema.org","@graph":[{"@type":"WebPage","@id":"https:\/\/andersadlercreutz.fi\/blog\/pressmeddelande\/manga-positiva-beslut-i-regeringens-kompletterande-budgetforslag\/","url":"https:\/\/andersadlercreutz.fi\/blog\/pressmeddelande\/manga-positiva-beslut-i-regeringens-kompletterande-budgetforslag\/","name":"M\u00e5nga positiva beslut i regeringens kompletterande budgetf\u00f6rslag - Anders Adlercreutz","isPartOf":{"@id":"https:\/\/andersadlercreutz.fi\/blog\/#website"},"datePublished":"2025-11-20T11:52:15+00:00","dateModified":"2025-11-20T11:53:36+00:00","author":{"@id":"https:\/\/andersadlercreutz.fi\/blog\/#\/schema\/person\/47d4b72eded862b484f74bb4b3a2354f"},"breadcrumb":{"@id":"https:\/\/andersadlercreutz.fi\/blog\/pressmeddelande\/manga-positiva-beslut-i-regeringens-kompletterande-budgetforslag\/#breadcrumb"},"inLanguage":"sv-SE","potentialAction":[{"@type":"ReadAction","target":["https:\/\/andersadlercreutz.fi\/blog\/pressmeddelande\/manga-positiva-beslut-i-regeringens-kompletterande-budgetforslag\/"]}]},{"@type":"BreadcrumbList","@id":"https:\/\/andersadlercreutz.fi\/blog\/pressmeddelande\/manga-positiva-beslut-i-regeringens-kompletterande-budgetforslag\/#breadcrumb","itemListElement":[{"@type":"ListItem","position":1,"name":"Home","item":"https:\/\/andersadlercreutz.fi\/blog\/blogg\/?lang=sv"},{"@type":"ListItem","position":2,"name":"M\u00e5nga positiva beslut i regeringens kompletterande budgetf\u00f6rslag"}]},{"@type":"WebSite","@id":"https:\/\/andersadlercreutz.fi\/blog\/#website","url":"https:\/\/andersadlercreutz.fi\/blog\/","name":"Anders Adlercreutz","description":"Du. Jag. Vi. Kest&auml;v&auml;sti optimisti","potentialAction":[{"@type":"SearchAction","target":{"@type":"EntryPoint","urlTemplate":"https:\/\/andersadlercreutz.fi\/blog\/?s={search_term_string}"},"query-input":"required name=search_term_string"}],"inLanguage":"sv-SE"},{"@type":"Person","@id":"https:\/\/andersadlercreutz.fi\/blog\/#\/schema\/person\/47d4b72eded862b484f74bb4b3a2354f","name":"Anders","image":{"@type":"ImageObject","inLanguage":"sv-SE","@id":"https:\/\/andersadlercreutz.fi\/blog\/#\/schema\/person\/image\/","url":"https:\/\/secure.gravatar.com\/avatar\/a144c9bda7a581ff6fabba169027e620?s=96&d=mm&r=g","contentUrl":"https:\/\/secure.gravatar.com\/avatar\/a144c9bda7a581ff6fabba169027e620?s=96&d=mm&r=g","caption":"Anders"},"url":"https:\/\/andersadlercreutz.fi\/blog\/author\/admin\/"}]}},"jetpack_featured_media_url":"https:\/\/i0.wp.com\/andersadlercreutz.fi\/blog\/wp-content\/uploads\/2025\/08\/781A1335-Enhanced-NR-scaled-e1763639599858.jpg?fit=2560%2C1356&ssl=1","jetpack_shortlink":"https:\/\/wp.me\/p4T6Dh-2Rn","jetpack_sharing_enabled":true,"_links":{"self":[{"href":"https:\/\/andersadlercreutz.fi\/blog\/wp-json\/wp\/v2\/posts\/10997"}],"collection":[{"href":"https:\/\/andersadlercreutz.fi\/blog\/wp-json\/wp\/v2\/posts"}],"about":[{"href":"https:\/\/andersadlercreutz.fi\/blog\/wp-json\/wp\/v2\/types\/post"}],"author":[{"embeddable":true,"href":"https:\/\/andersadlercreutz.fi\/blog\/wp-json\/wp\/v2\/users\/1"}],"replies":[{"embeddable":true,"href":"https:\/\/andersadlercreutz.fi\/blog\/wp-json\/wp\/v2\/comments?post=10997"}],"version-history":[{"count":2,"href":"https:\/\/andersadlercreutz.fi\/blog\/wp-json\/wp\/v2\/posts\/10997\/revisions"}],"predecessor-version":[{"id":11001,"href":"https:\/\/andersadlercreutz.fi\/blog\/wp-json\/wp\/v2\/posts\/10997\/revisions\/11001"}],"wp:featuredmedia":[{"embeddable":true,"href":"https:\/\/andersadlercreutz.fi\/blog\/wp-json\/wp\/v2\/media\/10701"}],"wp:attachment":[{"href":"https:\/\/andersadlercreutz.fi\/blog\/wp-json\/wp\/v2\/media?parent=10997"}],"wp:term":[{"taxonomy":"category","embeddable":true,"href":"https:\/\/andersadlercreutz.fi\/blog\/wp-json\/wp\/v2\/categories?post=10997"},{"taxonomy":"post_tag","embeddable":true,"href":"https:\/\/andersadlercreutz.fi\/blog\/wp-json\/wp\/v2\/tags?post=10997"}],"curies":[{"name":"wp","href":"https:\/\/api.w.org\/{rel}","templated":true}]}}