{"id":11030,"date":"2025-12-03T13:02:31","date_gmt":"2025-12-03T11:02:31","guid":{"rendered":"https:\/\/andersadlercreutz.fi\/blog\/?p=11030"},"modified":"2025-12-05T13:08:37","modified_gmt":"2025-12-05T11:08:37","slug":"vi-ar-mer-an-summan-av-vara-bestandsdelar","status":"publish","type":"post","link":"https:\/\/andersadlercreutz.fi\/blog\/1-utbildning\/vi-ar-mer-an-summan-av-vara-bestandsdelar\/","title":{"rendered":"Vi \u00e4r mer \u00e4n summan av v\u00e5ra best\u00e5ndsdelar"},"content":{"rendered":"<p><span style=\"font-weight: 400;\">Jag har genom \u00e5ren m\u00e5nga g\u00e5nger haft m\u00f6jligheten att leda bes\u00f6ksgrupper genom Riksdagshuset. Jag g\u00f6r g\u00e4rna det sj\u00e4lv, eftersom det ger mig en m\u00f6jlighet att diskutera med bes\u00f6karna, men ocks\u00e5 att sj\u00e4lv stanna upp inf\u00f6r allt det som Riksdagshuset representerar.<\/span><\/p>\n<p><span style=\"font-weight: 400;\">N\u00e4r man 1923 besl\u00f6t att det nyblivna sj\u00e4lvst\u00e4ndiga Finland skulle f\u00e5 ett riksdagshus var det inte mycket som talade f\u00f6r att vi fortfarande skulle vara ett sj\u00e4lvst\u00e4ndigt land 102 \u00e5r senare. I Europa rykte det fortfarande efter kriget och i Ryssland var det st\u00e4llvis fortsatt oroligt. Finland var ett av Europas fattigaste l\u00e4nder.<\/span><\/p>\n<p><span style=\"font-weight: 400;\">Men vi trodde p\u00e5 oss sj\u00e4lva och f\u00f6r 100 \u00e5r sedan, 1925, offentliggjordes det vinnande f\u00f6rslaget. Det var en kombination av influenser b\u00e5de fr\u00e5n v\u00e5r egen och fr\u00e5n andra l\u00e4nders arkitektur, och l\u00e5g som grund f\u00f6r byggandet under de kommande \u00e5ren.<\/span><\/p>\n<p><span style=\"font-weight: 400;\">Beslutsfattarna trodde p\u00e5 Finland och upplevde att v\u00e5r demokrati beh\u00f6vde en symbol som var v\u00e5rt land och v\u00e5r demokrati v\u00e4rdig. De t\u00e4nkte klokt.<\/span><\/p>\n<p><span style=\"font-weight: 400;\">Idag k\u00e4nns det ofta som att vi saknar en motsvarande tro p\u00e5 framtiden. Vilket \u00e4r paradoxalt med tanke p\u00e5 allt som talar f\u00f6r oss idag, till skillnad fr\u00e5n hur det var f\u00f6r 100 \u00e5r sedan.\u00a0<\/span><\/p>\n<p><span style=\"font-weight: 400;\">I mitt jobb som undervisningsminister reser jag emellan\u00e5t ocks\u00e5 utomlands och fungerar via det lite som en ambassad\u00f6r f\u00f6r v\u00e5rt samh\u00e4lle och framf\u00f6rallt v\u00e5r skola. \u00d6verallt \u00e4r mottagandet enormt positivt. Man ser upp till Finland. V\u00e5r skola beundras, och man kopplar n\u00e4stan uteslutande positiva saker till det som kan kallas v\u00e5rt nationella varum\u00e4rke.<\/span><\/p>\n<p><span style=\"font-weight: 400;\">Jag kan inte undg\u00e5 att tycka att vi h\u00e4r hemma i v\u00e5ra diskussioner l\u00e4tt fastnar i helt annorlunda tankeg\u00e5ngar. Ett land kan inte ha allt, men man kan ha mycket. Och Finland har mycket.\u00a0<\/span><\/p>\n<p><span style=\"font-weight: 400;\">V\u00e5r skola \u00e4r fortfarande god. Vi placerar oss fortfarande h\u00f6gt uppe p\u00e5 listor d\u00e4r olika kompetenser m\u00e4ts. V\u00e5ra vuxna \u00e4r v\u00e4rldsb\u00e4st i PIAAC, det s\u00e5 kallade vuxnas PISA-test. Vi har en stark pressfrihet, mycket l\u00e5g korruption, en hyggligt smidig byr\u00e5krati och en god livskvalitet. Balansen mellan arbete och fritid klarar vi r\u00e4tt bra.\u00a0<\/span><\/p>\n<p><span style=\"font-weight: 400;\">Det \u00e4r helt sant att vi har en hel h\u00f6g med utmaningar. Den offentliga ekonomin \u00e4r inte i balans. Tillv\u00e4xten \u00e4r inte p\u00e5 en tillr\u00e4ckligt niv\u00e5. Men samtidigt \u00e4r det inte realistiskt att f\u00f6rv\u00e4nta sig en uppsj\u00f6 investeringar om vi inte sj\u00e4lva ser de m\u00f6jligheter vi har runtomkring oss.\u00a0<\/span><\/p>\n<p><span style=\"font-weight: 400;\">Det \u00e4r f\u00f6rst\u00e5s ocks\u00e5 viktigt att inse att vi inte vet allt b\u00e4st sj\u00e4lva. D\u00e4rf\u00f6r \u00e4r det klart att vi ocks\u00e5 beh\u00f6ver id\u00e9er utifr\u00e5n. Tillv\u00e4xt \u00e4r sv\u00e5rt att skapa om man sysslar med ett eget nationellt nollsummespel inom sina egna gr\u00e4nser.\u00a0<\/span><\/p>\n<p><span style=\"font-weight: 400;\">V\u00e5rt varum\u00e4rke och v\u00e5ra unika konkurrensf\u00f6rdelar \u2013 tryggheten och f\u00f6rtroendet \u2013 kunde anv\u00e4ndas till att locka hit kunnande och kapital. Men det kr\u00e4ver ocks\u00e5 att vi \u00e4r lite mer nyfikna, mottagliga f\u00f6r id\u00e9er och mer villiga till samarbete.\u00a0<\/span><\/p>\n<p><span style=\"font-weight: 400;\">Vi har m\u00e5nga g\u00e5nger under v\u00e5r sj\u00e4lvst\u00e4ndighet st\u00e5tt inf\u00f6r stora utmaningar. Ofta har vi hittat v\u00e4gen ut genom att vi f\u00f6rdomsfritt trott p\u00e5 oss sj\u00e4lva, i b\u00e5de krig och fred.\u00a0<\/span><\/p>\n<p><span style=\"font-weight: 400;\">P\u00e5 sj\u00e4lvst\u00e4ndighetsdagen har vi ett utm\u00e4rkt tillf\u00e4lle att p\u00e5minna oss sj\u00e4lva om vad vi har, om vad s\u00e5 m\u00e5nga under tidigare generationer gjort f\u00f6r oss och hur vi tillsammans s\u00e5 ofta varit l\u00e5ngt mer \u00e4n summan av v\u00e5ra best\u00e5ndsdelar. Glad sj\u00e4lvst\u00e4ndighetsdag.\u00a0<\/span><\/p>\n","protected":false},"excerpt":{"rendered":"<p>Jag har genom \u00e5ren m\u00e5nga g\u00e5nger haft m\u00f6jligheten att leda bes\u00f6ksgrupper genom Riksdagshuset. Jag g\u00f6r g\u00e4rna det sj\u00e4lv, eftersom det ger mig en m\u00f6jlighet att diskutera med bes\u00f6karna, men ocks\u00e5 att sj\u00e4lv stanna upp inf\u00f6r allt det som Riksdagshuset representerar. N\u00e4r man 1923 besl\u00f6t att det nyblivna sj\u00e4lvst\u00e4ndiga Finland skulle f\u00e5 ett riksdagshus var det [&hellip;]<\/p>\n","protected":false},"author":1,"featured_media":10725,"comment_status":"open","ping_status":"open","sticky":false,"template":"","format":"standard","meta":{"jetpack_post_was_ever_published":false,"_jetpack_newsletter_access":"","jetpack_publicize_message":"","jetpack_is_tweetstorm":false,"jetpack_publicize_feature_enabled":true,"jetpack_social_post_already_shared":true,"jetpack_social_options":{"image_generator_settings":{"template":"highway","enabled":false}}},"categories":[27,45,88,171],"tags":[],"jetpack_publicize_connections":[],"yoast_head":"<!-- This site is optimized with the Yoast SEO plugin v20.12 - https:\/\/yoast.com\/wordpress\/plugins\/seo\/ -->\n<title>Vi \u00e4r mer \u00e4n summan av v\u00e5ra best\u00e5ndsdelar - Anders Adlercreutz<\/title>\n<meta name=\"robots\" content=\"index, follow, max-snippet:-1, max-image-preview:large, max-video-preview:-1\" \/>\n<link rel=\"canonical\" href=\"https:\/\/andersadlercreutz.fi\/blog\/1-utbildning\/vi-ar-mer-an-summan-av-vara-bestandsdelar\/\" \/>\n<meta property=\"og:locale\" content=\"sv_SE\" \/>\n<meta property=\"og:type\" content=\"article\" \/>\n<meta property=\"og:title\" content=\"Vi \u00e4r mer \u00e4n summan av v\u00e5ra best\u00e5ndsdelar - Anders Adlercreutz\" \/>\n<meta property=\"og:description\" content=\"Jag har genom \u00e5ren m\u00e5nga g\u00e5nger haft m\u00f6jligheten att leda bes\u00f6ksgrupper genom Riksdagshuset. Jag g\u00f6r g\u00e4rna det sj\u00e4lv, eftersom det ger mig en m\u00f6jlighet att diskutera med bes\u00f6karna, men ocks\u00e5 att sj\u00e4lv stanna upp inf\u00f6r allt det som Riksdagshuset representerar. N\u00e4r man 1923 besl\u00f6t att det nyblivna sj\u00e4lvst\u00e4ndiga Finland skulle f\u00e5 ett riksdagshus var det [&hellip;]\" \/>\n<meta property=\"og:url\" content=\"https:\/\/andersadlercreutz.fi\/blog\/1-utbildning\/vi-ar-mer-an-summan-av-vara-bestandsdelar\/\" \/>\n<meta property=\"og:site_name\" content=\"Anders Adlercreutz\" \/>\n<meta property=\"article:published_time\" content=\"2025-12-03T11:02:31+00:00\" \/>\n<meta property=\"article:modified_time\" content=\"2025-12-05T11:08:37+00:00\" \/>\n<meta property=\"og:image\" content=\"https:\/\/andersadlercreutz.fi\/blog\/wp-content\/uploads\/2025\/08\/DK1A2707-Enhanced-NR-copy-scaled-e1764932907131-1030x689.jpg\" \/>\n\t<meta property=\"og:image:width\" content=\"1030\" \/>\n\t<meta property=\"og:image:height\" content=\"689\" \/>\n\t<meta property=\"og:image:type\" content=\"image\/jpeg\" \/>\n<meta name=\"author\" content=\"Anders\" \/>\n<meta name=\"twitter:card\" content=\"summary_large_image\" \/>\n<meta name=\"twitter:label1\" content=\"Skriven av\" \/>\n\t<meta name=\"twitter:data1\" content=\"Anders\" \/>\n\t<meta name=\"twitter:label2\" content=\"Ber\u00e4knad l\u00e4stid\" \/>\n\t<meta name=\"twitter:data2\" content=\"3 minuter\" \/>\n<script type=\"application\/ld+json\" class=\"yoast-schema-graph\">{\"@context\":\"https:\/\/schema.org\",\"@graph\":[{\"@type\":\"WebPage\",\"@id\":\"https:\/\/andersadlercreutz.fi\/blog\/1-utbildning\/vi-ar-mer-an-summan-av-vara-bestandsdelar\/\",\"url\":\"https:\/\/andersadlercreutz.fi\/blog\/1-utbildning\/vi-ar-mer-an-summan-av-vara-bestandsdelar\/\",\"name\":\"Vi \u00e4r mer \u00e4n summan av v\u00e5ra best\u00e5ndsdelar - Anders Adlercreutz\",\"isPartOf\":{\"@id\":\"https:\/\/andersadlercreutz.fi\/blog\/#website\"},\"datePublished\":\"2025-12-03T11:02:31+00:00\",\"dateModified\":\"2025-12-05T11:08:37+00:00\",\"author\":{\"@id\":\"https:\/\/andersadlercreutz.fi\/blog\/#\/schema\/person\/47d4b72eded862b484f74bb4b3a2354f\"},\"breadcrumb\":{\"@id\":\"https:\/\/andersadlercreutz.fi\/blog\/1-utbildning\/vi-ar-mer-an-summan-av-vara-bestandsdelar\/#breadcrumb\"},\"inLanguage\":\"sv-SE\",\"potentialAction\":[{\"@type\":\"ReadAction\",\"target\":[\"https:\/\/andersadlercreutz.fi\/blog\/1-utbildning\/vi-ar-mer-an-summan-av-vara-bestandsdelar\/\"]}]},{\"@type\":\"BreadcrumbList\",\"@id\":\"https:\/\/andersadlercreutz.fi\/blog\/1-utbildning\/vi-ar-mer-an-summan-av-vara-bestandsdelar\/#breadcrumb\",\"itemListElement\":[{\"@type\":\"ListItem\",\"position\":1,\"name\":\"Home\",\"item\":\"https:\/\/andersadlercreutz.fi\/blog\/blogg\/?lang=sv\"},{\"@type\":\"ListItem\",\"position\":2,\"name\":\"Vi \u00e4r mer \u00e4n summan av v\u00e5ra best\u00e5ndsdelar\"}]},{\"@type\":\"WebSite\",\"@id\":\"https:\/\/andersadlercreutz.fi\/blog\/#website\",\"url\":\"https:\/\/andersadlercreutz.fi\/blog\/\",\"name\":\"Anders Adlercreutz\",\"description\":\"Du. Jag. Vi. Kest&auml;v&auml;sti optimisti\",\"potentialAction\":[{\"@type\":\"SearchAction\",\"target\":{\"@type\":\"EntryPoint\",\"urlTemplate\":\"https:\/\/andersadlercreutz.fi\/blog\/?s={search_term_string}\"},\"query-input\":\"required name=search_term_string\"}],\"inLanguage\":\"sv-SE\"},{\"@type\":\"Person\",\"@id\":\"https:\/\/andersadlercreutz.fi\/blog\/#\/schema\/person\/47d4b72eded862b484f74bb4b3a2354f\",\"name\":\"Anders\",\"image\":{\"@type\":\"ImageObject\",\"inLanguage\":\"sv-SE\",\"@id\":\"https:\/\/andersadlercreutz.fi\/blog\/#\/schema\/person\/image\/\",\"url\":\"https:\/\/secure.gravatar.com\/avatar\/a144c9bda7a581ff6fabba169027e620?s=96&d=mm&r=g\",\"contentUrl\":\"https:\/\/secure.gravatar.com\/avatar\/a144c9bda7a581ff6fabba169027e620?s=96&d=mm&r=g\",\"caption\":\"Anders\"},\"url\":\"https:\/\/andersadlercreutz.fi\/blog\/author\/admin\/\"}]}<\/script>\n<!-- \/ Yoast SEO plugin. -->","yoast_head_json":{"title":"Vi \u00e4r mer \u00e4n summan av v\u00e5ra best\u00e5ndsdelar - Anders Adlercreutz","robots":{"index":"index","follow":"follow","max-snippet":"max-snippet:-1","max-image-preview":"max-image-preview:large","max-video-preview":"max-video-preview:-1"},"canonical":"https:\/\/andersadlercreutz.fi\/blog\/1-utbildning\/vi-ar-mer-an-summan-av-vara-bestandsdelar\/","og_locale":"sv_SE","og_type":"article","og_title":"Vi \u00e4r mer \u00e4n summan av v\u00e5ra best\u00e5ndsdelar - Anders Adlercreutz","og_description":"Jag har genom \u00e5ren m\u00e5nga g\u00e5nger haft m\u00f6jligheten att leda bes\u00f6ksgrupper genom Riksdagshuset. Jag g\u00f6r g\u00e4rna det sj\u00e4lv, eftersom det ger mig en m\u00f6jlighet att diskutera med bes\u00f6karna, men ocks\u00e5 att sj\u00e4lv stanna upp inf\u00f6r allt det som Riksdagshuset representerar. N\u00e4r man 1923 besl\u00f6t att det nyblivna sj\u00e4lvst\u00e4ndiga Finland skulle f\u00e5 ett riksdagshus var det [&hellip;]","og_url":"https:\/\/andersadlercreutz.fi\/blog\/1-utbildning\/vi-ar-mer-an-summan-av-vara-bestandsdelar\/","og_site_name":"Anders Adlercreutz","article_published_time":"2025-12-03T11:02:31+00:00","article_modified_time":"2025-12-05T11:08:37+00:00","og_image":[{"width":1030,"height":689,"url":"https:\/\/andersadlercreutz.fi\/blog\/wp-content\/uploads\/2025\/08\/DK1A2707-Enhanced-NR-copy-scaled-e1764932907131-1030x689.jpg","type":"image\/jpeg"}],"author":"Anders","twitter_card":"summary_large_image","twitter_misc":{"Skriven av":"Anders","Ber\u00e4knad l\u00e4stid":"3 minuter"},"schema":{"@context":"https:\/\/schema.org","@graph":[{"@type":"WebPage","@id":"https:\/\/andersadlercreutz.fi\/blog\/1-utbildning\/vi-ar-mer-an-summan-av-vara-bestandsdelar\/","url":"https:\/\/andersadlercreutz.fi\/blog\/1-utbildning\/vi-ar-mer-an-summan-av-vara-bestandsdelar\/","name":"Vi \u00e4r mer \u00e4n summan av v\u00e5ra best\u00e5ndsdelar - Anders Adlercreutz","isPartOf":{"@id":"https:\/\/andersadlercreutz.fi\/blog\/#website"},"datePublished":"2025-12-03T11:02:31+00:00","dateModified":"2025-12-05T11:08:37+00:00","author":{"@id":"https:\/\/andersadlercreutz.fi\/blog\/#\/schema\/person\/47d4b72eded862b484f74bb4b3a2354f"},"breadcrumb":{"@id":"https:\/\/andersadlercreutz.fi\/blog\/1-utbildning\/vi-ar-mer-an-summan-av-vara-bestandsdelar\/#breadcrumb"},"inLanguage":"sv-SE","potentialAction":[{"@type":"ReadAction","target":["https:\/\/andersadlercreutz.fi\/blog\/1-utbildning\/vi-ar-mer-an-summan-av-vara-bestandsdelar\/"]}]},{"@type":"BreadcrumbList","@id":"https:\/\/andersadlercreutz.fi\/blog\/1-utbildning\/vi-ar-mer-an-summan-av-vara-bestandsdelar\/#breadcrumb","itemListElement":[{"@type":"ListItem","position":1,"name":"Home","item":"https:\/\/andersadlercreutz.fi\/blog\/blogg\/?lang=sv"},{"@type":"ListItem","position":2,"name":"Vi \u00e4r mer \u00e4n summan av v\u00e5ra best\u00e5ndsdelar"}]},{"@type":"WebSite","@id":"https:\/\/andersadlercreutz.fi\/blog\/#website","url":"https:\/\/andersadlercreutz.fi\/blog\/","name":"Anders Adlercreutz","description":"Du. Jag. Vi. Kest&auml;v&auml;sti optimisti","potentialAction":[{"@type":"SearchAction","target":{"@type":"EntryPoint","urlTemplate":"https:\/\/andersadlercreutz.fi\/blog\/?s={search_term_string}"},"query-input":"required name=search_term_string"}],"inLanguage":"sv-SE"},{"@type":"Person","@id":"https:\/\/andersadlercreutz.fi\/blog\/#\/schema\/person\/47d4b72eded862b484f74bb4b3a2354f","name":"Anders","image":{"@type":"ImageObject","inLanguage":"sv-SE","@id":"https:\/\/andersadlercreutz.fi\/blog\/#\/schema\/person\/image\/","url":"https:\/\/secure.gravatar.com\/avatar\/a144c9bda7a581ff6fabba169027e620?s=96&d=mm&r=g","contentUrl":"https:\/\/secure.gravatar.com\/avatar\/a144c9bda7a581ff6fabba169027e620?s=96&d=mm&r=g","caption":"Anders"},"url":"https:\/\/andersadlercreutz.fi\/blog\/author\/admin\/"}]}},"jetpack_featured_media_url":"https:\/\/i0.wp.com\/andersadlercreutz.fi\/blog\/wp-content\/uploads\/2025\/08\/DK1A2707-Enhanced-NR-copy-scaled-e1764932907131.jpg?fit=2208%2C1478&ssl=1","jetpack_shortlink":"https:\/\/wp.me\/p4T6Dh-2RU","jetpack_sharing_enabled":true,"_links":{"self":[{"href":"https:\/\/andersadlercreutz.fi\/blog\/wp-json\/wp\/v2\/posts\/11030"}],"collection":[{"href":"https:\/\/andersadlercreutz.fi\/blog\/wp-json\/wp\/v2\/posts"}],"about":[{"href":"https:\/\/andersadlercreutz.fi\/blog\/wp-json\/wp\/v2\/types\/post"}],"author":[{"embeddable":true,"href":"https:\/\/andersadlercreutz.fi\/blog\/wp-json\/wp\/v2\/users\/1"}],"replies":[{"embeddable":true,"href":"https:\/\/andersadlercreutz.fi\/blog\/wp-json\/wp\/v2\/comments?post=11030"}],"version-history":[{"count":2,"href":"https:\/\/andersadlercreutz.fi\/blog\/wp-json\/wp\/v2\/posts\/11030\/revisions"}],"predecessor-version":[{"id":11032,"href":"https:\/\/andersadlercreutz.fi\/blog\/wp-json\/wp\/v2\/posts\/11030\/revisions\/11032"}],"wp:featuredmedia":[{"embeddable":true,"href":"https:\/\/andersadlercreutz.fi\/blog\/wp-json\/wp\/v2\/media\/10725"}],"wp:attachment":[{"href":"https:\/\/andersadlercreutz.fi\/blog\/wp-json\/wp\/v2\/media?parent=11030"}],"wp:term":[{"taxonomy":"category","embeddable":true,"href":"https:\/\/andersadlercreutz.fi\/blog\/wp-json\/wp\/v2\/categories?post=11030"},{"taxonomy":"post_tag","embeddable":true,"href":"https:\/\/andersadlercreutz.fi\/blog\/wp-json\/wp\/v2\/tags?post=11030"}],"curies":[{"name":"wp","href":"https:\/\/api.w.org\/{rel}","templated":true}]}}