{"id":11094,"date":"2026-01-27T08:05:33","date_gmt":"2026-01-27T06:05:33","guid":{"rendered":"https:\/\/andersadlercreutz.fi\/blog\/?p=11094"},"modified":"2026-01-30T08:08:56","modified_gmt":"2026-01-30T06:08:56","slug":"katedralskolan-i-abo-finlandska-utbildningstraditionens-ryggrad","status":"publish","type":"post","link":"https:\/\/andersadlercreutz.fi\/blog\/1-utbildning\/katedralskolan-i-abo-finlandska-utbildningstraditionens-ryggrad\/","title":{"rendered":"Katedralskolan i \u00c5bo \u2013 finl\u00e4ndska utbildningstraditionens ryggrad"},"content":{"rendered":"<p class=\"ew-body\">Om en dryg vecka uppm\u00e4rksammas bildningens l\u00e5nga anor i \u00c5bo. Katedralskolan, Finlands \u00e4ldsta skola, firar 750-\u00e5rsjubileum i \u00e5r och invigningen av jubileums\u00e5ret \u00e4ger rum.\u00a0En tidsresa tillbaka till 1200-talet k\u00e4nns n\u00e4stan hisnande \u2013 s\u00e5 mycket har hunnit h\u00e4nda p\u00e5 sju och ett halvt sekel. Finland har levt igenom medeltiden, reformationen, stormaktstiden, upplysningen, autonomin, sj\u00e4lvst\u00e4ndigheten, krigstiden \u2013 och v\u00e4lf\u00e4rdsstatens uppbyggnad.<\/p>\n<p class=\"ew-body\">Vid tiden d\u00e5 Katedralskolan grundades var utbildning n\u00e5got f\u00f6r de f\u00e5, men dess betydelse f\u00f6r samh\u00e4llet som helhet var redan d\u00e5 uppenbar.<\/p>\n<footer><\/footer>\n<p class=\"ew-body\">Det jubileumsfirande som vi n\u00e4sta vecka inleder tillh\u00f6r inte bara skolan sj\u00e4lv, utan hela \u00c5bo, hela Svenskfinland och i f\u00f6rl\u00e4ngningen hela Finland.\u00a0Vid tiden d\u00e5 Katedralskolan grundades var utbildning n\u00e5got f\u00f6r de f\u00e5, men dess betydelse f\u00f6r samh\u00e4llet som helhet var redan d\u00e5 uppenbar.\u00a0\u00c5bo var Finlands centrum f\u00f6r f\u00f6rvaltning, kyrkligt liv och l\u00e4rdom, och just h\u00e4r v\u00e4xte den struktur fram som lade grunden f\u00f6r v\u00e5rt senare skolv\u00e4sen.<\/p>\n<p class=\"ew-body\">Man kan allts\u00e5 med fog s\u00e4ga att Katedralskolan utg\u00f6r sj\u00e4lva ryggraden i den finl\u00e4ndska utbildningstraditionen.\u00a0Utan denna skola hade vi till exempel knappast haft Kungliga Akademin i \u00c5bo \u00e5r 1640 \u2013 och d\u00e4rmed inte heller det universitetssystem som i dag \u00e4r en sj\u00e4lvklar del av v\u00e5rt samh\u00e4lle.<\/p>\n<p class=\"ew-body\">Efter att f\u00f6rst f\u00e5 fira Katedralskolans 750 \u00e5r k\u00e4nns det extra passande att lite senare i februari f\u00e5 presentera det framtidsarbete inom grundskolan som vi har arbetat med p\u00e5 Undervisnings- och kulturministeriet denna regeringsperiod.<\/p>\n<p class=\"ew-body\">Syftet med framtidsarbetet \u00e4r att ta fram en vision som tar sikte p\u00e5 en \u00f6nskad framtid, hur den grundl\u00e4ggande utbildningen ska se ut \u00e5r 2045 och vilka f\u00e4rdigheter som eleverna beh\u00f6ver l\u00e4ra sig i framtiden.<\/p>\n<p class=\"ew-body\">Under denna regeringsperiod har vi haft fokus p\u00e5 att st\u00e4rka de grundl\u00e4ggande f\u00e4rdigheterna, att l\u00e4sa, skriva och r\u00e4kna.\u00a0Vi har sedan augusti 2026 till exempel ut\u00f6kat veckotimmarna i dessa \u00e4mnen samt reformerat st\u00f6det f\u00f6r l\u00e4rande, s\u00e5 att alla som beh\u00f6ver st\u00f6d ska f\u00e5 det i ett s\u00e5 tidigt skede som m\u00f6jligt.\u00a0Samtidigt \u00e4r det viktigt att elever och studerande erbjuds m\u00f6jlighet att l\u00e4ra sig nya kunskaper och f\u00e4rdigheter som beh\u00f6vs i framtidens samh\u00e4lle.<\/p>\n<p class=\"ew-body\">Det \u00e4r just det framtidsarbetet fokuserar p\u00e5.<\/p>\n<p class=\"ew-body\">F\u00f6rutom att det forts\u00e4ttningsvis finns ett behov att st\u00e4rka de grundl\u00e4ggande f\u00e4rdigheterna handlar det ocks\u00e5 om teman som ber\u00f6r till exempel artificiell intelligens och teknik samt ekologisk och social h\u00e5llbarhet.\u00a0Alla dessa \u00e4r stora, samh\u00e4llsomv\u00e4lvande fenomen som vi vet att beh\u00f6ver tacklas ocks\u00e5 fram\u00f6ver.<\/p>\n<p class=\"ew-body\">Skolans uppgift \u00e4r p\u00e5 m\u00e5nga s\u00e4tt allomfattande.<\/p>\n<p class=\"ew-body\">Samtidigt som syftet \u00e4r att l\u00e4ra ut den kompetens som beh\u00f6vs f\u00f6r att kunna fungera i samh\u00e4llet \u2013 det vill s\u00e4ga de grundl\u00e4ggande f\u00e4rdigheterna \u2013 handlar det om att ge unga m\u00e4nniskor verktyg att f\u00f6rst\u00e5 v\u00e4rlden, att t\u00e4nka kritiskt, att samarbeta och att ta ansvar.<\/p>\n<p class=\"ew-body\">Ocks\u00e5 n\u00e4r svaren inte \u00e4r enkla.<\/p>\n<p class=\"ew-body\">Katedralskolans erfarenhet av att allt detta \u2013 att leva i tiden, l\u00e4ra ut de f\u00e4rdigheter som unga beh\u00f6ver och samtidigt vara en b\u00e4rande akt\u00f6r genom \u00e5rhundradena f\u00f6rtj\u00e4nar en eloge. L\u00e5t oss tillsammans blicka fram\u00e5t p\u00e5 de kommande seklen.<\/p>\n","protected":false},"excerpt":{"rendered":"<p>Om en dryg vecka uppm\u00e4rksammas bildningens l\u00e5nga anor i \u00c5bo. Katedralskolan, Finlands \u00e4ldsta skola, firar 750-\u00e5rsjubileum i \u00e5r och invigningen av jubileums\u00e5ret \u00e4ger rum.\u00a0En tidsresa tillbaka till 1200-talet k\u00e4nns n\u00e4stan hisnande \u2013 s\u00e5 mycket har hunnit h\u00e4nda p\u00e5 sju och ett halvt sekel. Finland har levt igenom medeltiden, reformationen, stormaktstiden, upplysningen, autonomin, sj\u00e4lvst\u00e4ndigheten, krigstiden \u2013 [&hellip;]<\/p>\n","protected":false},"author":1,"featured_media":10734,"comment_status":"open","ping_status":"open","sticky":false,"template":"","format":"standard","meta":{"jetpack_post_was_ever_published":false,"_jetpack_newsletter_access":"","jetpack_publicize_message":"","jetpack_is_tweetstorm":false,"jetpack_publicize_feature_enabled":true,"jetpack_social_post_already_shared":true,"jetpack_social_options":{"image_generator_settings":{"template":"highway","enabled":false}}},"categories":[27,45,73,114,88,41,123],"tags":[],"jetpack_publicize_connections":[],"yoast_head":"<!-- This site is optimized with the Yoast SEO plugin v20.12 - https:\/\/yoast.com\/wordpress\/plugins\/seo\/ -->\n<title>Katedralskolan i \u00c5bo \u2013 finl\u00e4ndska utbildningstraditionens ryggrad - Anders Adlercreutz<\/title>\n<meta name=\"robots\" content=\"index, follow, max-snippet:-1, max-image-preview:large, max-video-preview:-1\" \/>\n<link rel=\"canonical\" href=\"https:\/\/andersadlercreutz.fi\/blog\/1-utbildning\/katedralskolan-i-abo-finlandska-utbildningstraditionens-ryggrad\/\" \/>\n<meta property=\"og:locale\" content=\"sv_SE\" \/>\n<meta property=\"og:type\" content=\"article\" \/>\n<meta property=\"og:title\" content=\"Katedralskolan i \u00c5bo \u2013 finl\u00e4ndska utbildningstraditionens ryggrad - Anders Adlercreutz\" \/>\n<meta property=\"og:description\" content=\"Om en dryg vecka uppm\u00e4rksammas bildningens l\u00e5nga anor i \u00c5bo. Katedralskolan, Finlands \u00e4ldsta skola, firar 750-\u00e5rsjubileum i \u00e5r och invigningen av jubileums\u00e5ret \u00e4ger rum.\u00a0En tidsresa tillbaka till 1200-talet k\u00e4nns n\u00e4stan hisnande \u2013 s\u00e5 mycket har hunnit h\u00e4nda p\u00e5 sju och ett halvt sekel. Finland har levt igenom medeltiden, reformationen, stormaktstiden, upplysningen, autonomin, sj\u00e4lvst\u00e4ndigheten, krigstiden \u2013 [&hellip;]\" \/>\n<meta property=\"og:url\" content=\"https:\/\/andersadlercreutz.fi\/blog\/1-utbildning\/katedralskolan-i-abo-finlandska-utbildningstraditionens-ryggrad\/\" \/>\n<meta property=\"og:site_name\" content=\"Anders Adlercreutz\" \/>\n<meta property=\"article:published_time\" content=\"2026-01-27T06:05:33+00:00\" \/>\n<meta property=\"article:modified_time\" content=\"2026-01-30T06:08:56+00:00\" \/>\n<meta property=\"og:image\" content=\"https:\/\/andersadlercreutz.fi\/blog\/wp-content\/uploads\/2025\/08\/DK1A2869-Enhanced-NR-copy-scaled-e1763720482235-1030x582.jpg\" \/>\n\t<meta property=\"og:image:width\" content=\"1030\" \/>\n\t<meta property=\"og:image:height\" content=\"582\" \/>\n\t<meta property=\"og:image:type\" content=\"image\/jpeg\" \/>\n<meta name=\"author\" content=\"Anders\" \/>\n<meta name=\"twitter:card\" content=\"summary_large_image\" \/>\n<meta name=\"twitter:label1\" content=\"Skriven av\" \/>\n\t<meta name=\"twitter:data1\" content=\"Anders\" \/>\n\t<meta name=\"twitter:label2\" content=\"Ber\u00e4knad l\u00e4stid\" \/>\n\t<meta name=\"twitter:data2\" content=\"3 minuter\" \/>\n<script type=\"application\/ld+json\" class=\"yoast-schema-graph\">{\"@context\":\"https:\/\/schema.org\",\"@graph\":[{\"@type\":\"WebPage\",\"@id\":\"https:\/\/andersadlercreutz.fi\/blog\/1-utbildning\/katedralskolan-i-abo-finlandska-utbildningstraditionens-ryggrad\/\",\"url\":\"https:\/\/andersadlercreutz.fi\/blog\/1-utbildning\/katedralskolan-i-abo-finlandska-utbildningstraditionens-ryggrad\/\",\"name\":\"Katedralskolan i \u00c5bo \u2013 finl\u00e4ndska utbildningstraditionens ryggrad - Anders Adlercreutz\",\"isPartOf\":{\"@id\":\"https:\/\/andersadlercreutz.fi\/blog\/#website\"},\"datePublished\":\"2026-01-27T06:05:33+00:00\",\"dateModified\":\"2026-01-30T06:08:56+00:00\",\"author\":{\"@id\":\"https:\/\/andersadlercreutz.fi\/blog\/#\/schema\/person\/47d4b72eded862b484f74bb4b3a2354f\"},\"breadcrumb\":{\"@id\":\"https:\/\/andersadlercreutz.fi\/blog\/1-utbildning\/katedralskolan-i-abo-finlandska-utbildningstraditionens-ryggrad\/#breadcrumb\"},\"inLanguage\":\"sv-SE\",\"potentialAction\":[{\"@type\":\"ReadAction\",\"target\":[\"https:\/\/andersadlercreutz.fi\/blog\/1-utbildning\/katedralskolan-i-abo-finlandska-utbildningstraditionens-ryggrad\/\"]}]},{\"@type\":\"BreadcrumbList\",\"@id\":\"https:\/\/andersadlercreutz.fi\/blog\/1-utbildning\/katedralskolan-i-abo-finlandska-utbildningstraditionens-ryggrad\/#breadcrumb\",\"itemListElement\":[{\"@type\":\"ListItem\",\"position\":1,\"name\":\"Home\",\"item\":\"https:\/\/andersadlercreutz.fi\/blog\/blogg\/?lang=sv\"},{\"@type\":\"ListItem\",\"position\":2,\"name\":\"Katedralskolan i \u00c5bo \u2013 finl\u00e4ndska utbildningstraditionens ryggrad\"}]},{\"@type\":\"WebSite\",\"@id\":\"https:\/\/andersadlercreutz.fi\/blog\/#website\",\"url\":\"https:\/\/andersadlercreutz.fi\/blog\/\",\"name\":\"Anders Adlercreutz\",\"description\":\"Du. Jag. Vi. Kest&auml;v&auml;sti optimisti\",\"potentialAction\":[{\"@type\":\"SearchAction\",\"target\":{\"@type\":\"EntryPoint\",\"urlTemplate\":\"https:\/\/andersadlercreutz.fi\/blog\/?s={search_term_string}\"},\"query-input\":\"required name=search_term_string\"}],\"inLanguage\":\"sv-SE\"},{\"@type\":\"Person\",\"@id\":\"https:\/\/andersadlercreutz.fi\/blog\/#\/schema\/person\/47d4b72eded862b484f74bb4b3a2354f\",\"name\":\"Anders\",\"image\":{\"@type\":\"ImageObject\",\"inLanguage\":\"sv-SE\",\"@id\":\"https:\/\/andersadlercreutz.fi\/blog\/#\/schema\/person\/image\/\",\"url\":\"https:\/\/secure.gravatar.com\/avatar\/a144c9bda7a581ff6fabba169027e620?s=96&d=mm&r=g\",\"contentUrl\":\"https:\/\/secure.gravatar.com\/avatar\/a144c9bda7a581ff6fabba169027e620?s=96&d=mm&r=g\",\"caption\":\"Anders\"},\"url\":\"https:\/\/andersadlercreutz.fi\/blog\/author\/admin\/\"}]}<\/script>\n<!-- \/ Yoast SEO plugin. -->","yoast_head_json":{"title":"Katedralskolan i \u00c5bo \u2013 finl\u00e4ndska utbildningstraditionens ryggrad - Anders Adlercreutz","robots":{"index":"index","follow":"follow","max-snippet":"max-snippet:-1","max-image-preview":"max-image-preview:large","max-video-preview":"max-video-preview:-1"},"canonical":"https:\/\/andersadlercreutz.fi\/blog\/1-utbildning\/katedralskolan-i-abo-finlandska-utbildningstraditionens-ryggrad\/","og_locale":"sv_SE","og_type":"article","og_title":"Katedralskolan i \u00c5bo \u2013 finl\u00e4ndska utbildningstraditionens ryggrad - Anders Adlercreutz","og_description":"Om en dryg vecka uppm\u00e4rksammas bildningens l\u00e5nga anor i \u00c5bo. Katedralskolan, Finlands \u00e4ldsta skola, firar 750-\u00e5rsjubileum i \u00e5r och invigningen av jubileums\u00e5ret \u00e4ger rum.\u00a0En tidsresa tillbaka till 1200-talet k\u00e4nns n\u00e4stan hisnande \u2013 s\u00e5 mycket har hunnit h\u00e4nda p\u00e5 sju och ett halvt sekel. Finland har levt igenom medeltiden, reformationen, stormaktstiden, upplysningen, autonomin, sj\u00e4lvst\u00e4ndigheten, krigstiden \u2013 [&hellip;]","og_url":"https:\/\/andersadlercreutz.fi\/blog\/1-utbildning\/katedralskolan-i-abo-finlandska-utbildningstraditionens-ryggrad\/","og_site_name":"Anders Adlercreutz","article_published_time":"2026-01-27T06:05:33+00:00","article_modified_time":"2026-01-30T06:08:56+00:00","og_image":[{"width":1030,"height":582,"url":"https:\/\/andersadlercreutz.fi\/blog\/wp-content\/uploads\/2025\/08\/DK1A2869-Enhanced-NR-copy-scaled-e1763720482235-1030x582.jpg","type":"image\/jpeg"}],"author":"Anders","twitter_card":"summary_large_image","twitter_misc":{"Skriven av":"Anders","Ber\u00e4knad l\u00e4stid":"3 minuter"},"schema":{"@context":"https:\/\/schema.org","@graph":[{"@type":"WebPage","@id":"https:\/\/andersadlercreutz.fi\/blog\/1-utbildning\/katedralskolan-i-abo-finlandska-utbildningstraditionens-ryggrad\/","url":"https:\/\/andersadlercreutz.fi\/blog\/1-utbildning\/katedralskolan-i-abo-finlandska-utbildningstraditionens-ryggrad\/","name":"Katedralskolan i \u00c5bo \u2013 finl\u00e4ndska utbildningstraditionens ryggrad - Anders Adlercreutz","isPartOf":{"@id":"https:\/\/andersadlercreutz.fi\/blog\/#website"},"datePublished":"2026-01-27T06:05:33+00:00","dateModified":"2026-01-30T06:08:56+00:00","author":{"@id":"https:\/\/andersadlercreutz.fi\/blog\/#\/schema\/person\/47d4b72eded862b484f74bb4b3a2354f"},"breadcrumb":{"@id":"https:\/\/andersadlercreutz.fi\/blog\/1-utbildning\/katedralskolan-i-abo-finlandska-utbildningstraditionens-ryggrad\/#breadcrumb"},"inLanguage":"sv-SE","potentialAction":[{"@type":"ReadAction","target":["https:\/\/andersadlercreutz.fi\/blog\/1-utbildning\/katedralskolan-i-abo-finlandska-utbildningstraditionens-ryggrad\/"]}]},{"@type":"BreadcrumbList","@id":"https:\/\/andersadlercreutz.fi\/blog\/1-utbildning\/katedralskolan-i-abo-finlandska-utbildningstraditionens-ryggrad\/#breadcrumb","itemListElement":[{"@type":"ListItem","position":1,"name":"Home","item":"https:\/\/andersadlercreutz.fi\/blog\/blogg\/?lang=sv"},{"@type":"ListItem","position":2,"name":"Katedralskolan i \u00c5bo \u2013 finl\u00e4ndska utbildningstraditionens ryggrad"}]},{"@type":"WebSite","@id":"https:\/\/andersadlercreutz.fi\/blog\/#website","url":"https:\/\/andersadlercreutz.fi\/blog\/","name":"Anders Adlercreutz","description":"Du. Jag. Vi. Kest&auml;v&auml;sti optimisti","potentialAction":[{"@type":"SearchAction","target":{"@type":"EntryPoint","urlTemplate":"https:\/\/andersadlercreutz.fi\/blog\/?s={search_term_string}"},"query-input":"required name=search_term_string"}],"inLanguage":"sv-SE"},{"@type":"Person","@id":"https:\/\/andersadlercreutz.fi\/blog\/#\/schema\/person\/47d4b72eded862b484f74bb4b3a2354f","name":"Anders","image":{"@type":"ImageObject","inLanguage":"sv-SE","@id":"https:\/\/andersadlercreutz.fi\/blog\/#\/schema\/person\/image\/","url":"https:\/\/secure.gravatar.com\/avatar\/a144c9bda7a581ff6fabba169027e620?s=96&d=mm&r=g","contentUrl":"https:\/\/secure.gravatar.com\/avatar\/a144c9bda7a581ff6fabba169027e620?s=96&d=mm&r=g","caption":"Anders"},"url":"https:\/\/andersadlercreutz.fi\/blog\/author\/admin\/"}]}},"jetpack_featured_media_url":"https:\/\/i0.wp.com\/andersadlercreutz.fi\/blog\/wp-content\/uploads\/2025\/08\/DK1A2869-Enhanced-NR-copy-scaled-e1763720482235.jpg?fit=2560%2C1446&ssl=1","jetpack_shortlink":"https:\/\/wp.me\/p4T6Dh-2SW","jetpack_sharing_enabled":true,"_links":{"self":[{"href":"https:\/\/andersadlercreutz.fi\/blog\/wp-json\/wp\/v2\/posts\/11094"}],"collection":[{"href":"https:\/\/andersadlercreutz.fi\/blog\/wp-json\/wp\/v2\/posts"}],"about":[{"href":"https:\/\/andersadlercreutz.fi\/blog\/wp-json\/wp\/v2\/types\/post"}],"author":[{"embeddable":true,"href":"https:\/\/andersadlercreutz.fi\/blog\/wp-json\/wp\/v2\/users\/1"}],"replies":[{"embeddable":true,"href":"https:\/\/andersadlercreutz.fi\/blog\/wp-json\/wp\/v2\/comments?post=11094"}],"version-history":[{"count":2,"href":"https:\/\/andersadlercreutz.fi\/blog\/wp-json\/wp\/v2\/posts\/11094\/revisions"}],"predecessor-version":[{"id":11096,"href":"https:\/\/andersadlercreutz.fi\/blog\/wp-json\/wp\/v2\/posts\/11094\/revisions\/11096"}],"wp:featuredmedia":[{"embeddable":true,"href":"https:\/\/andersadlercreutz.fi\/blog\/wp-json\/wp\/v2\/media\/10734"}],"wp:attachment":[{"href":"https:\/\/andersadlercreutz.fi\/blog\/wp-json\/wp\/v2\/media?parent=11094"}],"wp:term":[{"taxonomy":"category","embeddable":true,"href":"https:\/\/andersadlercreutz.fi\/blog\/wp-json\/wp\/v2\/categories?post=11094"},{"taxonomy":"post_tag","embeddable":true,"href":"https:\/\/andersadlercreutz.fi\/blog\/wp-json\/wp\/v2\/tags?post=11094"}],"curies":[{"name":"wp","href":"https:\/\/api.w.org\/{rel}","templated":true}]}}