{"id":11124,"date":"2026-02-15T06:22:43","date_gmt":"2026-02-15T04:22:43","guid":{"rendered":"https:\/\/andersadlercreutz.fi\/blog\/?p=11124"},"modified":"2026-02-15T10:45:16","modified_gmt":"2026-02-15T08:45:16","slug":"tyollisyyshaaste-on-akuutti-mutta-ei-mustavalkoinen","status":"publish","type":"post","link":"https:\/\/andersadlercreutz.fi\/blog\/uncategorized-en-2-2\/tyollisyyshaaste-on-akuutti-mutta-ei-mustavalkoinen\/?lang=fi","title":{"rendered":"Ty\u00f6llisyyshaaste on akuutti mutta ei mustavalkoinen"},"content":{"rendered":"<p>P\u00e5 svenska <a href=\"https:\/\/andersadlercreutz.fi\/blog\/blogg\/sysselsattningsutmaningen-ar-inte-svartvit\/\">h\u00e4r<\/a>.<\/p>\n<p>Viime p\u00e4ivin\u00e4 sosiaalisessa mediassa on k\u00e4yty vilkasta keskustelua ulkomailla syntyneiden henkil\u00f6iden ty\u00f6tt\u00f6myydest\u00e4. Keskustelun l\u00e4ht\u00f6laukaus oli ETLA:n julkaisema <a href=\"https:\/\/www.etla.fi\/ajankohtaista\/kolumnit\/maahanmuutto-selittaa-suomen-tyottomyysasteen-kehitysta\/\">kirjoitus<\/a>. Luvut ovat huonoja, mutta ne on asetettava oikeisiin mittasuhteisiin. Sek\u00e4 ilmi\u00f6n laajuutta ett\u00e4 sen syit\u00e4 on tarkasteltava asiallisesti.<\/p>\n<p>Palaan t\u00e4h\u00e4n my\u00f6hemmin tekstiss\u00e4.<\/p>\n<p>Keskustelussa sivuun j\u00e4\u00e4 kuitenkin kysymys, josta nimenomaan pit\u00e4isi puhua: nuorten ty\u00f6tt\u00f6myys, yksi keskeisimmist\u00e4 tulevaisuuskysymyksist\u00e4mme. Viime vuoden lopussa alle 30-vuotiaita ty\u00f6tt\u00f6mi\u00e4 oli jo l\u00e4hes 90 000. Vertailun vuoksi: ty\u00f6tt\u00f6mi\u00e4 maahanmuuttajia on runsaat 50 000.<\/p>\n<p>Ensimm\u00e4isen ty\u00f6paikan saaminen on \u00e4\u00e4rimm\u00e4isen vaikeaa. Ja mit\u00e4 pidemp\u00e4\u00e4n ihminen on ty\u00f6el\u00e4m\u00e4n ulkopuolella, sit\u00e4 vaikeammaksi tilanne k\u00e4y.<\/p>\n<p>Keskeinen kysymys on tietenkin, miten talouskasvua voidaan vauhdittaa. Samalla on kuitenkin toteutettava tietoisia toimia, joilla ty\u00f6llistymisen kynnyst\u00e4 madalletaan.<\/p>\n<p>RKP esitti viime kes\u00e4n\u00e4 uutta ty\u00f6llist\u00e4misen mallia alle 30-vuotiaille. Se on nyt toteutettu nuorten ty\u00f6llisyyssetelin my\u00f6t\u00e4. Sen avulla ty\u00f6nantaja voi saada 50 prosentin palkkakustannustuen palkatessaan nuoren ty\u00f6ntekij\u00e4n.<\/p>\n<p>Nuoren yritt\u00e4jyyden tukeminen on toinen kehitt\u00e4misen arvoinen ajatus. Kasvuryhm\u00e4n ehdotus yritt\u00e4jyyskasvatuksen tekemisest\u00e4 pakolliseksi oppiaineeksi on pohdinnan arvoinen. Kolmas keino on joustavien opintomahdollisuuksien lis\u00e4\u00e4minen \u2013 osaamista pit\u00e4\u00e4 pysty\u00e4 p\u00e4ivitt\u00e4m\u00e4\u00e4n.<\/p>\n<p>Kyse on sek\u00e4 ty\u00f6n mahdollistamisesta opintojen aikana ett\u00e4 siit\u00e4, miten valmistumisen j\u00e4lkeen l\u00f6ydet\u00e4\u00e4n reitti ty\u00f6el\u00e4m\u00e4\u00e4n. Voitaisiinko yrityksi\u00e4 kannustaa tarjoamaan opiskelijoille opinn\u00e4ytety\u00f6paikkoja, jotka toimisivat er\u00e4\u00e4nlaisena ohituskaistana ty\u00f6markkinoille? Ja miten varmistamme, ett\u00e4 jokaiselle opiskelijalle l\u00f6ytyy valmistumisen edellytt\u00e4m\u00e4 harjoittelupaikka?<\/p>\n<p>Puolueemme tulee l\u00e4hiaikoina esittelem\u00e4\u00e4n omat ehdotuksemme tilanteen helpottamiseksi.<\/p>\n<p>Sitten toiseen kokonaisuuteen.<\/p>\n<p>Ty\u00f6tt\u00f6mist\u00e4 vajaat 15 prosenttia on syntynyt ulkomailla. Osuus on toki merkitt\u00e4v\u00e4, mutta se ei ole ty\u00f6tt\u00f6myyden kokonaiskuva eik\u00e4 keskeisin ongelmamme.<\/p>\n<blockquote><p>Viime vuoden aikana ty\u00f6tt\u00f6myys on itse asiassa kasvanut nopeammin Suomessa syntyneiden kuin maahan muuttaneiden keskuudessa.<\/p><\/blockquote>\n<p>ETLAn kirjoituksen perusteella HS:ss\u00e4 julkaistu <a href=\"https:\/\/www.hs.fi\/visio\/art-2000011778430.html\">artikkeli<\/a> on levinnyt laajasti \u2013 usein ilmeisesti oletuksella, ettei kukaan jaksa lukea sit\u00e4 kokonaan. Siit\u00e4 tehdyt johtop\u00e4\u00e4t\u00f6kset ovat sek\u00e4 harhaanjohtavia ett\u00e4 monin tavoin virheellisi\u00e4.<\/p>\n<p>Suomessa on noin 350 000 ty\u00f6t\u00f6nt\u00e4. Heist\u00e4 reilu 50 000 on maahanmuuttajia.<\/p>\n<p>Se, ett\u00e4 sek\u00e4 maahanmuuttajien ett\u00e4 nuorten ty\u00f6tt\u00f6myys on kasvanut, kertoo siit\u00e4, ett\u00e4 molemmat ryhm\u00e4t ovat asemassa, jossa ty\u00f6tt\u00f6myys iskee ensimm\u00e4isen\u00e4 taloustilanteen heikentyess\u00e4. Kokeneet ty\u00f6ntekij\u00e4t pit\u00e4v\u00e4t kiinni ty\u00f6paikoistaan, kun taas ne, jotka ovat vasta astuneet ty\u00f6markkinoille, ovat suuremmassa vaarassa tulla irtisanotuiksi.<\/p>\n<p>Maahanmuuttajien ty\u00f6tt\u00f6myys heikkeni jyrk\u00e4sti muutama vuosi sitten, mutta viime aikoina kehitys on ollut parempaa \u2013 tai tarkemmin sanottuna v\u00e4hemm\u00e4n huonoa \u2013 kuin valtav\u00e4est\u00f6n keskuudessa. Suomen kokonais\u00adty\u00f6tt\u00f6myys kuuluu t\u00e4ll\u00e4 hetkell\u00e4 EU:n korkeimpiin, mik\u00e4 on \u00e4\u00e4rimm\u00e4isen huolestuttavaa.<\/p>\n<p>Samalla on syyt\u00e4 huomata, ett\u00e4 ulkomaalaistaustaisten osuus v\u00e4est\u00f6st\u00e4 on Suomessa yksi L\u00e4nsi-Euroopan alhaisimmista ja selv\u00e4sti alle EU:n keskiarvon. T\u00e4m\u00e4 ei viittaa suoraan ty\u00f6llisyystilanteen ja maahanmuuton v\u00e4liseen korrelaatioon.<\/p>\n<blockquote><p>Ja samoin: korkea ty\u00f6tt\u00f6myys ei ole huonon taloustilanteen syy. Huono taloustilanne on korkean ty\u00f6tt\u00f6myyden syy.<\/p><\/blockquote>\n<p>On my\u00f6s syyt\u00e4 muistaa, ett\u00e4 suurin yksitt\u00e4inen ryhm\u00e4 viime vuosina Suomeen tulleista on sotaa paenneet ukrainalaiset. T\u00e4m\u00e4 n\u00e4kyy selv\u00e4sti tilastoissa. Ukrainalaiset on suurin ty\u00f6tt\u00f6mien maahanmuuttajien ryhm\u00e4.<\/p>\n<p>Haaste on silti todellinen. Mit\u00e4 siis pit\u00e4isi tehd\u00e4?<\/p>\n<p>Suomalaiset ty\u00f6markkinat ovat vaikeat vastik\u00e4\u00e4n maahan saapuneille. Tutkimukset osoittavat, ett\u00e4 etnisyys ja nimi vaikuttavat merkitt\u00e4v\u00e4sti ty\u00f6llistymismahdollisuuksiin. T\u00e4m\u00e4 on asia, joka muuttuu hitaasti asenteiden muuttuessa. Kielitaito on toinen keskeinen este. Helppoja ratkaisuja ei ole.<\/p>\n<p>Asenteista puhuttaessa on my\u00f6s selv\u00e4\u00e4, ett\u00e4 maahanmuuttajien syyllist\u00e4minen ty\u00f6tt\u00f6myydest\u00e4 pahentaa tilannetta entisest\u00e4\u00e4n.<\/p>\n<p>On lis\u00e4ksi hyv\u00e4 muistaa, ett\u00e4 2000-luvulla ty\u00f6llisten m\u00e4\u00e4r\u00e4n kasvu on perustunut maahanmuuttoon. Samalla tuottavuuden kasvu on ollut yleisesti heikkoa. K\u00e4yt\u00e4nn\u00f6ss\u00e4 t\u00e4m\u00e4 tarkoittaa, ett\u00e4 talouskasvu olisi ollut viel\u00e4kin vaatimattomampaa ilman maahanmuuttoa.<\/p>\n<p>Suomalaisen yhteiskunnan keskeinen eetos on yhdenvertaisuus. Ei siksi, ett\u00e4 se on kaunis sana, vaan siksi, ett\u00e4 se my\u00f6s merkitsee tehokkuutta. Yhdenvertaisuus perustuu ajatukseen siit\u00e4, ett\u00e4 kaikki resurssit hy\u00f6dynnet\u00e4\u00e4n mahdollisimman tehokkaasti ilman keinotekoisia esteit\u00e4, jotka liittyv\u00e4t sukupuoleen, etnisyyteen tai muihin ominaisuuksiin ja vaikeuttavat kaikkien osallistumista yhteiskunnan rakentamiseen.<\/p>\n<p>Siksi tietyn ihmisryhm\u00e4n syyllist\u00e4minen johtaa v\u00e4ist\u00e4m\u00e4tt\u00e4 entist\u00e4 polarisoituneempaan \u2013 ja huonompaan \u2013 tilanteeseen. Ty\u00f6llisyyden vahvistaminen on yhteinen haaste, joka edellytt\u00e4\u00e4 laaja-alaisia toimia, analyyttista ter\u00e4vyytt\u00e4 ja systeemist\u00e4 ajattelua.<\/p>\n","protected":false},"excerpt":{"rendered":"<p>P\u00e5 svenska h\u00e4r. Viime p\u00e4ivin\u00e4 sosiaalisessa mediassa on k\u00e4yty vilkasta keskustelua ulkomailla syntyneiden henkil\u00f6iden ty\u00f6tt\u00f6myydest\u00e4. Keskustelun l\u00e4ht\u00f6laukaus oli ETLA:n julkaisema kirjoitus. Luvut ovat huonoja, mutta ne on asetettava oikeisiin mittasuhteisiin. Sek\u00e4 ilmi\u00f6n laajuutta ett\u00e4 sen syit\u00e4 on tarkasteltava asiallisesti. Palaan t\u00e4h\u00e4n my\u00f6hemmin tekstiss\u00e4. Keskustelussa sivuun j\u00e4\u00e4 kuitenkin kysymys, josta nimenomaan pit\u00e4isi puhua: nuorten ty\u00f6tt\u00f6myys, yksi [&hellip;]<\/p>\n","protected":false},"author":1,"featured_media":10736,"comment_status":"open","ping_status":"open","sticky":false,"template":"","format":"standard","meta":{"jetpack_post_was_ever_published":false,"_jetpack_newsletter_access":"","jetpack_publicize_message":"","jetpack_is_tweetstorm":false,"jetpack_publicize_feature_enabled":true,"jetpack_social_post_already_shared":true,"jetpack_social_options":{"image_generator_settings":{"template":"highway","enabled":false}}},"categories":[18,69,61,150],"tags":[],"jetpack_publicize_connections":[],"yoast_head":"<!-- This site is optimized with the Yoast SEO plugin v20.12 - https:\/\/yoast.com\/wordpress\/plugins\/seo\/ -->\n<title>Ty\u00f6llisyyshaaste on akuutti mutta ei mustavalkoinen - Anders Adlercreutz<\/title>\n<meta name=\"description\" content=\"Viime p\u00e4ivin\u00e4 sosiaalisessa mediassa on k\u00e4yty vilkasta keskustelua ulkomailla syntyneiden henkil\u00f6iden ty\u00f6tt\u00f6myydest\u00e4. Keskustelun l\u00e4ht\u00f6laukaus oli ETLA:n julkaisema kirjoitus. Luvut ovat huonoja, mutta ne on asetettava oikeisiin mittasuhteisiin. Sek\u00e4 ilmi\u00f6n laajuutta ett\u00e4 sen syit\u00e4 on tarkasteltava asiallisesti.\" \/>\n<meta name=\"robots\" content=\"index, follow, max-snippet:-1, max-image-preview:large, max-video-preview:-1\" \/>\n<link rel=\"canonical\" href=\"https:\/\/andersadlercreutz.fi\/blog\/uncategorized-en-2-2\/tyollisyyshaaste-on-akuutti-mutta-ei-mustavalkoinen\/\" \/>\n<meta property=\"og:locale\" content=\"sv_SE\" \/>\n<meta property=\"og:type\" content=\"article\" \/>\n<meta property=\"og:title\" content=\"Ty\u00f6llisyyshaaste on akuutti mutta ei mustavalkoinen - Anders Adlercreutz\" \/>\n<meta property=\"og:description\" content=\"Viime p\u00e4ivin\u00e4 sosiaalisessa mediassa on k\u00e4yty vilkasta keskustelua ulkomailla syntyneiden henkil\u00f6iden ty\u00f6tt\u00f6myydest\u00e4. Keskustelun l\u00e4ht\u00f6laukaus oli ETLA:n julkaisema kirjoitus. Luvut ovat huonoja, mutta ne on asetettava oikeisiin mittasuhteisiin. Sek\u00e4 ilmi\u00f6n laajuutta ett\u00e4 sen syit\u00e4 on tarkasteltava asiallisesti.\" \/>\n<meta property=\"og:url\" content=\"https:\/\/andersadlercreutz.fi\/blog\/uncategorized-en-2-2\/tyollisyyshaaste-on-akuutti-mutta-ei-mustavalkoinen\/?lang=fi\" \/>\n<meta property=\"og:site_name\" content=\"Anders Adlercreutz\" \/>\n<meta property=\"article:published_time\" content=\"2026-02-15T04:22:43+00:00\" \/>\n<meta property=\"article:modified_time\" content=\"2026-02-15T08:45:16+00:00\" \/>\n<meta property=\"og:image\" content=\"https:\/\/andersadlercreutz.fi\/blog\/wp-content\/uploads\/2025\/08\/DK1A2869-Enhanced-NR-copy-1030x687.jpg\" \/>\n\t<meta property=\"og:image:width\" content=\"1030\" \/>\n\t<meta property=\"og:image:height\" content=\"687\" \/>\n\t<meta property=\"og:image:type\" content=\"image\/jpeg\" \/>\n<meta name=\"author\" content=\"Anders\" \/>\n<meta name=\"twitter:card\" content=\"summary_large_image\" \/>\n<meta name=\"twitter:label1\" content=\"Skriven av\" \/>\n\t<meta name=\"twitter:data1\" content=\"Anders\" \/>\n\t<meta name=\"twitter:label2\" content=\"Ber\u00e4knad l\u00e4stid\" \/>\n\t<meta name=\"twitter:data2\" content=\"3 minuter\" \/>\n<script type=\"application\/ld+json\" class=\"yoast-schema-graph\">{\"@context\":\"https:\/\/schema.org\",\"@graph\":[{\"@type\":\"WebPage\",\"@id\":\"https:\/\/andersadlercreutz.fi\/blog\/uncategorized-en-2-2\/tyollisyyshaaste-on-akuutti-mutta-ei-mustavalkoinen\/?lang=fi\",\"url\":\"https:\/\/andersadlercreutz.fi\/blog\/uncategorized-en-2-2\/tyollisyyshaaste-on-akuutti-mutta-ei-mustavalkoinen\/?lang=fi\",\"name\":\"Ty\u00f6llisyyshaaste on akuutti mutta ei mustavalkoinen - Anders Adlercreutz\",\"isPartOf\":{\"@id\":\"https:\/\/andersadlercreutz.fi\/blog\/#website\"},\"datePublished\":\"2026-02-15T04:22:43+00:00\",\"dateModified\":\"2026-02-15T08:45:16+00:00\",\"author\":{\"@id\":\"https:\/\/andersadlercreutz.fi\/blog\/#\/schema\/person\/47d4b72eded862b484f74bb4b3a2354f\"},\"description\":\"Viime p\u00e4ivin\u00e4 sosiaalisessa mediassa on k\u00e4yty vilkasta keskustelua ulkomailla syntyneiden henkil\u00f6iden ty\u00f6tt\u00f6myydest\u00e4. Keskustelun l\u00e4ht\u00f6laukaus oli ETLA:n julkaisema kirjoitus. Luvut ovat huonoja, mutta ne on asetettava oikeisiin mittasuhteisiin. Sek\u00e4 ilmi\u00f6n laajuutta ett\u00e4 sen syit\u00e4 on tarkasteltava asiallisesti.\",\"breadcrumb\":{\"@id\":\"https:\/\/andersadlercreutz.fi\/blog\/uncategorized-en-2-2\/tyollisyyshaaste-on-akuutti-mutta-ei-mustavalkoinen\/?lang=fi#breadcrumb\"},\"inLanguage\":\"sv-SE\",\"potentialAction\":[{\"@type\":\"ReadAction\",\"target\":[\"https:\/\/andersadlercreutz.fi\/blog\/uncategorized-en-2-2\/tyollisyyshaaste-on-akuutti-mutta-ei-mustavalkoinen\/?lang=fi\"]}]},{\"@type\":\"BreadcrumbList\",\"@id\":\"https:\/\/andersadlercreutz.fi\/blog\/uncategorized-en-2-2\/tyollisyyshaaste-on-akuutti-mutta-ei-mustavalkoinen\/?lang=fi#breadcrumb\",\"itemListElement\":[{\"@type\":\"ListItem\",\"position\":1,\"name\":\"Home\",\"item\":\"https:\/\/andersadlercreutz.fi\/blog\/blogg\/?lang=sv\"},{\"@type\":\"ListItem\",\"position\":2,\"name\":\"Ty\u00f6llisyyshaaste on akuutti mutta ei mustavalkoinen\"}]},{\"@type\":\"WebSite\",\"@id\":\"https:\/\/andersadlercreutz.fi\/blog\/#website\",\"url\":\"https:\/\/andersadlercreutz.fi\/blog\/\",\"name\":\"Anders Adlercreutz\",\"description\":\"Du. Jag. Vi. Kest&auml;v&auml;sti optimisti\",\"potentialAction\":[{\"@type\":\"SearchAction\",\"target\":{\"@type\":\"EntryPoint\",\"urlTemplate\":\"https:\/\/andersadlercreutz.fi\/blog\/?s={search_term_string}\"},\"query-input\":\"required name=search_term_string\"}],\"inLanguage\":\"sv-SE\"},{\"@type\":\"Person\",\"@id\":\"https:\/\/andersadlercreutz.fi\/blog\/#\/schema\/person\/47d4b72eded862b484f74bb4b3a2354f\",\"name\":\"Anders\",\"image\":{\"@type\":\"ImageObject\",\"inLanguage\":\"sv-SE\",\"@id\":\"https:\/\/andersadlercreutz.fi\/blog\/#\/schema\/person\/image\/\",\"url\":\"https:\/\/secure.gravatar.com\/avatar\/a144c9bda7a581ff6fabba169027e620?s=96&d=mm&r=g\",\"contentUrl\":\"https:\/\/secure.gravatar.com\/avatar\/a144c9bda7a581ff6fabba169027e620?s=96&d=mm&r=g\",\"caption\":\"Anders\"},\"url\":\"https:\/\/andersadlercreutz.fi\/blog\/author\/admin\/\"}]}<\/script>\n<!-- \/ Yoast SEO plugin. -->","yoast_head_json":{"title":"Ty\u00f6llisyyshaaste on akuutti mutta ei mustavalkoinen - Anders Adlercreutz","description":"Viime p\u00e4ivin\u00e4 sosiaalisessa mediassa on k\u00e4yty vilkasta keskustelua ulkomailla syntyneiden henkil\u00f6iden ty\u00f6tt\u00f6myydest\u00e4. Keskustelun l\u00e4ht\u00f6laukaus oli ETLA:n julkaisema kirjoitus. Luvut ovat huonoja, mutta ne on asetettava oikeisiin mittasuhteisiin. Sek\u00e4 ilmi\u00f6n laajuutta ett\u00e4 sen syit\u00e4 on tarkasteltava asiallisesti.","robots":{"index":"index","follow":"follow","max-snippet":"max-snippet:-1","max-image-preview":"max-image-preview:large","max-video-preview":"max-video-preview:-1"},"canonical":"https:\/\/andersadlercreutz.fi\/blog\/uncategorized-en-2-2\/tyollisyyshaaste-on-akuutti-mutta-ei-mustavalkoinen\/","og_locale":"sv_SE","og_type":"article","og_title":"Ty\u00f6llisyyshaaste on akuutti mutta ei mustavalkoinen - Anders Adlercreutz","og_description":"Viime p\u00e4ivin\u00e4 sosiaalisessa mediassa on k\u00e4yty vilkasta keskustelua ulkomailla syntyneiden henkil\u00f6iden ty\u00f6tt\u00f6myydest\u00e4. Keskustelun l\u00e4ht\u00f6laukaus oli ETLA:n julkaisema kirjoitus. Luvut ovat huonoja, mutta ne on asetettava oikeisiin mittasuhteisiin. Sek\u00e4 ilmi\u00f6n laajuutta ett\u00e4 sen syit\u00e4 on tarkasteltava asiallisesti.","og_url":"https:\/\/andersadlercreutz.fi\/blog\/uncategorized-en-2-2\/tyollisyyshaaste-on-akuutti-mutta-ei-mustavalkoinen\/?lang=fi","og_site_name":"Anders Adlercreutz","article_published_time":"2026-02-15T04:22:43+00:00","article_modified_time":"2026-02-15T08:45:16+00:00","og_image":[{"width":1030,"height":687,"url":"https:\/\/andersadlercreutz.fi\/blog\/wp-content\/uploads\/2025\/08\/DK1A2869-Enhanced-NR-copy-1030x687.jpg","type":"image\/jpeg"}],"author":"Anders","twitter_card":"summary_large_image","twitter_misc":{"Skriven av":"Anders","Ber\u00e4knad l\u00e4stid":"3 minuter"},"schema":{"@context":"https:\/\/schema.org","@graph":[{"@type":"WebPage","@id":"https:\/\/andersadlercreutz.fi\/blog\/uncategorized-en-2-2\/tyollisyyshaaste-on-akuutti-mutta-ei-mustavalkoinen\/?lang=fi","url":"https:\/\/andersadlercreutz.fi\/blog\/uncategorized-en-2-2\/tyollisyyshaaste-on-akuutti-mutta-ei-mustavalkoinen\/?lang=fi","name":"Ty\u00f6llisyyshaaste on akuutti mutta ei mustavalkoinen - Anders Adlercreutz","isPartOf":{"@id":"https:\/\/andersadlercreutz.fi\/blog\/#website"},"datePublished":"2026-02-15T04:22:43+00:00","dateModified":"2026-02-15T08:45:16+00:00","author":{"@id":"https:\/\/andersadlercreutz.fi\/blog\/#\/schema\/person\/47d4b72eded862b484f74bb4b3a2354f"},"description":"Viime p\u00e4ivin\u00e4 sosiaalisessa mediassa on k\u00e4yty vilkasta keskustelua ulkomailla syntyneiden henkil\u00f6iden ty\u00f6tt\u00f6myydest\u00e4. Keskustelun l\u00e4ht\u00f6laukaus oli ETLA:n julkaisema kirjoitus. Luvut ovat huonoja, mutta ne on asetettava oikeisiin mittasuhteisiin. Sek\u00e4 ilmi\u00f6n laajuutta ett\u00e4 sen syit\u00e4 on tarkasteltava asiallisesti.","breadcrumb":{"@id":"https:\/\/andersadlercreutz.fi\/blog\/uncategorized-en-2-2\/tyollisyyshaaste-on-akuutti-mutta-ei-mustavalkoinen\/?lang=fi#breadcrumb"},"inLanguage":"sv-SE","potentialAction":[{"@type":"ReadAction","target":["https:\/\/andersadlercreutz.fi\/blog\/uncategorized-en-2-2\/tyollisyyshaaste-on-akuutti-mutta-ei-mustavalkoinen\/?lang=fi"]}]},{"@type":"BreadcrumbList","@id":"https:\/\/andersadlercreutz.fi\/blog\/uncategorized-en-2-2\/tyollisyyshaaste-on-akuutti-mutta-ei-mustavalkoinen\/?lang=fi#breadcrumb","itemListElement":[{"@type":"ListItem","position":1,"name":"Home","item":"https:\/\/andersadlercreutz.fi\/blog\/blogg\/?lang=sv"},{"@type":"ListItem","position":2,"name":"Ty\u00f6llisyyshaaste on akuutti mutta ei mustavalkoinen"}]},{"@type":"WebSite","@id":"https:\/\/andersadlercreutz.fi\/blog\/#website","url":"https:\/\/andersadlercreutz.fi\/blog\/","name":"Anders Adlercreutz","description":"Du. Jag. Vi. Kest&auml;v&auml;sti optimisti","potentialAction":[{"@type":"SearchAction","target":{"@type":"EntryPoint","urlTemplate":"https:\/\/andersadlercreutz.fi\/blog\/?s={search_term_string}"},"query-input":"required name=search_term_string"}],"inLanguage":"sv-SE"},{"@type":"Person","@id":"https:\/\/andersadlercreutz.fi\/blog\/#\/schema\/person\/47d4b72eded862b484f74bb4b3a2354f","name":"Anders","image":{"@type":"ImageObject","inLanguage":"sv-SE","@id":"https:\/\/andersadlercreutz.fi\/blog\/#\/schema\/person\/image\/","url":"https:\/\/secure.gravatar.com\/avatar\/a144c9bda7a581ff6fabba169027e620?s=96&d=mm&r=g","contentUrl":"https:\/\/secure.gravatar.com\/avatar\/a144c9bda7a581ff6fabba169027e620?s=96&d=mm&r=g","caption":"Anders"},"url":"https:\/\/andersadlercreutz.fi\/blog\/author\/admin\/"}]}},"jetpack_featured_media_url":"https:\/\/i0.wp.com\/andersadlercreutz.fi\/blog\/wp-content\/uploads\/2025\/08\/DK1A2869-Enhanced-NR-copy-scaled-e1763720482235.jpg?fit=2560%2C1707&ssl=1","jetpack_shortlink":"https:\/\/wp.me\/p4T6Dh-2Tq","jetpack_sharing_enabled":true,"_links":{"self":[{"href":"https:\/\/andersadlercreutz.fi\/blog\/wp-json\/wp\/v2\/posts\/11124"}],"collection":[{"href":"https:\/\/andersadlercreutz.fi\/blog\/wp-json\/wp\/v2\/posts"}],"about":[{"href":"https:\/\/andersadlercreutz.fi\/blog\/wp-json\/wp\/v2\/types\/post"}],"author":[{"embeddable":true,"href":"https:\/\/andersadlercreutz.fi\/blog\/wp-json\/wp\/v2\/users\/1"}],"replies":[{"embeddable":true,"href":"https:\/\/andersadlercreutz.fi\/blog\/wp-json\/wp\/v2\/comments?post=11124"}],"version-history":[{"count":4,"href":"https:\/\/andersadlercreutz.fi\/blog\/wp-json\/wp\/v2\/posts\/11124\/revisions"}],"predecessor-version":[{"id":11130,"href":"https:\/\/andersadlercreutz.fi\/blog\/wp-json\/wp\/v2\/posts\/11124\/revisions\/11130"}],"wp:featuredmedia":[{"embeddable":true,"href":"https:\/\/andersadlercreutz.fi\/blog\/wp-json\/wp\/v2\/media\/10736"}],"wp:attachment":[{"href":"https:\/\/andersadlercreutz.fi\/blog\/wp-json\/wp\/v2\/media?parent=11124"}],"wp:term":[{"taxonomy":"category","embeddable":true,"href":"https:\/\/andersadlercreutz.fi\/blog\/wp-json\/wp\/v2\/categories?post=11124"},{"taxonomy":"post_tag","embeddable":true,"href":"https:\/\/andersadlercreutz.fi\/blog\/wp-json\/wp\/v2\/tags?post=11124"}],"curies":[{"name":"wp","href":"https:\/\/api.w.org\/{rel}","templated":true}]}}