{"id":11184,"date":"2026-03-05T16:11:03","date_gmt":"2026-03-05T14:11:03","guid":{"rendered":"https:\/\/andersadlercreutz.fi\/blog\/?p=11184"},"modified":"2026-03-05T16:11:03","modified_gmt":"2026-03-05T14:11:03","slug":"arbetet-for-levande-nationalsprak-ar-inte-symbolpolitik","status":"publish","type":"post","link":"https:\/\/andersadlercreutz.fi\/blog\/blogg\/arbetet-for-levande-nationalsprak-ar-inte-symbolpolitik\/","title":{"rendered":"Arbetet f\u00f6r levande nationalspr\u00e5k \u00e4r inte symbolpolitik"},"content":{"rendered":"<div class=\"excerpt\">\n<p>V\u00e5ra nationalspr\u00e5k utg\u00f6r grunden f\u00f6r v\u00e5r identitet, v\u00e5r historia och v\u00e5r kultur. Det \u00e4r genom spr\u00e5ket vi f\u00f6r vidare kunskap och framtidstro till n\u00e4sta generation, betonar SFP:s ordf\u00f6rande och undervisningsminister Anders Adlercreutz.<\/p>\n<\/div>\n<div class=\"resizable\">\n<p>I samband med firandet av Institutet f\u00f6r de inhemska spr\u00e5kens 50-\u00e5rsjubileum tisdagen den\u00a0 3 mars framf\u00f6rde Adlercreutz statsr\u00e5dets h\u00e4lsning och betonade spr\u00e5kets roll f\u00f6r demokratin och institutets viktiga arbete i att st\u00e4rka och utveckla v\u00e5ra nationalspr\u00e5k.<\/p>\n<p>\u2013 I en tid av polarisering och f\u00f6renklade svar beh\u00f6ver vi st\u00e4rka v\u00e5r f\u00f6rm\u00e5ga att faktiskt f\u00f6ra konstruktiva diskussioner, och inte tala f\u00f6rbi varandra, s\u00e4ger Adlercreutz.<\/p>\n<p>F\u00f6r SFP \u00e4r det en sj\u00e4lvklarhet att v\u00e4rna om och st\u00e4rka v\u00e5ra tv\u00e5 nationalspr\u00e5k, svenska och finska. Spr\u00e5kliga r\u00e4ttigheter handlar inte om symbolpolitik, utan om j\u00e4mlikhet i praktiken. I en allt mer globaliserad v\u00e4rld d\u00e4r till exempel engelskan tar \u00f6ver allt mer i fler sektorer \u00e4r det viktigt att vi inte gl\u00f6mmer vikten av v\u00e5ra nationalspr\u00e5k.<\/p>\n<p>\u2013 Att arbeta f\u00f6r levande nationalspr\u00e5k \u00e4r inte symbolpolitik. Det handlar om r\u00e4tten att g\u00e5 i skola p\u00e5 sitt modersm\u00e5l, att bli f\u00f6rst\u00e5dd i v\u00e5rden och att kunna anv\u00e4nda sitt spr\u00e5k i kontakt med myndigheter, oavsett var i landet man bor, s\u00e4ger Adlercreutz.<\/p>\n<\/div>\n","protected":false},"excerpt":{"rendered":"<p>V\u00e5ra nationalspr\u00e5k utg\u00f6r grunden f\u00f6r v\u00e5r identitet, v\u00e5r historia och v\u00e5r kultur. Det \u00e4r genom spr\u00e5ket vi f\u00f6r vidare kunskap och framtidstro till n\u00e4sta generation, betonar SFP:s ordf\u00f6rande och undervisningsminister Anders Adlercreutz. I samband med firandet av Institutet f\u00f6r de inhemska spr\u00e5kens 50-\u00e5rsjubileum tisdagen den\u00a0 3 mars framf\u00f6rde Adlercreutz statsr\u00e5dets h\u00e4lsning och betonade spr\u00e5kets roll [&hellip;]<\/p>\n","protected":false},"author":1,"featured_media":10957,"comment_status":"open","ping_status":"open","sticky":false,"template":"","format":"standard","meta":{"jetpack_post_was_ever_published":false,"_jetpack_newsletter_access":"","jetpack_publicize_message":"","jetpack_is_tweetstorm":false,"jetpack_publicize_feature_enabled":true,"jetpack_social_post_already_shared":true,"jetpack_social_options":{"image_generator_settings":{"template":"highway","enabled":false}}},"categories":[45,36,72,114,64,88],"tags":[],"jetpack_publicize_connections":[],"yoast_head":"<!-- This site is optimized with the Yoast SEO plugin v20.12 - https:\/\/yoast.com\/wordpress\/plugins\/seo\/ -->\n<title>Arbetet f\u00f6r levande nationalspr\u00e5k \u00e4r inte symbolpolitik - Anders Adlercreutz<\/title>\n<meta name=\"robots\" content=\"index, follow, max-snippet:-1, max-image-preview:large, max-video-preview:-1\" \/>\n<link rel=\"canonical\" href=\"https:\/\/andersadlercreutz.fi\/blog\/blogg\/arbetet-for-levande-nationalsprak-ar-inte-symbolpolitik\/\" \/>\n<meta property=\"og:locale\" content=\"sv_SE\" \/>\n<meta property=\"og:type\" content=\"article\" \/>\n<meta property=\"og:title\" content=\"Arbetet f\u00f6r levande nationalspr\u00e5k \u00e4r inte symbolpolitik - Anders Adlercreutz\" \/>\n<meta property=\"og:description\" content=\"V\u00e5ra nationalspr\u00e5k utg\u00f6r grunden f\u00f6r v\u00e5r identitet, v\u00e5r historia och v\u00e5r kultur. Det \u00e4r genom spr\u00e5ket vi f\u00f6r vidare kunskap och framtidstro till n\u00e4sta generation, betonar SFP:s ordf\u00f6rande och undervisningsminister Anders Adlercreutz. I samband med firandet av Institutet f\u00f6r de inhemska spr\u00e5kens 50-\u00e5rsjubileum tisdagen den\u00a0 3 mars framf\u00f6rde Adlercreutz statsr\u00e5dets h\u00e4lsning och betonade spr\u00e5kets roll [&hellip;]\" \/>\n<meta property=\"og:url\" content=\"https:\/\/andersadlercreutz.fi\/blog\/blogg\/arbetet-for-levande-nationalsprak-ar-inte-symbolpolitik\/\" \/>\n<meta property=\"og:site_name\" content=\"Anders Adlercreutz\" \/>\n<meta property=\"article:published_time\" content=\"2026-03-05T14:11:03+00:00\" \/>\n<meta property=\"og:image\" content=\"https:\/\/andersadlercreutz.fi\/blog\/wp-content\/uploads\/2025\/11\/781A1368-1030x717.jpg\" \/>\n\t<meta property=\"og:image:width\" content=\"1030\" \/>\n\t<meta property=\"og:image:height\" content=\"717\" \/>\n\t<meta property=\"og:image:type\" content=\"image\/jpeg\" \/>\n<meta name=\"author\" content=\"Anders\" \/>\n<meta name=\"twitter:card\" content=\"summary_large_image\" \/>\n<meta name=\"twitter:label1\" content=\"Skriven av\" \/>\n\t<meta name=\"twitter:data1\" content=\"Anders\" \/>\n\t<meta name=\"twitter:label2\" content=\"Ber\u00e4knad l\u00e4stid\" \/>\n\t<meta name=\"twitter:data2\" content=\"1 minut\" \/>\n<script type=\"application\/ld+json\" class=\"yoast-schema-graph\">{\"@context\":\"https:\/\/schema.org\",\"@graph\":[{\"@type\":\"WebPage\",\"@id\":\"https:\/\/andersadlercreutz.fi\/blog\/blogg\/arbetet-for-levande-nationalsprak-ar-inte-symbolpolitik\/\",\"url\":\"https:\/\/andersadlercreutz.fi\/blog\/blogg\/arbetet-for-levande-nationalsprak-ar-inte-symbolpolitik\/\",\"name\":\"Arbetet f\u00f6r levande nationalspr\u00e5k \u00e4r inte symbolpolitik - Anders Adlercreutz\",\"isPartOf\":{\"@id\":\"https:\/\/andersadlercreutz.fi\/blog\/#website\"},\"datePublished\":\"2026-03-05T14:11:03+00:00\",\"dateModified\":\"2026-03-05T14:11:03+00:00\",\"author\":{\"@id\":\"https:\/\/andersadlercreutz.fi\/blog\/#\/schema\/person\/47d4b72eded862b484f74bb4b3a2354f\"},\"breadcrumb\":{\"@id\":\"https:\/\/andersadlercreutz.fi\/blog\/blogg\/arbetet-for-levande-nationalsprak-ar-inte-symbolpolitik\/#breadcrumb\"},\"inLanguage\":\"sv-SE\",\"potentialAction\":[{\"@type\":\"ReadAction\",\"target\":[\"https:\/\/andersadlercreutz.fi\/blog\/blogg\/arbetet-for-levande-nationalsprak-ar-inte-symbolpolitik\/\"]}]},{\"@type\":\"BreadcrumbList\",\"@id\":\"https:\/\/andersadlercreutz.fi\/blog\/blogg\/arbetet-for-levande-nationalsprak-ar-inte-symbolpolitik\/#breadcrumb\",\"itemListElement\":[{\"@type\":\"ListItem\",\"position\":1,\"name\":\"Home\",\"item\":\"https:\/\/andersadlercreutz.fi\/blog\/blogg\/?lang=sv\"},{\"@type\":\"ListItem\",\"position\":2,\"name\":\"Arbetet f\u00f6r levande nationalspr\u00e5k \u00e4r inte symbolpolitik\"}]},{\"@type\":\"WebSite\",\"@id\":\"https:\/\/andersadlercreutz.fi\/blog\/#website\",\"url\":\"https:\/\/andersadlercreutz.fi\/blog\/\",\"name\":\"Anders Adlercreutz\",\"description\":\"Du. Jag. Vi. Kest&auml;v&auml;sti optimisti\",\"potentialAction\":[{\"@type\":\"SearchAction\",\"target\":{\"@type\":\"EntryPoint\",\"urlTemplate\":\"https:\/\/andersadlercreutz.fi\/blog\/?s={search_term_string}\"},\"query-input\":\"required name=search_term_string\"}],\"inLanguage\":\"sv-SE\"},{\"@type\":\"Person\",\"@id\":\"https:\/\/andersadlercreutz.fi\/blog\/#\/schema\/person\/47d4b72eded862b484f74bb4b3a2354f\",\"name\":\"Anders\",\"image\":{\"@type\":\"ImageObject\",\"inLanguage\":\"sv-SE\",\"@id\":\"https:\/\/andersadlercreutz.fi\/blog\/#\/schema\/person\/image\/\",\"url\":\"https:\/\/secure.gravatar.com\/avatar\/a144c9bda7a581ff6fabba169027e620?s=96&d=mm&r=g\",\"contentUrl\":\"https:\/\/secure.gravatar.com\/avatar\/a144c9bda7a581ff6fabba169027e620?s=96&d=mm&r=g\",\"caption\":\"Anders\"},\"url\":\"https:\/\/andersadlercreutz.fi\/blog\/author\/admin\/\"}]}<\/script>\n<!-- \/ Yoast SEO plugin. -->","yoast_head_json":{"title":"Arbetet f\u00f6r levande nationalspr\u00e5k \u00e4r inte symbolpolitik - Anders Adlercreutz","robots":{"index":"index","follow":"follow","max-snippet":"max-snippet:-1","max-image-preview":"max-image-preview:large","max-video-preview":"max-video-preview:-1"},"canonical":"https:\/\/andersadlercreutz.fi\/blog\/blogg\/arbetet-for-levande-nationalsprak-ar-inte-symbolpolitik\/","og_locale":"sv_SE","og_type":"article","og_title":"Arbetet f\u00f6r levande nationalspr\u00e5k \u00e4r inte symbolpolitik - Anders Adlercreutz","og_description":"V\u00e5ra nationalspr\u00e5k utg\u00f6r grunden f\u00f6r v\u00e5r identitet, v\u00e5r historia och v\u00e5r kultur. Det \u00e4r genom spr\u00e5ket vi f\u00f6r vidare kunskap och framtidstro till n\u00e4sta generation, betonar SFP:s ordf\u00f6rande och undervisningsminister Anders Adlercreutz. I samband med firandet av Institutet f\u00f6r de inhemska spr\u00e5kens 50-\u00e5rsjubileum tisdagen den\u00a0 3 mars framf\u00f6rde Adlercreutz statsr\u00e5dets h\u00e4lsning och betonade spr\u00e5kets roll [&hellip;]","og_url":"https:\/\/andersadlercreutz.fi\/blog\/blogg\/arbetet-for-levande-nationalsprak-ar-inte-symbolpolitik\/","og_site_name":"Anders Adlercreutz","article_published_time":"2026-03-05T14:11:03+00:00","og_image":[{"width":1030,"height":717,"url":"https:\/\/andersadlercreutz.fi\/blog\/wp-content\/uploads\/2025\/11\/781A1368-1030x717.jpg","type":"image\/jpeg"}],"author":"Anders","twitter_card":"summary_large_image","twitter_misc":{"Skriven av":"Anders","Ber\u00e4knad l\u00e4stid":"1 minut"},"schema":{"@context":"https:\/\/schema.org","@graph":[{"@type":"WebPage","@id":"https:\/\/andersadlercreutz.fi\/blog\/blogg\/arbetet-for-levande-nationalsprak-ar-inte-symbolpolitik\/","url":"https:\/\/andersadlercreutz.fi\/blog\/blogg\/arbetet-for-levande-nationalsprak-ar-inte-symbolpolitik\/","name":"Arbetet f\u00f6r levande nationalspr\u00e5k \u00e4r inte symbolpolitik - Anders Adlercreutz","isPartOf":{"@id":"https:\/\/andersadlercreutz.fi\/blog\/#website"},"datePublished":"2026-03-05T14:11:03+00:00","dateModified":"2026-03-05T14:11:03+00:00","author":{"@id":"https:\/\/andersadlercreutz.fi\/blog\/#\/schema\/person\/47d4b72eded862b484f74bb4b3a2354f"},"breadcrumb":{"@id":"https:\/\/andersadlercreutz.fi\/blog\/blogg\/arbetet-for-levande-nationalsprak-ar-inte-symbolpolitik\/#breadcrumb"},"inLanguage":"sv-SE","potentialAction":[{"@type":"ReadAction","target":["https:\/\/andersadlercreutz.fi\/blog\/blogg\/arbetet-for-levande-nationalsprak-ar-inte-symbolpolitik\/"]}]},{"@type":"BreadcrumbList","@id":"https:\/\/andersadlercreutz.fi\/blog\/blogg\/arbetet-for-levande-nationalsprak-ar-inte-symbolpolitik\/#breadcrumb","itemListElement":[{"@type":"ListItem","position":1,"name":"Home","item":"https:\/\/andersadlercreutz.fi\/blog\/blogg\/?lang=sv"},{"@type":"ListItem","position":2,"name":"Arbetet f\u00f6r levande nationalspr\u00e5k \u00e4r inte symbolpolitik"}]},{"@type":"WebSite","@id":"https:\/\/andersadlercreutz.fi\/blog\/#website","url":"https:\/\/andersadlercreutz.fi\/blog\/","name":"Anders Adlercreutz","description":"Du. Jag. Vi. Kest&auml;v&auml;sti optimisti","potentialAction":[{"@type":"SearchAction","target":{"@type":"EntryPoint","urlTemplate":"https:\/\/andersadlercreutz.fi\/blog\/?s={search_term_string}"},"query-input":"required name=search_term_string"}],"inLanguage":"sv-SE"},{"@type":"Person","@id":"https:\/\/andersadlercreutz.fi\/blog\/#\/schema\/person\/47d4b72eded862b484f74bb4b3a2354f","name":"Anders","image":{"@type":"ImageObject","inLanguage":"sv-SE","@id":"https:\/\/andersadlercreutz.fi\/blog\/#\/schema\/person\/image\/","url":"https:\/\/secure.gravatar.com\/avatar\/a144c9bda7a581ff6fabba169027e620?s=96&d=mm&r=g","contentUrl":"https:\/\/secure.gravatar.com\/avatar\/a144c9bda7a581ff6fabba169027e620?s=96&d=mm&r=g","caption":"Anders"},"url":"https:\/\/andersadlercreutz.fi\/blog\/author\/admin\/"}]}},"jetpack_featured_media_url":"https:\/\/i0.wp.com\/andersadlercreutz.fi\/blog\/wp-content\/uploads\/2025\/11\/781A1368-scaled.jpg?fit=2560%2C1782&ssl=1","jetpack_shortlink":"https:\/\/wp.me\/p4T6Dh-2Uo","jetpack_sharing_enabled":true,"_links":{"self":[{"href":"https:\/\/andersadlercreutz.fi\/blog\/wp-json\/wp\/v2\/posts\/11184"}],"collection":[{"href":"https:\/\/andersadlercreutz.fi\/blog\/wp-json\/wp\/v2\/posts"}],"about":[{"href":"https:\/\/andersadlercreutz.fi\/blog\/wp-json\/wp\/v2\/types\/post"}],"author":[{"embeddable":true,"href":"https:\/\/andersadlercreutz.fi\/blog\/wp-json\/wp\/v2\/users\/1"}],"replies":[{"embeddable":true,"href":"https:\/\/andersadlercreutz.fi\/blog\/wp-json\/wp\/v2\/comments?post=11184"}],"version-history":[{"count":2,"href":"https:\/\/andersadlercreutz.fi\/blog\/wp-json\/wp\/v2\/posts\/11184\/revisions"}],"predecessor-version":[{"id":11186,"href":"https:\/\/andersadlercreutz.fi\/blog\/wp-json\/wp\/v2\/posts\/11184\/revisions\/11186"}],"wp:featuredmedia":[{"embeddable":true,"href":"https:\/\/andersadlercreutz.fi\/blog\/wp-json\/wp\/v2\/media\/10957"}],"wp:attachment":[{"href":"https:\/\/andersadlercreutz.fi\/blog\/wp-json\/wp\/v2\/media?parent=11184"}],"wp:term":[{"taxonomy":"category","embeddable":true,"href":"https:\/\/andersadlercreutz.fi\/blog\/wp-json\/wp\/v2\/categories?post=11184"},{"taxonomy":"post_tag","embeddable":true,"href":"https:\/\/andersadlercreutz.fi\/blog\/wp-json\/wp\/v2\/tags?post=11184"}],"curies":[{"name":"wp","href":"https:\/\/api.w.org\/{rel}","templated":true}]}}