{"id":11203,"date":"2026-03-12T15:17:36","date_gmt":"2026-03-12T13:17:36","guid":{"rendered":"https:\/\/andersadlercreutz.fi\/blog\/?p=11203"},"modified":"2026-03-12T15:17:36","modified_gmt":"2026-03-12T13:17:36","slug":"kouluissa-on-20-vuoden-kuluttua-lahes-100-000-lasta-vahemman","status":"publish","type":"post","link":"https:\/\/andersadlercreutz.fi\/blog\/1koulutus\/kouluissa-on-20-vuoden-kuluttua-lahes-100-000-lasta-vahemman\/?lang=fi","title":{"rendered":"Kouluissa on 20 vuoden kuluttua l\u00e4hes 100 000 lasta v\u00e4hemm\u00e4n"},"content":{"rendered":"<p><span style=\"font-weight: 400;\">Suomi kohtaa suuria haasteita v\u00e4est\u00f6rakenteen muuttuessa. T\u00e4m\u00e4 k\u00e4vi selv\u00e4ksi, kun RKP:n puheenjohtaja ja opetusministeri Anders Adlercreutz vastaanotti 12. maaliskuuta ensimm\u00e4isen kattavan raportin v\u00e4est\u00f6kehityksest\u00e4 ja sen vaikutuksista perusopetukseen.<\/span><\/p>\n<p><span style=\"font-weight: 400;\">Vuosien 2023 ja 2040 v\u00e4lill\u00e4 peruskouluik\u00e4isten lasten m\u00e4\u00e4r\u00e4n arvioidaan v\u00e4henev\u00e4n l\u00e4hes 100 000 lapsella. Kehitys merkitsee kunnille suurta haastetta, sill\u00e4 niiden on tarkasteltava, miten perusopetus tulevaisuudessa j\u00e4rjestet\u00e4\u00e4n.<\/span><\/p>\n<p><span style=\"font-weight: 400;\">\u2013 Kun oppilasm\u00e4\u00e4r\u00e4 v\u00e4henee n\u00e4in voimakkaasti, jokainen kunta ei pysty ratkaisemaan tilannetta yksin. Meid\u00e4n on ajateltava uudella tavalla, vahvistettava kuntien v\u00e4list\u00e4 yhteisty\u00f6t\u00e4 ja varmistettava, ett\u00e4 kaikilla lapsilla on my\u00f6s tulevaisuudessa p\u00e4\u00e4sy korkeatasoiseen peruskouluun, Adlercreutz sanoo.<\/span><\/p>\n<p><span style=\"font-weight: 400;\">Kehitys n\u00e4ytt\u00e4\u00e4 kuitenkin hyvin erilaiselta eri puolilla maata. Monissa kunnissa oppilasm\u00e4\u00e4r\u00e4 v\u00e4henee, kun taas joissakin kunnissa se kasvaa, muun muassa maahanmuuton seurauksena.<\/span><\/p>\n<p><span style=\"font-weight: 400;\">Raportti esitt\u00e4\u00e4 useita toimenpiteit\u00e4 muutokseen vastaamiseksi. Keskeinen teema on kuntien v\u00e4lisen yhteisty\u00f6n lis\u00e4\u00e4minen sek\u00e4 koulun rakenteiden tarkastelu. Yhten\u00e4 vaihtoehtona esiin nostetaan my\u00f6s yhteinen katsomusaine, joka voisi vapauttaa resursseja.<\/span><\/p>\n<p><span style=\"font-weight: 400;\">\u2013 T\u00e4rkeint\u00e4 on, ett\u00e4 pienenevi\u00e4 ik\u00e4luokkia ei k\u00e4ytet\u00e4 perusteena rahoituksen v\u00e4hent\u00e4miselle. Lasten m\u00e4\u00e4r\u00e4n v\u00e4heneminen ei automaattisesti tarkoita pienempi\u00e4 kustannuksia. P\u00e4invastoin kustannukset oppilasta kohden voivat kasvaa, erityisesti kunnissa, joissa oppilasm\u00e4\u00e4r\u00e4 v\u00e4henee mutta joissa tarvitaan edelleen tiloja, opettajia ja koulukuljetuksia, Adlercreutz sanoo.<\/span><\/p>\n<p><span style=\"font-weight: 400;\">Raportissa k\u00e4sitell\u00e4\u00e4n my\u00f6s ruotsinkielist\u00e4 koulutusta. Muutokset vaikuttavat usein voimakkaammin pienempiin kieliryhmiin, ja siksi oikeus ruotsinkieliseen opetukseen on turvattava my\u00f6s tulevaisuudessa.<\/span><\/p>\n<p><span style=\"font-weight: 400;\">\u2013 Ruotsinkielinen koulutus on haavoittuvainen tilanteessa, jossa oppilaspohja pienenee ja et\u00e4isyydet ovat pitki\u00e4. Siksi meid\u00e4n on varmistettava, ett\u00e4 ruotsiksi tarjottava koulutus s\u00e4ilyy korkeatasoisena, ett\u00e4 rahoitus huomioi kaksikielisyyden lis\u00e4kustannukset ja ett\u00e4 saatavilla on sek\u00e4 oppimateriaaleja ett\u00e4 p\u00e4tev\u00e4\u00e4 henkil\u00f6kuntaa, Adlercreutz sanoo.<\/span><\/p>\n","protected":false},"excerpt":{"rendered":"<p>Suomi kohtaa suuria haasteita v\u00e4est\u00f6rakenteen muuttuessa. T\u00e4m\u00e4 k\u00e4vi selv\u00e4ksi, kun RKP:n puheenjohtaja ja opetusministeri Anders Adlercreutz vastaanotti 12. maaliskuuta ensimm\u00e4isen kattavan raportin v\u00e4est\u00f6kehityksest\u00e4 ja sen vaikutuksista perusopetukseen. Vuosien 2023 ja 2040 v\u00e4lill\u00e4 peruskouluik\u00e4isten lasten m\u00e4\u00e4r\u00e4n arvioidaan v\u00e4henev\u00e4n l\u00e4hes 100 000 lapsella. Kehitys merkitsee kunnille suurta haastetta, sill\u00e4 niiden on tarkasteltava, miten perusopetus tulevaisuudessa j\u00e4rjestet\u00e4\u00e4n. \u2013 [&hellip;]<\/p>\n","protected":false},"author":1,"featured_media":10721,"comment_status":"open","ping_status":"open","sticky":false,"template":"","format":"standard","meta":{"jetpack_post_was_ever_published":false,"_jetpack_newsletter_access":"","jetpack_publicize_message":"","jetpack_is_tweetstorm":false,"jetpack_publicize_feature_enabled":true,"jetpack_social_post_already_shared":true,"jetpack_social_options":{"image_generator_settings":{"template":"highway","enabled":false}}},"categories":[21,18,14,60,71,163,164,87],"tags":[],"jetpack_publicize_connections":[],"yoast_head":"<!-- This site is optimized with the Yoast SEO plugin v20.12 - https:\/\/yoast.com\/wordpress\/plugins\/seo\/ -->\n<title>Kouluissa on 20 vuoden kuluttua l\u00e4hes 100 000 lasta v\u00e4hemm\u00e4n - Anders Adlercreutz<\/title>\n<meta name=\"robots\" content=\"index, follow, max-snippet:-1, max-image-preview:large, max-video-preview:-1\" \/>\n<link rel=\"canonical\" href=\"https:\/\/andersadlercreutz.fi\/blog\/1koulutus\/kouluissa-on-20-vuoden-kuluttua-lahes-100-000-lasta-vahemman\/\" \/>\n<meta property=\"og:locale\" content=\"sv_SE\" \/>\n<meta property=\"og:type\" content=\"article\" \/>\n<meta property=\"og:title\" content=\"Kouluissa on 20 vuoden kuluttua l\u00e4hes 100 000 lasta v\u00e4hemm\u00e4n - Anders Adlercreutz\" \/>\n<meta property=\"og:description\" content=\"Suomi kohtaa suuria haasteita v\u00e4est\u00f6rakenteen muuttuessa. T\u00e4m\u00e4 k\u00e4vi selv\u00e4ksi, kun RKP:n puheenjohtaja ja opetusministeri Anders Adlercreutz vastaanotti 12. maaliskuuta ensimm\u00e4isen kattavan raportin v\u00e4est\u00f6kehityksest\u00e4 ja sen vaikutuksista perusopetukseen. Vuosien 2023 ja 2040 v\u00e4lill\u00e4 peruskouluik\u00e4isten lasten m\u00e4\u00e4r\u00e4n arvioidaan v\u00e4henev\u00e4n l\u00e4hes 100 000 lapsella. Kehitys merkitsee kunnille suurta haastetta, sill\u00e4 niiden on tarkasteltava, miten perusopetus tulevaisuudessa j\u00e4rjestet\u00e4\u00e4n. \u2013 [&hellip;]\" \/>\n<meta property=\"og:url\" content=\"https:\/\/andersadlercreutz.fi\/blog\/1koulutus\/kouluissa-on-20-vuoden-kuluttua-lahes-100-000-lasta-vahemman\/?lang=fi\" \/>\n<meta property=\"og:site_name\" content=\"Anders Adlercreutz\" \/>\n<meta property=\"article:published_time\" content=\"2026-03-12T13:17:36+00:00\" \/>\n<meta property=\"og:image\" content=\"https:\/\/andersadlercreutz.fi\/blog\/wp-content\/uploads\/2025\/08\/781A1400-1030x708.jpg\" \/>\n\t<meta property=\"og:image:width\" content=\"1030\" \/>\n\t<meta property=\"og:image:height\" content=\"708\" \/>\n\t<meta property=\"og:image:type\" content=\"image\/jpeg\" \/>\n<meta name=\"author\" content=\"Anders\" \/>\n<meta name=\"twitter:card\" content=\"summary_large_image\" \/>\n<meta name=\"twitter:label1\" content=\"Skriven av\" \/>\n\t<meta name=\"twitter:data1\" content=\"Anders\" \/>\n\t<meta name=\"twitter:label2\" content=\"Ber\u00e4knad l\u00e4stid\" \/>\n\t<meta name=\"twitter:data2\" content=\"2 minuter\" \/>\n<script type=\"application\/ld+json\" class=\"yoast-schema-graph\">{\"@context\":\"https:\/\/schema.org\",\"@graph\":[{\"@type\":\"WebPage\",\"@id\":\"https:\/\/andersadlercreutz.fi\/blog\/1koulutus\/kouluissa-on-20-vuoden-kuluttua-lahes-100-000-lasta-vahemman\/?lang=fi\",\"url\":\"https:\/\/andersadlercreutz.fi\/blog\/1koulutus\/kouluissa-on-20-vuoden-kuluttua-lahes-100-000-lasta-vahemman\/?lang=fi\",\"name\":\"Kouluissa on 20 vuoden kuluttua l\u00e4hes 100 000 lasta v\u00e4hemm\u00e4n - Anders Adlercreutz\",\"isPartOf\":{\"@id\":\"https:\/\/andersadlercreutz.fi\/blog\/#website\"},\"datePublished\":\"2026-03-12T13:17:36+00:00\",\"dateModified\":\"2026-03-12T13:17:36+00:00\",\"author\":{\"@id\":\"https:\/\/andersadlercreutz.fi\/blog\/#\/schema\/person\/47d4b72eded862b484f74bb4b3a2354f\"},\"breadcrumb\":{\"@id\":\"https:\/\/andersadlercreutz.fi\/blog\/1koulutus\/kouluissa-on-20-vuoden-kuluttua-lahes-100-000-lasta-vahemman\/?lang=fi#breadcrumb\"},\"inLanguage\":\"sv-SE\",\"potentialAction\":[{\"@type\":\"ReadAction\",\"target\":[\"https:\/\/andersadlercreutz.fi\/blog\/1koulutus\/kouluissa-on-20-vuoden-kuluttua-lahes-100-000-lasta-vahemman\/?lang=fi\"]}]},{\"@type\":\"BreadcrumbList\",\"@id\":\"https:\/\/andersadlercreutz.fi\/blog\/1koulutus\/kouluissa-on-20-vuoden-kuluttua-lahes-100-000-lasta-vahemman\/?lang=fi#breadcrumb\",\"itemListElement\":[{\"@type\":\"ListItem\",\"position\":1,\"name\":\"Home\",\"item\":\"https:\/\/andersadlercreutz.fi\/blog\/blogg\/?lang=sv\"},{\"@type\":\"ListItem\",\"position\":2,\"name\":\"Kouluissa on 20 vuoden kuluttua l\u00e4hes 100 000 lasta v\u00e4hemm\u00e4n\"}]},{\"@type\":\"WebSite\",\"@id\":\"https:\/\/andersadlercreutz.fi\/blog\/#website\",\"url\":\"https:\/\/andersadlercreutz.fi\/blog\/\",\"name\":\"Anders Adlercreutz\",\"description\":\"Du. Jag. Vi. Kest&auml;v&auml;sti optimisti\",\"potentialAction\":[{\"@type\":\"SearchAction\",\"target\":{\"@type\":\"EntryPoint\",\"urlTemplate\":\"https:\/\/andersadlercreutz.fi\/blog\/?s={search_term_string}\"},\"query-input\":\"required name=search_term_string\"}],\"inLanguage\":\"sv-SE\"},{\"@type\":\"Person\",\"@id\":\"https:\/\/andersadlercreutz.fi\/blog\/#\/schema\/person\/47d4b72eded862b484f74bb4b3a2354f\",\"name\":\"Anders\",\"image\":{\"@type\":\"ImageObject\",\"inLanguage\":\"sv-SE\",\"@id\":\"https:\/\/andersadlercreutz.fi\/blog\/#\/schema\/person\/image\/\",\"url\":\"https:\/\/secure.gravatar.com\/avatar\/a144c9bda7a581ff6fabba169027e620?s=96&d=mm&r=g\",\"contentUrl\":\"https:\/\/secure.gravatar.com\/avatar\/a144c9bda7a581ff6fabba169027e620?s=96&d=mm&r=g\",\"caption\":\"Anders\"},\"url\":\"https:\/\/andersadlercreutz.fi\/blog\/author\/admin\/\"}]}<\/script>\n<!-- \/ Yoast SEO plugin. -->","yoast_head_json":{"title":"Kouluissa on 20 vuoden kuluttua l\u00e4hes 100 000 lasta v\u00e4hemm\u00e4n - Anders Adlercreutz","robots":{"index":"index","follow":"follow","max-snippet":"max-snippet:-1","max-image-preview":"max-image-preview:large","max-video-preview":"max-video-preview:-1"},"canonical":"https:\/\/andersadlercreutz.fi\/blog\/1koulutus\/kouluissa-on-20-vuoden-kuluttua-lahes-100-000-lasta-vahemman\/","og_locale":"sv_SE","og_type":"article","og_title":"Kouluissa on 20 vuoden kuluttua l\u00e4hes 100 000 lasta v\u00e4hemm\u00e4n - Anders Adlercreutz","og_description":"Suomi kohtaa suuria haasteita v\u00e4est\u00f6rakenteen muuttuessa. T\u00e4m\u00e4 k\u00e4vi selv\u00e4ksi, kun RKP:n puheenjohtaja ja opetusministeri Anders Adlercreutz vastaanotti 12. maaliskuuta ensimm\u00e4isen kattavan raportin v\u00e4est\u00f6kehityksest\u00e4 ja sen vaikutuksista perusopetukseen. Vuosien 2023 ja 2040 v\u00e4lill\u00e4 peruskouluik\u00e4isten lasten m\u00e4\u00e4r\u00e4n arvioidaan v\u00e4henev\u00e4n l\u00e4hes 100 000 lapsella. Kehitys merkitsee kunnille suurta haastetta, sill\u00e4 niiden on tarkasteltava, miten perusopetus tulevaisuudessa j\u00e4rjestet\u00e4\u00e4n. \u2013 [&hellip;]","og_url":"https:\/\/andersadlercreutz.fi\/blog\/1koulutus\/kouluissa-on-20-vuoden-kuluttua-lahes-100-000-lasta-vahemman\/?lang=fi","og_site_name":"Anders Adlercreutz","article_published_time":"2026-03-12T13:17:36+00:00","og_image":[{"width":1030,"height":708,"url":"https:\/\/andersadlercreutz.fi\/blog\/wp-content\/uploads\/2025\/08\/781A1400-1030x708.jpg","type":"image\/jpeg"}],"author":"Anders","twitter_card":"summary_large_image","twitter_misc":{"Skriven av":"Anders","Ber\u00e4knad l\u00e4stid":"2 minuter"},"schema":{"@context":"https:\/\/schema.org","@graph":[{"@type":"WebPage","@id":"https:\/\/andersadlercreutz.fi\/blog\/1koulutus\/kouluissa-on-20-vuoden-kuluttua-lahes-100-000-lasta-vahemman\/?lang=fi","url":"https:\/\/andersadlercreutz.fi\/blog\/1koulutus\/kouluissa-on-20-vuoden-kuluttua-lahes-100-000-lasta-vahemman\/?lang=fi","name":"Kouluissa on 20 vuoden kuluttua l\u00e4hes 100 000 lasta v\u00e4hemm\u00e4n - Anders Adlercreutz","isPartOf":{"@id":"https:\/\/andersadlercreutz.fi\/blog\/#website"},"datePublished":"2026-03-12T13:17:36+00:00","dateModified":"2026-03-12T13:17:36+00:00","author":{"@id":"https:\/\/andersadlercreutz.fi\/blog\/#\/schema\/person\/47d4b72eded862b484f74bb4b3a2354f"},"breadcrumb":{"@id":"https:\/\/andersadlercreutz.fi\/blog\/1koulutus\/kouluissa-on-20-vuoden-kuluttua-lahes-100-000-lasta-vahemman\/?lang=fi#breadcrumb"},"inLanguage":"sv-SE","potentialAction":[{"@type":"ReadAction","target":["https:\/\/andersadlercreutz.fi\/blog\/1koulutus\/kouluissa-on-20-vuoden-kuluttua-lahes-100-000-lasta-vahemman\/?lang=fi"]}]},{"@type":"BreadcrumbList","@id":"https:\/\/andersadlercreutz.fi\/blog\/1koulutus\/kouluissa-on-20-vuoden-kuluttua-lahes-100-000-lasta-vahemman\/?lang=fi#breadcrumb","itemListElement":[{"@type":"ListItem","position":1,"name":"Home","item":"https:\/\/andersadlercreutz.fi\/blog\/blogg\/?lang=sv"},{"@type":"ListItem","position":2,"name":"Kouluissa on 20 vuoden kuluttua l\u00e4hes 100 000 lasta v\u00e4hemm\u00e4n"}]},{"@type":"WebSite","@id":"https:\/\/andersadlercreutz.fi\/blog\/#website","url":"https:\/\/andersadlercreutz.fi\/blog\/","name":"Anders Adlercreutz","description":"Du. Jag. Vi. Kest&auml;v&auml;sti optimisti","potentialAction":[{"@type":"SearchAction","target":{"@type":"EntryPoint","urlTemplate":"https:\/\/andersadlercreutz.fi\/blog\/?s={search_term_string}"},"query-input":"required name=search_term_string"}],"inLanguage":"sv-SE"},{"@type":"Person","@id":"https:\/\/andersadlercreutz.fi\/blog\/#\/schema\/person\/47d4b72eded862b484f74bb4b3a2354f","name":"Anders","image":{"@type":"ImageObject","inLanguage":"sv-SE","@id":"https:\/\/andersadlercreutz.fi\/blog\/#\/schema\/person\/image\/","url":"https:\/\/secure.gravatar.com\/avatar\/a144c9bda7a581ff6fabba169027e620?s=96&d=mm&r=g","contentUrl":"https:\/\/secure.gravatar.com\/avatar\/a144c9bda7a581ff6fabba169027e620?s=96&d=mm&r=g","caption":"Anders"},"url":"https:\/\/andersadlercreutz.fi\/blog\/author\/admin\/"}]}},"jetpack_featured_media_url":"https:\/\/i0.wp.com\/andersadlercreutz.fi\/blog\/wp-content\/uploads\/2025\/08\/781A1400-scaled.jpg?fit=2560%2C1759&ssl=1","jetpack_shortlink":"https:\/\/wp.me\/p4T6Dh-2UH","jetpack_sharing_enabled":true,"_links":{"self":[{"href":"https:\/\/andersadlercreutz.fi\/blog\/wp-json\/wp\/v2\/posts\/11203"}],"collection":[{"href":"https:\/\/andersadlercreutz.fi\/blog\/wp-json\/wp\/v2\/posts"}],"about":[{"href":"https:\/\/andersadlercreutz.fi\/blog\/wp-json\/wp\/v2\/types\/post"}],"author":[{"embeddable":true,"href":"https:\/\/andersadlercreutz.fi\/blog\/wp-json\/wp\/v2\/users\/1"}],"replies":[{"embeddable":true,"href":"https:\/\/andersadlercreutz.fi\/blog\/wp-json\/wp\/v2\/comments?post=11203"}],"version-history":[{"count":2,"href":"https:\/\/andersadlercreutz.fi\/blog\/wp-json\/wp\/v2\/posts\/11203\/revisions"}],"predecessor-version":[{"id":11205,"href":"https:\/\/andersadlercreutz.fi\/blog\/wp-json\/wp\/v2\/posts\/11203\/revisions\/11205"}],"wp:featuredmedia":[{"embeddable":true,"href":"https:\/\/andersadlercreutz.fi\/blog\/wp-json\/wp\/v2\/media\/10721"}],"wp:attachment":[{"href":"https:\/\/andersadlercreutz.fi\/blog\/wp-json\/wp\/v2\/media?parent=11203"}],"wp:term":[{"taxonomy":"category","embeddable":true,"href":"https:\/\/andersadlercreutz.fi\/blog\/wp-json\/wp\/v2\/categories?post=11203"},{"taxonomy":"post_tag","embeddable":true,"href":"https:\/\/andersadlercreutz.fi\/blog\/wp-json\/wp\/v2\/tags?post=11203"}],"curies":[{"name":"wp","href":"https:\/\/api.w.org\/{rel}","templated":true}]}}