{"id":11210,"date":"2026-03-13T10:45:38","date_gmt":"2026-03-13T08:45:38","guid":{"rendered":"https:\/\/andersadlercreutz.fi\/blog\/?p=11210"},"modified":"2026-03-13T10:45:38","modified_gmt":"2026-03-13T08:45:38","slug":"uskonnon-merkitys-maailmamme-ymmartamisessa-kasvaa-jatkuvasti-uskonnonopetuk","status":"publish","type":"post","link":"https:\/\/andersadlercreutz.fi\/blog\/1koulutus\/uskonnon-merkitys-maailmamme-ymmartamisessa-kasvaa-jatkuvasti-uskonnonopetuk\/?lang=fi","title":{"rendered":"Us\u00adkon\u00adnon mer\u00adki\u00adtys maail\u00admam\u00adme ym\u00adm\u00e4r\u00adt\u00e4\u00admi\u00adses\u00ads\u00e4 kasvaa jat\u00adku\u00advas\u00adti \u2013 us\u00adkon\u00adnon\u00adope\u00adtuk\u00adsen uu\u00addis\u00adtus ei v\u00e4\u00adh\u00e4t\u00adte\u00adle kris\u00adtil\u00adlis\u00adt\u00e4 his\u00adto\u00adriaa"},"content":{"rendered":"<p class=\"article__opinion-first-paragraph\" data-article-paragraph-index=\"1\"><span class=\"article__opinion-first-paragraph-wrap\">Opetusministerin\u00e4 olen lukemattomista asiantuntijoiden kanssa k\u00e4ydyist\u00e4 keskusteluista saanut monia syit\u00e4 pohtia, miten koulu voi, mit\u00e4 meid\u00e4n tulisi painottaa ja miten oppimista tulisi kehitt\u00e4\u00e4. Yksi n\u00e4ist\u00e4 on uskonnonopetus.<\/span><\/p>\n<p class=\"article__opinion-paragraph\" data-article-paragraph-index=\"2\">Ilmoitin jokin aika sitten, ett\u00e4 ministeri\u00f6ni k\u00e4ynnist\u00e4\u00e4 selvityksen sen arvioimiseksi, voisimmeko luoda uuden, kaikille yhteisen uskonnonopetuksen ja el\u00e4m\u00e4nkatsomustiedon yhdist\u00e4v\u00e4n oppiaineen. T\u00e4m\u00e4 her\u00e4tt\u00e4\u00e4 luonnollisesti erilaisia reaktioita, ja ymm\u00e4rr\u00e4n sen hyvin. Siksi asiaa on v\u00e4ltt\u00e4m\u00e4t\u00f6nt\u00e4 k\u00e4sitell\u00e4 harkiten ja vuoropuhelussa eri uskonnollisten yhteis\u00f6jen kanssa. Selvitysty\u00f6n tuloksena tavoitteena on kehitt\u00e4\u00e4 malli, jota voidaan sen j\u00e4lkeen arvioida ja k\u00e4sitell\u00e4 avoimesti.<\/p>\n<p class=\"article__opinion-paragraph\" data-article-paragraph-index=\"3\"><span class=\"type--start\">Maamme\u00a0<\/span>historia, kansamme historia ja kulttuurinen identiteettimme ovat vahvasti kristillisen uskon ja kirkon historian muovaamia. T\u00e4m\u00e4 on t\u00e4rke\u00e4\u00e4 tuntea ja tunnistaa. Oma usko on sen sijaan asia, johon jokaisen on itse otettava kantaa. Koulun teht\u00e4v\u00e4n\u00e4 on puolestaan antaa edellytykset syv\u00e4lliselle ymm\u00e4rrykselle historiastamme sek\u00e4 tarjota v\u00e4lineit\u00e4 kohdata maailma oman kodin, l\u00e4hipiirin ja maan ulkopuolella.<\/p>\n<p class=\"article__opinion-paragraph\" data-article-paragraph-index=\"4\">Perusopetuksessa meill\u00e4 on nykyisin eriytetty uskonnonopetus, jossa oppilaat saavat opetusta sen mukaan, mihin uskonnolliseen yhdyskuntaan perhe kuuluu.<\/p>\n<div class=\"article__opinion-citation-wrapper\">\n<div class=\"article__opinion-citation\">\n<blockquote>\n<div class=\"article__opinion-citation-text article__opinion-citation-row\">&#8221;Selvitysty\u00f6n tuloksena tavoitteena on kehitt\u00e4\u00e4 malli, jota voidaan sen j\u00e4lkeen arvioida ja k\u00e4sitell\u00e4 avoimesti.&#8221;<\/div>\n<\/blockquote>\n<\/div>\n<\/div>\n<p class=\"article__opinion-paragraph\" data-article-paragraph-index=\"5\">Evankelis-luterilaisen kirkon j\u00e4senet opiskelevat evankelis-luterilaista uskontoa, kirkkoon kuulumattomilla on mahdollisuus valita el\u00e4m\u00e4nkatsomustieto, ja jos kunnassa kolme tai useampi oppilas kuuluu muuhun uskonnolliseen yhdyskuntaan, heill\u00e4 on oikeus oman uskontonsa opetukseen. Usein t\u00e4m\u00e4 toimii hyvin, mutta n\u00e4emme my\u00f6s yh\u00e4 useammin tilanteita, joissa lukuj\u00e4rjestyksen toimivuuden vuoksi joudutaan muodostamaan kokonaisia luokkia uskonnollisen taustan perusteella. Joissakin kouluissa esimerkiksi muslimioppilaat sijoitetaan omiin luokkiin, jotta heid\u00e4n uskonnonopetuksensa saadaan sovitettua lukuj\u00e4rjestykseen. Usein opetusta annetaan koulun ulkopuolella, ja usein opettajalla ei ole muodollista p\u00e4tevyytt\u00e4. T\u00e4llaisen kehityksen ongelmat ovat ilmeisi\u00e4.<\/p>\n<p class=\"article__opinion-paragraph\" data-article-paragraph-index=\"6\">Kaikille yhteisen uuden oppiaineen luominen ei tarkoita mill\u00e4\u00e4n tavoin kristillisen historiamme tai kulttuurisen perint\u00f6mme v\u00e4h\u00e4ttely\u00e4, vaan pikemminkin sen selkeytt\u00e4mist\u00e4. Kaikkien suomalaisen koulun oppilaiden on t\u00e4rke\u00e4\u00e4 tiet\u00e4\u00e4, miksi viet\u00e4mme pitk\u00e4perjantaita vapaap\u00e4iv\u00e4n\u00e4, miksi koulun joulujuhla on t\u00e4ysin luonteva osa koulukulttuuria ja miten esimerkiksi vuorisaarna on vaikuttanut k\u00e4sitykseemme oikeasta ja v\u00e4\u00e4r\u00e4st\u00e4 \u2013 sek\u00e4 miten kaikki t\u00e4m\u00e4 on muokannut maamme ja kulttuurimme kehityst\u00e4.<\/p>\n<p class=\"article__opinion-paragraph\" data-article-paragraph-index=\"7\"><span class=\"type--start\">L\u00e4hes<\/span>\u00a0vuosittain toistuu keskustelu siit\u00e4, voidaanko kev\u00e4tjuhlassa laulaa Suvivirsi tai joulujuhlissa Enkeli taivaan, tai voidaanko ylip\u00e4\u00e4t\u00e4\u00e4n j\u00e4rjest\u00e4\u00e4 joulujuhla. Vastaus on selv\u00e4: totta kai voidaan. Meid\u00e4n tulee ilman muuta vaalia niit\u00e4 perinteit\u00e4, joiden varaan maamme on rakentunut. N\u00e4in voidaan tehd\u00e4 tunnistamalla n\u00e4iden elementtien olevan osa kulttuurihistoriaamme. Yhteinen oppiaine helpottaisi my\u00f6s t\u00e4m\u00e4n ymm\u00e4rt\u00e4mist\u00e4, yhteisesti.<\/p>\n<blockquote>\n<p class=\"article__opinion-paragraph\" data-article-paragraph-index=\"8\">Toivon, ett\u00e4 keskustelua t\u00e4st\u00e4 kysymyksest\u00e4 k\u00e4yd\u00e4\u00e4n kunnioittavassa hengess\u00e4. Monille v\u00e4hemmist\u00f6uskonnoille oman uskonnon opetus on eritt\u00e4in t\u00e4rke\u00e4\u00e4, ja ymm\u00e4rr\u00e4n sen hyvin. Samalla meill\u00e4 on vastuu siit\u00e4, ett\u00e4 kaikille annetaan samat valmiudet ymm\u00e4rt\u00e4\u00e4 itse\u00e4\u00e4n ja muita, yhteiskuntaamme ja maailmaa.<\/p>\n<\/blockquote>\n<p class=\"article__opinion-paragraph\" data-article-paragraph-index=\"9\">Turun piispa Mari Lepp\u00e4nen avasi omasta puolestaan keskustelun tammikuussa Helsingin Sanomissa, jossa h\u00e4n antoi tukensa uudistukseen ja totesi, ett\u00e4 \u201cKoulu on yhteiskunnan keskeisin sivistysinstituutio. Sen teht\u00e4v\u00e4 on antaa kaikille lapsille ja nuorille valmiudet ymm\u00e4rt\u00e4\u00e4 maailmaa, jossa uskonnolla ja katsomuksilla on edelleen suuri merkitys.\u201d Olen samaa mielt\u00e4.<\/p>\n","protected":false},"excerpt":{"rendered":"<p>Opetusministerin\u00e4 olen lukemattomista asiantuntijoiden kanssa k\u00e4ydyist\u00e4 keskusteluista saanut monia syit\u00e4 pohtia, miten koulu voi, mit\u00e4 meid\u00e4n tulisi painottaa ja miten oppimista tulisi kehitt\u00e4\u00e4. Yksi n\u00e4ist\u00e4 on uskonnonopetus. Ilmoitin jokin aika sitten, ett\u00e4 ministeri\u00f6ni k\u00e4ynnist\u00e4\u00e4 selvityksen sen arvioimiseksi, voisimmeko luoda uuden, kaikille yhteisen uskonnonopetuksen ja el\u00e4m\u00e4nkatsomustiedon yhdist\u00e4v\u00e4n oppiaineen. T\u00e4m\u00e4 her\u00e4tt\u00e4\u00e4 luonnollisesti erilaisia reaktioita, ja ymm\u00e4rr\u00e4n sen [&hellip;]<\/p>\n","protected":false},"author":1,"featured_media":10697,"comment_status":"open","ping_status":"open","sticky":false,"template":"","format":"standard","meta":{"jetpack_post_was_ever_published":false,"_jetpack_newsletter_access":"","jetpack_publicize_message":"","jetpack_is_tweetstorm":false,"jetpack_publicize_feature_enabled":true,"jetpack_social_post_already_shared":true,"jetpack_social_options":{"image_generator_settings":{"template":"highway","enabled":false}}},"categories":[21,18,113,87],"tags":[],"jetpack_publicize_connections":[],"yoast_head":"<!-- This site is optimized with the Yoast SEO plugin v20.12 - https:\/\/yoast.com\/wordpress\/plugins\/seo\/ -->\n<title>Us\u00adkon\u00adnon mer\u00adki\u00adtys maail\u00admam\u00adme ym\u00adm\u00e4r\u00adt\u00e4\u00admi\u00adses\u00ads\u00e4 kasvaa jat\u00adku\u00advas\u00adti \u2013 us\u00adkon\u00adnon\u00adope\u00adtuk\u00adsen uu\u00addis\u00adtus ei v\u00e4\u00adh\u00e4t\u00adte\u00adle kris\u00adtil\u00adlis\u00adt\u00e4 his\u00adto\u00adriaa - Anders Adlercreutz<\/title>\n<meta name=\"robots\" content=\"index, follow, max-snippet:-1, max-image-preview:large, max-video-preview:-1\" \/>\n<link rel=\"canonical\" href=\"https:\/\/andersadlercreutz.fi\/blog\/1koulutus\/uskonnon-merkitys-maailmamme-ymmartamisessa-kasvaa-jatkuvasti-uskonnonopetuk\/\" \/>\n<meta property=\"og:locale\" content=\"sv_SE\" \/>\n<meta property=\"og:type\" content=\"article\" \/>\n<meta property=\"og:title\" content=\"Us\u00adkon\u00adnon mer\u00adki\u00adtys maail\u00admam\u00adme ym\u00adm\u00e4r\u00adt\u00e4\u00admi\u00adses\u00ads\u00e4 kasvaa jat\u00adku\u00advas\u00adti \u2013 us\u00adkon\u00adnon\u00adope\u00adtuk\u00adsen uu\u00addis\u00adtus ei v\u00e4\u00adh\u00e4t\u00adte\u00adle kris\u00adtil\u00adlis\u00adt\u00e4 his\u00adto\u00adriaa - Anders Adlercreutz\" \/>\n<meta property=\"og:description\" content=\"Opetusministerin\u00e4 olen lukemattomista asiantuntijoiden kanssa k\u00e4ydyist\u00e4 keskusteluista saanut monia syit\u00e4 pohtia, miten koulu voi, mit\u00e4 meid\u00e4n tulisi painottaa ja miten oppimista tulisi kehitt\u00e4\u00e4. Yksi n\u00e4ist\u00e4 on uskonnonopetus. Ilmoitin jokin aika sitten, ett\u00e4 ministeri\u00f6ni k\u00e4ynnist\u00e4\u00e4 selvityksen sen arvioimiseksi, voisimmeko luoda uuden, kaikille yhteisen uskonnonopetuksen ja el\u00e4m\u00e4nkatsomustiedon yhdist\u00e4v\u00e4n oppiaineen. T\u00e4m\u00e4 her\u00e4tt\u00e4\u00e4 luonnollisesti erilaisia reaktioita, ja ymm\u00e4rr\u00e4n sen [&hellip;]\" \/>\n<meta property=\"og:url\" content=\"https:\/\/andersadlercreutz.fi\/blog\/1koulutus\/uskonnon-merkitys-maailmamme-ymmartamisessa-kasvaa-jatkuvasti-uskonnonopetuk\/?lang=fi\" \/>\n<meta property=\"og:site_name\" content=\"Anders Adlercreutz\" \/>\n<meta property=\"article:published_time\" content=\"2026-03-13T08:45:38+00:00\" \/>\n<meta property=\"og:image\" content=\"https:\/\/andersadlercreutz.fi\/blog\/wp-content\/uploads\/2025\/08\/781A1046-copy-scaled.jpg\" \/>\n\t<meta property=\"og:image:width\" content=\"2560\" \/>\n\t<meta property=\"og:image:height\" content=\"1707\" \/>\n\t<meta property=\"og:image:type\" content=\"image\/jpeg\" \/>\n<meta name=\"author\" content=\"Anders\" \/>\n<meta name=\"twitter:card\" content=\"summary_large_image\" \/>\n<meta name=\"twitter:label1\" content=\"Skriven av\" \/>\n\t<meta name=\"twitter:data1\" content=\"Anders\" \/>\n\t<meta name=\"twitter:label2\" content=\"Ber\u00e4knad l\u00e4stid\" \/>\n\t<meta name=\"twitter:data2\" content=\"2 minuter\" \/>\n<script type=\"application\/ld+json\" class=\"yoast-schema-graph\">{\"@context\":\"https:\/\/schema.org\",\"@graph\":[{\"@type\":\"WebPage\",\"@id\":\"https:\/\/andersadlercreutz.fi\/blog\/1koulutus\/uskonnon-merkitys-maailmamme-ymmartamisessa-kasvaa-jatkuvasti-uskonnonopetuk\/?lang=fi\",\"url\":\"https:\/\/andersadlercreutz.fi\/blog\/1koulutus\/uskonnon-merkitys-maailmamme-ymmartamisessa-kasvaa-jatkuvasti-uskonnonopetuk\/?lang=fi\",\"name\":\"Us\u00adkon\u00adnon mer\u00adki\u00adtys maail\u00admam\u00adme ym\u00adm\u00e4r\u00adt\u00e4\u00admi\u00adses\u00ads\u00e4 kasvaa jat\u00adku\u00advas\u00adti \u2013 us\u00adkon\u00adnon\u00adope\u00adtuk\u00adsen uu\u00addis\u00adtus ei v\u00e4\u00adh\u00e4t\u00adte\u00adle kris\u00adtil\u00adlis\u00adt\u00e4 his\u00adto\u00adriaa - Anders Adlercreutz\",\"isPartOf\":{\"@id\":\"https:\/\/andersadlercreutz.fi\/blog\/#website\"},\"datePublished\":\"2026-03-13T08:45:38+00:00\",\"dateModified\":\"2026-03-13T08:45:38+00:00\",\"author\":{\"@id\":\"https:\/\/andersadlercreutz.fi\/blog\/#\/schema\/person\/47d4b72eded862b484f74bb4b3a2354f\"},\"breadcrumb\":{\"@id\":\"https:\/\/andersadlercreutz.fi\/blog\/1koulutus\/uskonnon-merkitys-maailmamme-ymmartamisessa-kasvaa-jatkuvasti-uskonnonopetuk\/?lang=fi#breadcrumb\"},\"inLanguage\":\"sv-SE\",\"potentialAction\":[{\"@type\":\"ReadAction\",\"target\":[\"https:\/\/andersadlercreutz.fi\/blog\/1koulutus\/uskonnon-merkitys-maailmamme-ymmartamisessa-kasvaa-jatkuvasti-uskonnonopetuk\/?lang=fi\"]}]},{\"@type\":\"BreadcrumbList\",\"@id\":\"https:\/\/andersadlercreutz.fi\/blog\/1koulutus\/uskonnon-merkitys-maailmamme-ymmartamisessa-kasvaa-jatkuvasti-uskonnonopetuk\/?lang=fi#breadcrumb\",\"itemListElement\":[{\"@type\":\"ListItem\",\"position\":1,\"name\":\"Home\",\"item\":\"https:\/\/andersadlercreutz.fi\/blog\/blogg\/?lang=sv\"},{\"@type\":\"ListItem\",\"position\":2,\"name\":\"Us\u00adkon\u00adnon mer\u00adki\u00adtys maail\u00admam\u00adme ym\u00adm\u00e4r\u00adt\u00e4\u00admi\u00adses\u00ads\u00e4 kasvaa jat\u00adku\u00advas\u00adti \u2013 us\u00adkon\u00adnon\u00adope\u00adtuk\u00adsen uu\u00addis\u00adtus ei v\u00e4\u00adh\u00e4t\u00adte\u00adle kris\u00adtil\u00adlis\u00adt\u00e4 his\u00adto\u00adriaa\"}]},{\"@type\":\"WebSite\",\"@id\":\"https:\/\/andersadlercreutz.fi\/blog\/#website\",\"url\":\"https:\/\/andersadlercreutz.fi\/blog\/\",\"name\":\"Anders Adlercreutz\",\"description\":\"Du. Jag. Vi. Kest&auml;v&auml;sti optimisti\",\"potentialAction\":[{\"@type\":\"SearchAction\",\"target\":{\"@type\":\"EntryPoint\",\"urlTemplate\":\"https:\/\/andersadlercreutz.fi\/blog\/?s={search_term_string}\"},\"query-input\":\"required name=search_term_string\"}],\"inLanguage\":\"sv-SE\"},{\"@type\":\"Person\",\"@id\":\"https:\/\/andersadlercreutz.fi\/blog\/#\/schema\/person\/47d4b72eded862b484f74bb4b3a2354f\",\"name\":\"Anders\",\"image\":{\"@type\":\"ImageObject\",\"inLanguage\":\"sv-SE\",\"@id\":\"https:\/\/andersadlercreutz.fi\/blog\/#\/schema\/person\/image\/\",\"url\":\"https:\/\/secure.gravatar.com\/avatar\/a144c9bda7a581ff6fabba169027e620?s=96&d=mm&r=g\",\"contentUrl\":\"https:\/\/secure.gravatar.com\/avatar\/a144c9bda7a581ff6fabba169027e620?s=96&d=mm&r=g\",\"caption\":\"Anders\"},\"url\":\"https:\/\/andersadlercreutz.fi\/blog\/author\/admin\/\"}]}<\/script>\n<!-- \/ Yoast SEO plugin. -->","yoast_head_json":{"title":"Us\u00adkon\u00adnon mer\u00adki\u00adtys maail\u00admam\u00adme ym\u00adm\u00e4r\u00adt\u00e4\u00admi\u00adses\u00ads\u00e4 kasvaa jat\u00adku\u00advas\u00adti \u2013 us\u00adkon\u00adnon\u00adope\u00adtuk\u00adsen uu\u00addis\u00adtus ei v\u00e4\u00adh\u00e4t\u00adte\u00adle kris\u00adtil\u00adlis\u00adt\u00e4 his\u00adto\u00adriaa - Anders Adlercreutz","robots":{"index":"index","follow":"follow","max-snippet":"max-snippet:-1","max-image-preview":"max-image-preview:large","max-video-preview":"max-video-preview:-1"},"canonical":"https:\/\/andersadlercreutz.fi\/blog\/1koulutus\/uskonnon-merkitys-maailmamme-ymmartamisessa-kasvaa-jatkuvasti-uskonnonopetuk\/","og_locale":"sv_SE","og_type":"article","og_title":"Us\u00adkon\u00adnon mer\u00adki\u00adtys maail\u00admam\u00adme ym\u00adm\u00e4r\u00adt\u00e4\u00admi\u00adses\u00ads\u00e4 kasvaa jat\u00adku\u00advas\u00adti \u2013 us\u00adkon\u00adnon\u00adope\u00adtuk\u00adsen uu\u00addis\u00adtus ei v\u00e4\u00adh\u00e4t\u00adte\u00adle kris\u00adtil\u00adlis\u00adt\u00e4 his\u00adto\u00adriaa - Anders Adlercreutz","og_description":"Opetusministerin\u00e4 olen lukemattomista asiantuntijoiden kanssa k\u00e4ydyist\u00e4 keskusteluista saanut monia syit\u00e4 pohtia, miten koulu voi, mit\u00e4 meid\u00e4n tulisi painottaa ja miten oppimista tulisi kehitt\u00e4\u00e4. Yksi n\u00e4ist\u00e4 on uskonnonopetus. Ilmoitin jokin aika sitten, ett\u00e4 ministeri\u00f6ni k\u00e4ynnist\u00e4\u00e4 selvityksen sen arvioimiseksi, voisimmeko luoda uuden, kaikille yhteisen uskonnonopetuksen ja el\u00e4m\u00e4nkatsomustiedon yhdist\u00e4v\u00e4n oppiaineen. T\u00e4m\u00e4 her\u00e4tt\u00e4\u00e4 luonnollisesti erilaisia reaktioita, ja ymm\u00e4rr\u00e4n sen [&hellip;]","og_url":"https:\/\/andersadlercreutz.fi\/blog\/1koulutus\/uskonnon-merkitys-maailmamme-ymmartamisessa-kasvaa-jatkuvasti-uskonnonopetuk\/?lang=fi","og_site_name":"Anders Adlercreutz","article_published_time":"2026-03-13T08:45:38+00:00","og_image":[{"width":2560,"height":1707,"url":"https:\/\/andersadlercreutz.fi\/blog\/wp-content\/uploads\/2025\/08\/781A1046-copy-scaled.jpg","type":"image\/jpeg"}],"author":"Anders","twitter_card":"summary_large_image","twitter_misc":{"Skriven av":"Anders","Ber\u00e4knad l\u00e4stid":"2 minuter"},"schema":{"@context":"https:\/\/schema.org","@graph":[{"@type":"WebPage","@id":"https:\/\/andersadlercreutz.fi\/blog\/1koulutus\/uskonnon-merkitys-maailmamme-ymmartamisessa-kasvaa-jatkuvasti-uskonnonopetuk\/?lang=fi","url":"https:\/\/andersadlercreutz.fi\/blog\/1koulutus\/uskonnon-merkitys-maailmamme-ymmartamisessa-kasvaa-jatkuvasti-uskonnonopetuk\/?lang=fi","name":"Us\u00adkon\u00adnon mer\u00adki\u00adtys maail\u00admam\u00adme ym\u00adm\u00e4r\u00adt\u00e4\u00admi\u00adses\u00ads\u00e4 kasvaa jat\u00adku\u00advas\u00adti \u2013 us\u00adkon\u00adnon\u00adope\u00adtuk\u00adsen uu\u00addis\u00adtus ei v\u00e4\u00adh\u00e4t\u00adte\u00adle kris\u00adtil\u00adlis\u00adt\u00e4 his\u00adto\u00adriaa - Anders Adlercreutz","isPartOf":{"@id":"https:\/\/andersadlercreutz.fi\/blog\/#website"},"datePublished":"2026-03-13T08:45:38+00:00","dateModified":"2026-03-13T08:45:38+00:00","author":{"@id":"https:\/\/andersadlercreutz.fi\/blog\/#\/schema\/person\/47d4b72eded862b484f74bb4b3a2354f"},"breadcrumb":{"@id":"https:\/\/andersadlercreutz.fi\/blog\/1koulutus\/uskonnon-merkitys-maailmamme-ymmartamisessa-kasvaa-jatkuvasti-uskonnonopetuk\/?lang=fi#breadcrumb"},"inLanguage":"sv-SE","potentialAction":[{"@type":"ReadAction","target":["https:\/\/andersadlercreutz.fi\/blog\/1koulutus\/uskonnon-merkitys-maailmamme-ymmartamisessa-kasvaa-jatkuvasti-uskonnonopetuk\/?lang=fi"]}]},{"@type":"BreadcrumbList","@id":"https:\/\/andersadlercreutz.fi\/blog\/1koulutus\/uskonnon-merkitys-maailmamme-ymmartamisessa-kasvaa-jatkuvasti-uskonnonopetuk\/?lang=fi#breadcrumb","itemListElement":[{"@type":"ListItem","position":1,"name":"Home","item":"https:\/\/andersadlercreutz.fi\/blog\/blogg\/?lang=sv"},{"@type":"ListItem","position":2,"name":"Us\u00adkon\u00adnon mer\u00adki\u00adtys maail\u00admam\u00adme ym\u00adm\u00e4r\u00adt\u00e4\u00admi\u00adses\u00ads\u00e4 kasvaa jat\u00adku\u00advas\u00adti \u2013 us\u00adkon\u00adnon\u00adope\u00adtuk\u00adsen uu\u00addis\u00adtus ei v\u00e4\u00adh\u00e4t\u00adte\u00adle kris\u00adtil\u00adlis\u00adt\u00e4 his\u00adto\u00adriaa"}]},{"@type":"WebSite","@id":"https:\/\/andersadlercreutz.fi\/blog\/#website","url":"https:\/\/andersadlercreutz.fi\/blog\/","name":"Anders Adlercreutz","description":"Du. Jag. Vi. Kest&auml;v&auml;sti optimisti","potentialAction":[{"@type":"SearchAction","target":{"@type":"EntryPoint","urlTemplate":"https:\/\/andersadlercreutz.fi\/blog\/?s={search_term_string}"},"query-input":"required name=search_term_string"}],"inLanguage":"sv-SE"},{"@type":"Person","@id":"https:\/\/andersadlercreutz.fi\/blog\/#\/schema\/person\/47d4b72eded862b484f74bb4b3a2354f","name":"Anders","image":{"@type":"ImageObject","inLanguage":"sv-SE","@id":"https:\/\/andersadlercreutz.fi\/blog\/#\/schema\/person\/image\/","url":"https:\/\/secure.gravatar.com\/avatar\/a144c9bda7a581ff6fabba169027e620?s=96&d=mm&r=g","contentUrl":"https:\/\/secure.gravatar.com\/avatar\/a144c9bda7a581ff6fabba169027e620?s=96&d=mm&r=g","caption":"Anders"},"url":"https:\/\/andersadlercreutz.fi\/blog\/author\/admin\/"}]}},"jetpack_featured_media_url":"https:\/\/i0.wp.com\/andersadlercreutz.fi\/blog\/wp-content\/uploads\/2025\/08\/781A1046-copy-scaled.jpg?fit=2560%2C1707&ssl=1","jetpack_shortlink":"https:\/\/wp.me\/p4T6Dh-2UO","jetpack_sharing_enabled":true,"_links":{"self":[{"href":"https:\/\/andersadlercreutz.fi\/blog\/wp-json\/wp\/v2\/posts\/11210"}],"collection":[{"href":"https:\/\/andersadlercreutz.fi\/blog\/wp-json\/wp\/v2\/posts"}],"about":[{"href":"https:\/\/andersadlercreutz.fi\/blog\/wp-json\/wp\/v2\/types\/post"}],"author":[{"embeddable":true,"href":"https:\/\/andersadlercreutz.fi\/blog\/wp-json\/wp\/v2\/users\/1"}],"replies":[{"embeddable":true,"href":"https:\/\/andersadlercreutz.fi\/blog\/wp-json\/wp\/v2\/comments?post=11210"}],"version-history":[{"count":2,"href":"https:\/\/andersadlercreutz.fi\/blog\/wp-json\/wp\/v2\/posts\/11210\/revisions"}],"predecessor-version":[{"id":11212,"href":"https:\/\/andersadlercreutz.fi\/blog\/wp-json\/wp\/v2\/posts\/11210\/revisions\/11212"}],"wp:featuredmedia":[{"embeddable":true,"href":"https:\/\/andersadlercreutz.fi\/blog\/wp-json\/wp\/v2\/media\/10697"}],"wp:attachment":[{"href":"https:\/\/andersadlercreutz.fi\/blog\/wp-json\/wp\/v2\/media?parent=11210"}],"wp:term":[{"taxonomy":"category","embeddable":true,"href":"https:\/\/andersadlercreutz.fi\/blog\/wp-json\/wp\/v2\/categories?post=11210"},{"taxonomy":"post_tag","embeddable":true,"href":"https:\/\/andersadlercreutz.fi\/blog\/wp-json\/wp\/v2\/tags?post=11210"}],"curies":[{"name":"wp","href":"https:\/\/api.w.org\/{rel}","templated":true}]}}