{"id":11226,"date":"2026-03-19T15:10:10","date_gmt":"2026-03-19T13:10:10","guid":{"rendered":"https:\/\/andersadlercreutz.fi\/blog\/?p=11226"},"modified":"2026-03-19T15:31:29","modified_gmt":"2026-03-19T13:31:29","slug":"tasa-arvoinen-suomi-on-vahvempi-suomi","status":"publish","type":"post","link":"https:\/\/andersadlercreutz.fi\/blog\/blog\/tasa-arvoinen-suomi-on-vahvempi-suomi\/?lang=fi","title":{"rendered":"Tasa-arvoinen Suomi on vahvempi Suomi"},"content":{"rendered":"<p><span style=\"font-weight: 400;\">Tasa-arvoinen yhteiskunta on vahvempi yhteiskunta, painottaa RKP:n puheenjohtaja, opetusministeri Anders Adlercreutz Minna Canthin p\u00e4iv\u00e4n\u00e4.<\/span><\/p>\n<p><span style=\"font-weight: 400;\">Vaikka Suomi sijoittuu kansainv\u00e4lisiss\u00e4 vertailuissa suhteellisen hyvin tasa-arvoon liittyviss\u00e4 kysymyksiss\u00e4, ty\u00f6t\u00e4 on edelleen paljon j\u00e4ljell\u00e4. Miesten naisiin kohdistama v\u00e4kivalta on Suomessa tavallisempaa kuin miltei miss\u00e4\u00e4n muussa EU-maassa. Sen ehk\u00e4iseminen on RKP:lle keskeinen tavoite.<\/span><\/p>\n<p><span style=\"font-weight: 400;\">\u2013 Naiselle vaarallisin paikka on edelleen koti, eik\u00e4 n\u00e4in voi jatkua. Samalla n\u00e4emme huolestuttavaa kehityst\u00e4, jossa my\u00f6s nuoret tyt\u00f6t kokevat v\u00e4kivaltaa parisuhteissaan ja ovat erityisen alttiita h\u00e4irinn\u00e4lle, etenkin sosiaalisessa mediassa, Adlercreutz sanoo.<\/span><\/p>\n<p><span style=\"font-weight: 400;\">Suomen ty\u00f6markkinat ovat my\u00f6s voimakkaasti sukupuolittuneet verrattuna muuhun Eurooppaan. T\u00e4m\u00e4 n\u00e4kyy jo koulussa siin\u00e4, miten tyt\u00f6t ja pojat valitsevat eri koulutuspolkuja peruskoulun j\u00e4lkeen, tekev\u00e4t erilaisia valintoja ammatillisessa koulutuksessa sek\u00e4 ylioppilaskirjoitusten ainevalinnoissa. T\u00e4m\u00e4 vaikuttaa heid\u00e4n tuleviin opinto- ja urapolkuihinsa.<\/span><\/p>\n<p><span style=\"font-weight: 400;\">\u2013 Kenenk\u00e4\u00e4n ei pit\u00e4isi kokea, ett\u00e4 tietyt opinnot tai ammatit eiv\u00e4t ole mahdollisia oman sukupuolen takia. Muuten menet\u00e4mme osaamista ja potentiaalia. Koululla on t\u00e4ss\u00e4 keskeinen rooli: sen tulee avata ovia ja kannustaa oppilaita l\u00f6yt\u00e4m\u00e4\u00e4n omat kiinnostuksenkohteensa ja vahvuutensa. Viime vuonna julkaisimme koulutuksen yhdenvertaisuuden ja tasa-arvon kehitt\u00e4misohjelman, joka sis\u00e4lt\u00e4\u00e4 keskeisi\u00e4 toimenpiteit\u00e4 t\u00e4m\u00e4n edist\u00e4miseen, Adlercreutz sanoo.<\/span><\/p>\n<p><span style=\"font-weight: 400;\">My\u00f6s perhevapaiden jakautumisella on suora vaikutus tasa-arvoon sek\u00e4 ty\u00f6el\u00e4m\u00e4ss\u00e4 ett\u00e4 kotona. Siksi RKP on ollut mukana ajamassa uudistuksia, jotka helpottavat vastuun tasaisempaa jakamista ja antavat isille paremmat mahdollisuudet olla pidemp\u00e4\u00e4n kotona lastensa kanssa. Vuoden 2022 uudistuksen tulokset n\u00e4kyv\u00e4t jo: isien k\u00e4ytt\u00e4mien vanhempainrahap\u00e4ivien m\u00e4\u00e4r\u00e4 on l\u00e4hes kaksinkertaistunut.<\/span><\/p>\n<p><span style=\"font-weight: 400;\">\u2013 Tasaisempi perhevapaiden jakautuminen on t\u00e4rke\u00e4\u00e4, jotta voimme vahvistaa paitsi tasa-arvoa ty\u00f6markkinoilla, my\u00f6s perheiden hyvinvointia. Kaikki voittavat, Adlercreutz sanoo.<\/span><\/p>\n","protected":false},"excerpt":{"rendered":"<p>Tasa-arvoinen yhteiskunta on vahvempi yhteiskunta, painottaa RKP:n puheenjohtaja, opetusministeri Anders Adlercreutz Minna Canthin p\u00e4iv\u00e4n\u00e4. Vaikka Suomi sijoittuu kansainv\u00e4lisiss\u00e4 vertailuissa suhteellisen hyvin tasa-arvoon liittyviss\u00e4 kysymyksiss\u00e4, ty\u00f6t\u00e4 on edelleen paljon j\u00e4ljell\u00e4. Miesten naisiin kohdistama v\u00e4kivalta on Suomessa tavallisempaa kuin miltei miss\u00e4\u00e4n muussa EU-maassa. Sen ehk\u00e4iseminen on RKP:lle keskeinen tavoite. \u2013 Naiselle vaarallisin paikka on edelleen koti, eik\u00e4 [&hellip;]<\/p>\n","protected":false},"author":1,"featured_media":11223,"comment_status":"open","ping_status":"open","sticky":false,"template":"","format":"standard","meta":{"jetpack_post_was_ever_published":false,"_jetpack_newsletter_access":"","jetpack_publicize_message":"","jetpack_is_tweetstorm":false,"jetpack_publicize_feature_enabled":true,"jetpack_social_post_already_shared":true,"jetpack_social_options":{"image_generator_settings":{"template":"highway","enabled":false}}},"categories":[18,71,87,150],"tags":[],"jetpack_publicize_connections":[],"yoast_head":"<!-- This site is optimized with the Yoast SEO plugin v20.12 - https:\/\/yoast.com\/wordpress\/plugins\/seo\/ -->\n<title>Tasa-arvoinen Suomi on vahvempi Suomi - Anders Adlercreutz<\/title>\n<meta name=\"robots\" content=\"index, follow, max-snippet:-1, max-image-preview:large, max-video-preview:-1\" \/>\n<link rel=\"canonical\" href=\"https:\/\/andersadlercreutz.fi\/blog\/blog\/tasa-arvoinen-suomi-on-vahvempi-suomi\/\" \/>\n<meta property=\"og:locale\" content=\"sv_SE\" \/>\n<meta property=\"og:type\" content=\"article\" \/>\n<meta property=\"og:title\" content=\"Tasa-arvoinen Suomi on vahvempi Suomi - Anders Adlercreutz\" \/>\n<meta property=\"og:description\" content=\"Tasa-arvoinen yhteiskunta on vahvempi yhteiskunta, painottaa RKP:n puheenjohtaja, opetusministeri Anders Adlercreutz Minna Canthin p\u00e4iv\u00e4n\u00e4. Vaikka Suomi sijoittuu kansainv\u00e4lisiss\u00e4 vertailuissa suhteellisen hyvin tasa-arvoon liittyviss\u00e4 kysymyksiss\u00e4, ty\u00f6t\u00e4 on edelleen paljon j\u00e4ljell\u00e4. Miesten naisiin kohdistama v\u00e4kivalta on Suomessa tavallisempaa kuin miltei miss\u00e4\u00e4n muussa EU-maassa. Sen ehk\u00e4iseminen on RKP:lle keskeinen tavoite. \u2013 Naiselle vaarallisin paikka on edelleen koti, eik\u00e4 [&hellip;]\" \/>\n<meta property=\"og:url\" content=\"https:\/\/andersadlercreutz.fi\/blog\/blog\/tasa-arvoinen-suomi-on-vahvempi-suomi\/?lang=fi\" \/>\n<meta property=\"og:site_name\" content=\"Anders Adlercreutz\" \/>\n<meta property=\"article:published_time\" content=\"2026-03-19T13:10:10+00:00\" \/>\n<meta property=\"article:modified_time\" content=\"2026-03-19T13:31:29+00:00\" \/>\n<meta property=\"og:image\" content=\"https:\/\/andersadlercreutz.fi\/blog\/wp-content\/uploads\/2026\/03\/WhatsApp-Image-2026-03-18-at-15.35.43-e1773925752572.jpeg\" \/>\n\t<meta property=\"og:image:width\" content=\"1365\" \/>\n\t<meta property=\"og:image:height\" content=\"2048\" \/>\n\t<meta property=\"og:image:type\" content=\"image\/jpeg\" \/>\n<meta name=\"author\" content=\"Anders\" \/>\n<meta name=\"twitter:card\" content=\"summary_large_image\" \/>\n<meta name=\"twitter:label1\" content=\"Skriven av\" \/>\n\t<meta name=\"twitter:data1\" content=\"Anders\" \/>\n\t<meta name=\"twitter:label2\" content=\"Ber\u00e4knad l\u00e4stid\" \/>\n\t<meta name=\"twitter:data2\" content=\"2 minuter\" \/>\n<script type=\"application\/ld+json\" class=\"yoast-schema-graph\">{\"@context\":\"https:\/\/schema.org\",\"@graph\":[{\"@type\":\"WebPage\",\"@id\":\"https:\/\/andersadlercreutz.fi\/blog\/blog\/tasa-arvoinen-suomi-on-vahvempi-suomi\/?lang=fi\",\"url\":\"https:\/\/andersadlercreutz.fi\/blog\/blog\/tasa-arvoinen-suomi-on-vahvempi-suomi\/?lang=fi\",\"name\":\"Tasa-arvoinen Suomi on vahvempi Suomi - Anders Adlercreutz\",\"isPartOf\":{\"@id\":\"https:\/\/andersadlercreutz.fi\/blog\/#website\"},\"datePublished\":\"2026-03-19T13:10:10+00:00\",\"dateModified\":\"2026-03-19T13:31:29+00:00\",\"author\":{\"@id\":\"https:\/\/andersadlercreutz.fi\/blog\/#\/schema\/person\/47d4b72eded862b484f74bb4b3a2354f\"},\"breadcrumb\":{\"@id\":\"https:\/\/andersadlercreutz.fi\/blog\/blog\/tasa-arvoinen-suomi-on-vahvempi-suomi\/?lang=fi#breadcrumb\"},\"inLanguage\":\"sv-SE\",\"potentialAction\":[{\"@type\":\"ReadAction\",\"target\":[\"https:\/\/andersadlercreutz.fi\/blog\/blog\/tasa-arvoinen-suomi-on-vahvempi-suomi\/?lang=fi\"]}]},{\"@type\":\"BreadcrumbList\",\"@id\":\"https:\/\/andersadlercreutz.fi\/blog\/blog\/tasa-arvoinen-suomi-on-vahvempi-suomi\/?lang=fi#breadcrumb\",\"itemListElement\":[{\"@type\":\"ListItem\",\"position\":1,\"name\":\"Home\",\"item\":\"https:\/\/andersadlercreutz.fi\/blog\/blogg\/?lang=sv\"},{\"@type\":\"ListItem\",\"position\":2,\"name\":\"Tasa-arvoinen Suomi on vahvempi Suomi\"}]},{\"@type\":\"WebSite\",\"@id\":\"https:\/\/andersadlercreutz.fi\/blog\/#website\",\"url\":\"https:\/\/andersadlercreutz.fi\/blog\/\",\"name\":\"Anders Adlercreutz\",\"description\":\"Du. Jag. Vi. Kest&auml;v&auml;sti optimisti\",\"potentialAction\":[{\"@type\":\"SearchAction\",\"target\":{\"@type\":\"EntryPoint\",\"urlTemplate\":\"https:\/\/andersadlercreutz.fi\/blog\/?s={search_term_string}\"},\"query-input\":\"required name=search_term_string\"}],\"inLanguage\":\"sv-SE\"},{\"@type\":\"Person\",\"@id\":\"https:\/\/andersadlercreutz.fi\/blog\/#\/schema\/person\/47d4b72eded862b484f74bb4b3a2354f\",\"name\":\"Anders\",\"image\":{\"@type\":\"ImageObject\",\"inLanguage\":\"sv-SE\",\"@id\":\"https:\/\/andersadlercreutz.fi\/blog\/#\/schema\/person\/image\/\",\"url\":\"https:\/\/secure.gravatar.com\/avatar\/a144c9bda7a581ff6fabba169027e620?s=96&d=mm&r=g\",\"contentUrl\":\"https:\/\/secure.gravatar.com\/avatar\/a144c9bda7a581ff6fabba169027e620?s=96&d=mm&r=g\",\"caption\":\"Anders\"},\"url\":\"https:\/\/andersadlercreutz.fi\/blog\/author\/admin\/\"}]}<\/script>\n<!-- \/ Yoast SEO plugin. -->","yoast_head_json":{"title":"Tasa-arvoinen Suomi on vahvempi Suomi - Anders Adlercreutz","robots":{"index":"index","follow":"follow","max-snippet":"max-snippet:-1","max-image-preview":"max-image-preview:large","max-video-preview":"max-video-preview:-1"},"canonical":"https:\/\/andersadlercreutz.fi\/blog\/blog\/tasa-arvoinen-suomi-on-vahvempi-suomi\/","og_locale":"sv_SE","og_type":"article","og_title":"Tasa-arvoinen Suomi on vahvempi Suomi - Anders Adlercreutz","og_description":"Tasa-arvoinen yhteiskunta on vahvempi yhteiskunta, painottaa RKP:n puheenjohtaja, opetusministeri Anders Adlercreutz Minna Canthin p\u00e4iv\u00e4n\u00e4. Vaikka Suomi sijoittuu kansainv\u00e4lisiss\u00e4 vertailuissa suhteellisen hyvin tasa-arvoon liittyviss\u00e4 kysymyksiss\u00e4, ty\u00f6t\u00e4 on edelleen paljon j\u00e4ljell\u00e4. Miesten naisiin kohdistama v\u00e4kivalta on Suomessa tavallisempaa kuin miltei miss\u00e4\u00e4n muussa EU-maassa. Sen ehk\u00e4iseminen on RKP:lle keskeinen tavoite. \u2013 Naiselle vaarallisin paikka on edelleen koti, eik\u00e4 [&hellip;]","og_url":"https:\/\/andersadlercreutz.fi\/blog\/blog\/tasa-arvoinen-suomi-on-vahvempi-suomi\/?lang=fi","og_site_name":"Anders Adlercreutz","article_published_time":"2026-03-19T13:10:10+00:00","article_modified_time":"2026-03-19T13:31:29+00:00","og_image":[{"width":1365,"height":2048,"url":"https:\/\/andersadlercreutz.fi\/blog\/wp-content\/uploads\/2026\/03\/WhatsApp-Image-2026-03-18-at-15.35.43-e1773925752572.jpeg","type":"image\/jpeg"}],"author":"Anders","twitter_card":"summary_large_image","twitter_misc":{"Skriven av":"Anders","Ber\u00e4knad l\u00e4stid":"2 minuter"},"schema":{"@context":"https:\/\/schema.org","@graph":[{"@type":"WebPage","@id":"https:\/\/andersadlercreutz.fi\/blog\/blog\/tasa-arvoinen-suomi-on-vahvempi-suomi\/?lang=fi","url":"https:\/\/andersadlercreutz.fi\/blog\/blog\/tasa-arvoinen-suomi-on-vahvempi-suomi\/?lang=fi","name":"Tasa-arvoinen Suomi on vahvempi Suomi - Anders Adlercreutz","isPartOf":{"@id":"https:\/\/andersadlercreutz.fi\/blog\/#website"},"datePublished":"2026-03-19T13:10:10+00:00","dateModified":"2026-03-19T13:31:29+00:00","author":{"@id":"https:\/\/andersadlercreutz.fi\/blog\/#\/schema\/person\/47d4b72eded862b484f74bb4b3a2354f"},"breadcrumb":{"@id":"https:\/\/andersadlercreutz.fi\/blog\/blog\/tasa-arvoinen-suomi-on-vahvempi-suomi\/?lang=fi#breadcrumb"},"inLanguage":"sv-SE","potentialAction":[{"@type":"ReadAction","target":["https:\/\/andersadlercreutz.fi\/blog\/blog\/tasa-arvoinen-suomi-on-vahvempi-suomi\/?lang=fi"]}]},{"@type":"BreadcrumbList","@id":"https:\/\/andersadlercreutz.fi\/blog\/blog\/tasa-arvoinen-suomi-on-vahvempi-suomi\/?lang=fi#breadcrumb","itemListElement":[{"@type":"ListItem","position":1,"name":"Home","item":"https:\/\/andersadlercreutz.fi\/blog\/blogg\/?lang=sv"},{"@type":"ListItem","position":2,"name":"Tasa-arvoinen Suomi on vahvempi Suomi"}]},{"@type":"WebSite","@id":"https:\/\/andersadlercreutz.fi\/blog\/#website","url":"https:\/\/andersadlercreutz.fi\/blog\/","name":"Anders Adlercreutz","description":"Du. Jag. Vi. Kest&auml;v&auml;sti optimisti","potentialAction":[{"@type":"SearchAction","target":{"@type":"EntryPoint","urlTemplate":"https:\/\/andersadlercreutz.fi\/blog\/?s={search_term_string}"},"query-input":"required name=search_term_string"}],"inLanguage":"sv-SE"},{"@type":"Person","@id":"https:\/\/andersadlercreutz.fi\/blog\/#\/schema\/person\/47d4b72eded862b484f74bb4b3a2354f","name":"Anders","image":{"@type":"ImageObject","inLanguage":"sv-SE","@id":"https:\/\/andersadlercreutz.fi\/blog\/#\/schema\/person\/image\/","url":"https:\/\/secure.gravatar.com\/avatar\/a144c9bda7a581ff6fabba169027e620?s=96&d=mm&r=g","contentUrl":"https:\/\/secure.gravatar.com\/avatar\/a144c9bda7a581ff6fabba169027e620?s=96&d=mm&r=g","caption":"Anders"},"url":"https:\/\/andersadlercreutz.fi\/blog\/author\/admin\/"}]}},"jetpack_featured_media_url":"https:\/\/i0.wp.com\/andersadlercreutz.fi\/blog\/wp-content\/uploads\/2026\/03\/WhatsApp-Image-2026-03-18-at-15.35.43-e1773925752572.jpeg?fit=1365%2C2048&ssl=1","jetpack_shortlink":"https:\/\/wp.me\/p4T6Dh-2V4","jetpack_sharing_enabled":true,"_links":{"self":[{"href":"https:\/\/andersadlercreutz.fi\/blog\/wp-json\/wp\/v2\/posts\/11226"}],"collection":[{"href":"https:\/\/andersadlercreutz.fi\/blog\/wp-json\/wp\/v2\/posts"}],"about":[{"href":"https:\/\/andersadlercreutz.fi\/blog\/wp-json\/wp\/v2\/types\/post"}],"author":[{"embeddable":true,"href":"https:\/\/andersadlercreutz.fi\/blog\/wp-json\/wp\/v2\/users\/1"}],"replies":[{"embeddable":true,"href":"https:\/\/andersadlercreutz.fi\/blog\/wp-json\/wp\/v2\/comments?post=11226"}],"version-history":[{"count":2,"href":"https:\/\/andersadlercreutz.fi\/blog\/wp-json\/wp\/v2\/posts\/11226\/revisions"}],"predecessor-version":[{"id":11228,"href":"https:\/\/andersadlercreutz.fi\/blog\/wp-json\/wp\/v2\/posts\/11226\/revisions\/11228"}],"wp:featuredmedia":[{"embeddable":true,"href":"https:\/\/andersadlercreutz.fi\/blog\/wp-json\/wp\/v2\/media\/11223"}],"wp:attachment":[{"href":"https:\/\/andersadlercreutz.fi\/blog\/wp-json\/wp\/v2\/media?parent=11226"}],"wp:term":[{"taxonomy":"category","embeddable":true,"href":"https:\/\/andersadlercreutz.fi\/blog\/wp-json\/wp\/v2\/categories?post=11226"},{"taxonomy":"post_tag","embeddable":true,"href":"https:\/\/andersadlercreutz.fi\/blog\/wp-json\/wp\/v2\/tags?post=11226"}],"curies":[{"name":"wp","href":"https:\/\/api.w.org\/{rel}","templated":true}]}}