{"id":11235,"date":"2026-03-19T15:34:58","date_gmt":"2026-03-19T13:34:58","guid":{"rendered":"https:\/\/andersadlercreutz.fi\/blog\/?p=11235"},"modified":"2026-03-19T15:34:58","modified_gmt":"2026-03-19T13:34:58","slug":"rannikkokunnat-saavat-nyt-verotuloja-merituulivoimasta","status":"publish","type":"post","link":"https:\/\/andersadlercreutz.fi\/blog\/3ymparisto\/rannikkokunnat-saavat-nyt-verotuloja-merituulivoimasta\/?lang=fi","title":{"rendered":"Rannikkokunnat saavat nyt verotuloja merituulivoimasta"},"content":{"rendered":"<p><span style=\"font-weight: 400;\">Valtioneuvosto on t\u00e4n\u00e4\u00e4n hyv\u00e4ksynyt lakiesityksen merituulivoiman kiinteist\u00f6verosta talousvy\u00f6hykkeell\u00e4 eduskunnan k\u00e4sitelt\u00e4v\u00e4ksi. Ehdotuksen mukaan jopa viidesosa verotuloista ohjattaisiin niille rannikkokunnille, jotka sijaitsevat l\u00e4himp\u00e4n\u00e4 tuulivoimapuistoja. RKP:n puheenjohtaja, opetusministeri Anders Adlercreutz on tyytyv\u00e4inen siihen, ett\u00e4 puolueen ty\u00f6 merituulivoiman pelis\u00e4\u00e4nt\u00f6jen selkeytt\u00e4miseksi talousvy\u00f6hykkeell\u00e4 tuottaa tulosta.<\/span><\/p>\n<p><span style=\"font-weight: 400;\">\u2013 On vain oikeudenmukaista, ett\u00e4 ne kunnat, joihin merituulivoima vaikuttaa, saavat my\u00f6s korvausta verotulojen muodossa. Siksi RKP on hallituksessa tehnyt t\u00f6it\u00e4 varmistaakseen, ett\u00e4 t\u00e4m\u00e4 toteutuu uudessa lains\u00e4\u00e4d\u00e4nn\u00f6ss\u00e4, Adlercreutz sanoo.<\/span><\/p>\n<p><span style=\"font-weight: 400;\">Talousvy\u00f6hyke alkaa noin 22 kilometrin (12 merimailin) p\u00e4\u00e4ss\u00e4 rannikosta, mutta alueet eiv\u00e4t kuulu yksitt\u00e4isille kunnille. Suomi voi hy\u00f6dynt\u00e4\u00e4 merialueen luonnonvaroja, mutta t\u00e4h\u00e4n asti ei ole ollut lains\u00e4\u00e4d\u00e4nt\u00f6\u00e4, joka mahdollistaisi talousvy\u00f6hykkeelle rakennettavan merituulivoiman verottamisen.<\/span><\/p>\n<p><span style=\"font-weight: 400;\">\u2013 RKP on jo pitk\u00e4\u00e4n per\u00e4\u00e4nkuuluttanut selkeit\u00e4 s\u00e4\u00e4nt\u00f6j\u00e4 merituulivoimalle, mukaan lukien verotulojen jakamiseen liittyen. Ne linjaukset, jotka RKP laati energiapoliittisessa ohjelmassaan, saatiin my\u00f6hemmin mukaan hallitusohjelmaan. Vaikka ensimm\u00e4isten hankkeiden toteutumiseen voi kest\u00e4\u00e4 jopa kymmenen vuotta, on t\u00e4rke\u00e4\u00e4, ett\u00e4 meill\u00e4 on nyt selke\u00e4t pelis\u00e4\u00e4nn\u00f6t, jotka sek\u00e4 mahdollistavat investointeja ett\u00e4 ohjaavat kohtuullisen korvauksen niille rannikkokunnille, joihin kohdistuu eniten vaikutuksia.<\/span><\/p>\n<p><span style=\"font-weight: 400;\">\u2013 On keskeist\u00e4, ett\u00e4 paikalliset asukkaat hy\u00f6tyv\u00e4t, kun merituulivoimaa rakennetaan l\u00e4hialueiden merialueille. Kun hankkeet tuottavat paikallista hy\u00f6ty\u00e4, kunnat my\u00f6s edist\u00e4v\u00e4t investointeja \u2013 n\u00e4in yhteiskunta kehittyy, Adlercreutz sanoo.<\/span><\/p>\n","protected":false},"excerpt":{"rendered":"<p>Valtioneuvosto on t\u00e4n\u00e4\u00e4n hyv\u00e4ksynyt lakiesityksen merituulivoiman kiinteist\u00f6verosta talousvy\u00f6hykkeell\u00e4 eduskunnan k\u00e4sitelt\u00e4v\u00e4ksi. Ehdotuksen mukaan jopa viidesosa verotuloista ohjattaisiin niille rannikkokunnille, jotka sijaitsevat l\u00e4himp\u00e4n\u00e4 tuulivoimapuistoja. RKP:n puheenjohtaja, opetusministeri Anders Adlercreutz on tyytyv\u00e4inen siihen, ett\u00e4 puolueen ty\u00f6 merituulivoiman pelis\u00e4\u00e4nt\u00f6jen selkeytt\u00e4miseksi talousvy\u00f6hykkeell\u00e4 tuottaa tulosta. \u2013 On vain oikeudenmukaista, ett\u00e4 ne kunnat, joihin merituulivoima vaikuttaa, saavat my\u00f6s korvausta verotulojen muodossa. Siksi [&hellip;]<\/p>\n","protected":false},"author":1,"featured_media":10718,"comment_status":"open","ping_status":"open","sticky":false,"template":"","format":"standard","meta":{"jetpack_post_was_ever_published":false,"_jetpack_newsletter_access":"","jetpack_publicize_message":"","jetpack_is_tweetstorm":false,"jetpack_publicize_feature_enabled":true,"jetpack_social_post_already_shared":true,"jetpack_social_options":{"image_generator_settings":{"template":"highway","enabled":false}}},"categories":[23,18,164,87,80],"tags":[],"jetpack_publicize_connections":[],"yoast_head":"<!-- This site is optimized with the Yoast SEO plugin v20.12 - https:\/\/yoast.com\/wordpress\/plugins\/seo\/ -->\n<title>Rannikkokunnat saavat nyt verotuloja merituulivoimasta - Anders Adlercreutz<\/title>\n<meta name=\"robots\" content=\"index, follow, max-snippet:-1, max-image-preview:large, max-video-preview:-1\" \/>\n<link rel=\"canonical\" href=\"https:\/\/andersadlercreutz.fi\/blog\/3ymparisto\/rannikkokunnat-saavat-nyt-verotuloja-merituulivoimasta\/\" \/>\n<meta property=\"og:locale\" content=\"sv_SE\" \/>\n<meta property=\"og:type\" content=\"article\" \/>\n<meta property=\"og:title\" content=\"Rannikkokunnat saavat nyt verotuloja merituulivoimasta - Anders Adlercreutz\" \/>\n<meta property=\"og:description\" content=\"Valtioneuvosto on t\u00e4n\u00e4\u00e4n hyv\u00e4ksynyt lakiesityksen merituulivoiman kiinteist\u00f6verosta talousvy\u00f6hykkeell\u00e4 eduskunnan k\u00e4sitelt\u00e4v\u00e4ksi. Ehdotuksen mukaan jopa viidesosa verotuloista ohjattaisiin niille rannikkokunnille, jotka sijaitsevat l\u00e4himp\u00e4n\u00e4 tuulivoimapuistoja. RKP:n puheenjohtaja, opetusministeri Anders Adlercreutz on tyytyv\u00e4inen siihen, ett\u00e4 puolueen ty\u00f6 merituulivoiman pelis\u00e4\u00e4nt\u00f6jen selkeytt\u00e4miseksi talousvy\u00f6hykkeell\u00e4 tuottaa tulosta. \u2013 On vain oikeudenmukaista, ett\u00e4 ne kunnat, joihin merituulivoima vaikuttaa, saavat my\u00f6s korvausta verotulojen muodossa. Siksi [&hellip;]\" \/>\n<meta property=\"og:url\" content=\"https:\/\/andersadlercreutz.fi\/blog\/3ymparisto\/rannikkokunnat-saavat-nyt-verotuloja-merituulivoimasta\/?lang=fi\" \/>\n<meta property=\"og:site_name\" content=\"Anders Adlercreutz\" \/>\n<meta property=\"article:published_time\" content=\"2026-03-19T13:34:58+00:00\" \/>\n<meta property=\"og:image\" content=\"https:\/\/andersadlercreutz.fi\/blog\/wp-content\/uploads\/2025\/08\/781A1380-1030x687.jpg\" \/>\n\t<meta property=\"og:image:width\" content=\"1030\" \/>\n\t<meta property=\"og:image:height\" content=\"687\" \/>\n\t<meta property=\"og:image:type\" content=\"image\/jpeg\" \/>\n<meta name=\"author\" content=\"Anders\" \/>\n<meta name=\"twitter:card\" content=\"summary_large_image\" \/>\n<meta name=\"twitter:label1\" content=\"Skriven av\" \/>\n\t<meta name=\"twitter:data1\" content=\"Anders\" \/>\n\t<meta name=\"twitter:label2\" content=\"Ber\u00e4knad l\u00e4stid\" \/>\n\t<meta name=\"twitter:data2\" content=\"1 minut\" \/>\n<script type=\"application\/ld+json\" class=\"yoast-schema-graph\">{\"@context\":\"https:\/\/schema.org\",\"@graph\":[{\"@type\":\"WebPage\",\"@id\":\"https:\/\/andersadlercreutz.fi\/blog\/3ymparisto\/rannikkokunnat-saavat-nyt-verotuloja-merituulivoimasta\/?lang=fi\",\"url\":\"https:\/\/andersadlercreutz.fi\/blog\/3ymparisto\/rannikkokunnat-saavat-nyt-verotuloja-merituulivoimasta\/?lang=fi\",\"name\":\"Rannikkokunnat saavat nyt verotuloja merituulivoimasta - Anders Adlercreutz\",\"isPartOf\":{\"@id\":\"https:\/\/andersadlercreutz.fi\/blog\/#website\"},\"datePublished\":\"2026-03-19T13:34:58+00:00\",\"dateModified\":\"2026-03-19T13:34:58+00:00\",\"author\":{\"@id\":\"https:\/\/andersadlercreutz.fi\/blog\/#\/schema\/person\/47d4b72eded862b484f74bb4b3a2354f\"},\"breadcrumb\":{\"@id\":\"https:\/\/andersadlercreutz.fi\/blog\/3ymparisto\/rannikkokunnat-saavat-nyt-verotuloja-merituulivoimasta\/?lang=fi#breadcrumb\"},\"inLanguage\":\"sv-SE\",\"potentialAction\":[{\"@type\":\"ReadAction\",\"target\":[\"https:\/\/andersadlercreutz.fi\/blog\/3ymparisto\/rannikkokunnat-saavat-nyt-verotuloja-merituulivoimasta\/?lang=fi\"]}]},{\"@type\":\"BreadcrumbList\",\"@id\":\"https:\/\/andersadlercreutz.fi\/blog\/3ymparisto\/rannikkokunnat-saavat-nyt-verotuloja-merituulivoimasta\/?lang=fi#breadcrumb\",\"itemListElement\":[{\"@type\":\"ListItem\",\"position\":1,\"name\":\"Home\",\"item\":\"https:\/\/andersadlercreutz.fi\/blog\/blogg\/?lang=sv\"},{\"@type\":\"ListItem\",\"position\":2,\"name\":\"Rannikkokunnat saavat nyt verotuloja merituulivoimasta\"}]},{\"@type\":\"WebSite\",\"@id\":\"https:\/\/andersadlercreutz.fi\/blog\/#website\",\"url\":\"https:\/\/andersadlercreutz.fi\/blog\/\",\"name\":\"Anders Adlercreutz\",\"description\":\"Du. Jag. Vi. Kest&auml;v&auml;sti optimisti\",\"potentialAction\":[{\"@type\":\"SearchAction\",\"target\":{\"@type\":\"EntryPoint\",\"urlTemplate\":\"https:\/\/andersadlercreutz.fi\/blog\/?s={search_term_string}\"},\"query-input\":\"required name=search_term_string\"}],\"inLanguage\":\"sv-SE\"},{\"@type\":\"Person\",\"@id\":\"https:\/\/andersadlercreutz.fi\/blog\/#\/schema\/person\/47d4b72eded862b484f74bb4b3a2354f\",\"name\":\"Anders\",\"image\":{\"@type\":\"ImageObject\",\"inLanguage\":\"sv-SE\",\"@id\":\"https:\/\/andersadlercreutz.fi\/blog\/#\/schema\/person\/image\/\",\"url\":\"https:\/\/secure.gravatar.com\/avatar\/a144c9bda7a581ff6fabba169027e620?s=96&d=mm&r=g\",\"contentUrl\":\"https:\/\/secure.gravatar.com\/avatar\/a144c9bda7a581ff6fabba169027e620?s=96&d=mm&r=g\",\"caption\":\"Anders\"},\"url\":\"https:\/\/andersadlercreutz.fi\/blog\/author\/admin\/\"}]}<\/script>\n<!-- \/ Yoast SEO plugin. -->","yoast_head_json":{"title":"Rannikkokunnat saavat nyt verotuloja merituulivoimasta - Anders Adlercreutz","robots":{"index":"index","follow":"follow","max-snippet":"max-snippet:-1","max-image-preview":"max-image-preview:large","max-video-preview":"max-video-preview:-1"},"canonical":"https:\/\/andersadlercreutz.fi\/blog\/3ymparisto\/rannikkokunnat-saavat-nyt-verotuloja-merituulivoimasta\/","og_locale":"sv_SE","og_type":"article","og_title":"Rannikkokunnat saavat nyt verotuloja merituulivoimasta - Anders Adlercreutz","og_description":"Valtioneuvosto on t\u00e4n\u00e4\u00e4n hyv\u00e4ksynyt lakiesityksen merituulivoiman kiinteist\u00f6verosta talousvy\u00f6hykkeell\u00e4 eduskunnan k\u00e4sitelt\u00e4v\u00e4ksi. Ehdotuksen mukaan jopa viidesosa verotuloista ohjattaisiin niille rannikkokunnille, jotka sijaitsevat l\u00e4himp\u00e4n\u00e4 tuulivoimapuistoja. RKP:n puheenjohtaja, opetusministeri Anders Adlercreutz on tyytyv\u00e4inen siihen, ett\u00e4 puolueen ty\u00f6 merituulivoiman pelis\u00e4\u00e4nt\u00f6jen selkeytt\u00e4miseksi talousvy\u00f6hykkeell\u00e4 tuottaa tulosta. \u2013 On vain oikeudenmukaista, ett\u00e4 ne kunnat, joihin merituulivoima vaikuttaa, saavat my\u00f6s korvausta verotulojen muodossa. Siksi [&hellip;]","og_url":"https:\/\/andersadlercreutz.fi\/blog\/3ymparisto\/rannikkokunnat-saavat-nyt-verotuloja-merituulivoimasta\/?lang=fi","og_site_name":"Anders Adlercreutz","article_published_time":"2026-03-19T13:34:58+00:00","og_image":[{"width":1030,"height":687,"url":"https:\/\/andersadlercreutz.fi\/blog\/wp-content\/uploads\/2025\/08\/781A1380-1030x687.jpg","type":"image\/jpeg"}],"author":"Anders","twitter_card":"summary_large_image","twitter_misc":{"Skriven av":"Anders","Ber\u00e4knad l\u00e4stid":"1 minut"},"schema":{"@context":"https:\/\/schema.org","@graph":[{"@type":"WebPage","@id":"https:\/\/andersadlercreutz.fi\/blog\/3ymparisto\/rannikkokunnat-saavat-nyt-verotuloja-merituulivoimasta\/?lang=fi","url":"https:\/\/andersadlercreutz.fi\/blog\/3ymparisto\/rannikkokunnat-saavat-nyt-verotuloja-merituulivoimasta\/?lang=fi","name":"Rannikkokunnat saavat nyt verotuloja merituulivoimasta - Anders Adlercreutz","isPartOf":{"@id":"https:\/\/andersadlercreutz.fi\/blog\/#website"},"datePublished":"2026-03-19T13:34:58+00:00","dateModified":"2026-03-19T13:34:58+00:00","author":{"@id":"https:\/\/andersadlercreutz.fi\/blog\/#\/schema\/person\/47d4b72eded862b484f74bb4b3a2354f"},"breadcrumb":{"@id":"https:\/\/andersadlercreutz.fi\/blog\/3ymparisto\/rannikkokunnat-saavat-nyt-verotuloja-merituulivoimasta\/?lang=fi#breadcrumb"},"inLanguage":"sv-SE","potentialAction":[{"@type":"ReadAction","target":["https:\/\/andersadlercreutz.fi\/blog\/3ymparisto\/rannikkokunnat-saavat-nyt-verotuloja-merituulivoimasta\/?lang=fi"]}]},{"@type":"BreadcrumbList","@id":"https:\/\/andersadlercreutz.fi\/blog\/3ymparisto\/rannikkokunnat-saavat-nyt-verotuloja-merituulivoimasta\/?lang=fi#breadcrumb","itemListElement":[{"@type":"ListItem","position":1,"name":"Home","item":"https:\/\/andersadlercreutz.fi\/blog\/blogg\/?lang=sv"},{"@type":"ListItem","position":2,"name":"Rannikkokunnat saavat nyt verotuloja merituulivoimasta"}]},{"@type":"WebSite","@id":"https:\/\/andersadlercreutz.fi\/blog\/#website","url":"https:\/\/andersadlercreutz.fi\/blog\/","name":"Anders Adlercreutz","description":"Du. Jag. Vi. Kest&auml;v&auml;sti optimisti","potentialAction":[{"@type":"SearchAction","target":{"@type":"EntryPoint","urlTemplate":"https:\/\/andersadlercreutz.fi\/blog\/?s={search_term_string}"},"query-input":"required name=search_term_string"}],"inLanguage":"sv-SE"},{"@type":"Person","@id":"https:\/\/andersadlercreutz.fi\/blog\/#\/schema\/person\/47d4b72eded862b484f74bb4b3a2354f","name":"Anders","image":{"@type":"ImageObject","inLanguage":"sv-SE","@id":"https:\/\/andersadlercreutz.fi\/blog\/#\/schema\/person\/image\/","url":"https:\/\/secure.gravatar.com\/avatar\/a144c9bda7a581ff6fabba169027e620?s=96&d=mm&r=g","contentUrl":"https:\/\/secure.gravatar.com\/avatar\/a144c9bda7a581ff6fabba169027e620?s=96&d=mm&r=g","caption":"Anders"},"url":"https:\/\/andersadlercreutz.fi\/blog\/author\/admin\/"}]}},"jetpack_featured_media_url":"https:\/\/i0.wp.com\/andersadlercreutz.fi\/blog\/wp-content\/uploads\/2025\/08\/781A1380-scaled-e1773927249894.jpg?fit=2560%2C1708&ssl=1","jetpack_shortlink":"https:\/\/wp.me\/p4T6Dh-2Vd","jetpack_sharing_enabled":true,"_links":{"self":[{"href":"https:\/\/andersadlercreutz.fi\/blog\/wp-json\/wp\/v2\/posts\/11235"}],"collection":[{"href":"https:\/\/andersadlercreutz.fi\/blog\/wp-json\/wp\/v2\/posts"}],"about":[{"href":"https:\/\/andersadlercreutz.fi\/blog\/wp-json\/wp\/v2\/types\/post"}],"author":[{"embeddable":true,"href":"https:\/\/andersadlercreutz.fi\/blog\/wp-json\/wp\/v2\/users\/1"}],"replies":[{"embeddable":true,"href":"https:\/\/andersadlercreutz.fi\/blog\/wp-json\/wp\/v2\/comments?post=11235"}],"version-history":[{"count":2,"href":"https:\/\/andersadlercreutz.fi\/blog\/wp-json\/wp\/v2\/posts\/11235\/revisions"}],"predecessor-version":[{"id":11237,"href":"https:\/\/andersadlercreutz.fi\/blog\/wp-json\/wp\/v2\/posts\/11235\/revisions\/11237"}],"wp:featuredmedia":[{"embeddable":true,"href":"https:\/\/andersadlercreutz.fi\/blog\/wp-json\/wp\/v2\/media\/10718"}],"wp:attachment":[{"href":"https:\/\/andersadlercreutz.fi\/blog\/wp-json\/wp\/v2\/media?parent=11235"}],"wp:term":[{"taxonomy":"category","embeddable":true,"href":"https:\/\/andersadlercreutz.fi\/blog\/wp-json\/wp\/v2\/categories?post=11235"},{"taxonomy":"post_tag","embeddable":true,"href":"https:\/\/andersadlercreutz.fi\/blog\/wp-json\/wp\/v2\/tags?post=11235"}],"curies":[{"name":"wp","href":"https:\/\/api.w.org\/{rel}","templated":true}]}}