{"id":11241,"date":"2026-03-23T22:35:35","date_gmt":"2026-03-23T20:35:35","guid":{"rendered":"https:\/\/andersadlercreutz.fi\/blog\/?p=11241"},"modified":"2026-03-23T22:35:35","modified_gmt":"2026-03-23T20:35:35","slug":"harmaan-savyja-maahanmuuttokeskusteluun","status":"publish","type":"post","link":"https:\/\/andersadlercreutz.fi\/blog\/blog\/harmaan-savyja-maahanmuuttokeskusteluun\/?lang=fi","title":{"rendered":"Harmaan s\u00e4vyj\u00e4 maahanmuuttokeskusteluun"},"content":{"rendered":"<p><span style=\"font-weight: 400;\">Suomella on monia haasteita. Mutta liiallinen maahanmuutto ei ole yksi niist\u00e4.<\/span><\/p>\n<p><span style=\"font-weight: 400;\">Niin EK kuten ETLA:kin nostivat t\u00e4n\u00e4\u00e4n esille ty\u00f6per\u00e4isen maahanmuuton tarpeen. Heid\u00e4n viestins\u00e4 on selv\u00e4: Ilman sit\u00e4 talous n\u00e4ivettyy, joten pit\u00e4\u00e4 pohtia ratkaisuja, koska \u201d<\/span><span style=\"font-weight: 400;\">taloudelliset vaikutukset riippuvat ennen kaikkea tulijoiden osaamisesta ja kotoutumisen onnistumisesta\u201d. Sit\u00e4 ei k\u00e4y kiist\u00e4minen. Siksi mustavalkoisen joko-tai -keskustelun sijaan tulisi pohtia harmaan s\u00e4vyj\u00e4: hakea kest\u00e4vi\u00e4 ja toimivia maahanmuuton mekanismeja.\u00a0<\/span><\/p>\n<p><span style=\"font-weight: 400;\">Turvapaikanhaku Suomeen on v\u00e4h\u00e4ist\u00e4, eik\u00e4 sen kokonaism\u00e4\u00e4r\u00e4\u00e4 yksitt\u00e4inen maa voi merkitt\u00e4v\u00e4sti hallita. Sen sijaan voimme vaikuttaa siihen, miten t\u00e4nne tulevat l\u00f6yt\u00e4v\u00e4t paikkansa yhteiskunnassa \u2013 ty\u00f6n, oman panoksen ja toimivien palvelujen kautta. Ja n\u00e4it\u00e4 palveluja tarjoamme, koska se on koko yhteiskunnan etu.<\/span><\/p>\n<p><span style=\"font-weight: 400;\">Maahanmuutosta voi ja pit\u00e4\u00e4 keskustella kriittisesti. Voimme arvioida kriteerej\u00e4, varmistaa esimerkiksi opiskelijoiden toimeentulon ja kehitt\u00e4\u00e4 uusia malleja, kuten niin RKP:n kuin PS:nkin ehdottamia pisteytykseen perustuvia j\u00e4rjestelmi\u00e4.<\/span><\/p>\n<p><span style=\"font-weight: 400;\">Mutta yht\u00e4 t\u00e4rke\u00e4\u00e4 on, ett\u00e4 j\u00e4rjestelm\u00e4 on selke\u00e4, l\u00e4pin\u00e4kyv\u00e4 ja oikeudenmukainen. P\u00e4\u00e4t\u00f6sten \u2013 niin my\u00f6nteisten kuin kielteisten \u2013 on oltava ennakoitavia ja oikeusturvan turvaamia. Huono prosessi ei ole kenenk\u00e4\u00e4n etu.<\/span><\/p>\n<p><span style=\"font-weight: 400;\">On my\u00f6s syyt\u00e4 tunnistaa kaksi keskeist\u00e4 tosiasiaa.<\/span><\/p>\n<p><span style=\"font-weight: 400;\">Ensinn\u00e4kin: Suomi ei ole maahanmuuton n\u00e4k\u00f6kulmasta erityisen vetovoimainen maa. Pieni kielialue ja haastava ilmasto n\u00e4kyv\u00e4t tilastoissa.<\/span><\/p>\n<p><span style=\"font-weight: 400;\">Toiseksi: Suomi tarvitsee maahanmuuttoa. M\u00e4\u00e4rist\u00e4 voidaan keskustella, mutta ilman sit\u00e4 emme p\u00e4rj\u00e4\u00e4. Demografiset realiteetit ovat kiistattomat. Maahanmuuton kriitikoiden onkin uskallettava kuvata my\u00f6s vaihtoehto: Suomi ilman maahanmuuttoa ei ole auvoinen idylli, vaan hitaasti kuihtuva yhteiskunta.<\/span><\/p>\n<p><span style=\"font-weight: 400;\">Maahanmuuttajien vaikutus julkiseen talouteen vaihtelee \u2013 kuten kantav\u00e4est\u00f6nkin. Ty\u00f6- ja opiskeluper\u00e4inen maahanmuutto on p\u00e4\u00e4s\u00e4\u00e4nt\u00f6isesti positiivista. Humanit\u00e4\u00e4rinen maahanmuutto kuormittaa aluksi enemm\u00e4n, mutta vaikutus tasapainottuu ajan my\u00f6t\u00e4. On my\u00f6s hyv\u00e4 muistaa, ett\u00e4 Suomeen aikuisena tuleva on usein kouluttautunut l\u00e4ht\u00f6maansa kustannuksella \u2013 ja maahanmuuttajien koulutustaso on keskim\u00e4\u00e4rin varsin korkea.<\/span><\/p>\n<blockquote><p><span style=\"font-weight: 400;\">Samalla Suomella on velvollisuus vastaanottaa humanit\u00e4\u00e4rist\u00e4 suojelua tarvitsevia. T\u00e4m\u00e4 ei ole poliittinen valinta, vaan seurausta kansainv\u00e4lisist\u00e4 sitoumuksistamme. Ja m\u00e4\u00e4r\u00e4t ovat edelleen verrattain pieni\u00e4.<\/span><\/p><\/blockquote>\n<p><span style=\"font-weight: 400;\">Viime vuosina tilap\u00e4ist\u00e4 suojelua saavien m\u00e4\u00e4r\u00e4 on kasvanut, erityisesti Ukrainan sodan vuoksi. N\u00e4iss\u00e4 tilanteissa vastuu on selv\u00e4: sotaa pakenevia autetaan.<\/span><\/p>\n<p><span style=\"font-weight: 400;\">Taloussuhdanteet vaikuttavat keskusteluun. Laskusuhdanteessa ty\u00f6per\u00e4isen maahanmuuton m\u00e4\u00e4r\u00e4\u00e4 voidaan arvioida kriittisesti. Mutta noususuhdanne tuo v\u00e4ist\u00e4m\u00e4tt\u00e4 ty\u00f6voimapulan. Ty\u00f6per\u00e4inen maahanmuutto ei synny politiikasta vaan yritysten tarpeesta: jos osaajia ei l\u00f6ydy Suomesta, niit\u00e4 etsit\u00e4\u00e4n muualta.<\/span><\/p>\n<p><span style=\"font-weight: 400;\">T\u00e4ll\u00e4 hetkell\u00e4 maahanmuuttajien ty\u00f6tt\u00f6myys on korkea. Ty\u00f6tt\u00f6myys koskee usein samoja ryhmi\u00e4 kuin muutenkin \u2013 nuoria ja heikosti ty\u00f6markkinoille kiinnittyneit\u00e4. Mutta keskeinen este ty\u00f6llistymiselle ei ole vain osaaminen, vaan my\u00f6s asenteet. Ensimm\u00e4isen maahanmuuttajan palkkaaminen koetaan usein kynnyksen\u00e4 \u2013 toisen jo huomattavasti helpommaksi. T\u00e4m\u00e4 kertoo siit\u00e4, ett\u00e4 kokemukset muuttavat asenteita.<\/span><\/p>\n<blockquote><p><span style=\"font-weight: 400;\">Siksi keskeinen kysymys ei ole maahanmuuton m\u00e4\u00e4r\u00e4, vaan kotoutumisen onnistuminen.<\/span><\/p><\/blockquote>\n<p><span style=\"font-weight: 400;\">Kotoutumispalvelujen leikkaaminen ei paranna kotoutumista \u2013 mutta my\u00f6sk\u00e4\u00e4n rajaton palveluiden lis\u00e4\u00e4minen ei ole ratkaisu. Tarvitsemme tasapainon, jossa vaatimukset ja tuki kulkevat k\u00e4si k\u00e4dess\u00e4.<\/span><\/p>\n<p><span style=\"font-weight: 400;\">Suomi el\u00e4\u00e4 investoinneista ja siit\u00e4, ett\u00e4 saamme uusi ajatuksia ja uutta p\u00e4\u00e4omaa. Investoinnit syntyv\u00e4t mm uskosta siihen, ett\u00e4 ty\u00f6voimaa l\u00f6ytyy, ja ett\u00e4 ihmisten ja ajatusten liikkumiselle ei luoda esteit\u00e4. Suomella on tavattoman hyv\u00e4 mahdollisuus vivuttaa keskeisi\u00e4 vahvuuksiamme investointien vauhdittamiseksi. Silloin meid\u00e4n ei kannata negatiivista asenneilmastoa tai lyhytn\u00e4k\u00f6isell\u00e4 ty\u00f6per\u00e4ist\u00e4 maahanmuuttoa liiaksi rajoittavalla politiikalla ampua talouskasvuamme jalkaan.<\/span><\/p>\n<p><br style=\"font-weight: 400;\" \/><br style=\"font-weight: 400;\" \/><\/p>\n","protected":false},"excerpt":{"rendered":"<p>Suomella on monia haasteita. Mutta liiallinen maahanmuutto ei ole yksi niist\u00e4. Niin EK kuten ETLA:kin nostivat t\u00e4n\u00e4\u00e4n esille ty\u00f6per\u00e4isen maahanmuuton tarpeen. Heid\u00e4n viestins\u00e4 on selv\u00e4: Ilman sit\u00e4 talous n\u00e4ivettyy, joten pit\u00e4\u00e4 pohtia ratkaisuja, koska \u201dtaloudelliset vaikutukset riippuvat ennen kaikkea tulijoiden osaamisesta ja kotoutumisen onnistumisesta\u201d. Sit\u00e4 ei k\u00e4y kiist\u00e4minen. Siksi mustavalkoisen joko-tai -keskustelun sijaan tulisi pohtia [&hellip;]<\/p>\n","protected":false},"author":1,"featured_media":10688,"comment_status":"open","ping_status":"open","sticky":false,"template":"","format":"standard","meta":{"jetpack_post_was_ever_published":false,"_jetpack_newsletter_access":"","jetpack_publicize_message":"","jetpack_is_tweetstorm":false,"jetpack_publicize_feature_enabled":true,"jetpack_social_post_already_shared":true,"jetpack_social_options":{"image_generator_settings":{"template":"highway","enabled":false}}},"categories":[18,151,69,61],"tags":[],"jetpack_publicize_connections":[],"yoast_head":"<!-- This site is optimized with the Yoast SEO plugin v20.12 - https:\/\/yoast.com\/wordpress\/plugins\/seo\/ -->\n<title>Harmaan s\u00e4vyj\u00e4 maahanmuuttokeskusteluun - Anders Adlercreutz<\/title>\n<meta name=\"robots\" content=\"index, follow, max-snippet:-1, max-image-preview:large, max-video-preview:-1\" \/>\n<link rel=\"canonical\" href=\"https:\/\/andersadlercreutz.fi\/blog\/blog\/harmaan-savyja-maahanmuuttokeskusteluun\/\" \/>\n<meta property=\"og:locale\" content=\"sv_SE\" \/>\n<meta property=\"og:type\" content=\"article\" \/>\n<meta property=\"og:title\" content=\"Harmaan s\u00e4vyj\u00e4 maahanmuuttokeskusteluun - Anders Adlercreutz\" \/>\n<meta property=\"og:description\" content=\"Suomella on monia haasteita. Mutta liiallinen maahanmuutto ei ole yksi niist\u00e4. Niin EK kuten ETLA:kin nostivat t\u00e4n\u00e4\u00e4n esille ty\u00f6per\u00e4isen maahanmuuton tarpeen. Heid\u00e4n viestins\u00e4 on selv\u00e4: Ilman sit\u00e4 talous n\u00e4ivettyy, joten pit\u00e4\u00e4 pohtia ratkaisuja, koska \u201dtaloudelliset vaikutukset riippuvat ennen kaikkea tulijoiden osaamisesta ja kotoutumisen onnistumisesta\u201d. Sit\u00e4 ei k\u00e4y kiist\u00e4minen. Siksi mustavalkoisen joko-tai -keskustelun sijaan tulisi pohtia [&hellip;]\" \/>\n<meta property=\"og:url\" content=\"https:\/\/andersadlercreutz.fi\/blog\/blog\/harmaan-savyja-maahanmuuttokeskusteluun\/?lang=fi\" \/>\n<meta property=\"og:site_name\" content=\"Anders Adlercreutz\" \/>\n<meta property=\"article:published_time\" content=\"2026-03-23T20:35:35+00:00\" \/>\n<meta property=\"og:image\" content=\"https:\/\/andersadlercreutz.fi\/blog\/wp-content\/uploads\/2025\/08\/DK1A2896-copy-1030x738.jpg\" \/>\n\t<meta property=\"og:image:width\" content=\"1030\" \/>\n\t<meta property=\"og:image:height\" content=\"738\" \/>\n\t<meta property=\"og:image:type\" content=\"image\/jpeg\" \/>\n<meta name=\"author\" content=\"Anders\" \/>\n<meta name=\"twitter:card\" content=\"summary_large_image\" \/>\n<meta name=\"twitter:label1\" content=\"Skriven av\" \/>\n\t<meta name=\"twitter:data1\" content=\"Anders\" \/>\n\t<meta name=\"twitter:label2\" content=\"Ber\u00e4knad l\u00e4stid\" \/>\n\t<meta name=\"twitter:data2\" content=\"3 minuter\" \/>\n<script type=\"application\/ld+json\" class=\"yoast-schema-graph\">{\"@context\":\"https:\/\/schema.org\",\"@graph\":[{\"@type\":\"WebPage\",\"@id\":\"https:\/\/andersadlercreutz.fi\/blog\/blog\/harmaan-savyja-maahanmuuttokeskusteluun\/?lang=fi\",\"url\":\"https:\/\/andersadlercreutz.fi\/blog\/blog\/harmaan-savyja-maahanmuuttokeskusteluun\/?lang=fi\",\"name\":\"Harmaan s\u00e4vyj\u00e4 maahanmuuttokeskusteluun - Anders Adlercreutz\",\"isPartOf\":{\"@id\":\"https:\/\/andersadlercreutz.fi\/blog\/#website\"},\"datePublished\":\"2026-03-23T20:35:35+00:00\",\"dateModified\":\"2026-03-23T20:35:35+00:00\",\"author\":{\"@id\":\"https:\/\/andersadlercreutz.fi\/blog\/#\/schema\/person\/47d4b72eded862b484f74bb4b3a2354f\"},\"breadcrumb\":{\"@id\":\"https:\/\/andersadlercreutz.fi\/blog\/blog\/harmaan-savyja-maahanmuuttokeskusteluun\/?lang=fi#breadcrumb\"},\"inLanguage\":\"sv-SE\",\"potentialAction\":[{\"@type\":\"ReadAction\",\"target\":[\"https:\/\/andersadlercreutz.fi\/blog\/blog\/harmaan-savyja-maahanmuuttokeskusteluun\/?lang=fi\"]}]},{\"@type\":\"BreadcrumbList\",\"@id\":\"https:\/\/andersadlercreutz.fi\/blog\/blog\/harmaan-savyja-maahanmuuttokeskusteluun\/?lang=fi#breadcrumb\",\"itemListElement\":[{\"@type\":\"ListItem\",\"position\":1,\"name\":\"Home\",\"item\":\"https:\/\/andersadlercreutz.fi\/blog\/blogg\/?lang=sv\"},{\"@type\":\"ListItem\",\"position\":2,\"name\":\"Harmaan s\u00e4vyj\u00e4 maahanmuuttokeskusteluun\"}]},{\"@type\":\"WebSite\",\"@id\":\"https:\/\/andersadlercreutz.fi\/blog\/#website\",\"url\":\"https:\/\/andersadlercreutz.fi\/blog\/\",\"name\":\"Anders Adlercreutz\",\"description\":\"Du. Jag. Vi. Kest&auml;v&auml;sti optimisti\",\"potentialAction\":[{\"@type\":\"SearchAction\",\"target\":{\"@type\":\"EntryPoint\",\"urlTemplate\":\"https:\/\/andersadlercreutz.fi\/blog\/?s={search_term_string}\"},\"query-input\":\"required name=search_term_string\"}],\"inLanguage\":\"sv-SE\"},{\"@type\":\"Person\",\"@id\":\"https:\/\/andersadlercreutz.fi\/blog\/#\/schema\/person\/47d4b72eded862b484f74bb4b3a2354f\",\"name\":\"Anders\",\"image\":{\"@type\":\"ImageObject\",\"inLanguage\":\"sv-SE\",\"@id\":\"https:\/\/andersadlercreutz.fi\/blog\/#\/schema\/person\/image\/\",\"url\":\"https:\/\/secure.gravatar.com\/avatar\/a144c9bda7a581ff6fabba169027e620?s=96&d=mm&r=g\",\"contentUrl\":\"https:\/\/secure.gravatar.com\/avatar\/a144c9bda7a581ff6fabba169027e620?s=96&d=mm&r=g\",\"caption\":\"Anders\"},\"url\":\"https:\/\/andersadlercreutz.fi\/blog\/author\/admin\/\"}]}<\/script>\n<!-- \/ Yoast SEO plugin. -->","yoast_head_json":{"title":"Harmaan s\u00e4vyj\u00e4 maahanmuuttokeskusteluun - Anders Adlercreutz","robots":{"index":"index","follow":"follow","max-snippet":"max-snippet:-1","max-image-preview":"max-image-preview:large","max-video-preview":"max-video-preview:-1"},"canonical":"https:\/\/andersadlercreutz.fi\/blog\/blog\/harmaan-savyja-maahanmuuttokeskusteluun\/","og_locale":"sv_SE","og_type":"article","og_title":"Harmaan s\u00e4vyj\u00e4 maahanmuuttokeskusteluun - Anders Adlercreutz","og_description":"Suomella on monia haasteita. Mutta liiallinen maahanmuutto ei ole yksi niist\u00e4. Niin EK kuten ETLA:kin nostivat t\u00e4n\u00e4\u00e4n esille ty\u00f6per\u00e4isen maahanmuuton tarpeen. Heid\u00e4n viestins\u00e4 on selv\u00e4: Ilman sit\u00e4 talous n\u00e4ivettyy, joten pit\u00e4\u00e4 pohtia ratkaisuja, koska \u201dtaloudelliset vaikutukset riippuvat ennen kaikkea tulijoiden osaamisesta ja kotoutumisen onnistumisesta\u201d. Sit\u00e4 ei k\u00e4y kiist\u00e4minen. Siksi mustavalkoisen joko-tai -keskustelun sijaan tulisi pohtia [&hellip;]","og_url":"https:\/\/andersadlercreutz.fi\/blog\/blog\/harmaan-savyja-maahanmuuttokeskusteluun\/?lang=fi","og_site_name":"Anders Adlercreutz","article_published_time":"2026-03-23T20:35:35+00:00","og_image":[{"width":1030,"height":738,"url":"https:\/\/andersadlercreutz.fi\/blog\/wp-content\/uploads\/2025\/08\/DK1A2896-copy-1030x738.jpg","type":"image\/jpeg"}],"author":"Anders","twitter_card":"summary_large_image","twitter_misc":{"Skriven av":"Anders","Ber\u00e4knad l\u00e4stid":"3 minuter"},"schema":{"@context":"https:\/\/schema.org","@graph":[{"@type":"WebPage","@id":"https:\/\/andersadlercreutz.fi\/blog\/blog\/harmaan-savyja-maahanmuuttokeskusteluun\/?lang=fi","url":"https:\/\/andersadlercreutz.fi\/blog\/blog\/harmaan-savyja-maahanmuuttokeskusteluun\/?lang=fi","name":"Harmaan s\u00e4vyj\u00e4 maahanmuuttokeskusteluun - Anders Adlercreutz","isPartOf":{"@id":"https:\/\/andersadlercreutz.fi\/blog\/#website"},"datePublished":"2026-03-23T20:35:35+00:00","dateModified":"2026-03-23T20:35:35+00:00","author":{"@id":"https:\/\/andersadlercreutz.fi\/blog\/#\/schema\/person\/47d4b72eded862b484f74bb4b3a2354f"},"breadcrumb":{"@id":"https:\/\/andersadlercreutz.fi\/blog\/blog\/harmaan-savyja-maahanmuuttokeskusteluun\/?lang=fi#breadcrumb"},"inLanguage":"sv-SE","potentialAction":[{"@type":"ReadAction","target":["https:\/\/andersadlercreutz.fi\/blog\/blog\/harmaan-savyja-maahanmuuttokeskusteluun\/?lang=fi"]}]},{"@type":"BreadcrumbList","@id":"https:\/\/andersadlercreutz.fi\/blog\/blog\/harmaan-savyja-maahanmuuttokeskusteluun\/?lang=fi#breadcrumb","itemListElement":[{"@type":"ListItem","position":1,"name":"Home","item":"https:\/\/andersadlercreutz.fi\/blog\/blogg\/?lang=sv"},{"@type":"ListItem","position":2,"name":"Harmaan s\u00e4vyj\u00e4 maahanmuuttokeskusteluun"}]},{"@type":"WebSite","@id":"https:\/\/andersadlercreutz.fi\/blog\/#website","url":"https:\/\/andersadlercreutz.fi\/blog\/","name":"Anders Adlercreutz","description":"Du. Jag. Vi. Kest&auml;v&auml;sti optimisti","potentialAction":[{"@type":"SearchAction","target":{"@type":"EntryPoint","urlTemplate":"https:\/\/andersadlercreutz.fi\/blog\/?s={search_term_string}"},"query-input":"required name=search_term_string"}],"inLanguage":"sv-SE"},{"@type":"Person","@id":"https:\/\/andersadlercreutz.fi\/blog\/#\/schema\/person\/47d4b72eded862b484f74bb4b3a2354f","name":"Anders","image":{"@type":"ImageObject","inLanguage":"sv-SE","@id":"https:\/\/andersadlercreutz.fi\/blog\/#\/schema\/person\/image\/","url":"https:\/\/secure.gravatar.com\/avatar\/a144c9bda7a581ff6fabba169027e620?s=96&d=mm&r=g","contentUrl":"https:\/\/secure.gravatar.com\/avatar\/a144c9bda7a581ff6fabba169027e620?s=96&d=mm&r=g","caption":"Anders"},"url":"https:\/\/andersadlercreutz.fi\/blog\/author\/admin\/"}]}},"jetpack_featured_media_url":"https:\/\/i0.wp.com\/andersadlercreutz.fi\/blog\/wp-content\/uploads\/2025\/08\/DK1A2896-copy-scaled-e1755002195584.jpg?fit=2560%2C1833&ssl=1","jetpack_shortlink":"https:\/\/wp.me\/p4T6Dh-2Vj","jetpack_sharing_enabled":true,"_links":{"self":[{"href":"https:\/\/andersadlercreutz.fi\/blog\/wp-json\/wp\/v2\/posts\/11241"}],"collection":[{"href":"https:\/\/andersadlercreutz.fi\/blog\/wp-json\/wp\/v2\/posts"}],"about":[{"href":"https:\/\/andersadlercreutz.fi\/blog\/wp-json\/wp\/v2\/types\/post"}],"author":[{"embeddable":true,"href":"https:\/\/andersadlercreutz.fi\/blog\/wp-json\/wp\/v2\/users\/1"}],"replies":[{"embeddable":true,"href":"https:\/\/andersadlercreutz.fi\/blog\/wp-json\/wp\/v2\/comments?post=11241"}],"version-history":[{"count":2,"href":"https:\/\/andersadlercreutz.fi\/blog\/wp-json\/wp\/v2\/posts\/11241\/revisions"}],"predecessor-version":[{"id":11243,"href":"https:\/\/andersadlercreutz.fi\/blog\/wp-json\/wp\/v2\/posts\/11241\/revisions\/11243"}],"wp:featuredmedia":[{"embeddable":true,"href":"https:\/\/andersadlercreutz.fi\/blog\/wp-json\/wp\/v2\/media\/10688"}],"wp:attachment":[{"href":"https:\/\/andersadlercreutz.fi\/blog\/wp-json\/wp\/v2\/media?parent=11241"}],"wp:term":[{"taxonomy":"category","embeddable":true,"href":"https:\/\/andersadlercreutz.fi\/blog\/wp-json\/wp\/v2\/categories?post=11241"},{"taxonomy":"post_tag","embeddable":true,"href":"https:\/\/andersadlercreutz.fi\/blog\/wp-json\/wp\/v2\/tags?post=11241"}],"curies":[{"name":"wp","href":"https:\/\/api.w.org\/{rel}","templated":true}]}}