{"id":11244,"date":"2026-03-24T10:17:09","date_gmt":"2026-03-24T08:17:09","guid":{"rendered":"https:\/\/andersadlercreutz.fi\/blog\/?p=11244"},"modified":"2026-03-24T10:17:09","modified_gmt":"2026-03-24T08:17:09","slug":"lat-varje-dag-vara-nordens-dag","status":"publish","type":"post","link":"https:\/\/andersadlercreutz.fi\/blog\/blogg\/lat-varje-dag-vara-nordens-dag\/","title":{"rendered":"L\u00e5t varje dag vara Nordens dag"},"content":{"rendered":"<p><span style=\"font-weight: 400;\">F\u00f6r 64 \u00e5r sedan, den 23 mars 1962, undertecknades Helsingforsavtalet \u2013 det avtal som gav det nordiska samarbetet dess ramar. Dagen firar vi som Nordens dag, f\u00f6r att p\u00e5minna oss om den unika gemenskap vi delar.<\/span><\/p>\n<p><span style=\"font-weight: 400;\">Under \u00e5rens lopp har samarbetet pr\u00f6vats. Migrationen och pandemin satte det under press, och f\u00f6rhoppningsvis har vi ocks\u00e5 tagit l\u00e4rdom av det. I dag \u00e4r det nordiska samarbetet m\u00e5ngfacetterat: v\u00e5ra regeringar samverkar inom Nordiska ministerr\u00e5det och v\u00e5ra parlament inom Nordiska r\u00e5det. De senaste \u00e5rens s\u00e4kerhetspolitiska f\u00f6r\u00e4ndringar har dessutom f\u00f6rdjupat samarbetet ytterligare \u2013 genom v\u00e5rt gemensamma Natomedlemskap och ett t\u00e4tare samarbete kring till exempel krisberedskap. De senaste tidernas diskussion kring k\u00e4rnvapen \u00e4r ocks\u00e5 en del av en harmonisering av v\u00e5r lagstiftning &#8211; om \u00e4n kring ett bistert tema.\u00a0<\/span><\/p>\n<p><span style=\"font-weight: 400;\">F\u00f6r m\u00e5nga \u00e4r det \u00e4nd\u00e5 de vardagliga kontakterna som binder oss samman. S\u00e4rskilt vi finl\u00e4ndare r\u00f6r p\u00e5 oss \u2013 i Sverige bor i dag \u00f6ver 120 000 personer f\u00f6dda i Finland. Det ska vara enkelt att r\u00f6ra sig i Norden. Det ska k\u00e4nnas lika naturligt att studera i \u00c5rhus eller Lund som i \u00c5bo. Vi berikas n\u00e4r m\u00e4nniskor r\u00f6r sig i alla riktningar \u2013 och h\u00e4r finns det mycket att g\u00f6ra.<\/span><\/p>\n<p><span style=\"font-weight: 400;\">I en allt mer komplex v\u00e4rld \u00e4r det avg\u00f6rande att ha v\u00e4nner och allierade. Var f\u00f6r sig \u00e4r de nordiska l\u00e4nderna sm\u00e5, men tillsammans utg\u00f6r vi en kraft som \u00e4r st\u00f6rre \u00e4n summan av v\u00e5ra delar. F\u00e5 regioner i v\u00e4rlden har ett lika starkt varum\u00e4rke som Norden. Det blev vi \u00e5ter p\u00e5minda om n\u00e4r World Happiness Report nyligen publicerades: alla fem nordiska l\u00e4nder placerade sig bland de sex fr\u00e4msta, med Finland i topp.<\/span><\/p>\n<p><span style=\"font-weight: 400;\">Samtidigt har v\u00e5ra samh\u00e4llen utvecklats p\u00e5 olika s\u00e4tt. Den danska socialdemokratins syn p\u00e5 invandring har f\u00f6rst\u00e5eligt nog v\u00e4ckt f\u00f6rv\u00e5nade reaktioner i andra nordiska l\u00e4nder. I Finland har det varit sv\u00e5rt f\u00f6r vissa att f\u00f6rh\u00e5lla sig till de svenska socialdemokraternas skattepolitiska reformer, som avskaffandet av arvsskatten. Det \u00e4r viktigt att f\u00f6rst\u00e5 varje lands s\u00e4rskilda f\u00f6ruts\u00e4ttningar \u2013 men ocks\u00e5 att vara \u00f6ppen f\u00f6r att goda l\u00f6sningar kan fungera p\u00e5 fler h\u00e5ll.<\/span><\/p>\n<p><span style=\"font-weight: 400;\">Alla nordiska l\u00e4nder beh\u00f6ver tillv\u00e4xt. V\u00e5ra v\u00e4lf\u00e4rdssamh\u00e4llen m\u00e5ste vara l\u00e5ngsiktigt h\u00e5llbara. Genom ett t\u00e4tt samarbete har vi i Norden alla f\u00f6ruts\u00e4ttningar att lyckas \u00e4nnu b\u00e4ttre.<\/span><\/p>\n<p><span style=\"font-weight: 400;\">Under denna regeringsperiod har samarbetet varit ovanligt n\u00e4ra och konkret. Det svensk-finska regeringsm\u00f6tet 2024 \u00e4r ett tydligt exempel. P\u00e5 EU-niv\u00e5 \u00e4r v\u00e5r koordinering starkare \u00e4n tidigare, och i takt med att s\u00e4kerhetsfr\u00e5gorna f\u00e5tt st\u00f6rre tyngd har ocks\u00e5 Norden blivit mer synligt.<\/span><\/p>\n<p><span style=\"font-weight: 400;\">Det \u00e4r ocks\u00e5 n\u00f6dv\u00e4ndigt. N\u00e4r frihandel, r\u00e4ttsstat, j\u00e4mst\u00e4lldhet, h\u00e5llbarhet och s\u00e4kerhet utmanas globalt kan de nordiska l\u00e4nderna bidra med erfarenheter och l\u00f6sningar som beh\u00f6vs \u2013 inte bara inom EU utan i v\u00e4rlden i stort. Finland beh\u00f6ver ett starkare Norden, EU beh\u00f6ver mer nordiskt inflytande, och v\u00e4rlden beh\u00f6ver ett mer nordiskt EU.<\/span><\/p>\n<p><span style=\"font-weight: 400;\">De nordiska statsministrarna har slagit fast m\u00e5let: Norden ska vara v\u00e4rldens mest integrerade region \u00e5r 2030. Tiden g\u00e5r snabbt, och vi beh\u00f6ver aktivt f\u00f6rdjupa samarbetet f\u00f6r att n\u00e5 dit. Det formella samarbetet har sina verktyg \u2013 som Gr\u00e4nshinderr\u00e5det, d\u00e4r Finlands representant Astrid Thors arbetar med att identifiera hinder och f\u00f6resl\u00e5 l\u00f6sningar. Men ansvaret ligger ocks\u00e5 hos oss alla. Genom v\u00e5ra egna val kan vi st\u00e4rka den nordiska gemenskapen i vardagen.<\/span><\/p>\n<p><span style=\"font-weight: 400;\">Nordens dag firas en g\u00e5ng om \u00e5ret.<\/span><\/p>\n<p><span style=\"font-weight: 400;\">Men vi som lever i Norden har anledning att fira betydligt oftare \u00e4n s\u00e5.<\/span><\/p>\n","protected":false},"excerpt":{"rendered":"<p>F\u00f6r 64 \u00e5r sedan, den 23 mars 1962, undertecknades Helsingforsavtalet \u2013 det avtal som gav det nordiska samarbetet dess ramar. Dagen firar vi som Nordens dag, f\u00f6r att p\u00e5minna oss om den unika gemenskap vi delar. Under \u00e5rens lopp har samarbetet pr\u00f6vats. Migrationen och pandemin satte det under press, och f\u00f6rhoppningsvis har vi ocks\u00e5 tagit [&hellip;]<\/p>\n","protected":false},"author":1,"featured_media":10860,"comment_status":"open","ping_status":"open","sticky":false,"template":"","format":"standard","meta":{"jetpack_post_was_ever_published":false,"_jetpack_newsletter_access":"","jetpack_publicize_message":"","jetpack_is_tweetstorm":false,"jetpack_publicize_feature_enabled":true,"jetpack_social_post_already_shared":true,"jetpack_social_options":{"image_generator_settings":{"template":"highway","enabled":false}}},"categories":[27,45,129,88],"tags":[],"jetpack_publicize_connections":[],"yoast_head":"<!-- This site is optimized with the Yoast SEO plugin v20.12 - https:\/\/yoast.com\/wordpress\/plugins\/seo\/ -->\n<title>L\u00e5t varje dag vara Nordens dag - Anders Adlercreutz<\/title>\n<meta name=\"robots\" content=\"index, follow, max-snippet:-1, max-image-preview:large, max-video-preview:-1\" \/>\n<link rel=\"canonical\" href=\"https:\/\/andersadlercreutz.fi\/blog\/blogg\/lat-varje-dag-vara-nordens-dag\/\" \/>\n<meta property=\"og:locale\" content=\"sv_SE\" \/>\n<meta property=\"og:type\" content=\"article\" \/>\n<meta property=\"og:title\" content=\"L\u00e5t varje dag vara Nordens dag - Anders Adlercreutz\" \/>\n<meta property=\"og:description\" content=\"F\u00f6r 64 \u00e5r sedan, den 23 mars 1962, undertecknades Helsingforsavtalet \u2013 det avtal som gav det nordiska samarbetet dess ramar. Dagen firar vi som Nordens dag, f\u00f6r att p\u00e5minna oss om den unika gemenskap vi delar. Under \u00e5rens lopp har samarbetet pr\u00f6vats. Migrationen och pandemin satte det under press, och f\u00f6rhoppningsvis har vi ocks\u00e5 tagit [&hellip;]\" \/>\n<meta property=\"og:url\" content=\"https:\/\/andersadlercreutz.fi\/blog\/blogg\/lat-varje-dag-vara-nordens-dag\/\" \/>\n<meta property=\"og:site_name\" content=\"Anders Adlercreutz\" \/>\n<meta property=\"article:published_time\" content=\"2026-03-24T08:17:09+00:00\" \/>\n<meta property=\"og:image\" content=\"https:\/\/andersadlercreutz.fi\/blog\/wp-content\/uploads\/2025\/09\/MG_7762-1030x687.jpg\" \/>\n\t<meta property=\"og:image:width\" content=\"1030\" \/>\n\t<meta property=\"og:image:height\" content=\"687\" \/>\n\t<meta property=\"og:image:type\" content=\"image\/jpeg\" \/>\n<meta name=\"author\" content=\"Anders\" \/>\n<meta name=\"twitter:card\" content=\"summary_large_image\" \/>\n<meta name=\"twitter:label1\" content=\"Skriven av\" \/>\n\t<meta name=\"twitter:data1\" content=\"Anders\" \/>\n\t<meta name=\"twitter:label2\" content=\"Ber\u00e4knad l\u00e4stid\" \/>\n\t<meta name=\"twitter:data2\" content=\"3 minuter\" \/>\n<script type=\"application\/ld+json\" class=\"yoast-schema-graph\">{\"@context\":\"https:\/\/schema.org\",\"@graph\":[{\"@type\":\"WebPage\",\"@id\":\"https:\/\/andersadlercreutz.fi\/blog\/blogg\/lat-varje-dag-vara-nordens-dag\/\",\"url\":\"https:\/\/andersadlercreutz.fi\/blog\/blogg\/lat-varje-dag-vara-nordens-dag\/\",\"name\":\"L\u00e5t varje dag vara Nordens dag - Anders Adlercreutz\",\"isPartOf\":{\"@id\":\"https:\/\/andersadlercreutz.fi\/blog\/#website\"},\"datePublished\":\"2026-03-24T08:17:09+00:00\",\"dateModified\":\"2026-03-24T08:17:09+00:00\",\"author\":{\"@id\":\"https:\/\/andersadlercreutz.fi\/blog\/#\/schema\/person\/47d4b72eded862b484f74bb4b3a2354f\"},\"breadcrumb\":{\"@id\":\"https:\/\/andersadlercreutz.fi\/blog\/blogg\/lat-varje-dag-vara-nordens-dag\/#breadcrumb\"},\"inLanguage\":\"sv-SE\",\"potentialAction\":[{\"@type\":\"ReadAction\",\"target\":[\"https:\/\/andersadlercreutz.fi\/blog\/blogg\/lat-varje-dag-vara-nordens-dag\/\"]}]},{\"@type\":\"BreadcrumbList\",\"@id\":\"https:\/\/andersadlercreutz.fi\/blog\/blogg\/lat-varje-dag-vara-nordens-dag\/#breadcrumb\",\"itemListElement\":[{\"@type\":\"ListItem\",\"position\":1,\"name\":\"Home\",\"item\":\"https:\/\/andersadlercreutz.fi\/blog\/blogg\/?lang=sv\"},{\"@type\":\"ListItem\",\"position\":2,\"name\":\"L\u00e5t varje dag vara Nordens dag\"}]},{\"@type\":\"WebSite\",\"@id\":\"https:\/\/andersadlercreutz.fi\/blog\/#website\",\"url\":\"https:\/\/andersadlercreutz.fi\/blog\/\",\"name\":\"Anders Adlercreutz\",\"description\":\"Du. Jag. Vi. Kest&auml;v&auml;sti optimisti\",\"potentialAction\":[{\"@type\":\"SearchAction\",\"target\":{\"@type\":\"EntryPoint\",\"urlTemplate\":\"https:\/\/andersadlercreutz.fi\/blog\/?s={search_term_string}\"},\"query-input\":\"required name=search_term_string\"}],\"inLanguage\":\"sv-SE\"},{\"@type\":\"Person\",\"@id\":\"https:\/\/andersadlercreutz.fi\/blog\/#\/schema\/person\/47d4b72eded862b484f74bb4b3a2354f\",\"name\":\"Anders\",\"image\":{\"@type\":\"ImageObject\",\"inLanguage\":\"sv-SE\",\"@id\":\"https:\/\/andersadlercreutz.fi\/blog\/#\/schema\/person\/image\/\",\"url\":\"https:\/\/secure.gravatar.com\/avatar\/a144c9bda7a581ff6fabba169027e620?s=96&d=mm&r=g\",\"contentUrl\":\"https:\/\/secure.gravatar.com\/avatar\/a144c9bda7a581ff6fabba169027e620?s=96&d=mm&r=g\",\"caption\":\"Anders\"},\"url\":\"https:\/\/andersadlercreutz.fi\/blog\/author\/admin\/\"}]}<\/script>\n<!-- \/ Yoast SEO plugin. -->","yoast_head_json":{"title":"L\u00e5t varje dag vara Nordens dag - Anders Adlercreutz","robots":{"index":"index","follow":"follow","max-snippet":"max-snippet:-1","max-image-preview":"max-image-preview:large","max-video-preview":"max-video-preview:-1"},"canonical":"https:\/\/andersadlercreutz.fi\/blog\/blogg\/lat-varje-dag-vara-nordens-dag\/","og_locale":"sv_SE","og_type":"article","og_title":"L\u00e5t varje dag vara Nordens dag - Anders Adlercreutz","og_description":"F\u00f6r 64 \u00e5r sedan, den 23 mars 1962, undertecknades Helsingforsavtalet \u2013 det avtal som gav det nordiska samarbetet dess ramar. Dagen firar vi som Nordens dag, f\u00f6r att p\u00e5minna oss om den unika gemenskap vi delar. Under \u00e5rens lopp har samarbetet pr\u00f6vats. Migrationen och pandemin satte det under press, och f\u00f6rhoppningsvis har vi ocks\u00e5 tagit [&hellip;]","og_url":"https:\/\/andersadlercreutz.fi\/blog\/blogg\/lat-varje-dag-vara-nordens-dag\/","og_site_name":"Anders Adlercreutz","article_published_time":"2026-03-24T08:17:09+00:00","og_image":[{"width":1030,"height":687,"url":"https:\/\/andersadlercreutz.fi\/blog\/wp-content\/uploads\/2025\/09\/MG_7762-1030x687.jpg","type":"image\/jpeg"}],"author":"Anders","twitter_card":"summary_large_image","twitter_misc":{"Skriven av":"Anders","Ber\u00e4knad l\u00e4stid":"3 minuter"},"schema":{"@context":"https:\/\/schema.org","@graph":[{"@type":"WebPage","@id":"https:\/\/andersadlercreutz.fi\/blog\/blogg\/lat-varje-dag-vara-nordens-dag\/","url":"https:\/\/andersadlercreutz.fi\/blog\/blogg\/lat-varje-dag-vara-nordens-dag\/","name":"L\u00e5t varje dag vara Nordens dag - Anders Adlercreutz","isPartOf":{"@id":"https:\/\/andersadlercreutz.fi\/blog\/#website"},"datePublished":"2026-03-24T08:17:09+00:00","dateModified":"2026-03-24T08:17:09+00:00","author":{"@id":"https:\/\/andersadlercreutz.fi\/blog\/#\/schema\/person\/47d4b72eded862b484f74bb4b3a2354f"},"breadcrumb":{"@id":"https:\/\/andersadlercreutz.fi\/blog\/blogg\/lat-varje-dag-vara-nordens-dag\/#breadcrumb"},"inLanguage":"sv-SE","potentialAction":[{"@type":"ReadAction","target":["https:\/\/andersadlercreutz.fi\/blog\/blogg\/lat-varje-dag-vara-nordens-dag\/"]}]},{"@type":"BreadcrumbList","@id":"https:\/\/andersadlercreutz.fi\/blog\/blogg\/lat-varje-dag-vara-nordens-dag\/#breadcrumb","itemListElement":[{"@type":"ListItem","position":1,"name":"Home","item":"https:\/\/andersadlercreutz.fi\/blog\/blogg\/?lang=sv"},{"@type":"ListItem","position":2,"name":"L\u00e5t varje dag vara Nordens dag"}]},{"@type":"WebSite","@id":"https:\/\/andersadlercreutz.fi\/blog\/#website","url":"https:\/\/andersadlercreutz.fi\/blog\/","name":"Anders Adlercreutz","description":"Du. Jag. Vi. Kest&auml;v&auml;sti optimisti","potentialAction":[{"@type":"SearchAction","target":{"@type":"EntryPoint","urlTemplate":"https:\/\/andersadlercreutz.fi\/blog\/?s={search_term_string}"},"query-input":"required name=search_term_string"}],"inLanguage":"sv-SE"},{"@type":"Person","@id":"https:\/\/andersadlercreutz.fi\/blog\/#\/schema\/person\/47d4b72eded862b484f74bb4b3a2354f","name":"Anders","image":{"@type":"ImageObject","inLanguage":"sv-SE","@id":"https:\/\/andersadlercreutz.fi\/blog\/#\/schema\/person\/image\/","url":"https:\/\/secure.gravatar.com\/avatar\/a144c9bda7a581ff6fabba169027e620?s=96&d=mm&r=g","contentUrl":"https:\/\/secure.gravatar.com\/avatar\/a144c9bda7a581ff6fabba169027e620?s=96&d=mm&r=g","caption":"Anders"},"url":"https:\/\/andersadlercreutz.fi\/blog\/author\/admin\/"}]}},"jetpack_featured_media_url":"https:\/\/i0.wp.com\/andersadlercreutz.fi\/blog\/wp-content\/uploads\/2025\/09\/MG_7762-scaled.jpg?fit=2560%2C1707&ssl=1","jetpack_shortlink":"https:\/\/wp.me\/p4T6Dh-2Vm","jetpack_sharing_enabled":true,"_links":{"self":[{"href":"https:\/\/andersadlercreutz.fi\/blog\/wp-json\/wp\/v2\/posts\/11244"}],"collection":[{"href":"https:\/\/andersadlercreutz.fi\/blog\/wp-json\/wp\/v2\/posts"}],"about":[{"href":"https:\/\/andersadlercreutz.fi\/blog\/wp-json\/wp\/v2\/types\/post"}],"author":[{"embeddable":true,"href":"https:\/\/andersadlercreutz.fi\/blog\/wp-json\/wp\/v2\/users\/1"}],"replies":[{"embeddable":true,"href":"https:\/\/andersadlercreutz.fi\/blog\/wp-json\/wp\/v2\/comments?post=11244"}],"version-history":[{"count":2,"href":"https:\/\/andersadlercreutz.fi\/blog\/wp-json\/wp\/v2\/posts\/11244\/revisions"}],"predecessor-version":[{"id":11246,"href":"https:\/\/andersadlercreutz.fi\/blog\/wp-json\/wp\/v2\/posts\/11244\/revisions\/11246"}],"wp:featuredmedia":[{"embeddable":true,"href":"https:\/\/andersadlercreutz.fi\/blog\/wp-json\/wp\/v2\/media\/10860"}],"wp:attachment":[{"href":"https:\/\/andersadlercreutz.fi\/blog\/wp-json\/wp\/v2\/media?parent=11244"}],"wp:term":[{"taxonomy":"category","embeddable":true,"href":"https:\/\/andersadlercreutz.fi\/blog\/wp-json\/wp\/v2\/categories?post=11244"},{"taxonomy":"post_tag","embeddable":true,"href":"https:\/\/andersadlercreutz.fi\/blog\/wp-json\/wp\/v2\/tags?post=11244"}],"curies":[{"name":"wp","href":"https:\/\/api.w.org\/{rel}","templated":true}]}}