{"id":11247,"date":"2026-03-27T09:04:10","date_gmt":"2026-03-27T07:04:10","guid":{"rendered":"https:\/\/andersadlercreutz.fi\/blog\/?p=11247"},"modified":"2026-03-27T09:04:10","modified_gmt":"2026-03-27T07:04:10","slug":"nu-ger-vi-eleverna-en-likvardig-och-rattvis-bedomning","status":"publish","type":"post","link":"https:\/\/andersadlercreutz.fi\/blog\/1-utbildning\/nu-ger-vi-eleverna-en-likvardig-och-rattvis-bedomning\/","title":{"rendered":"Nu ger vi eleverna en likv\u00e4rdig och r\u00e4ttvis bed\u00f6mning"},"content":{"rendered":"<div class=\"excerpt\">\n<p>\u2013 Kunskapsgarantin \u00e4r en viktig reform. Med hj\u00e4lp av den kan vi s\u00e4kerst\u00e4lla att varje elev har tillr\u00e4ckliga kunskaper f\u00f6r att g\u00e5 vidare till n\u00e4sta \u00e5rskurs. Samtidigt ser vi till att bed\u00f6mningen \u00e4r r\u00e4ttvis, oberoende av vilken skola eleven g\u00e5r i, s\u00e4ger SFP:s ordf\u00f6rande och undervisningsminister Anders Adlercreutz.<\/p>\n<\/div>\n<div class=\"resizable\">\n<p>\u2013 Skolan ska vara r\u00e4ttvis och f\u00f6ruts\u00e4gbar. Eleverna ska kunna lita p\u00e5 att samma krav g\u00e4ller i alla kommuner och skolor, s\u00e4ger Adlercreutz.<\/p>\n<p>Konkret inneb\u00e4r reformen att tydligare best\u00e4mmelser om bed\u00f6mning och uppflyttning fastst\u00e4lls i lag som ett st\u00f6d f\u00f6r l\u00e4rarna och f\u00f6r att garantera en lika bed\u00f6mning i hela landet. Genom enhetliga kriterier f\u00f6r n\u00e4r en elev kan g\u00e5 vidare till n\u00e4sta \u00e5rskurs s\u00e4kerst\u00e4lls att eleven har de kunskaper som beh\u00f6vs f\u00f6r att klara n\u00e4sta steg.<\/p>\n<p>\u2013 Om en elev trots st\u00f6d\u00e5tg\u00e4rder inte har uppn\u00e5tt de kunskaper som beh\u00f6vs, och d\u00e4rmed f\u00e5tt underk\u00e4nt i ett eller flera \u00e4mnen, kan eleven inte g\u00e5 vidare till n\u00e4sta \u00e5rskurs. P\u00e5 det h\u00e4r s\u00e4ttet s\u00e4kerst\u00e4ller vi att alla barn har den kunskapsniv\u00e5 som beh\u00f6vs f\u00f6r att g\u00e5 vidare till f\u00f6ljande \u00e5rskurs, s\u00e4ger Adlercreutz.<\/p>\n<p>En elev som inte n\u00e5r m\u00e5len ska ges m\u00f6jlighet att visa sitt kunnande p\u00e5 nytt. Samtidigt inf\u00f6rs ett krav p\u00e5 mellanbetyg i \u00e5rskurs 9, f\u00f6r att ge en fingervisning av kunskapsl\u00e4get inf\u00f6r fortsatta skolg\u00e5ngen.<\/p>\n<\/div>\n","protected":false},"excerpt":{"rendered":"<p>\u2013 Kunskapsgarantin \u00e4r en viktig reform. Med hj\u00e4lp av den kan vi s\u00e4kerst\u00e4lla att varje elev har tillr\u00e4ckliga kunskaper f\u00f6r att g\u00e5 vidare till n\u00e4sta \u00e5rskurs. Samtidigt ser vi till att bed\u00f6mningen \u00e4r r\u00e4ttvis, oberoende av vilken skola eleven g\u00e5r i, s\u00e4ger SFP:s ordf\u00f6rande och undervisningsminister Anders Adlercreutz. \u2013 Skolan ska vara r\u00e4ttvis och f\u00f6ruts\u00e4gbar. [&hellip;]<\/p>\n","protected":false},"author":1,"featured_media":11263,"comment_status":"open","ping_status":"open","sticky":false,"template":"","format":"standard","meta":{"jetpack_post_was_ever_published":false,"_jetpack_newsletter_access":"","jetpack_publicize_message":"","jetpack_is_tweetstorm":false,"jetpack_publicize_feature_enabled":true,"jetpack_social_post_already_shared":true,"jetpack_social_options":{"image_generator_settings":{"template":"highway","enabled":false}}},"categories":[27,45,72,114,88,123],"tags":[],"jetpack_publicize_connections":[],"yoast_head":"<!-- This site is optimized with the Yoast SEO plugin v20.12 - https:\/\/yoast.com\/wordpress\/plugins\/seo\/ -->\n<title>Nu ger vi eleverna en likv\u00e4rdig och r\u00e4ttvis bed\u00f6mning - Anders Adlercreutz<\/title>\n<meta name=\"robots\" content=\"index, follow, max-snippet:-1, max-image-preview:large, max-video-preview:-1\" \/>\n<link rel=\"canonical\" href=\"https:\/\/andersadlercreutz.fi\/blog\/1-utbildning\/nu-ger-vi-eleverna-en-likvardig-och-rattvis-bedomning\/\" \/>\n<meta property=\"og:locale\" content=\"sv_SE\" \/>\n<meta property=\"og:type\" content=\"article\" \/>\n<meta property=\"og:title\" content=\"Nu ger vi eleverna en likv\u00e4rdig och r\u00e4ttvis bed\u00f6mning - Anders Adlercreutz\" \/>\n<meta property=\"og:description\" content=\"\u2013 Kunskapsgarantin \u00e4r en viktig reform. Med hj\u00e4lp av den kan vi s\u00e4kerst\u00e4lla att varje elev har tillr\u00e4ckliga kunskaper f\u00f6r att g\u00e5 vidare till n\u00e4sta \u00e5rskurs. Samtidigt ser vi till att bed\u00f6mningen \u00e4r r\u00e4ttvis, oberoende av vilken skola eleven g\u00e5r i, s\u00e4ger SFP:s ordf\u00f6rande och undervisningsminister Anders Adlercreutz. \u2013 Skolan ska vara r\u00e4ttvis och f\u00f6ruts\u00e4gbar. [&hellip;]\" \/>\n<meta property=\"og:url\" content=\"https:\/\/andersadlercreutz.fi\/blog\/1-utbildning\/nu-ger-vi-eleverna-en-likvardig-och-rattvis-bedomning\/\" \/>\n<meta property=\"og:site_name\" content=\"Anders Adlercreutz\" \/>\n<meta property=\"article:published_time\" content=\"2026-03-27T07:04:10+00:00\" \/>\n<meta property=\"og:image\" content=\"https:\/\/andersadlercreutz.fi\/blog\/wp-content\/uploads\/2026\/03\/0S6A9617-1030x687.jpg\" \/>\n\t<meta property=\"og:image:width\" content=\"1030\" \/>\n\t<meta property=\"og:image:height\" content=\"687\" \/>\n\t<meta property=\"og:image:type\" content=\"image\/jpeg\" \/>\n<meta name=\"author\" content=\"Anders\" \/>\n<meta name=\"twitter:card\" content=\"summary_large_image\" \/>\n<meta name=\"twitter:label1\" content=\"Skriven av\" \/>\n\t<meta name=\"twitter:data1\" content=\"Anders\" \/>\n\t<meta name=\"twitter:label2\" content=\"Ber\u00e4knad l\u00e4stid\" \/>\n\t<meta name=\"twitter:data2\" content=\"2 minuter\" \/>\n<script type=\"application\/ld+json\" class=\"yoast-schema-graph\">{\"@context\":\"https:\/\/schema.org\",\"@graph\":[{\"@type\":\"WebPage\",\"@id\":\"https:\/\/andersadlercreutz.fi\/blog\/1-utbildning\/nu-ger-vi-eleverna-en-likvardig-och-rattvis-bedomning\/\",\"url\":\"https:\/\/andersadlercreutz.fi\/blog\/1-utbildning\/nu-ger-vi-eleverna-en-likvardig-och-rattvis-bedomning\/\",\"name\":\"Nu ger vi eleverna en likv\u00e4rdig och r\u00e4ttvis bed\u00f6mning - Anders Adlercreutz\",\"isPartOf\":{\"@id\":\"https:\/\/andersadlercreutz.fi\/blog\/#website\"},\"datePublished\":\"2026-03-27T07:04:10+00:00\",\"dateModified\":\"2026-03-27T07:04:10+00:00\",\"author\":{\"@id\":\"https:\/\/andersadlercreutz.fi\/blog\/#\/schema\/person\/47d4b72eded862b484f74bb4b3a2354f\"},\"breadcrumb\":{\"@id\":\"https:\/\/andersadlercreutz.fi\/blog\/1-utbildning\/nu-ger-vi-eleverna-en-likvardig-och-rattvis-bedomning\/#breadcrumb\"},\"inLanguage\":\"sv-SE\",\"potentialAction\":[{\"@type\":\"ReadAction\",\"target\":[\"https:\/\/andersadlercreutz.fi\/blog\/1-utbildning\/nu-ger-vi-eleverna-en-likvardig-och-rattvis-bedomning\/\"]}]},{\"@type\":\"BreadcrumbList\",\"@id\":\"https:\/\/andersadlercreutz.fi\/blog\/1-utbildning\/nu-ger-vi-eleverna-en-likvardig-och-rattvis-bedomning\/#breadcrumb\",\"itemListElement\":[{\"@type\":\"ListItem\",\"position\":1,\"name\":\"Home\",\"item\":\"https:\/\/andersadlercreutz.fi\/blog\/blogg\/?lang=sv\"},{\"@type\":\"ListItem\",\"position\":2,\"name\":\"Nu ger vi eleverna en likv\u00e4rdig och r\u00e4ttvis bed\u00f6mning\"}]},{\"@type\":\"WebSite\",\"@id\":\"https:\/\/andersadlercreutz.fi\/blog\/#website\",\"url\":\"https:\/\/andersadlercreutz.fi\/blog\/\",\"name\":\"Anders Adlercreutz\",\"description\":\"Du. Jag. Vi. Kest&auml;v&auml;sti optimisti\",\"potentialAction\":[{\"@type\":\"SearchAction\",\"target\":{\"@type\":\"EntryPoint\",\"urlTemplate\":\"https:\/\/andersadlercreutz.fi\/blog\/?s={search_term_string}\"},\"query-input\":\"required name=search_term_string\"}],\"inLanguage\":\"sv-SE\"},{\"@type\":\"Person\",\"@id\":\"https:\/\/andersadlercreutz.fi\/blog\/#\/schema\/person\/47d4b72eded862b484f74bb4b3a2354f\",\"name\":\"Anders\",\"image\":{\"@type\":\"ImageObject\",\"inLanguage\":\"sv-SE\",\"@id\":\"https:\/\/andersadlercreutz.fi\/blog\/#\/schema\/person\/image\/\",\"url\":\"https:\/\/secure.gravatar.com\/avatar\/a144c9bda7a581ff6fabba169027e620?s=96&d=mm&r=g\",\"contentUrl\":\"https:\/\/secure.gravatar.com\/avatar\/a144c9bda7a581ff6fabba169027e620?s=96&d=mm&r=g\",\"caption\":\"Anders\"},\"url\":\"https:\/\/andersadlercreutz.fi\/blog\/author\/admin\/\"}]}<\/script>\n<!-- \/ Yoast SEO plugin. -->","yoast_head_json":{"title":"Nu ger vi eleverna en likv\u00e4rdig och r\u00e4ttvis bed\u00f6mning - Anders Adlercreutz","robots":{"index":"index","follow":"follow","max-snippet":"max-snippet:-1","max-image-preview":"max-image-preview:large","max-video-preview":"max-video-preview:-1"},"canonical":"https:\/\/andersadlercreutz.fi\/blog\/1-utbildning\/nu-ger-vi-eleverna-en-likvardig-och-rattvis-bedomning\/","og_locale":"sv_SE","og_type":"article","og_title":"Nu ger vi eleverna en likv\u00e4rdig och r\u00e4ttvis bed\u00f6mning - Anders Adlercreutz","og_description":"\u2013 Kunskapsgarantin \u00e4r en viktig reform. Med hj\u00e4lp av den kan vi s\u00e4kerst\u00e4lla att varje elev har tillr\u00e4ckliga kunskaper f\u00f6r att g\u00e5 vidare till n\u00e4sta \u00e5rskurs. Samtidigt ser vi till att bed\u00f6mningen \u00e4r r\u00e4ttvis, oberoende av vilken skola eleven g\u00e5r i, s\u00e4ger SFP:s ordf\u00f6rande och undervisningsminister Anders Adlercreutz. \u2013 Skolan ska vara r\u00e4ttvis och f\u00f6ruts\u00e4gbar. [&hellip;]","og_url":"https:\/\/andersadlercreutz.fi\/blog\/1-utbildning\/nu-ger-vi-eleverna-en-likvardig-och-rattvis-bedomning\/","og_site_name":"Anders Adlercreutz","article_published_time":"2026-03-27T07:04:10+00:00","og_image":[{"width":1030,"height":687,"url":"https:\/\/andersadlercreutz.fi\/blog\/wp-content\/uploads\/2026\/03\/0S6A9617-1030x687.jpg","type":"image\/jpeg"}],"author":"Anders","twitter_card":"summary_large_image","twitter_misc":{"Skriven av":"Anders","Ber\u00e4knad l\u00e4stid":"2 minuter"},"schema":{"@context":"https:\/\/schema.org","@graph":[{"@type":"WebPage","@id":"https:\/\/andersadlercreutz.fi\/blog\/1-utbildning\/nu-ger-vi-eleverna-en-likvardig-och-rattvis-bedomning\/","url":"https:\/\/andersadlercreutz.fi\/blog\/1-utbildning\/nu-ger-vi-eleverna-en-likvardig-och-rattvis-bedomning\/","name":"Nu ger vi eleverna en likv\u00e4rdig och r\u00e4ttvis bed\u00f6mning - Anders Adlercreutz","isPartOf":{"@id":"https:\/\/andersadlercreutz.fi\/blog\/#website"},"datePublished":"2026-03-27T07:04:10+00:00","dateModified":"2026-03-27T07:04:10+00:00","author":{"@id":"https:\/\/andersadlercreutz.fi\/blog\/#\/schema\/person\/47d4b72eded862b484f74bb4b3a2354f"},"breadcrumb":{"@id":"https:\/\/andersadlercreutz.fi\/blog\/1-utbildning\/nu-ger-vi-eleverna-en-likvardig-och-rattvis-bedomning\/#breadcrumb"},"inLanguage":"sv-SE","potentialAction":[{"@type":"ReadAction","target":["https:\/\/andersadlercreutz.fi\/blog\/1-utbildning\/nu-ger-vi-eleverna-en-likvardig-och-rattvis-bedomning\/"]}]},{"@type":"BreadcrumbList","@id":"https:\/\/andersadlercreutz.fi\/blog\/1-utbildning\/nu-ger-vi-eleverna-en-likvardig-och-rattvis-bedomning\/#breadcrumb","itemListElement":[{"@type":"ListItem","position":1,"name":"Home","item":"https:\/\/andersadlercreutz.fi\/blog\/blogg\/?lang=sv"},{"@type":"ListItem","position":2,"name":"Nu ger vi eleverna en likv\u00e4rdig och r\u00e4ttvis bed\u00f6mning"}]},{"@type":"WebSite","@id":"https:\/\/andersadlercreutz.fi\/blog\/#website","url":"https:\/\/andersadlercreutz.fi\/blog\/","name":"Anders Adlercreutz","description":"Du. Jag. Vi. Kest&auml;v&auml;sti optimisti","potentialAction":[{"@type":"SearchAction","target":{"@type":"EntryPoint","urlTemplate":"https:\/\/andersadlercreutz.fi\/blog\/?s={search_term_string}"},"query-input":"required name=search_term_string"}],"inLanguage":"sv-SE"},{"@type":"Person","@id":"https:\/\/andersadlercreutz.fi\/blog\/#\/schema\/person\/47d4b72eded862b484f74bb4b3a2354f","name":"Anders","image":{"@type":"ImageObject","inLanguage":"sv-SE","@id":"https:\/\/andersadlercreutz.fi\/blog\/#\/schema\/person\/image\/","url":"https:\/\/secure.gravatar.com\/avatar\/a144c9bda7a581ff6fabba169027e620?s=96&d=mm&r=g","contentUrl":"https:\/\/secure.gravatar.com\/avatar\/a144c9bda7a581ff6fabba169027e620?s=96&d=mm&r=g","caption":"Anders"},"url":"https:\/\/andersadlercreutz.fi\/blog\/author\/admin\/"}]}},"jetpack_featured_media_url":"https:\/\/i0.wp.com\/andersadlercreutz.fi\/blog\/wp-content\/uploads\/2026\/03\/0S6A9617-scaled.jpg?fit=2560%2C1707&ssl=1","jetpack_shortlink":"https:\/\/wp.me\/p4T6Dh-2Vp","jetpack_sharing_enabled":true,"_links":{"self":[{"href":"https:\/\/andersadlercreutz.fi\/blog\/wp-json\/wp\/v2\/posts\/11247"}],"collection":[{"href":"https:\/\/andersadlercreutz.fi\/blog\/wp-json\/wp\/v2\/posts"}],"about":[{"href":"https:\/\/andersadlercreutz.fi\/blog\/wp-json\/wp\/v2\/types\/post"}],"author":[{"embeddable":true,"href":"https:\/\/andersadlercreutz.fi\/blog\/wp-json\/wp\/v2\/users\/1"}],"replies":[{"embeddable":true,"href":"https:\/\/andersadlercreutz.fi\/blog\/wp-json\/wp\/v2\/comments?post=11247"}],"version-history":[{"count":2,"href":"https:\/\/andersadlercreutz.fi\/blog\/wp-json\/wp\/v2\/posts\/11247\/revisions"}],"predecessor-version":[{"id":11268,"href":"https:\/\/andersadlercreutz.fi\/blog\/wp-json\/wp\/v2\/posts\/11247\/revisions\/11268"}],"wp:featuredmedia":[{"embeddable":true,"href":"https:\/\/andersadlercreutz.fi\/blog\/wp-json\/wp\/v2\/media\/11263"}],"wp:attachment":[{"href":"https:\/\/andersadlercreutz.fi\/blog\/wp-json\/wp\/v2\/media?parent=11247"}],"wp:term":[{"taxonomy":"category","embeddable":true,"href":"https:\/\/andersadlercreutz.fi\/blog\/wp-json\/wp\/v2\/categories?post=11247"},{"taxonomy":"post_tag","embeddable":true,"href":"https:\/\/andersadlercreutz.fi\/blog\/wp-json\/wp\/v2\/tags?post=11247"}],"curies":[{"name":"wp","href":"https:\/\/api.w.org\/{rel}","templated":true}]}}