{"id":11269,"date":"2026-03-27T09:05:14","date_gmt":"2026-03-27T07:05:14","guid":{"rendered":"https:\/\/andersadlercreutz.fi\/blog\/?p=11269"},"modified":"2026-03-27T09:05:14","modified_gmt":"2026-03-27T07:05:14","slug":"nyt-varmistamme-oppilaille-yhdenvertaisen-ja-oikeudenmukaisen-arvioinnin","status":"publish","type":"post","link":"https:\/\/andersadlercreutz.fi\/blog\/1koulutus\/nyt-varmistamme-oppilaille-yhdenvertaisen-ja-oikeudenmukaisen-arvioinnin\/?lang=fi","title":{"rendered":"Nyt varmistamme oppilaille yhdenvertaisen ja oikeudenmukaisen arvioinnin"},"content":{"rendered":"<div class=\"excerpt\">\n<p>\u2013 Osaamistakuu perusopetuksessa on t\u00e4rke\u00e4 uudistus. Sen avulla voimme varmistaa, ett\u00e4 jokaisella oppilaalla on riitt\u00e4v\u00e4t tiedot ja taidot siirty\u00e4 seuraavalle vuosiluokalle. Samalla se varmistaa, ett\u00e4 arviointi on oikeudenmukaista riippumatta siit\u00e4, miss\u00e4 koulussa oppilas opiskelee, sanoo RKP:n puheenjohtaja ja opetusministeri Anders Adlercreutz.<\/p>\n<\/div>\n<div class=\"resizable\">\n<p>\u2013 Koulun tulee olla oikeudenmukainen ja ennakoitava. Oppilaiden on voitava luottaa siihen, ett\u00e4 samat vaatimukset koskevat kaikkia kuntia ja kouluja, Adlercreutz sanoo.<\/p>\n<p>Uudistus tarkoittaa k\u00e4yt\u00e4nn\u00f6ss\u00e4 sit\u00e4, ett\u00e4 arviointia ja vuosiluokalta toiselle siirtymist\u00e4 koskevat s\u00e4\u00e4nn\u00f6kset t\u00e4smennet\u00e4\u00e4n laissa. Tavoitteena on tukea opettajia ja varmistaa yhdenvertainen arviointi koko maassa. Yhten\u00e4iset kriteerit sille, milloin oppilas voi siirty\u00e4 seuraavalle vuosiluokalle, varmistavat, ett\u00e4 oppilaalla on tarvittavat tiedot ja taidot seuraavaa vaihetta varten.<\/p>\n<p>\u2013 Jos oppilas ei tukitoimista huolimatta ole saavuttanut tarvittavaa osaamista ja saa hyl\u00e4tyn arvosanan yhdess\u00e4 tai useammassa oppiaineessa, h\u00e4n ei voi siirty\u00e4 seuraavalle vuosiluokalle. N\u00e4in huolehdimme siit\u00e4, ett\u00e4 kaikilla lapsilla on riitt\u00e4v\u00e4 osaamistaso seuraavaa vuosiluokkaa varten, Adlercreutz sanoo.<\/p>\n<p>Oppilaalle, joka ei saavuta tavoitteita, on annettava mahdollisuus osoittaa osaamisensa uudelleen. Samalla otetaan k\u00e4ytt\u00f6\u00f6n vaatimus v\u00e4litodistuksesta 9. vuosiluokalla, jotta oppilas saa k\u00e4sityksen osaamisestaan ennen jatko-opintoja.<\/p>\n<\/div>\n","protected":false},"excerpt":{"rendered":"<p>\u2013 Osaamistakuu perusopetuksessa on t\u00e4rke\u00e4 uudistus. Sen avulla voimme varmistaa, ett\u00e4 jokaisella oppilaalla on riitt\u00e4v\u00e4t tiedot ja taidot siirty\u00e4 seuraavalle vuosiluokalle. Samalla se varmistaa, ett\u00e4 arviointi on oikeudenmukaista riippumatta siit\u00e4, miss\u00e4 koulussa oppilas opiskelee, sanoo RKP:n puheenjohtaja ja opetusministeri Anders Adlercreutz. \u2013 Koulun tulee olla oikeudenmukainen ja ennakoitava. Oppilaiden on voitava luottaa siihen, ett\u00e4 samat [&hellip;]<\/p>\n","protected":false},"author":1,"featured_media":11265,"comment_status":"open","ping_status":"open","sticky":false,"template":"","format":"standard","meta":{"jetpack_post_was_ever_published":false,"_jetpack_newsletter_access":"","jetpack_publicize_message":"","jetpack_is_tweetstorm":false,"jetpack_publicize_feature_enabled":true,"jetpack_social_post_already_shared":true,"jetpack_social_options":{"image_generator_settings":{"template":"highway","enabled":false}}},"categories":[21,18,113,71,87],"tags":[],"jetpack_publicize_connections":[],"yoast_head":"<!-- This site is optimized with the Yoast SEO plugin v20.12 - https:\/\/yoast.com\/wordpress\/plugins\/seo\/ -->\n<title>Nyt varmistamme oppilaille yhdenvertaisen ja oikeudenmukaisen arvioinnin - Anders Adlercreutz<\/title>\n<meta name=\"robots\" content=\"index, follow, max-snippet:-1, max-image-preview:large, max-video-preview:-1\" \/>\n<link rel=\"canonical\" href=\"https:\/\/andersadlercreutz.fi\/blog\/1koulutus\/nyt-varmistamme-oppilaille-yhdenvertaisen-ja-oikeudenmukaisen-arvioinnin\/\" \/>\n<meta property=\"og:locale\" content=\"sv_SE\" \/>\n<meta property=\"og:type\" content=\"article\" \/>\n<meta property=\"og:title\" content=\"Nyt varmistamme oppilaille yhdenvertaisen ja oikeudenmukaisen arvioinnin - Anders Adlercreutz\" \/>\n<meta property=\"og:description\" content=\"\u2013 Osaamistakuu perusopetuksessa on t\u00e4rke\u00e4 uudistus. Sen avulla voimme varmistaa, ett\u00e4 jokaisella oppilaalla on riitt\u00e4v\u00e4t tiedot ja taidot siirty\u00e4 seuraavalle vuosiluokalle. Samalla se varmistaa, ett\u00e4 arviointi on oikeudenmukaista riippumatta siit\u00e4, miss\u00e4 koulussa oppilas opiskelee, sanoo RKP:n puheenjohtaja ja opetusministeri Anders Adlercreutz. \u2013 Koulun tulee olla oikeudenmukainen ja ennakoitava. Oppilaiden on voitava luottaa siihen, ett\u00e4 samat [&hellip;]\" \/>\n<meta property=\"og:url\" content=\"https:\/\/andersadlercreutz.fi\/blog\/1koulutus\/nyt-varmistamme-oppilaille-yhdenvertaisen-ja-oikeudenmukaisen-arvioinnin\/?lang=fi\" \/>\n<meta property=\"og:site_name\" content=\"Anders Adlercreutz\" \/>\n<meta property=\"article:published_time\" content=\"2026-03-27T07:05:14+00:00\" \/>\n<meta property=\"og:image\" content=\"https:\/\/andersadlercreutz.fi\/blog\/wp-content\/uploads\/2026\/03\/0S6A9617-1030x687.jpg\" \/>\n\t<meta property=\"og:image:width\" content=\"1030\" \/>\n\t<meta property=\"og:image:height\" content=\"687\" \/>\n\t<meta property=\"og:image:type\" content=\"image\/jpeg\" \/>\n<meta name=\"author\" content=\"Anders\" \/>\n<meta name=\"twitter:card\" content=\"summary_large_image\" \/>\n<meta name=\"twitter:label1\" content=\"Skriven av\" \/>\n\t<meta name=\"twitter:data1\" content=\"Anders\" \/>\n\t<meta name=\"twitter:label2\" content=\"Ber\u00e4knad l\u00e4stid\" \/>\n\t<meta name=\"twitter:data2\" content=\"1 minut\" \/>\n<script type=\"application\/ld+json\" class=\"yoast-schema-graph\">{\"@context\":\"https:\/\/schema.org\",\"@graph\":[{\"@type\":\"WebPage\",\"@id\":\"https:\/\/andersadlercreutz.fi\/blog\/1koulutus\/nyt-varmistamme-oppilaille-yhdenvertaisen-ja-oikeudenmukaisen-arvioinnin\/?lang=fi\",\"url\":\"https:\/\/andersadlercreutz.fi\/blog\/1koulutus\/nyt-varmistamme-oppilaille-yhdenvertaisen-ja-oikeudenmukaisen-arvioinnin\/?lang=fi\",\"name\":\"Nyt varmistamme oppilaille yhdenvertaisen ja oikeudenmukaisen arvioinnin - Anders Adlercreutz\",\"isPartOf\":{\"@id\":\"https:\/\/andersadlercreutz.fi\/blog\/#website\"},\"datePublished\":\"2026-03-27T07:05:14+00:00\",\"dateModified\":\"2026-03-27T07:05:14+00:00\",\"author\":{\"@id\":\"https:\/\/andersadlercreutz.fi\/blog\/#\/schema\/person\/47d4b72eded862b484f74bb4b3a2354f\"},\"breadcrumb\":{\"@id\":\"https:\/\/andersadlercreutz.fi\/blog\/1koulutus\/nyt-varmistamme-oppilaille-yhdenvertaisen-ja-oikeudenmukaisen-arvioinnin\/?lang=fi#breadcrumb\"},\"inLanguage\":\"sv-SE\",\"potentialAction\":[{\"@type\":\"ReadAction\",\"target\":[\"https:\/\/andersadlercreutz.fi\/blog\/1koulutus\/nyt-varmistamme-oppilaille-yhdenvertaisen-ja-oikeudenmukaisen-arvioinnin\/?lang=fi\"]}]},{\"@type\":\"BreadcrumbList\",\"@id\":\"https:\/\/andersadlercreutz.fi\/blog\/1koulutus\/nyt-varmistamme-oppilaille-yhdenvertaisen-ja-oikeudenmukaisen-arvioinnin\/?lang=fi#breadcrumb\",\"itemListElement\":[{\"@type\":\"ListItem\",\"position\":1,\"name\":\"Home\",\"item\":\"https:\/\/andersadlercreutz.fi\/blog\/blogg\/?lang=sv\"},{\"@type\":\"ListItem\",\"position\":2,\"name\":\"Nyt varmistamme oppilaille yhdenvertaisen ja oikeudenmukaisen arvioinnin\"}]},{\"@type\":\"WebSite\",\"@id\":\"https:\/\/andersadlercreutz.fi\/blog\/#website\",\"url\":\"https:\/\/andersadlercreutz.fi\/blog\/\",\"name\":\"Anders Adlercreutz\",\"description\":\"Du. Jag. Vi. Kest&auml;v&auml;sti optimisti\",\"potentialAction\":[{\"@type\":\"SearchAction\",\"target\":{\"@type\":\"EntryPoint\",\"urlTemplate\":\"https:\/\/andersadlercreutz.fi\/blog\/?s={search_term_string}\"},\"query-input\":\"required name=search_term_string\"}],\"inLanguage\":\"sv-SE\"},{\"@type\":\"Person\",\"@id\":\"https:\/\/andersadlercreutz.fi\/blog\/#\/schema\/person\/47d4b72eded862b484f74bb4b3a2354f\",\"name\":\"Anders\",\"image\":{\"@type\":\"ImageObject\",\"inLanguage\":\"sv-SE\",\"@id\":\"https:\/\/andersadlercreutz.fi\/blog\/#\/schema\/person\/image\/\",\"url\":\"https:\/\/secure.gravatar.com\/avatar\/a144c9bda7a581ff6fabba169027e620?s=96&d=mm&r=g\",\"contentUrl\":\"https:\/\/secure.gravatar.com\/avatar\/a144c9bda7a581ff6fabba169027e620?s=96&d=mm&r=g\",\"caption\":\"Anders\"},\"url\":\"https:\/\/andersadlercreutz.fi\/blog\/author\/admin\/\"}]}<\/script>\n<!-- \/ Yoast SEO plugin. -->","yoast_head_json":{"title":"Nyt varmistamme oppilaille yhdenvertaisen ja oikeudenmukaisen arvioinnin - Anders Adlercreutz","robots":{"index":"index","follow":"follow","max-snippet":"max-snippet:-1","max-image-preview":"max-image-preview:large","max-video-preview":"max-video-preview:-1"},"canonical":"https:\/\/andersadlercreutz.fi\/blog\/1koulutus\/nyt-varmistamme-oppilaille-yhdenvertaisen-ja-oikeudenmukaisen-arvioinnin\/","og_locale":"sv_SE","og_type":"article","og_title":"Nyt varmistamme oppilaille yhdenvertaisen ja oikeudenmukaisen arvioinnin - Anders Adlercreutz","og_description":"\u2013 Osaamistakuu perusopetuksessa on t\u00e4rke\u00e4 uudistus. Sen avulla voimme varmistaa, ett\u00e4 jokaisella oppilaalla on riitt\u00e4v\u00e4t tiedot ja taidot siirty\u00e4 seuraavalle vuosiluokalle. Samalla se varmistaa, ett\u00e4 arviointi on oikeudenmukaista riippumatta siit\u00e4, miss\u00e4 koulussa oppilas opiskelee, sanoo RKP:n puheenjohtaja ja opetusministeri Anders Adlercreutz. \u2013 Koulun tulee olla oikeudenmukainen ja ennakoitava. Oppilaiden on voitava luottaa siihen, ett\u00e4 samat [&hellip;]","og_url":"https:\/\/andersadlercreutz.fi\/blog\/1koulutus\/nyt-varmistamme-oppilaille-yhdenvertaisen-ja-oikeudenmukaisen-arvioinnin\/?lang=fi","og_site_name":"Anders Adlercreutz","article_published_time":"2026-03-27T07:05:14+00:00","og_image":[{"width":1030,"height":687,"url":"https:\/\/andersadlercreutz.fi\/blog\/wp-content\/uploads\/2026\/03\/0S6A9617-1030x687.jpg","type":"image\/jpeg"}],"author":"Anders","twitter_card":"summary_large_image","twitter_misc":{"Skriven av":"Anders","Ber\u00e4knad l\u00e4stid":"1 minut"},"schema":{"@context":"https:\/\/schema.org","@graph":[{"@type":"WebPage","@id":"https:\/\/andersadlercreutz.fi\/blog\/1koulutus\/nyt-varmistamme-oppilaille-yhdenvertaisen-ja-oikeudenmukaisen-arvioinnin\/?lang=fi","url":"https:\/\/andersadlercreutz.fi\/blog\/1koulutus\/nyt-varmistamme-oppilaille-yhdenvertaisen-ja-oikeudenmukaisen-arvioinnin\/?lang=fi","name":"Nyt varmistamme oppilaille yhdenvertaisen ja oikeudenmukaisen arvioinnin - Anders Adlercreutz","isPartOf":{"@id":"https:\/\/andersadlercreutz.fi\/blog\/#website"},"datePublished":"2026-03-27T07:05:14+00:00","dateModified":"2026-03-27T07:05:14+00:00","author":{"@id":"https:\/\/andersadlercreutz.fi\/blog\/#\/schema\/person\/47d4b72eded862b484f74bb4b3a2354f"},"breadcrumb":{"@id":"https:\/\/andersadlercreutz.fi\/blog\/1koulutus\/nyt-varmistamme-oppilaille-yhdenvertaisen-ja-oikeudenmukaisen-arvioinnin\/?lang=fi#breadcrumb"},"inLanguage":"sv-SE","potentialAction":[{"@type":"ReadAction","target":["https:\/\/andersadlercreutz.fi\/blog\/1koulutus\/nyt-varmistamme-oppilaille-yhdenvertaisen-ja-oikeudenmukaisen-arvioinnin\/?lang=fi"]}]},{"@type":"BreadcrumbList","@id":"https:\/\/andersadlercreutz.fi\/blog\/1koulutus\/nyt-varmistamme-oppilaille-yhdenvertaisen-ja-oikeudenmukaisen-arvioinnin\/?lang=fi#breadcrumb","itemListElement":[{"@type":"ListItem","position":1,"name":"Home","item":"https:\/\/andersadlercreutz.fi\/blog\/blogg\/?lang=sv"},{"@type":"ListItem","position":2,"name":"Nyt varmistamme oppilaille yhdenvertaisen ja oikeudenmukaisen arvioinnin"}]},{"@type":"WebSite","@id":"https:\/\/andersadlercreutz.fi\/blog\/#website","url":"https:\/\/andersadlercreutz.fi\/blog\/","name":"Anders Adlercreutz","description":"Du. Jag. Vi. Kest&auml;v&auml;sti optimisti","potentialAction":[{"@type":"SearchAction","target":{"@type":"EntryPoint","urlTemplate":"https:\/\/andersadlercreutz.fi\/blog\/?s={search_term_string}"},"query-input":"required name=search_term_string"}],"inLanguage":"sv-SE"},{"@type":"Person","@id":"https:\/\/andersadlercreutz.fi\/blog\/#\/schema\/person\/47d4b72eded862b484f74bb4b3a2354f","name":"Anders","image":{"@type":"ImageObject","inLanguage":"sv-SE","@id":"https:\/\/andersadlercreutz.fi\/blog\/#\/schema\/person\/image\/","url":"https:\/\/secure.gravatar.com\/avatar\/a144c9bda7a581ff6fabba169027e620?s=96&d=mm&r=g","contentUrl":"https:\/\/secure.gravatar.com\/avatar\/a144c9bda7a581ff6fabba169027e620?s=96&d=mm&r=g","caption":"Anders"},"url":"https:\/\/andersadlercreutz.fi\/blog\/author\/admin\/"}]}},"jetpack_featured_media_url":"https:\/\/i0.wp.com\/andersadlercreutz.fi\/blog\/wp-content\/uploads\/2026\/03\/0S6A9617-scaled.jpg?fit=2560%2C1707&ssl=1","jetpack_shortlink":"https:\/\/wp.me\/p4T6Dh-2VL","jetpack_sharing_enabled":true,"_links":{"self":[{"href":"https:\/\/andersadlercreutz.fi\/blog\/wp-json\/wp\/v2\/posts\/11269"}],"collection":[{"href":"https:\/\/andersadlercreutz.fi\/blog\/wp-json\/wp\/v2\/posts"}],"about":[{"href":"https:\/\/andersadlercreutz.fi\/blog\/wp-json\/wp\/v2\/types\/post"}],"author":[{"embeddable":true,"href":"https:\/\/andersadlercreutz.fi\/blog\/wp-json\/wp\/v2\/users\/1"}],"replies":[{"embeddable":true,"href":"https:\/\/andersadlercreutz.fi\/blog\/wp-json\/wp\/v2\/comments?post=11269"}],"version-history":[{"count":2,"href":"https:\/\/andersadlercreutz.fi\/blog\/wp-json\/wp\/v2\/posts\/11269\/revisions"}],"predecessor-version":[{"id":11271,"href":"https:\/\/andersadlercreutz.fi\/blog\/wp-json\/wp\/v2\/posts\/11269\/revisions\/11271"}],"wp:featuredmedia":[{"embeddable":true,"href":"https:\/\/andersadlercreutz.fi\/blog\/wp-json\/wp\/v2\/media\/11265"}],"wp:attachment":[{"href":"https:\/\/andersadlercreutz.fi\/blog\/wp-json\/wp\/v2\/media?parent=11269"}],"wp:term":[{"taxonomy":"category","embeddable":true,"href":"https:\/\/andersadlercreutz.fi\/blog\/wp-json\/wp\/v2\/categories?post=11269"},{"taxonomy":"post_tag","embeddable":true,"href":"https:\/\/andersadlercreutz.fi\/blog\/wp-json\/wp\/v2\/tags?post=11269"}],"curies":[{"name":"wp","href":"https:\/\/api.w.org\/{rel}","templated":true}]}}