{"id":11273,"date":"2026-03-25T09:06:43","date_gmt":"2026-03-25T07:06:43","guid":{"rendered":"https:\/\/andersadlercreutz.fi\/blog\/?p=11273"},"modified":"2026-03-27T09:09:28","modified_gmt":"2026-03-27T07:09:28","slug":"skolan-utgor-grunden-for-finlands-framgang","status":"publish","type":"post","link":"https:\/\/andersadlercreutz.fi\/blog\/1-utbildning\/skolan-utgor-grunden-for-finlands-framgang\/","title":{"rendered":"Skolan utg\u00f6r grunden f\u00f6r Finlands framg\u00e5ng"},"content":{"rendered":"<div class=\"excerpt\">\n<p>Undervisningsminister Anders Adlercreutz bj\u00f6d p\u00e5 onsdagen den 25 mars in sina f\u00f6retr\u00e4dare till en gemensam lunch i statsr\u00e5dets festv\u00e5ning i Helsingfors. Totalt deltog 13 tidigare undervisningsministrar i m\u00f6tet, som satte fokus p\u00e5 den finl\u00e4ndska grundskolans utveckling och framtid.<\/p>\n<\/div>\n<div class=\"resizable\">\n<p>Den finl\u00e4ndska grundskolan, som nu har \u00f6ver 50 \u00e5r p\u00e5 nacken, har l\u00e4nge betraktats som en h\u00f6rnsten i samh\u00e4llet och en central f\u00f6rklaring till landets framg\u00e5ng \u2013 b\u00e5de nationellt och internationellt. Flera av de ministrar som deltagit i att bygga upp systemet fanns p\u00e5 plats.<\/p>\n<p>\u2013 Den finl\u00e4ndska grundskolan \u00e4r en av v\u00e5ra viktigaste samh\u00e4llsinstitutioner. Den har lagt grunden f\u00f6r v\u00e5rt lands framg\u00e5ng och forts\u00e4tter att vara avg\u00f6rande f\u00f6r v\u00e5r framtid, s\u00e4ger Adlercreutz.<\/p>\n<p>Under lunchen diskuterades ocks\u00e5 aktuella reformer inom utbildningssektorn. Adlercreutz lyfte s\u00e4rskilt fram det visionsarbete f\u00f6r grundskolan som nyligen presenterats och som v\u00e4ckt internationellt intresse.<\/p>\n<p>\u2013 Det arbete som mina f\u00f6retr\u00e4dare har initierat och utvecklat \u00e4r fortfarande h\u00f6gst relevant. Vi bygger vidare p\u00e5 en stark grund, men m\u00e5ste samtidigt v\u00e5ga f\u00f6rnya skolan i takt med att samh\u00e4llet f\u00f6r\u00e4ndras, s\u00e4ger Adlercreutz.<\/p>\n<p>Han betonade ocks\u00e5 utbildningspolitikens centrala roll:<\/p>\n<p>\u2013 Att ansvara f\u00f6r utbildningen \u00e4r ett av de viktigaste uppdragen i ett samh\u00e4lle. Skolan formar inte bara individens m\u00f6jligheter, utan hela nationens framtid.<\/p>\n<\/div>\n","protected":false},"excerpt":{"rendered":"<p>Undervisningsminister Anders Adlercreutz bj\u00f6d p\u00e5 onsdagen den 25 mars in sina f\u00f6retr\u00e4dare till en gemensam lunch i statsr\u00e5dets festv\u00e5ning i Helsingfors. Totalt deltog 13 tidigare undervisningsministrar i m\u00f6tet, som satte fokus p\u00e5 den finl\u00e4ndska grundskolans utveckling och framtid. Den finl\u00e4ndska grundskolan, som nu har \u00f6ver 50 \u00e5r p\u00e5 nacken, har l\u00e4nge betraktats som en h\u00f6rnsten [&hellip;]<\/p>\n","protected":false},"author":1,"featured_media":11274,"comment_status":"open","ping_status":"open","sticky":false,"template":"","format":"standard","meta":{"jetpack_post_was_ever_published":false,"_jetpack_newsletter_access":"","jetpack_publicize_message":"","jetpack_is_tweetstorm":false,"jetpack_publicize_feature_enabled":true,"jetpack_social_post_already_shared":true,"jetpack_social_options":{"image_generator_settings":{"template":"highway","enabled":false}}},"categories":[27,45,88],"tags":[],"jetpack_publicize_connections":[],"yoast_head":"<!-- This site is optimized with the Yoast SEO plugin v20.12 - https:\/\/yoast.com\/wordpress\/plugins\/seo\/ -->\n<title>Skolan utg\u00f6r grunden f\u00f6r Finlands framg\u00e5ng - Anders Adlercreutz<\/title>\n<meta name=\"robots\" content=\"index, follow, max-snippet:-1, max-image-preview:large, max-video-preview:-1\" \/>\n<link rel=\"canonical\" href=\"https:\/\/andersadlercreutz.fi\/blog\/1-utbildning\/skolan-utgor-grunden-for-finlands-framgang\/\" \/>\n<meta property=\"og:locale\" content=\"sv_SE\" \/>\n<meta property=\"og:type\" content=\"article\" \/>\n<meta property=\"og:title\" content=\"Skolan utg\u00f6r grunden f\u00f6r Finlands framg\u00e5ng - Anders Adlercreutz\" \/>\n<meta property=\"og:description\" content=\"Undervisningsminister Anders Adlercreutz bj\u00f6d p\u00e5 onsdagen den 25 mars in sina f\u00f6retr\u00e4dare till en gemensam lunch i statsr\u00e5dets festv\u00e5ning i Helsingfors. Totalt deltog 13 tidigare undervisningsministrar i m\u00f6tet, som satte fokus p\u00e5 den finl\u00e4ndska grundskolans utveckling och framtid. Den finl\u00e4ndska grundskolan, som nu har \u00f6ver 50 \u00e5r p\u00e5 nacken, har l\u00e4nge betraktats som en h\u00f6rnsten [&hellip;]\" \/>\n<meta property=\"og:url\" content=\"https:\/\/andersadlercreutz.fi\/blog\/1-utbildning\/skolan-utgor-grunden-for-finlands-framgang\/\" \/>\n<meta property=\"og:site_name\" content=\"Anders Adlercreutz\" \/>\n<meta property=\"article:published_time\" content=\"2026-03-25T07:06:43+00:00\" \/>\n<meta property=\"article:modified_time\" content=\"2026-03-27T07:09:28+00:00\" \/>\n<meta property=\"og:image\" content=\"https:\/\/andersadlercreutz.fi\/blog\/wp-content\/uploads\/2026\/03\/WhatsApp-Image-2026-03-25-at-19.01.52-e1774595354904.jpeg\" \/>\n\t<meta property=\"og:image:width\" content=\"1200\" \/>\n\t<meta property=\"og:image:height\" content=\"1156\" \/>\n\t<meta property=\"og:image:type\" content=\"image\/jpeg\" \/>\n<meta name=\"author\" content=\"Anders\" \/>\n<meta name=\"twitter:card\" content=\"summary_large_image\" \/>\n<meta name=\"twitter:label1\" content=\"Skriven av\" \/>\n\t<meta name=\"twitter:data1\" content=\"Anders\" \/>\n\t<meta name=\"twitter:label2\" content=\"Ber\u00e4knad l\u00e4stid\" \/>\n\t<meta name=\"twitter:data2\" content=\"1 minut\" \/>\n<script type=\"application\/ld+json\" class=\"yoast-schema-graph\">{\"@context\":\"https:\/\/schema.org\",\"@graph\":[{\"@type\":\"WebPage\",\"@id\":\"https:\/\/andersadlercreutz.fi\/blog\/1-utbildning\/skolan-utgor-grunden-for-finlands-framgang\/\",\"url\":\"https:\/\/andersadlercreutz.fi\/blog\/1-utbildning\/skolan-utgor-grunden-for-finlands-framgang\/\",\"name\":\"Skolan utg\u00f6r grunden f\u00f6r Finlands framg\u00e5ng - Anders Adlercreutz\",\"isPartOf\":{\"@id\":\"https:\/\/andersadlercreutz.fi\/blog\/#website\"},\"datePublished\":\"2026-03-25T07:06:43+00:00\",\"dateModified\":\"2026-03-27T07:09:28+00:00\",\"author\":{\"@id\":\"https:\/\/andersadlercreutz.fi\/blog\/#\/schema\/person\/47d4b72eded862b484f74bb4b3a2354f\"},\"breadcrumb\":{\"@id\":\"https:\/\/andersadlercreutz.fi\/blog\/1-utbildning\/skolan-utgor-grunden-for-finlands-framgang\/#breadcrumb\"},\"inLanguage\":\"sv-SE\",\"potentialAction\":[{\"@type\":\"ReadAction\",\"target\":[\"https:\/\/andersadlercreutz.fi\/blog\/1-utbildning\/skolan-utgor-grunden-for-finlands-framgang\/\"]}]},{\"@type\":\"BreadcrumbList\",\"@id\":\"https:\/\/andersadlercreutz.fi\/blog\/1-utbildning\/skolan-utgor-grunden-for-finlands-framgang\/#breadcrumb\",\"itemListElement\":[{\"@type\":\"ListItem\",\"position\":1,\"name\":\"Home\",\"item\":\"https:\/\/andersadlercreutz.fi\/blog\/blogg\/?lang=sv\"},{\"@type\":\"ListItem\",\"position\":2,\"name\":\"Skolan utg\u00f6r grunden f\u00f6r Finlands framg\u00e5ng\"}]},{\"@type\":\"WebSite\",\"@id\":\"https:\/\/andersadlercreutz.fi\/blog\/#website\",\"url\":\"https:\/\/andersadlercreutz.fi\/blog\/\",\"name\":\"Anders Adlercreutz\",\"description\":\"Du. Jag. Vi. Kest&auml;v&auml;sti optimisti\",\"potentialAction\":[{\"@type\":\"SearchAction\",\"target\":{\"@type\":\"EntryPoint\",\"urlTemplate\":\"https:\/\/andersadlercreutz.fi\/blog\/?s={search_term_string}\"},\"query-input\":\"required name=search_term_string\"}],\"inLanguage\":\"sv-SE\"},{\"@type\":\"Person\",\"@id\":\"https:\/\/andersadlercreutz.fi\/blog\/#\/schema\/person\/47d4b72eded862b484f74bb4b3a2354f\",\"name\":\"Anders\",\"image\":{\"@type\":\"ImageObject\",\"inLanguage\":\"sv-SE\",\"@id\":\"https:\/\/andersadlercreutz.fi\/blog\/#\/schema\/person\/image\/\",\"url\":\"https:\/\/secure.gravatar.com\/avatar\/a144c9bda7a581ff6fabba169027e620?s=96&d=mm&r=g\",\"contentUrl\":\"https:\/\/secure.gravatar.com\/avatar\/a144c9bda7a581ff6fabba169027e620?s=96&d=mm&r=g\",\"caption\":\"Anders\"},\"url\":\"https:\/\/andersadlercreutz.fi\/blog\/author\/admin\/\"}]}<\/script>\n<!-- \/ Yoast SEO plugin. -->","yoast_head_json":{"title":"Skolan utg\u00f6r grunden f\u00f6r Finlands framg\u00e5ng - Anders Adlercreutz","robots":{"index":"index","follow":"follow","max-snippet":"max-snippet:-1","max-image-preview":"max-image-preview:large","max-video-preview":"max-video-preview:-1"},"canonical":"https:\/\/andersadlercreutz.fi\/blog\/1-utbildning\/skolan-utgor-grunden-for-finlands-framgang\/","og_locale":"sv_SE","og_type":"article","og_title":"Skolan utg\u00f6r grunden f\u00f6r Finlands framg\u00e5ng - Anders Adlercreutz","og_description":"Undervisningsminister Anders Adlercreutz bj\u00f6d p\u00e5 onsdagen den 25 mars in sina f\u00f6retr\u00e4dare till en gemensam lunch i statsr\u00e5dets festv\u00e5ning i Helsingfors. Totalt deltog 13 tidigare undervisningsministrar i m\u00f6tet, som satte fokus p\u00e5 den finl\u00e4ndska grundskolans utveckling och framtid. Den finl\u00e4ndska grundskolan, som nu har \u00f6ver 50 \u00e5r p\u00e5 nacken, har l\u00e4nge betraktats som en h\u00f6rnsten [&hellip;]","og_url":"https:\/\/andersadlercreutz.fi\/blog\/1-utbildning\/skolan-utgor-grunden-for-finlands-framgang\/","og_site_name":"Anders Adlercreutz","article_published_time":"2026-03-25T07:06:43+00:00","article_modified_time":"2026-03-27T07:09:28+00:00","og_image":[{"width":1200,"height":1156,"url":"https:\/\/andersadlercreutz.fi\/blog\/wp-content\/uploads\/2026\/03\/WhatsApp-Image-2026-03-25-at-19.01.52-e1774595354904.jpeg","type":"image\/jpeg"}],"author":"Anders","twitter_card":"summary_large_image","twitter_misc":{"Skriven av":"Anders","Ber\u00e4knad l\u00e4stid":"1 minut"},"schema":{"@context":"https:\/\/schema.org","@graph":[{"@type":"WebPage","@id":"https:\/\/andersadlercreutz.fi\/blog\/1-utbildning\/skolan-utgor-grunden-for-finlands-framgang\/","url":"https:\/\/andersadlercreutz.fi\/blog\/1-utbildning\/skolan-utgor-grunden-for-finlands-framgang\/","name":"Skolan utg\u00f6r grunden f\u00f6r Finlands framg\u00e5ng - Anders Adlercreutz","isPartOf":{"@id":"https:\/\/andersadlercreutz.fi\/blog\/#website"},"datePublished":"2026-03-25T07:06:43+00:00","dateModified":"2026-03-27T07:09:28+00:00","author":{"@id":"https:\/\/andersadlercreutz.fi\/blog\/#\/schema\/person\/47d4b72eded862b484f74bb4b3a2354f"},"breadcrumb":{"@id":"https:\/\/andersadlercreutz.fi\/blog\/1-utbildning\/skolan-utgor-grunden-for-finlands-framgang\/#breadcrumb"},"inLanguage":"sv-SE","potentialAction":[{"@type":"ReadAction","target":["https:\/\/andersadlercreutz.fi\/blog\/1-utbildning\/skolan-utgor-grunden-for-finlands-framgang\/"]}]},{"@type":"BreadcrumbList","@id":"https:\/\/andersadlercreutz.fi\/blog\/1-utbildning\/skolan-utgor-grunden-for-finlands-framgang\/#breadcrumb","itemListElement":[{"@type":"ListItem","position":1,"name":"Home","item":"https:\/\/andersadlercreutz.fi\/blog\/blogg\/?lang=sv"},{"@type":"ListItem","position":2,"name":"Skolan utg\u00f6r grunden f\u00f6r Finlands framg\u00e5ng"}]},{"@type":"WebSite","@id":"https:\/\/andersadlercreutz.fi\/blog\/#website","url":"https:\/\/andersadlercreutz.fi\/blog\/","name":"Anders Adlercreutz","description":"Du. Jag. Vi. Kest&auml;v&auml;sti optimisti","potentialAction":[{"@type":"SearchAction","target":{"@type":"EntryPoint","urlTemplate":"https:\/\/andersadlercreutz.fi\/blog\/?s={search_term_string}"},"query-input":"required name=search_term_string"}],"inLanguage":"sv-SE"},{"@type":"Person","@id":"https:\/\/andersadlercreutz.fi\/blog\/#\/schema\/person\/47d4b72eded862b484f74bb4b3a2354f","name":"Anders","image":{"@type":"ImageObject","inLanguage":"sv-SE","@id":"https:\/\/andersadlercreutz.fi\/blog\/#\/schema\/person\/image\/","url":"https:\/\/secure.gravatar.com\/avatar\/a144c9bda7a581ff6fabba169027e620?s=96&d=mm&r=g","contentUrl":"https:\/\/secure.gravatar.com\/avatar\/a144c9bda7a581ff6fabba169027e620?s=96&d=mm&r=g","caption":"Anders"},"url":"https:\/\/andersadlercreutz.fi\/blog\/author\/admin\/"}]}},"jetpack_featured_media_url":"https:\/\/i0.wp.com\/andersadlercreutz.fi\/blog\/wp-content\/uploads\/2026\/03\/WhatsApp-Image-2026-03-25-at-19.01.52-e1774595354904.jpeg?fit=1200%2C1156&ssl=1","jetpack_shortlink":"https:\/\/wp.me\/p4T6Dh-2VP","jetpack_sharing_enabled":true,"_links":{"self":[{"href":"https:\/\/andersadlercreutz.fi\/blog\/wp-json\/wp\/v2\/posts\/11273"}],"collection":[{"href":"https:\/\/andersadlercreutz.fi\/blog\/wp-json\/wp\/v2\/posts"}],"about":[{"href":"https:\/\/andersadlercreutz.fi\/blog\/wp-json\/wp\/v2\/types\/post"}],"author":[{"embeddable":true,"href":"https:\/\/andersadlercreutz.fi\/blog\/wp-json\/wp\/v2\/users\/1"}],"replies":[{"embeddable":true,"href":"https:\/\/andersadlercreutz.fi\/blog\/wp-json\/wp\/v2\/comments?post=11273"}],"version-history":[{"count":2,"href":"https:\/\/andersadlercreutz.fi\/blog\/wp-json\/wp\/v2\/posts\/11273\/revisions"}],"predecessor-version":[{"id":11278,"href":"https:\/\/andersadlercreutz.fi\/blog\/wp-json\/wp\/v2\/posts\/11273\/revisions\/11278"}],"wp:featuredmedia":[{"embeddable":true,"href":"https:\/\/andersadlercreutz.fi\/blog\/wp-json\/wp\/v2\/media\/11274"}],"wp:attachment":[{"href":"https:\/\/andersadlercreutz.fi\/blog\/wp-json\/wp\/v2\/media?parent=11273"}],"wp:term":[{"taxonomy":"category","embeddable":true,"href":"https:\/\/andersadlercreutz.fi\/blog\/wp-json\/wp\/v2\/categories?post=11273"},{"taxonomy":"post_tag","embeddable":true,"href":"https:\/\/andersadlercreutz.fi\/blog\/wp-json\/wp\/v2\/tags?post=11273"}],"curies":[{"name":"wp","href":"https:\/\/api.w.org\/{rel}","templated":true}]}}