{"id":11279,"date":"2026-03-25T09:09:34","date_gmt":"2026-03-25T07:09:34","guid":{"rendered":"https:\/\/andersadlercreutz.fi\/blog\/?p=11279"},"modified":"2026-03-27T09:10:14","modified_gmt":"2026-03-27T07:10:14","slug":"koulu-on-suomen-menestyksen-perusta","status":"publish","type":"post","link":"https:\/\/andersadlercreutz.fi\/blog\/1koulutus\/koulu-on-suomen-menestyksen-perusta\/?lang=fi","title":{"rendered":"Koulu on Suomen menestyksen perusta"},"content":{"rendered":"<div class=\"excerpt\">\n<p>Opetusministeri Anders Adlercreutz kutsui keskiviikkona 25. maaliskuuta edelt\u00e4j\u00e4ns\u00e4 yhteiselle lounaalle Valtioneuvoston juhlahuoneistoon. Tilaisuuteen osallistui yhteens\u00e4 13 entist\u00e4 opetusministeri\u00e4, ja keskustelun keski\u00f6ss\u00e4 olivat suomalaisen peruskoulun kehitys ja tulevaisuus.<\/p>\n<\/div>\n<div class=\"resizable\">\n<p>Suomalainen peruskoulu, jolla on nyt yli 50 vuoden historia, on pitk\u00e4\u00e4n n\u00e4hty yhteiskunnan kulmakiven\u00e4 ja keskeisen\u00e4 selityksen\u00e4 maamme menestykselle \u2013 sek\u00e4 kansallisesti ett\u00e4 kansainv\u00e4lisesti. Tilaisuudessa paikalla oli useita ministereit\u00e4, jotka ovat olleet mukana rakentamassa nykyist\u00e4 j\u00e4rjestelm\u00e4\u00e4.<\/p>\n<p>\u2013 Suomalainen peruskoulu on yksi t\u00e4rkeimmist\u00e4 yhteiskunnallisista instituutioistamme. Se on luonut perustan maamme menestykselle ja on edelleen \u00e4\u00e4rimm\u00e4isen keskeinen tulevaisuutemme kannalta, Adlercreutz sanoo.<\/p>\n<p>Lounaalla keskusteltiin my\u00f6s koulutussektorin ajankohtaisista uudistuksista. Adlercreutz nosti erityisesti esiin hiljattain esitellyn peruskoulun visioty\u00f6n, joka on her\u00e4tt\u00e4nyt kansainv\u00e4list\u00e4 kiinnostusta.<\/p>\n<p>\u2013 Edelt\u00e4jieni tekem\u00e4 kehitysty\u00f6 on yh\u00e4 eritt\u00e4in ajankohtaista. Rakennamme jatkumoa vahvalle perustalle, mutta yhteiskunnan muuttuessa meid\u00e4n on samalla uskallettava uudistaa koulua, Adlercreutz sanoo.<\/p>\n<p>H\u00e4n korosti my\u00f6s koulutuspolitiikan keskeist\u00e4 roolia:<\/p>\n<p>\u2013 Vastuu koulutuksesta on yksi yhteiskunnan t\u00e4rkeimmist\u00e4 teht\u00e4vist\u00e4. Koulu ei muovaa ainoastaan yksil\u00f6n mahdollisuuksia, vaan koko kansakunnan tulevaisuutta.<\/p>\n<\/div>\n","protected":false},"excerpt":{"rendered":"<p>Opetusministeri Anders Adlercreutz kutsui keskiviikkona 25. maaliskuuta edelt\u00e4j\u00e4ns\u00e4 yhteiselle lounaalle Valtioneuvoston juhlahuoneistoon. Tilaisuuteen osallistui yhteens\u00e4 13 entist\u00e4 opetusministeri\u00e4, ja keskustelun keski\u00f6ss\u00e4 olivat suomalaisen peruskoulun kehitys ja tulevaisuus. Suomalainen peruskoulu, jolla on nyt yli 50 vuoden historia, on pitk\u00e4\u00e4n n\u00e4hty yhteiskunnan kulmakiven\u00e4 ja keskeisen\u00e4 selityksen\u00e4 maamme menestykselle \u2013 sek\u00e4 kansallisesti ett\u00e4 kansainv\u00e4lisesti. Tilaisuudessa paikalla oli useita [&hellip;]<\/p>\n","protected":false},"author":1,"featured_media":11276,"comment_status":"open","ping_status":"open","sticky":false,"template":"","format":"standard","meta":{"jetpack_post_was_ever_published":false,"_jetpack_newsletter_access":"","jetpack_publicize_message":"","jetpack_is_tweetstorm":false,"jetpack_publicize_feature_enabled":true,"jetpack_social_post_already_shared":true,"jetpack_social_options":{"image_generator_settings":{"template":"highway","enabled":false}}},"categories":[21,18,87],"tags":[],"jetpack_publicize_connections":[],"yoast_head":"<!-- This site is optimized with the Yoast SEO plugin v20.12 - https:\/\/yoast.com\/wordpress\/plugins\/seo\/ -->\n<title>Koulu on Suomen menestyksen perusta - Anders Adlercreutz<\/title>\n<meta name=\"robots\" content=\"index, follow, max-snippet:-1, max-image-preview:large, max-video-preview:-1\" \/>\n<link rel=\"canonical\" href=\"https:\/\/andersadlercreutz.fi\/blog\/1koulutus\/koulu-on-suomen-menestyksen-perusta\/\" \/>\n<meta property=\"og:locale\" content=\"sv_SE\" \/>\n<meta property=\"og:type\" content=\"article\" \/>\n<meta property=\"og:title\" content=\"Koulu on Suomen menestyksen perusta - Anders Adlercreutz\" \/>\n<meta property=\"og:description\" content=\"Opetusministeri Anders Adlercreutz kutsui keskiviikkona 25. maaliskuuta edelt\u00e4j\u00e4ns\u00e4 yhteiselle lounaalle Valtioneuvoston juhlahuoneistoon. Tilaisuuteen osallistui yhteens\u00e4 13 entist\u00e4 opetusministeri\u00e4, ja keskustelun keski\u00f6ss\u00e4 olivat suomalaisen peruskoulun kehitys ja tulevaisuus. Suomalainen peruskoulu, jolla on nyt yli 50 vuoden historia, on pitk\u00e4\u00e4n n\u00e4hty yhteiskunnan kulmakiven\u00e4 ja keskeisen\u00e4 selityksen\u00e4 maamme menestykselle \u2013 sek\u00e4 kansallisesti ett\u00e4 kansainv\u00e4lisesti. Tilaisuudessa paikalla oli useita [&hellip;]\" \/>\n<meta property=\"og:url\" content=\"https:\/\/andersadlercreutz.fi\/blog\/1koulutus\/koulu-on-suomen-menestyksen-perusta\/?lang=fi\" \/>\n<meta property=\"og:site_name\" content=\"Anders Adlercreutz\" \/>\n<meta property=\"article:published_time\" content=\"2026-03-25T07:09:34+00:00\" \/>\n<meta property=\"article:modified_time\" content=\"2026-03-27T07:10:14+00:00\" \/>\n<meta property=\"og:image\" content=\"https:\/\/andersadlercreutz.fi\/blog\/wp-content\/uploads\/2026\/03\/WhatsApp-Image-2026-03-25-at-19.01.52-e1774595354904.jpeg\" \/>\n\t<meta property=\"og:image:width\" content=\"1200\" \/>\n\t<meta property=\"og:image:height\" content=\"1600\" \/>\n\t<meta property=\"og:image:type\" content=\"image\/jpeg\" \/>\n<meta name=\"author\" content=\"Anders\" \/>\n<meta name=\"twitter:card\" content=\"summary_large_image\" \/>\n<meta name=\"twitter:label1\" content=\"Skriven av\" \/>\n\t<meta name=\"twitter:data1\" content=\"Anders\" \/>\n\t<meta name=\"twitter:label2\" content=\"Ber\u00e4knad l\u00e4stid\" \/>\n\t<meta name=\"twitter:data2\" content=\"1 minut\" \/>\n<script type=\"application\/ld+json\" class=\"yoast-schema-graph\">{\"@context\":\"https:\/\/schema.org\",\"@graph\":[{\"@type\":\"WebPage\",\"@id\":\"https:\/\/andersadlercreutz.fi\/blog\/1koulutus\/koulu-on-suomen-menestyksen-perusta\/?lang=fi\",\"url\":\"https:\/\/andersadlercreutz.fi\/blog\/1koulutus\/koulu-on-suomen-menestyksen-perusta\/?lang=fi\",\"name\":\"Koulu on Suomen menestyksen perusta - Anders Adlercreutz\",\"isPartOf\":{\"@id\":\"https:\/\/andersadlercreutz.fi\/blog\/#website\"},\"datePublished\":\"2026-03-25T07:09:34+00:00\",\"dateModified\":\"2026-03-27T07:10:14+00:00\",\"author\":{\"@id\":\"https:\/\/andersadlercreutz.fi\/blog\/#\/schema\/person\/47d4b72eded862b484f74bb4b3a2354f\"},\"breadcrumb\":{\"@id\":\"https:\/\/andersadlercreutz.fi\/blog\/1koulutus\/koulu-on-suomen-menestyksen-perusta\/?lang=fi#breadcrumb\"},\"inLanguage\":\"sv-SE\",\"potentialAction\":[{\"@type\":\"ReadAction\",\"target\":[\"https:\/\/andersadlercreutz.fi\/blog\/1koulutus\/koulu-on-suomen-menestyksen-perusta\/?lang=fi\"]}]},{\"@type\":\"BreadcrumbList\",\"@id\":\"https:\/\/andersadlercreutz.fi\/blog\/1koulutus\/koulu-on-suomen-menestyksen-perusta\/?lang=fi#breadcrumb\",\"itemListElement\":[{\"@type\":\"ListItem\",\"position\":1,\"name\":\"Home\",\"item\":\"https:\/\/andersadlercreutz.fi\/blog\/blogg\/?lang=sv\"},{\"@type\":\"ListItem\",\"position\":2,\"name\":\"Koulu on Suomen menestyksen perusta\"}]},{\"@type\":\"WebSite\",\"@id\":\"https:\/\/andersadlercreutz.fi\/blog\/#website\",\"url\":\"https:\/\/andersadlercreutz.fi\/blog\/\",\"name\":\"Anders Adlercreutz\",\"description\":\"Du. Jag. Vi. Kest&auml;v&auml;sti optimisti\",\"potentialAction\":[{\"@type\":\"SearchAction\",\"target\":{\"@type\":\"EntryPoint\",\"urlTemplate\":\"https:\/\/andersadlercreutz.fi\/blog\/?s={search_term_string}\"},\"query-input\":\"required name=search_term_string\"}],\"inLanguage\":\"sv-SE\"},{\"@type\":\"Person\",\"@id\":\"https:\/\/andersadlercreutz.fi\/blog\/#\/schema\/person\/47d4b72eded862b484f74bb4b3a2354f\",\"name\":\"Anders\",\"image\":{\"@type\":\"ImageObject\",\"inLanguage\":\"sv-SE\",\"@id\":\"https:\/\/andersadlercreutz.fi\/blog\/#\/schema\/person\/image\/\",\"url\":\"https:\/\/secure.gravatar.com\/avatar\/a144c9bda7a581ff6fabba169027e620?s=96&d=mm&r=g\",\"contentUrl\":\"https:\/\/secure.gravatar.com\/avatar\/a144c9bda7a581ff6fabba169027e620?s=96&d=mm&r=g\",\"caption\":\"Anders\"},\"url\":\"https:\/\/andersadlercreutz.fi\/blog\/author\/admin\/\"}]}<\/script>\n<!-- \/ Yoast SEO plugin. -->","yoast_head_json":{"title":"Koulu on Suomen menestyksen perusta - Anders Adlercreutz","robots":{"index":"index","follow":"follow","max-snippet":"max-snippet:-1","max-image-preview":"max-image-preview:large","max-video-preview":"max-video-preview:-1"},"canonical":"https:\/\/andersadlercreutz.fi\/blog\/1koulutus\/koulu-on-suomen-menestyksen-perusta\/","og_locale":"sv_SE","og_type":"article","og_title":"Koulu on Suomen menestyksen perusta - Anders Adlercreutz","og_description":"Opetusministeri Anders Adlercreutz kutsui keskiviikkona 25. maaliskuuta edelt\u00e4j\u00e4ns\u00e4 yhteiselle lounaalle Valtioneuvoston juhlahuoneistoon. Tilaisuuteen osallistui yhteens\u00e4 13 entist\u00e4 opetusministeri\u00e4, ja keskustelun keski\u00f6ss\u00e4 olivat suomalaisen peruskoulun kehitys ja tulevaisuus. Suomalainen peruskoulu, jolla on nyt yli 50 vuoden historia, on pitk\u00e4\u00e4n n\u00e4hty yhteiskunnan kulmakiven\u00e4 ja keskeisen\u00e4 selityksen\u00e4 maamme menestykselle \u2013 sek\u00e4 kansallisesti ett\u00e4 kansainv\u00e4lisesti. Tilaisuudessa paikalla oli useita [&hellip;]","og_url":"https:\/\/andersadlercreutz.fi\/blog\/1koulutus\/koulu-on-suomen-menestyksen-perusta\/?lang=fi","og_site_name":"Anders Adlercreutz","article_published_time":"2026-03-25T07:09:34+00:00","article_modified_time":"2026-03-27T07:10:14+00:00","og_image":[{"width":1200,"height":1600,"url":"https:\/\/andersadlercreutz.fi\/blog\/wp-content\/uploads\/2026\/03\/WhatsApp-Image-2026-03-25-at-19.01.52-e1774595354904.jpeg","type":"image\/jpeg"}],"author":"Anders","twitter_card":"summary_large_image","twitter_misc":{"Skriven av":"Anders","Ber\u00e4knad l\u00e4stid":"1 minut"},"schema":{"@context":"https:\/\/schema.org","@graph":[{"@type":"WebPage","@id":"https:\/\/andersadlercreutz.fi\/blog\/1koulutus\/koulu-on-suomen-menestyksen-perusta\/?lang=fi","url":"https:\/\/andersadlercreutz.fi\/blog\/1koulutus\/koulu-on-suomen-menestyksen-perusta\/?lang=fi","name":"Koulu on Suomen menestyksen perusta - Anders Adlercreutz","isPartOf":{"@id":"https:\/\/andersadlercreutz.fi\/blog\/#website"},"datePublished":"2026-03-25T07:09:34+00:00","dateModified":"2026-03-27T07:10:14+00:00","author":{"@id":"https:\/\/andersadlercreutz.fi\/blog\/#\/schema\/person\/47d4b72eded862b484f74bb4b3a2354f"},"breadcrumb":{"@id":"https:\/\/andersadlercreutz.fi\/blog\/1koulutus\/koulu-on-suomen-menestyksen-perusta\/?lang=fi#breadcrumb"},"inLanguage":"sv-SE","potentialAction":[{"@type":"ReadAction","target":["https:\/\/andersadlercreutz.fi\/blog\/1koulutus\/koulu-on-suomen-menestyksen-perusta\/?lang=fi"]}]},{"@type":"BreadcrumbList","@id":"https:\/\/andersadlercreutz.fi\/blog\/1koulutus\/koulu-on-suomen-menestyksen-perusta\/?lang=fi#breadcrumb","itemListElement":[{"@type":"ListItem","position":1,"name":"Home","item":"https:\/\/andersadlercreutz.fi\/blog\/blogg\/?lang=sv"},{"@type":"ListItem","position":2,"name":"Koulu on Suomen menestyksen perusta"}]},{"@type":"WebSite","@id":"https:\/\/andersadlercreutz.fi\/blog\/#website","url":"https:\/\/andersadlercreutz.fi\/blog\/","name":"Anders Adlercreutz","description":"Du. Jag. Vi. Kest&auml;v&auml;sti optimisti","potentialAction":[{"@type":"SearchAction","target":{"@type":"EntryPoint","urlTemplate":"https:\/\/andersadlercreutz.fi\/blog\/?s={search_term_string}"},"query-input":"required name=search_term_string"}],"inLanguage":"sv-SE"},{"@type":"Person","@id":"https:\/\/andersadlercreutz.fi\/blog\/#\/schema\/person\/47d4b72eded862b484f74bb4b3a2354f","name":"Anders","image":{"@type":"ImageObject","inLanguage":"sv-SE","@id":"https:\/\/andersadlercreutz.fi\/blog\/#\/schema\/person\/image\/","url":"https:\/\/secure.gravatar.com\/avatar\/a144c9bda7a581ff6fabba169027e620?s=96&d=mm&r=g","contentUrl":"https:\/\/secure.gravatar.com\/avatar\/a144c9bda7a581ff6fabba169027e620?s=96&d=mm&r=g","caption":"Anders"},"url":"https:\/\/andersadlercreutz.fi\/blog\/author\/admin\/"}]}},"jetpack_featured_media_url":"https:\/\/i0.wp.com\/andersadlercreutz.fi\/blog\/wp-content\/uploads\/2026\/03\/WhatsApp-Image-2026-03-25-at-19.01.52-e1774595354904.jpeg?fit=1200%2C1600&ssl=1","jetpack_shortlink":"https:\/\/wp.me\/p4T6Dh-2VV","jetpack_sharing_enabled":true,"_links":{"self":[{"href":"https:\/\/andersadlercreutz.fi\/blog\/wp-json\/wp\/v2\/posts\/11279"}],"collection":[{"href":"https:\/\/andersadlercreutz.fi\/blog\/wp-json\/wp\/v2\/posts"}],"about":[{"href":"https:\/\/andersadlercreutz.fi\/blog\/wp-json\/wp\/v2\/types\/post"}],"author":[{"embeddable":true,"href":"https:\/\/andersadlercreutz.fi\/blog\/wp-json\/wp\/v2\/users\/1"}],"replies":[{"embeddable":true,"href":"https:\/\/andersadlercreutz.fi\/blog\/wp-json\/wp\/v2\/comments?post=11279"}],"version-history":[{"count":2,"href":"https:\/\/andersadlercreutz.fi\/blog\/wp-json\/wp\/v2\/posts\/11279\/revisions"}],"predecessor-version":[{"id":11281,"href":"https:\/\/andersadlercreutz.fi\/blog\/wp-json\/wp\/v2\/posts\/11279\/revisions\/11281"}],"wp:featuredmedia":[{"embeddable":true,"href":"https:\/\/andersadlercreutz.fi\/blog\/wp-json\/wp\/v2\/media\/11276"}],"wp:attachment":[{"href":"https:\/\/andersadlercreutz.fi\/blog\/wp-json\/wp\/v2\/media?parent=11279"}],"wp:term":[{"taxonomy":"category","embeddable":true,"href":"https:\/\/andersadlercreutz.fi\/blog\/wp-json\/wp\/v2\/categories?post=11279"},{"taxonomy":"post_tag","embeddable":true,"href":"https:\/\/andersadlercreutz.fi\/blog\/wp-json\/wp\/v2\/tags?post=11279"}],"curies":[{"name":"wp","href":"https:\/\/api.w.org\/{rel}","templated":true}]}}