{"id":11284,"date":"2026-03-25T09:11:00","date_gmt":"2026-03-25T07:11:00","guid":{"rendered":"https:\/\/andersadlercreutz.fi\/blog\/?p=11284"},"modified":"2026-03-27T09:13:08","modified_gmt":"2026-03-27T07:13:08","slug":"arbete-at-unga-sfp-presenterar-atgarder-for-att-starka-ungas-sysselsattning","status":"publish","type":"post","link":"https:\/\/andersadlercreutz.fi\/blog\/1-utbildning\/arbete-at-unga-sfp-presenterar-atgarder-for-att-starka-ungas-sysselsattning\/","title":{"rendered":"Arbete \u00e5t unga \u2013 SFP presenterar \u00e5tg\u00e4rder f\u00f6r att st\u00e4rka ungas syssels\u00e4ttning"},"content":{"rendered":"<div class=\"excerpt\">\n<p>SFP:s ordf\u00f6rande Anders Adlercreutz och riksdagsledamot Christoffer Ingo presenterade p\u00e5 onsdag SFP:s \u00e5tg\u00e4rder f\u00f6r att st\u00e4rka ungas syssels\u00e4ttning. Adlercreutz och Ingo betonade vikten av att st\u00e4rka ungas framtidstro och att alla unga ska kunna lita p\u00e5 att arbete l\u00f6nar sig och att den utbildning man f\u00e5r ocks\u00e5 b\u00e4r.<\/p>\n<\/div>\n<div class=\"resizable\">\n<p>\u2013 Framtidstron st\u00e4rks n\u00e4r man k\u00e4nner att man kan p\u00e5verka sitt eget liv. Om unga fastnar i arbetsl\u00f6shet i b\u00f6rjan av sin karri\u00e4r riskerar det att underminera b\u00e5de deras m\u00f6jligheter och deras tro p\u00e5 framtiden. D\u00e4rf\u00f6r m\u00e5ste vi agera, s\u00e4ger Adlercreutz.<\/p>\n<p>Arbetsl\u00f6sheten bland unga \u00e4r idag h\u00f6g. Enligt SFP handlar det inte fr\u00e4mst om brist p\u00e5 vilja eller kompetens, utan om att arbets- och praktikplatser \u00e4r sv\u00e5ra att hitta.<\/p>\n<p>\u2013 Det m\u00e5ste finnas fler v\u00e4gar in i arbetslivet. Vi beh\u00f6ver b\u00e5de g\u00f6ra det l\u00e4ttare f\u00f6r f\u00f6retag att anst\u00e4lla unga och uppmuntra fler unga att skapa sitt eget arbete, till exempel genom f\u00f6retagande. Samtidigt l\u00e4gger vi grunden f\u00f6r n\u00e4sta generation av finl\u00e4ndska f\u00f6retagare, s\u00e4ger Ingo.<\/p>\n<p>SFP lyfter \u00e4ven upp vikten av s\u00e4rskilda insatser f\u00f6r de unga som \u00e4nnu inte hittat sin plats i arbets- eller studielivet.\u00b4<\/p>\n<p>\u2013 Psykisk oh\u00e4lsa \u00e4r den vanligaste orsaken till sjukpensionering bland personer under 35 \u00e5r. D\u00e4rf\u00f6r m\u00e5ste vi ocks\u00e5 st\u00e4rka tillg\u00e5ngen till rehabilitering och st\u00f6d f\u00f6r att hj\u00e4lpa unga tillbaka till sina studier och arbete, s\u00e4ger Adlercreutz.<\/p>\n<p>\u2013 Finland har inte r\u00e5d att f\u00f6rlora en generation unga till arbetsl\u00f6shet. Med riktade reformer kan vi skapa fler m\u00f6jligheter och ge unga en starkare start i arbetslivet, s\u00e4ger Ingo.<\/p>\n<p><b>SFP:s 10 \u00e5tg\u00e4rder f\u00f6r att st\u00e4rka ungas syssels\u00e4ttning<\/b><\/p>\n<p>&nbsp;<\/p>\n<ol>\n<li><b>Inf\u00f6r en ungdomsreservering i f\u00f6retagsbeskattningen<\/b><\/li>\n<\/ol>\n<p>F\u00f6r att underl\u00e4tta anst\u00e4llningen av under 30-\u00e5ringar vill vi inf\u00f6ra en ungdomsreservering f\u00f6r f\u00f6retag. Med hj\u00e4lp av den kan f\u00f6retag g\u00f6ra ett separat avdrag f\u00f6r l\u00f6nebikostnader som inte beaktas n\u00e4r \u00e5rets resultat ber\u00e4knas. De reserverade medlen skulle inte beskattas som vinst och skulle f\u00e5 anv\u00e4ndas under skatte\u00e5ret eller tre d\u00e4rp\u00e5 f\u00f6ljande \u00e5r f\u00f6r att finansiera investeringar. Beskattningsreserveringen blir skattepliktig inkomst om den inte anv\u00e4nds inom angiven tidsfrist f\u00f6r att finansiera investeringar.<\/p>\n<p><b>2. Sporra unga till f\u00f6retagande genom att f\u00f6rdubbla storleken p\u00e5 startpengen<\/b><\/p>\n<p>Vi vill uppmuntra fler unga att ta steget in p\u00e5 f\u00f6retagarbanan genom att f\u00f6rdubbla startpengen f\u00f6r under 30-\u00e5ringar. \u00c5r 2026 \u00e4r startpengen 37,21 euro per dag. En f\u00f6rdubbling skulle ge unga f\u00f6retagare en tryggad inkomst p\u00e5 1 480 euro per m\u00e5nad. En f\u00f6rh\u00f6jd startpeng \u00e4r en tydlig signal och ett konkret incitament som fr\u00e4mjar det att fler unga v\u00e5gar satsa p\u00e5 sina id\u00e9er och bygga upp sin f\u00f6retagsverksamhet.<\/p>\n<p><b>3. S\u00e4nk tr\u00f6skeln f\u00f6r ungt f\u00f6retagande med en s\u00e4rskild f\u00f6retagsmodell f\u00f6r 15\u201325-\u00e5ringar<\/b><\/p>\n<p>Vi vill g\u00f6ra det betydligt enklare f\u00f6r unga att bli f\u00f6retagare genom att skapa en l\u00e4ttare f\u00f6retagsmodell f\u00f6r 15\u201325-\u00e5ringar genom att bygga vidare p\u00e5 Ungt f\u00f6retagande-modellen. Den skulle ge skattefrihet p\u00e5 vinst upp till en viss taksumma, automatisera bokf\u00f6ringen via Skattef\u00f6rvaltningens system och kompletteras med undervisning i entrepren\u00f6rskaps- och ekonomif\u00e4rdigheter p\u00e5 h\u00f6gstadiet och p\u00e5 andra stadiet. Modellen minskar byr\u00e5kratin och g\u00f6r f\u00f6retagande till ett verkligt alternativ f\u00f6r unga som vill skapa sin egen syssels\u00e4ttning.<\/p>\n<p><b>4. Slopa f\u00f6rsta anst\u00e4llningsm\u00e5nadens arbetspensionsf\u00f6rs\u00e4kringsavgift f\u00f6r att fr\u00e4mja sommarjobb<\/b><\/p>\n<p>M\u00e5nga unga f\u00e5r in foten i arbetslivet via ett sommarjobb. F\u00f6r att fr\u00e4mja att f\u00f6retag anst\u00e4ller sommar- och s\u00e4songsarbetare vill vi slopa den f\u00f6rsta anst\u00e4llningsm\u00e5nadens arbetspensionsf\u00f6rs\u00e4kringsavgift d\u00e5 f\u00f6retaget anst\u00e4ller en ung person upp till 25 \u00e5r f\u00f6r en korttidsanst\u00e4llning. Arbetsgivaren sparar via det ungef\u00e4r en femtedel av kostnaderna f\u00f6r den f\u00f6rsta anst\u00e4llningsm\u00e5naden.<\/p>\n<p><b>5. St\u00e4rk samarbetet mellan h\u00f6gskolor, yrkesutbildning och n\u00e4ringslivet f\u00f6r att fr\u00e4mja praktik och slutarbeten<\/b><\/p>\n<p>Inom m\u00e5nga sektorer har unga sv\u00e5rt att hitta en praktikplats, vilket kan p\u00e5verka m\u00f6jligheten att slutf\u00f6ra sin examen ifall det handlar om obligatorisk arbetspraktik. Praktiken kan ha en stor roll i att f\u00e5 anst\u00e4llning efter utexaminering. Vi vill fr\u00e4mja ett st\u00e4rkt samarbete mellan h\u00f6gskolor och n\u00e4ringsliv p\u00e5 regional niv\u00e5 och skapa en skattemorot f\u00f6r f\u00f6retag som bekostar ett slutarbete p\u00e5 magister- eller kandidatniv\u00e5.<\/p>\n<p><b>6. Utveckla l\u00e4roavtalen s\u00e5 att fler unga kommer in i arbetslivet<\/b><\/p>\n<p>I Finland \u00e4r l\u00e4roavtal fortfarande administrativt tunga och dyra f\u00f6r f\u00f6retagen. Vi vill f\u00f6renkla den administrativa b\u00f6rdan, st\u00e4rka handledningen f\u00f6r studerande och fr\u00e4mja samarbetet mellan f\u00f6retag och utbildningsanordnare och p\u00e5 s\u00e5 s\u00e4tt f\u00e5 fler f\u00f6retag att erbjuda l\u00e4roavtalsplatser och ge unga en smidig v\u00e4g in i arbetslivet. F\u00f6rs\u00f6ket med verksamhetsstyrningen inom yrkesutbildningen m\u00f6jligg\u00f6r ocks\u00e5 ett t\u00e4tare samarbete mellan det lokala n\u00e4ringslivet och utbildningsanordnarna i regionen.<\/p>\n<p><b>7. Sporra att ta emot deltidsarbete genom att \u00e5terinf\u00f6ra det skyddade beloppet i arbetsl\u00f6shetsdagpenning f\u00f6r alla<\/b><\/p>\n<p>Slopandet av det skyddade beloppet har i det r\u00e5dande ekonomiska l\u00e4get inte lett till det \u00f6nskade resultatet att fler skulle \u00f6verg\u00e5 fr\u00e5n att arbeta deltid till att i st\u00e4llet arbeta heltid. Snarare finns det tecken p\u00e5 att fler unga helt avst\u00e5r fr\u00e5n arbete, eftersom redan sm\u00e5 inkomster leder till ett delvis bortfall av st\u00f6d. Arbete ska alltid l\u00f6na sig. D\u00e4rf\u00f6r f\u00f6resl\u00e5r vi att det skyddade beloppet \u00e5terinf\u00f6rs.<\/p>\n<p><b>8. Negativ inkomstbeskattning som spr\u00e5ngbr\u00e4da f\u00f6r jobb och ungt f\u00f6retagande<\/b><\/p>\n<p>Vi vill inleda ett f\u00f6rs\u00f6k med negativ inkomstbeskattning, vilket inneb\u00e4r att personer med l\u00e5ga eller inga inkomster alls f\u00e5r st\u00f6d via beskattningen i st\u00e4llet f\u00f6r komplicerade inkomst\u00f6verf\u00f6ringar. Vi vill att det alltid ska l\u00f6na sig att arbeta och att det ska synas i pl\u00e5nboken ifall man arbetar mera.<\/p>\n<p>Med negativ inkomstbeskattning skulle dagens splittrade socialskydd med sina m\u00e5nga olika st\u00f6dformer och niv\u00e5er ers\u00e4ttas av ett enklare system. Det skulle eliminera flitf\u00e4llor, skapa klara incitament b\u00e5de att ta emot jobb och att starta f\u00f6retag samtidigt som den minskar tung byr\u00e5krati. Resultatet blir ett begripligt system som \u00e4r l\u00e4tt f\u00f6r anv\u00e4ndaren.<\/p>\n<p><b>9. Upphandlingen av syssels\u00e4ttningstj\u00e4nster ska vara resultatorienterad<\/b><\/p>\n<p>N\u00e4r kommuner upphandlar syssels\u00e4ttningstj\u00e4nster av privata tj\u00e4nsteproducenter ska mer fokus l\u00e4ggas p\u00e5 att den arbetsl\u00f6sa ocks\u00e5 f\u00e5r ett jobb. Det ska inte r\u00e4cka med att de privata tj\u00e4nsteproducenterna ordnar utbildning ett visst antal timmar, utan det centrala \u00e4r att \u00e5tg\u00e4rderna leder till anst\u00e4llning. Exempelvis har Lahtis inf\u00f6rt en modell som utg\u00e5r fr\u00e5n detta.<\/p>\n<p><b>10. Minska ungas andel av sjukpensioneringar genom att st\u00e4rka rehabiliteringen och fr\u00e4mja en \u00e5terg\u00e5ng till arbetslivet<\/b><\/p>\n<p>Den vanligaste orsaken till att unga sjukpensioneras tidigt \u00e4r problem med den mentala h\u00e4lsan. Forskningen visar att sannolikheten f\u00f6r att en person \u00e5terg\u00e5r till arbetet minskar ju l\u00e4ngre sjukfr\u00e5nvaron p\u00e5g\u00e5r. D\u00e4rf\u00f6r \u00e4r det viktigt att trygga m\u00e4nniskors tillg\u00e5ng till rehabiliteringstj\u00e4nster \u00e4nnu tidigare \u00e4n idag och, i de fall d\u00e4r det \u00e4r praktiskt m\u00f6jligt, g\u00f6ra deltagandet i rehabilitering mer f\u00f6rpliktande. F\u00f6r att underl\u00e4tta \u00e5terg\u00e5ngen till arbetslivet ska tr\u00f6skeln f\u00f6r anv\u00e4ndning av arbetspr\u00f6vning via f\u00f6retagsh\u00e4lsov\u00e5rden s\u00e4nkas och anv\u00e4ndningen av IPS-arbetstr\u00e4ning fr\u00e4mjas i v\u00e4lf\u00e4rdsomr\u00e5dena.\u00a0Samtidigt beh\u00f6ver vi b\u00e4ttre f\u00f6lja med arbetsf\u00f6rm\u00e5gan hos de unga som saknar anst\u00e4llning eller studieplats. Eftersom kunskapsunderlaget om hur effektivt olika rehabiliteringsformer fr\u00e4mjar \u00e5terg\u00e5ngen till arbetet \u00e4r begr\u00e4nsat, vill vi att detta utreds f\u00f6r att s\u00e4kerst\u00e4lla att den rehabilitering som erbjuds faktiskt ger resultat.<\/p>\n<\/div>\n","protected":false},"excerpt":{"rendered":"<p>SFP:s ordf\u00f6rande Anders Adlercreutz och riksdagsledamot Christoffer Ingo presenterade p\u00e5 onsdag SFP:s \u00e5tg\u00e4rder f\u00f6r att st\u00e4rka ungas syssels\u00e4ttning. Adlercreutz och Ingo betonade vikten av att st\u00e4rka ungas framtidstro och att alla unga ska kunna lita p\u00e5 att arbete l\u00f6nar sig och att den utbildning man f\u00e5r ocks\u00e5 b\u00e4r. \u2013 Framtidstron st\u00e4rks n\u00e4r man k\u00e4nner att [&hellip;]<\/p>\n","protected":false},"author":1,"featured_media":11285,"comment_status":"open","ping_status":"open","sticky":false,"template":"","format":"standard","meta":{"jetpack_post_was_ever_published":false,"_jetpack_newsletter_access":"","jetpack_publicize_message":"","jetpack_is_tweetstorm":false,"jetpack_publicize_feature_enabled":true,"jetpack_social_post_already_shared":true,"jetpack_social_options":{"image_generator_settings":{"template":"highway","enabled":false}}},"categories":[27,28,45,31,105,72,40,88],"tags":[],"jetpack_publicize_connections":[],"yoast_head":"<!-- This site is optimized with the Yoast SEO plugin v20.12 - https:\/\/yoast.com\/wordpress\/plugins\/seo\/ -->\n<title>Arbete \u00e5t unga \u2013 SFP presenterar \u00e5tg\u00e4rder f\u00f6r att st\u00e4rka ungas syssels\u00e4ttning - Anders Adlercreutz<\/title>\n<meta name=\"robots\" content=\"index, follow, max-snippet:-1, max-image-preview:large, max-video-preview:-1\" \/>\n<link rel=\"canonical\" href=\"https:\/\/andersadlercreutz.fi\/blog\/1-utbildning\/arbete-at-unga-sfp-presenterar-atgarder-for-att-starka-ungas-sysselsattning\/\" \/>\n<meta property=\"og:locale\" content=\"sv_SE\" \/>\n<meta property=\"og:type\" content=\"article\" \/>\n<meta property=\"og:title\" content=\"Arbete \u00e5t unga \u2013 SFP presenterar \u00e5tg\u00e4rder f\u00f6r att st\u00e4rka ungas syssels\u00e4ttning - Anders Adlercreutz\" \/>\n<meta property=\"og:description\" content=\"SFP:s ordf\u00f6rande Anders Adlercreutz och riksdagsledamot Christoffer Ingo presenterade p\u00e5 onsdag SFP:s \u00e5tg\u00e4rder f\u00f6r att st\u00e4rka ungas syssels\u00e4ttning. Adlercreutz och Ingo betonade vikten av att st\u00e4rka ungas framtidstro och att alla unga ska kunna lita p\u00e5 att arbete l\u00f6nar sig och att den utbildning man f\u00e5r ocks\u00e5 b\u00e4r. \u2013 Framtidstron st\u00e4rks n\u00e4r man k\u00e4nner att [&hellip;]\" \/>\n<meta property=\"og:url\" content=\"https:\/\/andersadlercreutz.fi\/blog\/1-utbildning\/arbete-at-unga-sfp-presenterar-atgarder-for-att-starka-ungas-sysselsattning\/\" \/>\n<meta property=\"og:site_name\" content=\"Anders Adlercreutz\" \/>\n<meta property=\"article:published_time\" content=\"2026-03-25T07:11:00+00:00\" \/>\n<meta property=\"article:modified_time\" content=\"2026-03-27T07:13:08+00:00\" \/>\n<meta property=\"og:image\" content=\"https:\/\/andersadlercreutz.fi\/blog\/wp-content\/uploads\/2026\/03\/0S6A9738-e1774595578946.jpg\" \/>\n\t<meta property=\"og:image:width\" content=\"2048\" \/>\n\t<meta property=\"og:image:height\" content=\"1182\" \/>\n\t<meta property=\"og:image:type\" content=\"image\/jpeg\" \/>\n<meta name=\"author\" content=\"Anders\" \/>\n<meta name=\"twitter:card\" content=\"summary_large_image\" \/>\n<meta name=\"twitter:label1\" content=\"Skriven av\" \/>\n\t<meta name=\"twitter:data1\" content=\"Anders\" \/>\n\t<meta name=\"twitter:label2\" content=\"Ber\u00e4knad l\u00e4stid\" \/>\n\t<meta name=\"twitter:data2\" content=\"6 minuter\" \/>\n<script type=\"application\/ld+json\" class=\"yoast-schema-graph\">{\"@context\":\"https:\/\/schema.org\",\"@graph\":[{\"@type\":\"WebPage\",\"@id\":\"https:\/\/andersadlercreutz.fi\/blog\/1-utbildning\/arbete-at-unga-sfp-presenterar-atgarder-for-att-starka-ungas-sysselsattning\/\",\"url\":\"https:\/\/andersadlercreutz.fi\/blog\/1-utbildning\/arbete-at-unga-sfp-presenterar-atgarder-for-att-starka-ungas-sysselsattning\/\",\"name\":\"Arbete \u00e5t unga \u2013 SFP presenterar \u00e5tg\u00e4rder f\u00f6r att st\u00e4rka ungas syssels\u00e4ttning - Anders Adlercreutz\",\"isPartOf\":{\"@id\":\"https:\/\/andersadlercreutz.fi\/blog\/#website\"},\"datePublished\":\"2026-03-25T07:11:00+00:00\",\"dateModified\":\"2026-03-27T07:13:08+00:00\",\"author\":{\"@id\":\"https:\/\/andersadlercreutz.fi\/blog\/#\/schema\/person\/47d4b72eded862b484f74bb4b3a2354f\"},\"breadcrumb\":{\"@id\":\"https:\/\/andersadlercreutz.fi\/blog\/1-utbildning\/arbete-at-unga-sfp-presenterar-atgarder-for-att-starka-ungas-sysselsattning\/#breadcrumb\"},\"inLanguage\":\"sv-SE\",\"potentialAction\":[{\"@type\":\"ReadAction\",\"target\":[\"https:\/\/andersadlercreutz.fi\/blog\/1-utbildning\/arbete-at-unga-sfp-presenterar-atgarder-for-att-starka-ungas-sysselsattning\/\"]}]},{\"@type\":\"BreadcrumbList\",\"@id\":\"https:\/\/andersadlercreutz.fi\/blog\/1-utbildning\/arbete-at-unga-sfp-presenterar-atgarder-for-att-starka-ungas-sysselsattning\/#breadcrumb\",\"itemListElement\":[{\"@type\":\"ListItem\",\"position\":1,\"name\":\"Home\",\"item\":\"https:\/\/andersadlercreutz.fi\/blog\/blogg\/?lang=sv\"},{\"@type\":\"ListItem\",\"position\":2,\"name\":\"Arbete \u00e5t unga \u2013 SFP presenterar \u00e5tg\u00e4rder f\u00f6r att st\u00e4rka ungas syssels\u00e4ttning\"}]},{\"@type\":\"WebSite\",\"@id\":\"https:\/\/andersadlercreutz.fi\/blog\/#website\",\"url\":\"https:\/\/andersadlercreutz.fi\/blog\/\",\"name\":\"Anders Adlercreutz\",\"description\":\"Du. Jag. Vi. Kest&auml;v&auml;sti optimisti\",\"potentialAction\":[{\"@type\":\"SearchAction\",\"target\":{\"@type\":\"EntryPoint\",\"urlTemplate\":\"https:\/\/andersadlercreutz.fi\/blog\/?s={search_term_string}\"},\"query-input\":\"required name=search_term_string\"}],\"inLanguage\":\"sv-SE\"},{\"@type\":\"Person\",\"@id\":\"https:\/\/andersadlercreutz.fi\/blog\/#\/schema\/person\/47d4b72eded862b484f74bb4b3a2354f\",\"name\":\"Anders\",\"image\":{\"@type\":\"ImageObject\",\"inLanguage\":\"sv-SE\",\"@id\":\"https:\/\/andersadlercreutz.fi\/blog\/#\/schema\/person\/image\/\",\"url\":\"https:\/\/secure.gravatar.com\/avatar\/a144c9bda7a581ff6fabba169027e620?s=96&d=mm&r=g\",\"contentUrl\":\"https:\/\/secure.gravatar.com\/avatar\/a144c9bda7a581ff6fabba169027e620?s=96&d=mm&r=g\",\"caption\":\"Anders\"},\"url\":\"https:\/\/andersadlercreutz.fi\/blog\/author\/admin\/\"}]}<\/script>\n<!-- \/ Yoast SEO plugin. -->","yoast_head_json":{"title":"Arbete \u00e5t unga \u2013 SFP presenterar \u00e5tg\u00e4rder f\u00f6r att st\u00e4rka ungas syssels\u00e4ttning - Anders Adlercreutz","robots":{"index":"index","follow":"follow","max-snippet":"max-snippet:-1","max-image-preview":"max-image-preview:large","max-video-preview":"max-video-preview:-1"},"canonical":"https:\/\/andersadlercreutz.fi\/blog\/1-utbildning\/arbete-at-unga-sfp-presenterar-atgarder-for-att-starka-ungas-sysselsattning\/","og_locale":"sv_SE","og_type":"article","og_title":"Arbete \u00e5t unga \u2013 SFP presenterar \u00e5tg\u00e4rder f\u00f6r att st\u00e4rka ungas syssels\u00e4ttning - Anders Adlercreutz","og_description":"SFP:s ordf\u00f6rande Anders Adlercreutz och riksdagsledamot Christoffer Ingo presenterade p\u00e5 onsdag SFP:s \u00e5tg\u00e4rder f\u00f6r att st\u00e4rka ungas syssels\u00e4ttning. Adlercreutz och Ingo betonade vikten av att st\u00e4rka ungas framtidstro och att alla unga ska kunna lita p\u00e5 att arbete l\u00f6nar sig och att den utbildning man f\u00e5r ocks\u00e5 b\u00e4r. \u2013 Framtidstron st\u00e4rks n\u00e4r man k\u00e4nner att [&hellip;]","og_url":"https:\/\/andersadlercreutz.fi\/blog\/1-utbildning\/arbete-at-unga-sfp-presenterar-atgarder-for-att-starka-ungas-sysselsattning\/","og_site_name":"Anders Adlercreutz","article_published_time":"2026-03-25T07:11:00+00:00","article_modified_time":"2026-03-27T07:13:08+00:00","og_image":[{"width":2048,"height":1182,"url":"https:\/\/andersadlercreutz.fi\/blog\/wp-content\/uploads\/2026\/03\/0S6A9738-e1774595578946.jpg","type":"image\/jpeg"}],"author":"Anders","twitter_card":"summary_large_image","twitter_misc":{"Skriven av":"Anders","Ber\u00e4knad l\u00e4stid":"6 minuter"},"schema":{"@context":"https:\/\/schema.org","@graph":[{"@type":"WebPage","@id":"https:\/\/andersadlercreutz.fi\/blog\/1-utbildning\/arbete-at-unga-sfp-presenterar-atgarder-for-att-starka-ungas-sysselsattning\/","url":"https:\/\/andersadlercreutz.fi\/blog\/1-utbildning\/arbete-at-unga-sfp-presenterar-atgarder-for-att-starka-ungas-sysselsattning\/","name":"Arbete \u00e5t unga \u2013 SFP presenterar \u00e5tg\u00e4rder f\u00f6r att st\u00e4rka ungas syssels\u00e4ttning - Anders Adlercreutz","isPartOf":{"@id":"https:\/\/andersadlercreutz.fi\/blog\/#website"},"datePublished":"2026-03-25T07:11:00+00:00","dateModified":"2026-03-27T07:13:08+00:00","author":{"@id":"https:\/\/andersadlercreutz.fi\/blog\/#\/schema\/person\/47d4b72eded862b484f74bb4b3a2354f"},"breadcrumb":{"@id":"https:\/\/andersadlercreutz.fi\/blog\/1-utbildning\/arbete-at-unga-sfp-presenterar-atgarder-for-att-starka-ungas-sysselsattning\/#breadcrumb"},"inLanguage":"sv-SE","potentialAction":[{"@type":"ReadAction","target":["https:\/\/andersadlercreutz.fi\/blog\/1-utbildning\/arbete-at-unga-sfp-presenterar-atgarder-for-att-starka-ungas-sysselsattning\/"]}]},{"@type":"BreadcrumbList","@id":"https:\/\/andersadlercreutz.fi\/blog\/1-utbildning\/arbete-at-unga-sfp-presenterar-atgarder-for-att-starka-ungas-sysselsattning\/#breadcrumb","itemListElement":[{"@type":"ListItem","position":1,"name":"Home","item":"https:\/\/andersadlercreutz.fi\/blog\/blogg\/?lang=sv"},{"@type":"ListItem","position":2,"name":"Arbete \u00e5t unga \u2013 SFP presenterar \u00e5tg\u00e4rder f\u00f6r att st\u00e4rka ungas syssels\u00e4ttning"}]},{"@type":"WebSite","@id":"https:\/\/andersadlercreutz.fi\/blog\/#website","url":"https:\/\/andersadlercreutz.fi\/blog\/","name":"Anders Adlercreutz","description":"Du. Jag. Vi. Kest&auml;v&auml;sti optimisti","potentialAction":[{"@type":"SearchAction","target":{"@type":"EntryPoint","urlTemplate":"https:\/\/andersadlercreutz.fi\/blog\/?s={search_term_string}"},"query-input":"required name=search_term_string"}],"inLanguage":"sv-SE"},{"@type":"Person","@id":"https:\/\/andersadlercreutz.fi\/blog\/#\/schema\/person\/47d4b72eded862b484f74bb4b3a2354f","name":"Anders","image":{"@type":"ImageObject","inLanguage":"sv-SE","@id":"https:\/\/andersadlercreutz.fi\/blog\/#\/schema\/person\/image\/","url":"https:\/\/secure.gravatar.com\/avatar\/a144c9bda7a581ff6fabba169027e620?s=96&d=mm&r=g","contentUrl":"https:\/\/secure.gravatar.com\/avatar\/a144c9bda7a581ff6fabba169027e620?s=96&d=mm&r=g","caption":"Anders"},"url":"https:\/\/andersadlercreutz.fi\/blog\/author\/admin\/"}]}},"jetpack_featured_media_url":"https:\/\/i0.wp.com\/andersadlercreutz.fi\/blog\/wp-content\/uploads\/2026\/03\/0S6A9738-e1774595578946.jpg?fit=2048%2C1182&ssl=1","jetpack_shortlink":"https:\/\/wp.me\/p4T6Dh-2W0","jetpack_sharing_enabled":true,"_links":{"self":[{"href":"https:\/\/andersadlercreutz.fi\/blog\/wp-json\/wp\/v2\/posts\/11284"}],"collection":[{"href":"https:\/\/andersadlercreutz.fi\/blog\/wp-json\/wp\/v2\/posts"}],"about":[{"href":"https:\/\/andersadlercreutz.fi\/blog\/wp-json\/wp\/v2\/types\/post"}],"author":[{"embeddable":true,"href":"https:\/\/andersadlercreutz.fi\/blog\/wp-json\/wp\/v2\/users\/1"}],"replies":[{"embeddable":true,"href":"https:\/\/andersadlercreutz.fi\/blog\/wp-json\/wp\/v2\/comments?post=11284"}],"version-history":[{"count":2,"href":"https:\/\/andersadlercreutz.fi\/blog\/wp-json\/wp\/v2\/posts\/11284\/revisions"}],"predecessor-version":[{"id":11292,"href":"https:\/\/andersadlercreutz.fi\/blog\/wp-json\/wp\/v2\/posts\/11284\/revisions\/11292"}],"wp:featuredmedia":[{"embeddable":true,"href":"https:\/\/andersadlercreutz.fi\/blog\/wp-json\/wp\/v2\/media\/11285"}],"wp:attachment":[{"href":"https:\/\/andersadlercreutz.fi\/blog\/wp-json\/wp\/v2\/media?parent=11284"}],"wp:term":[{"taxonomy":"category","embeddable":true,"href":"https:\/\/andersadlercreutz.fi\/blog\/wp-json\/wp\/v2\/categories?post=11284"},{"taxonomy":"post_tag","embeddable":true,"href":"https:\/\/andersadlercreutz.fi\/blog\/wp-json\/wp\/v2\/tags?post=11284"}],"curies":[{"name":"wp","href":"https:\/\/api.w.org\/{rel}","templated":true}]}}