{"id":11293,"date":"2026-03-25T09:13:31","date_gmt":"2026-03-25T07:13:31","guid":{"rendered":"https:\/\/andersadlercreutz.fi\/blog\/?p=11293"},"modified":"2026-03-27T09:14:32","modified_gmt":"2026-03-27T07:14:32","slug":"toita-nuorille-rkp-esittelee-nuorten-tyollisyytta-tukevat-toimenpiteensa","status":"publish","type":"post","link":"https:\/\/andersadlercreutz.fi\/blog\/1koulutus\/toita-nuorille-rkp-esittelee-nuorten-tyollisyytta-tukevat-toimenpiteensa\/?lang=fi","title":{"rendered":"T\u00f6it\u00e4 nuorille \u2013 RKP esittelee nuorten ty\u00f6llisyytt\u00e4 tukevat toimenpiteens\u00e4"},"content":{"rendered":"<div class=\"excerpt\">\n<p>RKP:n puheenjohtaja Anders Adlercreutz ja kansanedustaja Christoffer Ingo esitteliv\u00e4t keskiviikkona RKP:n toimenpiteet nuorten ty\u00f6llisyyden vahvistamiseksi. Adlercreutz ja Ingo korostivat, kuinka t\u00e4rke\u00e4\u00e4 on vahvistaa nuorten tulevaisuudenuskoa ja varmistaa, ett\u00e4 kaikki nuoret voivat luottaa siihen, ett\u00e4 ty\u00f6nteko kannattaa ja ett\u00e4 saatu koulutus kantaa hedelm\u00e4\u00e4.<\/p>\n<\/div>\n<div class=\"resizable\">\n<p>\u2013 Tulevaisuudenusko vahvistuu, kun tuntee voivansa vaikuttaa omaan el\u00e4m\u00e4\u00e4ns\u00e4. Jos nuoret juuttuvat ty\u00f6tt\u00f6myyteen uransa alussa, se voi heikent\u00e4\u00e4 sek\u00e4 heid\u00e4n mahdollisuuksiaan ett\u00e4 uskoaan tulevaisuuteen. Siksi meid\u00e4n on teht\u00e4v\u00e4 jotain, Adlercreutz sanoo.<\/p>\n<p>Nuorten ty\u00f6tt\u00f6myys on t\u00e4ll\u00e4 hetkell\u00e4 korkea, ja RKP:n mukaan ongelma johtuu ennen kaikkea siit\u00e4, ett\u00e4 ty\u00f6- ja harjoittelupaikkoja on vaikea l\u00f6yt\u00e4\u00e4, ei nuorten halun tai osaamisen puutteesta.<\/p>\n<p>\u2013 Ty\u00f6el\u00e4m\u00e4\u00e4n pit\u00e4\u00e4 olla useampia v\u00e4yli\u00e4. Meid\u00e4n on sek\u00e4 helpotettava yritysten mahdollisuuksia palkata nuoria ett\u00e4 kannustettava nuoria luomaan omaa ty\u00f6t\u00e4 esimerkiksi yritt\u00e4jyyden kautta. Samalla luomme vahvan pohjan seuraavalle sukupolvelle suomalaisia yritt\u00e4ji\u00e4, Ingo sanoo.<\/p>\n<p>RKP korostaa my\u00f6s, kuinka t\u00e4rke\u00e4\u00e4 on kohdentaa erityistoimia nuorille, jotka eiv\u00e4t viel\u00e4 ole l\u00f6yt\u00e4neet paikkaansa ty\u00f6- tai opiskeluel\u00e4m\u00e4ss\u00e4.<\/p>\n<p>\u2013 Mielenterveysongelmat ovat yleisin syy alle 35-vuotiaiden ty\u00f6kyvytt\u00f6myysel\u00e4kkeeseen. Siksi on t\u00e4rke\u00e4\u00e4 vahvistaa kuntoutuksen ja tuen saatavuutta, jotta nuoret voivat palata opintoihin ja ty\u00f6el\u00e4m\u00e4\u00e4n, Adlercreutz sanoo.<\/p>\n<p>\u2013 Suomella ei ole varaa menett\u00e4\u00e4 kokonainen nuorten sukupolvi ty\u00f6tt\u00f6myyden vuoksi. Kohdennettujen uudistusten avulla voidaan luoda lis\u00e4\u00e4 mahdollisuuksia ja antaa nuorille vahvempi alku ty\u00f6el\u00e4m\u00e4\u00e4n, Ingo sanoo.<\/p>\n<p>&nbsp;<\/p>\n<p><b>RKP:n toimenpiteet nuorten ty\u00f6llisyyden tukemiseksi<\/b><\/p>\n<p><b>1. Nuorisovaraus yritysverotukseen<\/b><\/p>\n<p>Helpottaaksemme alle 30-vuotiaiden palkkaamista haluamme ottaa yrityksille k\u00e4ytt\u00f6\u00f6n nuorisovarauksen. Sen avulla yritykset voisivat kirjanpidossa tehd\u00e4 erillisen palkkojen sivukuluja vastaavan varauksen, joka v\u00e4hent\u00e4isi sen vuoden verotettavaa tulosta. Varausta voi k\u00e4ytt\u00e4\u00e4 samana vuonna tai kolmena seuraavana vuonna investointien rahoittamiseen. V\u00e4hennys muuttuu veronalaiseksi tuloksi, jos sit\u00e4 ei k\u00e4ytet\u00e4 m\u00e4\u00e4r\u00e4ajassa investointien rahoittamiseen.<\/p>\n<p><b><\/b><b>2. Kannustetaan nuoria yritt\u00e4jyyteen kaksinkertaistamalla starttiraha<\/b><\/p>\n<p>Haluamme kannustaa useampia nuoria yritt\u00e4jyyteen kaksinkertaistamalla alle 30-vuotiaiden starttirahan. Vuonna 2026 starttiraha on 37,21 euroa p\u00e4iv\u00e4ss\u00e4. Kaksinkertaistaminen turvaisi nuorille yritt\u00e4jille noin 1 480 euron kuukausitulon. Korotettu starttiraha on selke\u00e4 signaali ja konkreettinen kannustin, joka rohkaisee nuoria panostamaan ideoihinsa ja rakentamaan yritystoimintaa.<\/p>\n<p><b><\/b><b>3. Madalletaan nuorten kynnyst\u00e4 ryhty\u00e4 yritt\u00e4j\u00e4ksi luomalla erillinen yritysmalli 15\u201325-vuotiaille<\/b><\/p>\n<p>Haluamme helpottaa nuorten yritt\u00e4j\u00e4ksi ryhtymist\u00e4 luomalla kevyemm\u00e4n yritysmallin 15\u201325-vuotiaille jatkokehitt\u00e4m\u00e4ll\u00e4 Nuori yritt\u00e4jyys -mallia. Mallissa yrityksen voitot olisivat vapautettuja verosta tiettyyn rajaan asti, kirjanpito olisi automatisoitu Verohallinnon j\u00e4rjestelmien kautta ja sit\u00e4 t\u00e4ydent\u00e4isi yritt\u00e4jyys- ja taloustaitojen opetus yl\u00e4koulussa\u00a0<b>ja toisella asteella<\/b>. Malli v\u00e4hent\u00e4\u00e4 byrokratiaa ja tekee yritt\u00e4jyydest\u00e4 todellisen vaihtoehdon nuorille, jotka haluavat ty\u00f6llist\u00e4\u00e4 itsens\u00e4.<\/p>\n<p><b><\/b><b>4. Luovutaan ensimm\u00e4isen ty\u00f6kuukauden ty\u00f6el\u00e4kemaksusta kes\u00e4ty\u00f6paikkojen lis\u00e4\u00e4miseksi<\/b><\/p>\n<p>Moni nuori p\u00e4\u00e4see kiinni ty\u00f6el\u00e4m\u00e4\u00e4n kes\u00e4ty\u00f6n kautta. Haluamme edist\u00e4\u00e4 kes\u00e4<b>\u2013 ja\u00a0<\/b>kausity\u00f6ntekij\u00f6iden ty\u00f6llist\u00e4mist\u00e4 poistamalla ensimm\u00e4isen ty\u00f6kuukauden ty\u00f6el\u00e4kemaksun, kun yritys palkkaa korkeintaan 25-vuotiaan nuoren lyhytaikaiseen ty\u00f6suhteeseen. Ty\u00f6nantaja s\u00e4\u00e4st\u00e4isi n\u00e4in noin viidenneksen ensimm\u00e4isen kuukauden kustannuksista.<\/p>\n<p><b><\/b><b>5. Vahvistetaan yhteisty\u00f6t\u00e4 korkeakoulujen, ammatillisen koulutuksen ja elinkeinoel\u00e4m\u00e4n v\u00e4lill\u00e4<\/b><\/p>\n<p>Monilla aloilla nuorten on vaikea l\u00f6yt\u00e4\u00e4 harjoittelupaikkaa, mik\u00e4 voi viiv\u00e4stytt\u00e4\u00e4 valmistumista etenkin jos opintoihin sis\u00e4ltyy pakollinen harjoittelujakso. Harjoittelulla on usein keskeinen rooli ty\u00f6llistymisess\u00e4 valmistumisen j\u00e4lkeen. Haluamme vahvistaa alueellista yhteisty\u00f6t\u00e4 korkeakoulujen ja yritysten v\u00e4lill\u00e4 sek\u00e4 luoda verokannustimen yrityksille, jotka rahoittavat kandidaatti- tai maisteritason opinn\u00e4ytet\u00f6it\u00e4.<\/p>\n<p><b><\/b><b>6. Kehitet\u00e4\u00e4n oppisopimuskoulutusta<\/b><\/p>\n<p>Suomessa oppisopimus on yh\u00e4 hallinnollisesti raskas ja yrityksille kallis. Haluamme kevent\u00e4\u00e4 hallinnollista taakkaa, vahvistaa opiskelijoiden ohjausta sek\u00e4 lis\u00e4t\u00e4 yhteisty\u00f6t\u00e4 yritysten ja koulutuksen j\u00e4rjest\u00e4jien v\u00e4lill\u00e4, jotta yh\u00e4 useampi yritys tarjoaisi oppisopimuspaikkoja ja nuorille avautuisi sujuva v\u00e4yl\u00e4 ty\u00f6el\u00e4m\u00e4\u00e4n. Ammatillisen koulutuksen toiminnanohjauksen kokeilu mahdollistaa my\u00f6s tiiviimm\u00e4n yhteisty\u00f6n paikallisen elinkeinoel\u00e4m\u00e4n ja alueen koulutuksen j\u00e4rjest\u00e4jien v\u00e4lill\u00e4.<\/p>\n<p><b><\/b><strong>7.<\/strong>\u00a0<b>Kannustetaan osa-aikaty\u00f6h\u00f6n palauttamalla ty\u00f6tt\u00f6myysturvan suojaosa<\/b><\/p>\n<p>Suojaosan poistaminen ei nykyisess\u00e4 taloustilanteessa ole lis\u00e4nnyt siirtymist\u00e4 osa-aikaty\u00f6st\u00e4 kokoaikaty\u00f6h\u00f6n. P\u00e4invastoin on merkkej\u00e4 siit\u00e4, ett\u00e4 osa nuorista j\u00e4tt\u00e4\u00e4 ty\u00f6n kokonaan vastaanottamatta, koska pienetkin tulot v\u00e4hent\u00e4v\u00e4t tukia. Ty\u00f6nteon tulee aina olla kannattavaa. Siksi ehdotamme suojaosan palauttamista.<\/p>\n<p><b><\/b><b>8. Negatiivinen tulovero ponnahduslautana ty\u00f6h\u00f6n ja yritt\u00e4jyyteen<\/b><\/p>\n<p>Haluamme k\u00e4ynnist\u00e4\u00e4 kokeilun negatiivisesta tuloverotuksesta.\u00a0Se tarkoittaa, ett\u00e4 henkil\u00f6ille, joilla on v\u00e4h\u00e4n tai ei lainkaan tuloja, maksetaan tukea verotuksen kautta monimutkaisten tulonsiirtojen sijaan. Haluamme, ett\u00e4 ty\u00f6nteko on aina kannattavaa ja ett\u00e4 lis\u00e4tulot n\u00e4kyv\u00e4t lompakossa, jos ty\u00f6skentelee enemm\u00e4n.<\/p>\n<p>Negatiivisen tuloverotuksen avulla nykyinen tilkkut\u00e4kkim\u00e4inen sosiaaliturvaj\u00e4rjestelm\u00e4 monine eri tukimuotoineen ja -tasoineen korvattaisiin yksinkertaisemmalla j\u00e4rjestelm\u00e4ll\u00e4. Malli poistaisi kannustinloukkuja, kannustaisi ty\u00f6n vastaanottamiseen ja yritt\u00e4jyyteen sek\u00e4 v\u00e4hent\u00e4isi byrokratiaa. Lopputuloksena syntyisi ymm\u00e4rrett\u00e4v\u00e4 j\u00e4rjestelm\u00e4, joka on k\u00e4ytt\u00e4j\u00e4lle nykyist\u00e4 selke\u00e4mpi.<\/p>\n<p><b><\/b><b>9. Ty\u00f6llisyyspalvelujen hankinnan tulee perustua tuloksiin<\/b><\/p>\n<p>Kun kunnat hankkivat ty\u00f6llisyyspalveluja yksityisilt\u00e4 palveluntuottajilta, painopisteen tulee olla ty\u00f6tt\u00f6m\u00e4n ty\u00f6nhakijan tosiasiallisessa ty\u00f6llistymisess\u00e4. Ei riit\u00e4, ett\u00e4 palveluntuottajat j\u00e4rjest\u00e4v\u00e4t tietyn tuntim\u00e4\u00e4r\u00e4n koulutusta ty\u00f6nhakijoille \u2013 keskeist\u00e4 on, ett\u00e4 toimenpiteet johtavat ty\u00f6h\u00f6n. Esimerkiksi Lahdessa on k\u00e4yt\u00f6ss\u00e4 t\u00e4h\u00e4n perustuva malli.<\/p>\n<p><b><\/b><b>10. V\u00e4hennet\u00e4\u00e4n ty\u00f6kyvytt\u00f6myysel\u00e4kkeelle joutuvien nuorten m\u00e4\u00e4r\u00e4\u00e4 vahvistamalla kuntoutusta ja edist\u00e4m\u00e4ll\u00e4 paluuta ty\u00f6el\u00e4m\u00e4\u00e4n<\/b><\/p>\n<p>Mielenterveysongelmat ovat yleisin syy nuorten varhaisiin ty\u00f6kyvytt\u00f6myysel\u00e4kkeisiin. Tutkimusten mukaan todenn\u00e4k\u00f6isyys palata ty\u00f6el\u00e4m\u00e4\u00e4n pienenee sit\u00e4 mukaa, mit\u00e4 pidemp\u00e4\u00e4n sairauspoissaolo kest\u00e4\u00e4. Siksi on t\u00e4rke\u00e4\u00e4 turvata ihmisten p\u00e4\u00e4sy kuntoutuspalveluihin entist\u00e4 varhaisemmassa vaiheessa sek\u00e4 tehd\u00e4 kuntoutukseen osallistumisesta velvoittavampaa silloin, kun se on k\u00e4yt\u00e4nn\u00f6ss\u00e4 mahdollista. Ty\u00f6el\u00e4m\u00e4\u00e4n palaamisen helpottamiseksi ty\u00f6terveyshuollon kautta tapahtuvan ty\u00f6kokeilun k\u00e4yt\u00f6n kynnyst\u00e4 on madallettava ja IPS-ty\u00f6h\u00f6nvalmennuksen k\u00e4ytt\u00f6\u00e4 on edistett\u00e4v\u00e4 hyvinvointialueilla. Samalla meid\u00e4n on seurattava paremmin niiden nuorten ty\u00f6kyky\u00e4, joilla ei ole ty\u00f6paikkaa tai opiskelupaikkaa. Tietopohja eri kuntoutusmuotojen vaikuttavuudesta ty\u00f6el\u00e4m\u00e4\u00e4n palaamisen edist\u00e4misess\u00e4 on edelleen rajallista ja siksi asiaa tulisi selvitt\u00e4\u00e4, jotta voidaan varmistaa, ett\u00e4 tarjottu kuntoutus tuottaa aidosti tuloksia.<\/p>\n<\/div>\n","protected":false},"excerpt":{"rendered":"<p>RKP:n puheenjohtaja Anders Adlercreutz ja kansanedustaja Christoffer Ingo esitteliv\u00e4t keskiviikkona RKP:n toimenpiteet nuorten ty\u00f6llisyyden vahvistamiseksi. Adlercreutz ja Ingo korostivat, kuinka t\u00e4rke\u00e4\u00e4 on vahvistaa nuorten tulevaisuudenuskoa ja varmistaa, ett\u00e4 kaikki nuoret voivat luottaa siihen, ett\u00e4 ty\u00f6nteko kannattaa ja ett\u00e4 saatu koulutus kantaa hedelm\u00e4\u00e4. \u2013 Tulevaisuudenusko vahvistuu, kun tuntee voivansa vaikuttaa omaan el\u00e4m\u00e4\u00e4ns\u00e4. Jos nuoret juuttuvat ty\u00f6tt\u00f6myyteen [&hellip;]<\/p>\n","protected":false},"author":1,"featured_media":11287,"comment_status":"open","ping_status":"open","sticky":false,"template":"","format":"standard","meta":{"jetpack_post_was_ever_published":false,"_jetpack_newsletter_access":"","jetpack_publicize_message":"","jetpack_is_tweetstorm":false,"jetpack_publicize_feature_enabled":true,"jetpack_social_post_already_shared":true,"jetpack_social_options":{"image_generator_settings":{"template":"highway","enabled":false}}},"categories":[21,22,18,14,166,17,87],"tags":[],"jetpack_publicize_connections":[],"yoast_head":"<!-- This site is optimized with the Yoast SEO plugin v20.12 - https:\/\/yoast.com\/wordpress\/plugins\/seo\/ -->\n<title>T\u00f6it\u00e4 nuorille \u2013 RKP esittelee nuorten ty\u00f6llisyytt\u00e4 tukevat toimenpiteens\u00e4 - Anders Adlercreutz<\/title>\n<meta name=\"robots\" content=\"index, follow, max-snippet:-1, max-image-preview:large, max-video-preview:-1\" \/>\n<link rel=\"canonical\" href=\"https:\/\/andersadlercreutz.fi\/blog\/1koulutus\/toita-nuorille-rkp-esittelee-nuorten-tyollisyytta-tukevat-toimenpiteensa\/\" \/>\n<meta property=\"og:locale\" content=\"sv_SE\" \/>\n<meta property=\"og:type\" content=\"article\" \/>\n<meta property=\"og:title\" content=\"T\u00f6it\u00e4 nuorille \u2013 RKP esittelee nuorten ty\u00f6llisyytt\u00e4 tukevat toimenpiteens\u00e4 - Anders Adlercreutz\" \/>\n<meta property=\"og:description\" content=\"RKP:n puheenjohtaja Anders Adlercreutz ja kansanedustaja Christoffer Ingo esitteliv\u00e4t keskiviikkona RKP:n toimenpiteet nuorten ty\u00f6llisyyden vahvistamiseksi. Adlercreutz ja Ingo korostivat, kuinka t\u00e4rke\u00e4\u00e4 on vahvistaa nuorten tulevaisuudenuskoa ja varmistaa, ett\u00e4 kaikki nuoret voivat luottaa siihen, ett\u00e4 ty\u00f6nteko kannattaa ja ett\u00e4 saatu koulutus kantaa hedelm\u00e4\u00e4. \u2013 Tulevaisuudenusko vahvistuu, kun tuntee voivansa vaikuttaa omaan el\u00e4m\u00e4\u00e4ns\u00e4. Jos nuoret juuttuvat ty\u00f6tt\u00f6myyteen [&hellip;]\" \/>\n<meta property=\"og:url\" content=\"https:\/\/andersadlercreutz.fi\/blog\/1koulutus\/toita-nuorille-rkp-esittelee-nuorten-tyollisyytta-tukevat-toimenpiteensa\/?lang=fi\" \/>\n<meta property=\"og:site_name\" content=\"Anders Adlercreutz\" \/>\n<meta property=\"article:published_time\" content=\"2026-03-25T07:13:31+00:00\" \/>\n<meta property=\"article:modified_time\" content=\"2026-03-27T07:14:32+00:00\" \/>\n<meta property=\"og:image\" content=\"https:\/\/andersadlercreutz.fi\/blog\/wp-content\/uploads\/2026\/03\/0S6A9738-e1774595578946.jpg\" \/>\n\t<meta property=\"og:image:width\" content=\"2048\" \/>\n\t<meta property=\"og:image:height\" content=\"1365\" \/>\n\t<meta property=\"og:image:type\" content=\"image\/jpeg\" \/>\n<meta name=\"author\" content=\"Anders\" \/>\n<meta name=\"twitter:card\" content=\"summary_large_image\" \/>\n<meta name=\"twitter:label1\" content=\"Skriven av\" \/>\n\t<meta name=\"twitter:data1\" content=\"Anders\" \/>\n\t<meta name=\"twitter:label2\" content=\"Ber\u00e4knad l\u00e4stid\" \/>\n\t<meta name=\"twitter:data2\" content=\"4 minuter\" \/>\n<script type=\"application\/ld+json\" class=\"yoast-schema-graph\">{\"@context\":\"https:\/\/schema.org\",\"@graph\":[{\"@type\":\"WebPage\",\"@id\":\"https:\/\/andersadlercreutz.fi\/blog\/1koulutus\/toita-nuorille-rkp-esittelee-nuorten-tyollisyytta-tukevat-toimenpiteensa\/?lang=fi\",\"url\":\"https:\/\/andersadlercreutz.fi\/blog\/1koulutus\/toita-nuorille-rkp-esittelee-nuorten-tyollisyytta-tukevat-toimenpiteensa\/?lang=fi\",\"name\":\"T\u00f6it\u00e4 nuorille \u2013 RKP esittelee nuorten ty\u00f6llisyytt\u00e4 tukevat toimenpiteens\u00e4 - Anders Adlercreutz\",\"isPartOf\":{\"@id\":\"https:\/\/andersadlercreutz.fi\/blog\/#website\"},\"datePublished\":\"2026-03-25T07:13:31+00:00\",\"dateModified\":\"2026-03-27T07:14:32+00:00\",\"author\":{\"@id\":\"https:\/\/andersadlercreutz.fi\/blog\/#\/schema\/person\/47d4b72eded862b484f74bb4b3a2354f\"},\"breadcrumb\":{\"@id\":\"https:\/\/andersadlercreutz.fi\/blog\/1koulutus\/toita-nuorille-rkp-esittelee-nuorten-tyollisyytta-tukevat-toimenpiteensa\/?lang=fi#breadcrumb\"},\"inLanguage\":\"sv-SE\",\"potentialAction\":[{\"@type\":\"ReadAction\",\"target\":[\"https:\/\/andersadlercreutz.fi\/blog\/1koulutus\/toita-nuorille-rkp-esittelee-nuorten-tyollisyytta-tukevat-toimenpiteensa\/?lang=fi\"]}]},{\"@type\":\"BreadcrumbList\",\"@id\":\"https:\/\/andersadlercreutz.fi\/blog\/1koulutus\/toita-nuorille-rkp-esittelee-nuorten-tyollisyytta-tukevat-toimenpiteensa\/?lang=fi#breadcrumb\",\"itemListElement\":[{\"@type\":\"ListItem\",\"position\":1,\"name\":\"Home\",\"item\":\"https:\/\/andersadlercreutz.fi\/blog\/blogg\/?lang=sv\"},{\"@type\":\"ListItem\",\"position\":2,\"name\":\"T\u00f6it\u00e4 nuorille \u2013 RKP esittelee nuorten ty\u00f6llisyytt\u00e4 tukevat toimenpiteens\u00e4\"}]},{\"@type\":\"WebSite\",\"@id\":\"https:\/\/andersadlercreutz.fi\/blog\/#website\",\"url\":\"https:\/\/andersadlercreutz.fi\/blog\/\",\"name\":\"Anders Adlercreutz\",\"description\":\"Du. Jag. Vi. Kest&auml;v&auml;sti optimisti\",\"potentialAction\":[{\"@type\":\"SearchAction\",\"target\":{\"@type\":\"EntryPoint\",\"urlTemplate\":\"https:\/\/andersadlercreutz.fi\/blog\/?s={search_term_string}\"},\"query-input\":\"required name=search_term_string\"}],\"inLanguage\":\"sv-SE\"},{\"@type\":\"Person\",\"@id\":\"https:\/\/andersadlercreutz.fi\/blog\/#\/schema\/person\/47d4b72eded862b484f74bb4b3a2354f\",\"name\":\"Anders\",\"image\":{\"@type\":\"ImageObject\",\"inLanguage\":\"sv-SE\",\"@id\":\"https:\/\/andersadlercreutz.fi\/blog\/#\/schema\/person\/image\/\",\"url\":\"https:\/\/secure.gravatar.com\/avatar\/a144c9bda7a581ff6fabba169027e620?s=96&d=mm&r=g\",\"contentUrl\":\"https:\/\/secure.gravatar.com\/avatar\/a144c9bda7a581ff6fabba169027e620?s=96&d=mm&r=g\",\"caption\":\"Anders\"},\"url\":\"https:\/\/andersadlercreutz.fi\/blog\/author\/admin\/\"}]}<\/script>\n<!-- \/ Yoast SEO plugin. -->","yoast_head_json":{"title":"T\u00f6it\u00e4 nuorille \u2013 RKP esittelee nuorten ty\u00f6llisyytt\u00e4 tukevat toimenpiteens\u00e4 - Anders Adlercreutz","robots":{"index":"index","follow":"follow","max-snippet":"max-snippet:-1","max-image-preview":"max-image-preview:large","max-video-preview":"max-video-preview:-1"},"canonical":"https:\/\/andersadlercreutz.fi\/blog\/1koulutus\/toita-nuorille-rkp-esittelee-nuorten-tyollisyytta-tukevat-toimenpiteensa\/","og_locale":"sv_SE","og_type":"article","og_title":"T\u00f6it\u00e4 nuorille \u2013 RKP esittelee nuorten ty\u00f6llisyytt\u00e4 tukevat toimenpiteens\u00e4 - Anders Adlercreutz","og_description":"RKP:n puheenjohtaja Anders Adlercreutz ja kansanedustaja Christoffer Ingo esitteliv\u00e4t keskiviikkona RKP:n toimenpiteet nuorten ty\u00f6llisyyden vahvistamiseksi. Adlercreutz ja Ingo korostivat, kuinka t\u00e4rke\u00e4\u00e4 on vahvistaa nuorten tulevaisuudenuskoa ja varmistaa, ett\u00e4 kaikki nuoret voivat luottaa siihen, ett\u00e4 ty\u00f6nteko kannattaa ja ett\u00e4 saatu koulutus kantaa hedelm\u00e4\u00e4. \u2013 Tulevaisuudenusko vahvistuu, kun tuntee voivansa vaikuttaa omaan el\u00e4m\u00e4\u00e4ns\u00e4. Jos nuoret juuttuvat ty\u00f6tt\u00f6myyteen [&hellip;]","og_url":"https:\/\/andersadlercreutz.fi\/blog\/1koulutus\/toita-nuorille-rkp-esittelee-nuorten-tyollisyytta-tukevat-toimenpiteensa\/?lang=fi","og_site_name":"Anders Adlercreutz","article_published_time":"2026-03-25T07:13:31+00:00","article_modified_time":"2026-03-27T07:14:32+00:00","og_image":[{"width":2048,"height":1365,"url":"https:\/\/andersadlercreutz.fi\/blog\/wp-content\/uploads\/2026\/03\/0S6A9738-e1774595578946.jpg","type":"image\/jpeg"}],"author":"Anders","twitter_card":"summary_large_image","twitter_misc":{"Skriven av":"Anders","Ber\u00e4knad l\u00e4stid":"4 minuter"},"schema":{"@context":"https:\/\/schema.org","@graph":[{"@type":"WebPage","@id":"https:\/\/andersadlercreutz.fi\/blog\/1koulutus\/toita-nuorille-rkp-esittelee-nuorten-tyollisyytta-tukevat-toimenpiteensa\/?lang=fi","url":"https:\/\/andersadlercreutz.fi\/blog\/1koulutus\/toita-nuorille-rkp-esittelee-nuorten-tyollisyytta-tukevat-toimenpiteensa\/?lang=fi","name":"T\u00f6it\u00e4 nuorille \u2013 RKP esittelee nuorten ty\u00f6llisyytt\u00e4 tukevat toimenpiteens\u00e4 - Anders Adlercreutz","isPartOf":{"@id":"https:\/\/andersadlercreutz.fi\/blog\/#website"},"datePublished":"2026-03-25T07:13:31+00:00","dateModified":"2026-03-27T07:14:32+00:00","author":{"@id":"https:\/\/andersadlercreutz.fi\/blog\/#\/schema\/person\/47d4b72eded862b484f74bb4b3a2354f"},"breadcrumb":{"@id":"https:\/\/andersadlercreutz.fi\/blog\/1koulutus\/toita-nuorille-rkp-esittelee-nuorten-tyollisyytta-tukevat-toimenpiteensa\/?lang=fi#breadcrumb"},"inLanguage":"sv-SE","potentialAction":[{"@type":"ReadAction","target":["https:\/\/andersadlercreutz.fi\/blog\/1koulutus\/toita-nuorille-rkp-esittelee-nuorten-tyollisyytta-tukevat-toimenpiteensa\/?lang=fi"]}]},{"@type":"BreadcrumbList","@id":"https:\/\/andersadlercreutz.fi\/blog\/1koulutus\/toita-nuorille-rkp-esittelee-nuorten-tyollisyytta-tukevat-toimenpiteensa\/?lang=fi#breadcrumb","itemListElement":[{"@type":"ListItem","position":1,"name":"Home","item":"https:\/\/andersadlercreutz.fi\/blog\/blogg\/?lang=sv"},{"@type":"ListItem","position":2,"name":"T\u00f6it\u00e4 nuorille \u2013 RKP esittelee nuorten ty\u00f6llisyytt\u00e4 tukevat toimenpiteens\u00e4"}]},{"@type":"WebSite","@id":"https:\/\/andersadlercreutz.fi\/blog\/#website","url":"https:\/\/andersadlercreutz.fi\/blog\/","name":"Anders Adlercreutz","description":"Du. Jag. Vi. Kest&auml;v&auml;sti optimisti","potentialAction":[{"@type":"SearchAction","target":{"@type":"EntryPoint","urlTemplate":"https:\/\/andersadlercreutz.fi\/blog\/?s={search_term_string}"},"query-input":"required name=search_term_string"}],"inLanguage":"sv-SE"},{"@type":"Person","@id":"https:\/\/andersadlercreutz.fi\/blog\/#\/schema\/person\/47d4b72eded862b484f74bb4b3a2354f","name":"Anders","image":{"@type":"ImageObject","inLanguage":"sv-SE","@id":"https:\/\/andersadlercreutz.fi\/blog\/#\/schema\/person\/image\/","url":"https:\/\/secure.gravatar.com\/avatar\/a144c9bda7a581ff6fabba169027e620?s=96&d=mm&r=g","contentUrl":"https:\/\/secure.gravatar.com\/avatar\/a144c9bda7a581ff6fabba169027e620?s=96&d=mm&r=g","caption":"Anders"},"url":"https:\/\/andersadlercreutz.fi\/blog\/author\/admin\/"}]}},"jetpack_featured_media_url":"https:\/\/i0.wp.com\/andersadlercreutz.fi\/blog\/wp-content\/uploads\/2026\/03\/0S6A9738-e1774595578946.jpg?fit=2048%2C1365&ssl=1","jetpack_shortlink":"https:\/\/wp.me\/p4T6Dh-2W9","jetpack_sharing_enabled":true,"_links":{"self":[{"href":"https:\/\/andersadlercreutz.fi\/blog\/wp-json\/wp\/v2\/posts\/11293"}],"collection":[{"href":"https:\/\/andersadlercreutz.fi\/blog\/wp-json\/wp\/v2\/posts"}],"about":[{"href":"https:\/\/andersadlercreutz.fi\/blog\/wp-json\/wp\/v2\/types\/post"}],"author":[{"embeddable":true,"href":"https:\/\/andersadlercreutz.fi\/blog\/wp-json\/wp\/v2\/users\/1"}],"replies":[{"embeddable":true,"href":"https:\/\/andersadlercreutz.fi\/blog\/wp-json\/wp\/v2\/comments?post=11293"}],"version-history":[{"count":2,"href":"https:\/\/andersadlercreutz.fi\/blog\/wp-json\/wp\/v2\/posts\/11293\/revisions"}],"predecessor-version":[{"id":11295,"href":"https:\/\/andersadlercreutz.fi\/blog\/wp-json\/wp\/v2\/posts\/11293\/revisions\/11295"}],"wp:featuredmedia":[{"embeddable":true,"href":"https:\/\/andersadlercreutz.fi\/blog\/wp-json\/wp\/v2\/media\/11287"}],"wp:attachment":[{"href":"https:\/\/andersadlercreutz.fi\/blog\/wp-json\/wp\/v2\/media?parent=11293"}],"wp:term":[{"taxonomy":"category","embeddable":true,"href":"https:\/\/andersadlercreutz.fi\/blog\/wp-json\/wp\/v2\/categories?post=11293"},{"taxonomy":"post_tag","embeddable":true,"href":"https:\/\/andersadlercreutz.fi\/blog\/wp-json\/wp\/v2\/tags?post=11293"}],"curies":[{"name":"wp","href":"https:\/\/api.w.org\/{rel}","templated":true}]}}