{"id":11296,"date":"2026-03-30T14:43:02","date_gmt":"2026-03-30T11:43:02","guid":{"rendered":"https:\/\/andersadlercreutz.fi\/blog\/?p=11296"},"modified":"2026-03-30T14:43:02","modified_gmt":"2026-03-30T11:43:02","slug":"fortroendet-for-varden-kraver-konkreta-atgarder","status":"publish","type":"post","link":"https:\/\/andersadlercreutz.fi\/blog\/blogg\/fortroendet-for-varden-kraver-konkreta-atgarder\/","title":{"rendered":"F\u00f6rtroendet f\u00f6r v\u00e5rden kr\u00e4ver konkreta \u00e5tg\u00e4rder"},"content":{"rendered":"<p class=\"ew-body\">Enk\u00e4ter visar g\u00e5ng p\u00e5 g\u00e5ng att v\u00e5rden ses som den viktigaste fr\u00e5gan i v\u00e5r vardagen. God v\u00e5rd skapar trygghet, och i dagens l\u00e4ge pr\u00f6vas den tryggheten av den kontinuerliga f\u00f6r\u00e4ndring som de nya v\u00e4lf\u00e4rdsomr\u00e5dena genomlever. Det visar flera unders\u00f6kningar. Det \u00e4r en signal vi m\u00e5ste ta p\u00e5 allvar.<\/p>\n<p class=\"ew-body\">I v\u00e4lf\u00e4rdsomr\u00e5dena beh\u00f6vs en balans mellan arbetsro och en kontinuerlig utveckling av service och tj\u00e4nster.<\/p>\n<p class=\"ew-body\">Att \u00e5teruppr\u00e4tta f\u00f6rtroendet f\u00f6r v\u00e5rden kr\u00e4ver konkreta \u00e5tg\u00e4rder. Samtidigt \u00e4r det viktigt att komma ih\u00e5g att de som faktiskt anv\u00e4nder social- och h\u00e4lsov\u00e5rdstj\u00e4nsterna i stor utstr\u00e4ckning \u00e4r n\u00f6jda med den v\u00e5rd de f\u00e5r \u2013 det \u00e4r en styrka vi ska v\u00e4rna om.<\/p>\n<p class=\"ew-body\">F\u00f6r de flesta av oss \u00e4r det avg\u00f6rande att bli sedda och h\u00f6rda n\u00e4r vi s\u00f6ker v\u00e5rd \u2013 att v\u00e5ra problem tas p\u00e5 allvar. \u00c4nd\u00e5 visar siffror fr\u00e5n 2024 att var fj\u00e4rde person som beh\u00f6vt l\u00e4kartj\u00e4nster har upplevt att de inte f\u00e5tt tillr\u00e4cklig hj\u00e4lp i f\u00f6rh\u00e5llande till sina behov.<\/p>\n<p class=\"ew-body\">N\u00e4r man m\u00f6ter olika l\u00e4kare eller v\u00e5rdare vid varje bes\u00f6k \u00e4r det l\u00e4tt att k\u00e4nna att ingen har helhetsbilden \u2013 och att man g\u00e5ng p\u00e5 g\u00e5ng m\u00e5ste b\u00f6rja om fr\u00e5n b\u00f6rjan.<\/p>\n<p class=\"ew-body\">D\u00e4rf\u00f6r har vi i SFP l\u00e4nge arbetat f\u00f6r att inf\u00f6ra egenl\u00e4karmodeller. Egenl\u00e4kare \u2013 eller husl\u00e4kare \u2013 handlar fr\u00e4mst om kontinuitet. Det handlar om att du vet vem din l\u00e4kare \u00e4r, och att ett fast v\u00e5rdteam tar ett l\u00e5ngsiktigt ansvar f\u00f6r din v\u00e5rd. M\u00e5let \u00e4r tydligt: b\u00e4ttre tillg\u00e5ng till v\u00e5rd och en mer sammanh\u00e5llen v\u00e5rdprocess.<\/p>\n<p class=\"ew-body\">Forskning och erfarenhet visar entydigt att egenl\u00e4karmodeller fungerar. N\u00e4r samma l\u00e4kare k\u00e4nner till b\u00e5de din livssituation och din v\u00e5rdhistoria blir v\u00e5rden tryggare, mer effektiv och ofta mindre byr\u00e5kratisk.<\/p>\n<p class=\"ew-body\">Samtidigt kan kostnaderna minska. Att satsa p\u00e5 egenl\u00e4karmodeller \u00e4r d\u00e4rf\u00f6r inte bara en organisatorisk reform \u2013 det \u00e4r en investering i ett m\u00e4nniskofokus och i f\u00f6rtroende.<\/p>\n<p class=\"ew-body\">Det \u00e4r s\u00e4llan man hittar l\u00f6sningar som l\u00f6ser flera problem samtidigt: egenl\u00e4karmodellen ger inte bara b\u00e4ttre v\u00e5rd, utan kan ocks\u00e5 bidra till att \u00f6ka branschens dragningskraft och d\u00e4rigenom lindra personalbristen, en annan fr\u00e5ga som vi inom SFP har lyft fram.<\/p>\n<p class=\"ew-body\">L\u00e5ngsiktiga relationer skapar dessutom b\u00e4ttre f\u00f6ruts\u00e4ttningar f\u00f6r helhetsorienterad v\u00e5rd och \u00f6kar upplevelsen av meningsfullhet och sj\u00e4lvst\u00e4ndighet i arbetet.<\/p>\n<p class=\"ew-body\">Modellen ger ocks\u00e5 goda m\u00f6jligheter att st\u00e4rka de spr\u00e5kliga r\u00e4ttigheterna. N\u00e4r patienter och v\u00e5rdpersonal kan m\u00f6tas p\u00e5 samma spr\u00e5k f\u00f6rb\u00e4ttras b\u00e5de kvaliteten och tryggheten i v\u00e5rden. Det k\u00e4nns som en n\u00e4stan barnsligt enkel l\u00f6sning: koppla samman l\u00e4kare med patient. Se till att kontakten h\u00e5lls, och m\u00e5nga problem f\u00f6rsvinner.<\/p>\n<p class=\"ew-body\">Inom regeringen arbetar vi m\u00e5lmedvetet f\u00f6r att fr\u00e4mja egenl\u00e4karmodeller, och 40 miljoner euro har reserverats f\u00f6r att utveckla dem.<\/p>\n<p class=\"ew-body\">Det \u00e4r ocks\u00e5 gl\u00e4djande att se att alla v\u00e4lf\u00e4rdsomr\u00e5den nu har ans\u00f6kt om statsunderst\u00f6d f\u00f6r att utveckla egna v\u00e5rdteam, husl\u00e4karmodeller och yrkesut\u00f6varmodeller. Beslut om finansieringen v\u00e4ntas i b\u00f6rjan av maj.<\/p>\n<p class=\"ew-body\">F\u00f6r att egenl\u00e4karmodellen ska bli verklighet beh\u00f6ver vi samtidigt s\u00e4kerst\u00e4lla tillg\u00e5ngen p\u00e5 l\u00e4kare inom den offentliga sektorn. Trots att bristen har minskat n\u00e5got saknas det fortfarande omkring 700 l\u00e4kare och tandl\u00e4kare i v\u00e4lf\u00e4rdsomr\u00e5dena.<\/p>\n<p class=\"ew-body\">D\u00e4rf\u00f6r \u00e4r det n\u00f6dv\u00e4ndigt att \u00f6ka antalet studieplatser inom l\u00e4karutbildningen \u2013 n\u00e5got regeringen redan delvis har \u00e5tg\u00e4rdat genom att ut\u00f6ka antalet nyb\u00f6rjarplatser med \u00f6ver 70.<\/p>\n<p class=\"ew-body\">Vi i SFP vill ocks\u00e5 st\u00e4rka den svenskspr\u00e5kiga l\u00e4karutbildningen. Ett s\u00e4tt skulle vara att utreda m\u00f6jligheterna till ett f\u00f6rdjupat samarbete med Sverige inom ramen f\u00f6r v\u00e5ra nuvarande medicinska fakulteter.<\/p>\n","protected":false},"excerpt":{"rendered":"<p>Enk\u00e4ter visar g\u00e5ng p\u00e5 g\u00e5ng att v\u00e5rden ses som den viktigaste fr\u00e5gan i v\u00e5r vardagen. God v\u00e5rd skapar trygghet, och i dagens l\u00e4ge pr\u00f6vas den tryggheten av den kontinuerliga f\u00f6r\u00e4ndring som de nya v\u00e4lf\u00e4rdsomr\u00e5dena genomlever. Det visar flera unders\u00f6kningar. Det \u00e4r en signal vi m\u00e5ste ta p\u00e5 allvar. I v\u00e4lf\u00e4rdsomr\u00e5dena beh\u00f6vs en balans mellan arbetsro [&hellip;]<\/p>\n","protected":false},"author":1,"featured_media":10947,"comment_status":"open","ping_status":"open","sticky":false,"template":"","format":"standard","meta":{"jetpack_post_was_ever_published":false,"_jetpack_newsletter_access":"","jetpack_publicize_message":"","jetpack_is_tweetstorm":false,"jetpack_publicize_feature_enabled":true,"jetpack_social_post_already_shared":true,"jetpack_social_options":{"image_generator_settings":{"template":"highway","enabled":false}}},"categories":[45,73,88,74],"tags":[],"jetpack_publicize_connections":[],"yoast_head":"<!-- This site is optimized with the Yoast SEO plugin v20.12 - https:\/\/yoast.com\/wordpress\/plugins\/seo\/ -->\n<title>F\u00f6rtroendet f\u00f6r v\u00e5rden kr\u00e4ver konkreta \u00e5tg\u00e4rder - Anders Adlercreutz<\/title>\n<meta name=\"robots\" content=\"index, follow, max-snippet:-1, max-image-preview:large, max-video-preview:-1\" \/>\n<link rel=\"canonical\" href=\"https:\/\/andersadlercreutz.fi\/blog\/blogg\/fortroendet-for-varden-kraver-konkreta-atgarder\/\" \/>\n<meta property=\"og:locale\" content=\"sv_SE\" \/>\n<meta property=\"og:type\" content=\"article\" \/>\n<meta property=\"og:title\" content=\"F\u00f6rtroendet f\u00f6r v\u00e5rden kr\u00e4ver konkreta \u00e5tg\u00e4rder - Anders Adlercreutz\" \/>\n<meta property=\"og:description\" content=\"Enk\u00e4ter visar g\u00e5ng p\u00e5 g\u00e5ng att v\u00e5rden ses som den viktigaste fr\u00e5gan i v\u00e5r vardagen. God v\u00e5rd skapar trygghet, och i dagens l\u00e4ge pr\u00f6vas den tryggheten av den kontinuerliga f\u00f6r\u00e4ndring som de nya v\u00e4lf\u00e4rdsomr\u00e5dena genomlever. Det visar flera unders\u00f6kningar. Det \u00e4r en signal vi m\u00e5ste ta p\u00e5 allvar. I v\u00e4lf\u00e4rdsomr\u00e5dena beh\u00f6vs en balans mellan arbetsro [&hellip;]\" \/>\n<meta property=\"og:url\" content=\"https:\/\/andersadlercreutz.fi\/blog\/blogg\/fortroendet-for-varden-kraver-konkreta-atgarder\/\" \/>\n<meta property=\"og:site_name\" content=\"Anders Adlercreutz\" \/>\n<meta property=\"article:published_time\" content=\"2026-03-30T11:43:02+00:00\" \/>\n<meta property=\"og:image\" content=\"https:\/\/andersadlercreutz.fi\/blog\/wp-content\/uploads\/2025\/10\/781A0927-copy-scaled-e1760726922448.jpg\" \/>\n\t<meta property=\"og:image:width\" content=\"2560\" \/>\n\t<meta property=\"og:image:height\" content=\"1248\" \/>\n\t<meta property=\"og:image:type\" content=\"image\/jpeg\" \/>\n<meta name=\"author\" content=\"Anders\" \/>\n<meta name=\"twitter:card\" content=\"summary_large_image\" \/>\n<meta name=\"twitter:label1\" content=\"Skriven av\" \/>\n\t<meta name=\"twitter:data1\" content=\"Anders\" \/>\n\t<meta name=\"twitter:label2\" content=\"Ber\u00e4knad l\u00e4stid\" \/>\n\t<meta name=\"twitter:data2\" content=\"3 minuter\" \/>\n<script type=\"application\/ld+json\" class=\"yoast-schema-graph\">{\"@context\":\"https:\/\/schema.org\",\"@graph\":[{\"@type\":\"WebPage\",\"@id\":\"https:\/\/andersadlercreutz.fi\/blog\/blogg\/fortroendet-for-varden-kraver-konkreta-atgarder\/\",\"url\":\"https:\/\/andersadlercreutz.fi\/blog\/blogg\/fortroendet-for-varden-kraver-konkreta-atgarder\/\",\"name\":\"F\u00f6rtroendet f\u00f6r v\u00e5rden kr\u00e4ver konkreta \u00e5tg\u00e4rder - Anders Adlercreutz\",\"isPartOf\":{\"@id\":\"https:\/\/andersadlercreutz.fi\/blog\/#website\"},\"datePublished\":\"2026-03-30T11:43:02+00:00\",\"dateModified\":\"2026-03-30T11:43:02+00:00\",\"author\":{\"@id\":\"https:\/\/andersadlercreutz.fi\/blog\/#\/schema\/person\/47d4b72eded862b484f74bb4b3a2354f\"},\"breadcrumb\":{\"@id\":\"https:\/\/andersadlercreutz.fi\/blog\/blogg\/fortroendet-for-varden-kraver-konkreta-atgarder\/#breadcrumb\"},\"inLanguage\":\"sv-SE\",\"potentialAction\":[{\"@type\":\"ReadAction\",\"target\":[\"https:\/\/andersadlercreutz.fi\/blog\/blogg\/fortroendet-for-varden-kraver-konkreta-atgarder\/\"]}]},{\"@type\":\"BreadcrumbList\",\"@id\":\"https:\/\/andersadlercreutz.fi\/blog\/blogg\/fortroendet-for-varden-kraver-konkreta-atgarder\/#breadcrumb\",\"itemListElement\":[{\"@type\":\"ListItem\",\"position\":1,\"name\":\"Home\",\"item\":\"https:\/\/andersadlercreutz.fi\/blog\/blogg\/?lang=sv\"},{\"@type\":\"ListItem\",\"position\":2,\"name\":\"F\u00f6rtroendet f\u00f6r v\u00e5rden kr\u00e4ver konkreta \u00e5tg\u00e4rder\"}]},{\"@type\":\"WebSite\",\"@id\":\"https:\/\/andersadlercreutz.fi\/blog\/#website\",\"url\":\"https:\/\/andersadlercreutz.fi\/blog\/\",\"name\":\"Anders Adlercreutz\",\"description\":\"Du. Jag. Vi. Kest&auml;v&auml;sti optimisti\",\"potentialAction\":[{\"@type\":\"SearchAction\",\"target\":{\"@type\":\"EntryPoint\",\"urlTemplate\":\"https:\/\/andersadlercreutz.fi\/blog\/?s={search_term_string}\"},\"query-input\":\"required name=search_term_string\"}],\"inLanguage\":\"sv-SE\"},{\"@type\":\"Person\",\"@id\":\"https:\/\/andersadlercreutz.fi\/blog\/#\/schema\/person\/47d4b72eded862b484f74bb4b3a2354f\",\"name\":\"Anders\",\"image\":{\"@type\":\"ImageObject\",\"inLanguage\":\"sv-SE\",\"@id\":\"https:\/\/andersadlercreutz.fi\/blog\/#\/schema\/person\/image\/\",\"url\":\"https:\/\/secure.gravatar.com\/avatar\/a144c9bda7a581ff6fabba169027e620?s=96&d=mm&r=g\",\"contentUrl\":\"https:\/\/secure.gravatar.com\/avatar\/a144c9bda7a581ff6fabba169027e620?s=96&d=mm&r=g\",\"caption\":\"Anders\"},\"url\":\"https:\/\/andersadlercreutz.fi\/blog\/author\/admin\/\"}]}<\/script>\n<!-- \/ Yoast SEO plugin. -->","yoast_head_json":{"title":"F\u00f6rtroendet f\u00f6r v\u00e5rden kr\u00e4ver konkreta \u00e5tg\u00e4rder - Anders Adlercreutz","robots":{"index":"index","follow":"follow","max-snippet":"max-snippet:-1","max-image-preview":"max-image-preview:large","max-video-preview":"max-video-preview:-1"},"canonical":"https:\/\/andersadlercreutz.fi\/blog\/blogg\/fortroendet-for-varden-kraver-konkreta-atgarder\/","og_locale":"sv_SE","og_type":"article","og_title":"F\u00f6rtroendet f\u00f6r v\u00e5rden kr\u00e4ver konkreta \u00e5tg\u00e4rder - Anders Adlercreutz","og_description":"Enk\u00e4ter visar g\u00e5ng p\u00e5 g\u00e5ng att v\u00e5rden ses som den viktigaste fr\u00e5gan i v\u00e5r vardagen. God v\u00e5rd skapar trygghet, och i dagens l\u00e4ge pr\u00f6vas den tryggheten av den kontinuerliga f\u00f6r\u00e4ndring som de nya v\u00e4lf\u00e4rdsomr\u00e5dena genomlever. Det visar flera unders\u00f6kningar. Det \u00e4r en signal vi m\u00e5ste ta p\u00e5 allvar. I v\u00e4lf\u00e4rdsomr\u00e5dena beh\u00f6vs en balans mellan arbetsro [&hellip;]","og_url":"https:\/\/andersadlercreutz.fi\/blog\/blogg\/fortroendet-for-varden-kraver-konkreta-atgarder\/","og_site_name":"Anders Adlercreutz","article_published_time":"2026-03-30T11:43:02+00:00","og_image":[{"width":2560,"height":1248,"url":"https:\/\/andersadlercreutz.fi\/blog\/wp-content\/uploads\/2025\/10\/781A0927-copy-scaled-e1760726922448.jpg","type":"image\/jpeg"}],"author":"Anders","twitter_card":"summary_large_image","twitter_misc":{"Skriven av":"Anders","Ber\u00e4knad l\u00e4stid":"3 minuter"},"schema":{"@context":"https:\/\/schema.org","@graph":[{"@type":"WebPage","@id":"https:\/\/andersadlercreutz.fi\/blog\/blogg\/fortroendet-for-varden-kraver-konkreta-atgarder\/","url":"https:\/\/andersadlercreutz.fi\/blog\/blogg\/fortroendet-for-varden-kraver-konkreta-atgarder\/","name":"F\u00f6rtroendet f\u00f6r v\u00e5rden kr\u00e4ver konkreta \u00e5tg\u00e4rder - Anders Adlercreutz","isPartOf":{"@id":"https:\/\/andersadlercreutz.fi\/blog\/#website"},"datePublished":"2026-03-30T11:43:02+00:00","dateModified":"2026-03-30T11:43:02+00:00","author":{"@id":"https:\/\/andersadlercreutz.fi\/blog\/#\/schema\/person\/47d4b72eded862b484f74bb4b3a2354f"},"breadcrumb":{"@id":"https:\/\/andersadlercreutz.fi\/blog\/blogg\/fortroendet-for-varden-kraver-konkreta-atgarder\/#breadcrumb"},"inLanguage":"sv-SE","potentialAction":[{"@type":"ReadAction","target":["https:\/\/andersadlercreutz.fi\/blog\/blogg\/fortroendet-for-varden-kraver-konkreta-atgarder\/"]}]},{"@type":"BreadcrumbList","@id":"https:\/\/andersadlercreutz.fi\/blog\/blogg\/fortroendet-for-varden-kraver-konkreta-atgarder\/#breadcrumb","itemListElement":[{"@type":"ListItem","position":1,"name":"Home","item":"https:\/\/andersadlercreutz.fi\/blog\/blogg\/?lang=sv"},{"@type":"ListItem","position":2,"name":"F\u00f6rtroendet f\u00f6r v\u00e5rden kr\u00e4ver konkreta \u00e5tg\u00e4rder"}]},{"@type":"WebSite","@id":"https:\/\/andersadlercreutz.fi\/blog\/#website","url":"https:\/\/andersadlercreutz.fi\/blog\/","name":"Anders Adlercreutz","description":"Du. Jag. Vi. Kest&auml;v&auml;sti optimisti","potentialAction":[{"@type":"SearchAction","target":{"@type":"EntryPoint","urlTemplate":"https:\/\/andersadlercreutz.fi\/blog\/?s={search_term_string}"},"query-input":"required name=search_term_string"}],"inLanguage":"sv-SE"},{"@type":"Person","@id":"https:\/\/andersadlercreutz.fi\/blog\/#\/schema\/person\/47d4b72eded862b484f74bb4b3a2354f","name":"Anders","image":{"@type":"ImageObject","inLanguage":"sv-SE","@id":"https:\/\/andersadlercreutz.fi\/blog\/#\/schema\/person\/image\/","url":"https:\/\/secure.gravatar.com\/avatar\/a144c9bda7a581ff6fabba169027e620?s=96&d=mm&r=g","contentUrl":"https:\/\/secure.gravatar.com\/avatar\/a144c9bda7a581ff6fabba169027e620?s=96&d=mm&r=g","caption":"Anders"},"url":"https:\/\/andersadlercreutz.fi\/blog\/author\/admin\/"}]}},"jetpack_featured_media_url":"https:\/\/i0.wp.com\/andersadlercreutz.fi\/blog\/wp-content\/uploads\/2025\/10\/781A0927-copy-scaled-e1760726922448.jpg?fit=2560%2C1248&ssl=1","jetpack_shortlink":"https:\/\/wp.me\/p4T6Dh-2Wc","jetpack_sharing_enabled":true,"_links":{"self":[{"href":"https:\/\/andersadlercreutz.fi\/blog\/wp-json\/wp\/v2\/posts\/11296"}],"collection":[{"href":"https:\/\/andersadlercreutz.fi\/blog\/wp-json\/wp\/v2\/posts"}],"about":[{"href":"https:\/\/andersadlercreutz.fi\/blog\/wp-json\/wp\/v2\/types\/post"}],"author":[{"embeddable":true,"href":"https:\/\/andersadlercreutz.fi\/blog\/wp-json\/wp\/v2\/users\/1"}],"replies":[{"embeddable":true,"href":"https:\/\/andersadlercreutz.fi\/blog\/wp-json\/wp\/v2\/comments?post=11296"}],"version-history":[{"count":2,"href":"https:\/\/andersadlercreutz.fi\/blog\/wp-json\/wp\/v2\/posts\/11296\/revisions"}],"predecessor-version":[{"id":11298,"href":"https:\/\/andersadlercreutz.fi\/blog\/wp-json\/wp\/v2\/posts\/11296\/revisions\/11298"}],"wp:featuredmedia":[{"embeddable":true,"href":"https:\/\/andersadlercreutz.fi\/blog\/wp-json\/wp\/v2\/media\/10947"}],"wp:attachment":[{"href":"https:\/\/andersadlercreutz.fi\/blog\/wp-json\/wp\/v2\/media?parent=11296"}],"wp:term":[{"taxonomy":"category","embeddable":true,"href":"https:\/\/andersadlercreutz.fi\/blog\/wp-json\/wp\/v2\/categories?post=11296"},{"taxonomy":"post_tag","embeddable":true,"href":"https:\/\/andersadlercreutz.fi\/blog\/wp-json\/wp\/v2\/tags?post=11296"}],"curies":[{"name":"wp","href":"https:\/\/api.w.org\/{rel}","templated":true}]}}