{"id":11344,"date":"2026-04-27T09:14:36","date_gmt":"2026-04-27T06:14:36","guid":{"rendered":"https:\/\/andersadlercreutz.fi\/blog\/?p=11344"},"modified":"2026-04-27T09:14:36","modified_gmt":"2026-04-27T06:14:36","slug":"tydligare-mal-och-rattvisare-bedomning-i-skolan","status":"publish","type":"post","link":"https:\/\/andersadlercreutz.fi\/blog\/1-utbildning\/tydligare-mal-och-rattvisare-bedomning-i-skolan\/","title":{"rendered":"Tydligare m\u00e5l och r\u00e4ttvisare bed\u00f6mning i skolan"},"content":{"rendered":"<p><span style=\"font-weight: 400;\">Samma kunskaper kan idag ge vitsordet 7 i en skola och 9 i en annan. Samtidigt har andelen ber\u00f6mliga vitsord \u00f6kat kraftigt under de senaste \u00e5ren \u2013 trots att inl\u00e4rningsresultaten sjunker. Bed\u00f6mningskriterierna \u00e4r otydliga, och alltf\u00f6r m\u00e5nga elever l\u00e4mnar grundskolan utan tillr\u00e4ckliga f\u00e4rdigheter f\u00f6r fortsatta studier.<\/span><\/p>\n<p><span style=\"font-weight: 400;\">Det h\u00e4r \u00e4r inte acceptabelt. D\u00e4rf\u00f6r har jag nu gett riksdagen ett lagf\u00f6rslag om en s\u00e5 kallad kunskapsgaranti. Den utg\u00f6r den sista delen i ett bredare reformpaket som syftar till att st\u00e4rka l\u00e4randet i skolan.<\/span><\/p>\n<p><span style=\"font-weight: 400;\">En central del av reformen \u00e4r att ge l\u00e4rarna tydligare riktlinjer f\u00f6r vad eleverna f\u00f6rv\u00e4ntas kunna i varje \u00e5rskurs. Det inneb\u00e4r ocks\u00e5 ett omfattande arbete med att se \u00f6ver l\u00e4roplanen och formulera klarare, mer konkreta m\u00e5l. Bed\u00f6mningskriterierna ska f\u00f6rtydligas i alla \u00e4mnen \u2013 och framf\u00f6r allt ska gr\u00e4nsen mellan underk\u00e4nt och godk\u00e4nt bli tydligare.<\/span><\/p>\n<p><span style=\"font-weight: 400;\">Om en elev inte n\u00e5r upp till ett godk\u00e4nt vitsord i ett \u00e4mne inneb\u00e4r det att hen g\u00e5r om klassen. Det kan leda till att det blir vanligare att man g\u00e5r om en klass. Samtidigt \u00e4r m\u00e5let inte att fler elever ska beh\u00f6va g\u00f6ra det. D\u00e4rf\u00f6r inf\u00f6rs tydliga mekanismer f\u00f6r att s\u00e4kerst\u00e4lla att r\u00e4tt st\u00f6d ges i r\u00e4tt tid.<\/span><\/p>\n<p><span style=\"font-weight: 400;\">S\u00e4rskild uppm\u00e4rksamhet riktas mot \u00f6verg\u00e5ngarna mellan \u00e5rskurs 2 och 3 samt slutet av grundskolan, \u00e5rskurs 9. Det \u00e4r avg\u00f6rande att varje elev f\u00e5r en stabil grund inf\u00f6r n\u00e4sta steg. Det handlar inte om krav f\u00f6r kravens skull, utan om elevens b\u00e4sta. Om en elev till exempel inte har l\u00e4rt sig l\u00e4sa ordentligt f\u00f6re \u00e5rskurs 5 blir det mycket sv\u00e5rt att ta till sig andra \u00e4mnen, som till exempel historia. Bristande grundkunskaper f\u00f6ljer med och g\u00f6r l\u00e4randet tyngre f\u00f6r varje steg.<\/span><\/p>\n<p><span style=\"font-weight: 400;\">Reformen handlar ocks\u00e5 om r\u00e4ttvisa. Idag varierar bed\u00f6mningen mellan olika skolor. Samma prestation kan ge olika vitsord beroende p\u00e5 var eleven g\u00e5r i skola. S\u00e5 kan det inte vara. Elever ska kunna lita p\u00e5 att de bed\u00f6ms enligt samma principer, oavsett skola.<\/span><\/p>\n<p><span style=\"font-weight: 400;\">Kunskapsgarantin \u00e4r ett komplement till de reformer vi redan genomf\u00f6rt, s\u00e5som st\u00e4rkt st\u00f6d f\u00f6r l\u00e4rande och fler undervisningstimmar i matematik, modersm\u00e5l och litteratur. Med den h\u00e4r helheten vill vi st\u00e4rka grunden, och via det s\u00e4kerst\u00e4lla att varje barn ges b\u00e4sta m\u00f6jliga grund f\u00f6r fortsatta studier. Det \u00e4r v\u00e5rt plikt.\u00a0<\/span><\/p>\n","protected":false},"excerpt":{"rendered":"<p>Samma kunskaper kan idag ge vitsordet 7 i en skola och 9 i en annan. Samtidigt har andelen ber\u00f6mliga vitsord \u00f6kat kraftigt under de senaste \u00e5ren \u2013 trots att inl\u00e4rningsresultaten sjunker. Bed\u00f6mningskriterierna \u00e4r otydliga, och alltf\u00f6r m\u00e5nga elever l\u00e4mnar grundskolan utan tillr\u00e4ckliga f\u00e4rdigheter f\u00f6r fortsatta studier. Det h\u00e4r \u00e4r inte acceptabelt. D\u00e4rf\u00f6r har jag nu [&hellip;]<\/p>\n","protected":false},"author":1,"featured_media":11263,"comment_status":"open","ping_status":"open","sticky":false,"template":"","format":"standard","meta":{"jetpack_post_was_ever_published":false,"_jetpack_newsletter_access":"","jetpack_publicize_message":"","jetpack_is_tweetstorm":false,"jetpack_publicize_feature_enabled":true,"jetpack_social_post_already_shared":true,"jetpack_social_options":{"image_generator_settings":{"template":"highway","enabled":false}}},"categories":[27,45,73,114,64,88,41,123],"tags":[],"jetpack_publicize_connections":[],"yoast_head":"<!-- This site is optimized with the Yoast SEO plugin v20.12 - https:\/\/yoast.com\/wordpress\/plugins\/seo\/ -->\n<title>Tydligare m\u00e5l och r\u00e4ttvisare bed\u00f6mning i skolan - Anders Adlercreutz<\/title>\n<meta name=\"robots\" content=\"index, follow, max-snippet:-1, max-image-preview:large, max-video-preview:-1\" \/>\n<link rel=\"canonical\" href=\"https:\/\/andersadlercreutz.fi\/blog\/1-utbildning\/tydligare-mal-och-rattvisare-bedomning-i-skolan\/\" \/>\n<meta property=\"og:locale\" content=\"sv_SE\" \/>\n<meta property=\"og:type\" content=\"article\" \/>\n<meta property=\"og:title\" content=\"Tydligare m\u00e5l och r\u00e4ttvisare bed\u00f6mning i skolan - Anders Adlercreutz\" \/>\n<meta property=\"og:description\" content=\"Samma kunskaper kan idag ge vitsordet 7 i en skola och 9 i en annan. Samtidigt har andelen ber\u00f6mliga vitsord \u00f6kat kraftigt under de senaste \u00e5ren \u2013 trots att inl\u00e4rningsresultaten sjunker. Bed\u00f6mningskriterierna \u00e4r otydliga, och alltf\u00f6r m\u00e5nga elever l\u00e4mnar grundskolan utan tillr\u00e4ckliga f\u00e4rdigheter f\u00f6r fortsatta studier. Det h\u00e4r \u00e4r inte acceptabelt. D\u00e4rf\u00f6r har jag nu [&hellip;]\" \/>\n<meta property=\"og:url\" content=\"https:\/\/andersadlercreutz.fi\/blog\/1-utbildning\/tydligare-mal-och-rattvisare-bedomning-i-skolan\/\" \/>\n<meta property=\"og:site_name\" content=\"Anders Adlercreutz\" \/>\n<meta property=\"article:published_time\" content=\"2026-04-27T06:14:36+00:00\" \/>\n<meta property=\"og:image\" content=\"https:\/\/andersadlercreutz.fi\/blog\/wp-content\/uploads\/2026\/03\/0S6A9617-1030x687.jpg\" \/>\n\t<meta property=\"og:image:width\" content=\"1030\" \/>\n\t<meta property=\"og:image:height\" content=\"687\" \/>\n\t<meta property=\"og:image:type\" content=\"image\/jpeg\" \/>\n<meta name=\"author\" content=\"Anders\" \/>\n<meta name=\"twitter:card\" content=\"summary_large_image\" \/>\n<meta name=\"twitter:label1\" content=\"Skriven av\" \/>\n\t<meta name=\"twitter:data1\" content=\"Anders\" \/>\n\t<meta name=\"twitter:label2\" content=\"Ber\u00e4knad l\u00e4stid\" \/>\n\t<meta name=\"twitter:data2\" content=\"2 minuter\" \/>\n<script type=\"application\/ld+json\" class=\"yoast-schema-graph\">{\"@context\":\"https:\/\/schema.org\",\"@graph\":[{\"@type\":\"WebPage\",\"@id\":\"https:\/\/andersadlercreutz.fi\/blog\/1-utbildning\/tydligare-mal-och-rattvisare-bedomning-i-skolan\/\",\"url\":\"https:\/\/andersadlercreutz.fi\/blog\/1-utbildning\/tydligare-mal-och-rattvisare-bedomning-i-skolan\/\",\"name\":\"Tydligare m\u00e5l och r\u00e4ttvisare bed\u00f6mning i skolan - Anders Adlercreutz\",\"isPartOf\":{\"@id\":\"https:\/\/andersadlercreutz.fi\/blog\/#website\"},\"datePublished\":\"2026-04-27T06:14:36+00:00\",\"dateModified\":\"2026-04-27T06:14:36+00:00\",\"author\":{\"@id\":\"https:\/\/andersadlercreutz.fi\/blog\/#\/schema\/person\/47d4b72eded862b484f74bb4b3a2354f\"},\"breadcrumb\":{\"@id\":\"https:\/\/andersadlercreutz.fi\/blog\/1-utbildning\/tydligare-mal-och-rattvisare-bedomning-i-skolan\/#breadcrumb\"},\"inLanguage\":\"sv-SE\",\"potentialAction\":[{\"@type\":\"ReadAction\",\"target\":[\"https:\/\/andersadlercreutz.fi\/blog\/1-utbildning\/tydligare-mal-och-rattvisare-bedomning-i-skolan\/\"]}]},{\"@type\":\"BreadcrumbList\",\"@id\":\"https:\/\/andersadlercreutz.fi\/blog\/1-utbildning\/tydligare-mal-och-rattvisare-bedomning-i-skolan\/#breadcrumb\",\"itemListElement\":[{\"@type\":\"ListItem\",\"position\":1,\"name\":\"Home\",\"item\":\"https:\/\/andersadlercreutz.fi\/blog\/blogg\/?lang=sv\"},{\"@type\":\"ListItem\",\"position\":2,\"name\":\"Tydligare m\u00e5l och r\u00e4ttvisare bed\u00f6mning i skolan\"}]},{\"@type\":\"WebSite\",\"@id\":\"https:\/\/andersadlercreutz.fi\/blog\/#website\",\"url\":\"https:\/\/andersadlercreutz.fi\/blog\/\",\"name\":\"Anders Adlercreutz\",\"description\":\"Du. Jag. Vi. Kest&auml;v&auml;sti optimisti\",\"potentialAction\":[{\"@type\":\"SearchAction\",\"target\":{\"@type\":\"EntryPoint\",\"urlTemplate\":\"https:\/\/andersadlercreutz.fi\/blog\/?s={search_term_string}\"},\"query-input\":\"required name=search_term_string\"}],\"inLanguage\":\"sv-SE\"},{\"@type\":\"Person\",\"@id\":\"https:\/\/andersadlercreutz.fi\/blog\/#\/schema\/person\/47d4b72eded862b484f74bb4b3a2354f\",\"name\":\"Anders\",\"image\":{\"@type\":\"ImageObject\",\"inLanguage\":\"sv-SE\",\"@id\":\"https:\/\/andersadlercreutz.fi\/blog\/#\/schema\/person\/image\/\",\"url\":\"https:\/\/secure.gravatar.com\/avatar\/a144c9bda7a581ff6fabba169027e620?s=96&d=mm&r=g\",\"contentUrl\":\"https:\/\/secure.gravatar.com\/avatar\/a144c9bda7a581ff6fabba169027e620?s=96&d=mm&r=g\",\"caption\":\"Anders\"},\"url\":\"https:\/\/andersadlercreutz.fi\/blog\/author\/admin\/\"}]}<\/script>\n<!-- \/ Yoast SEO plugin. -->","yoast_head_json":{"title":"Tydligare m\u00e5l och r\u00e4ttvisare bed\u00f6mning i skolan - Anders Adlercreutz","robots":{"index":"index","follow":"follow","max-snippet":"max-snippet:-1","max-image-preview":"max-image-preview:large","max-video-preview":"max-video-preview:-1"},"canonical":"https:\/\/andersadlercreutz.fi\/blog\/1-utbildning\/tydligare-mal-och-rattvisare-bedomning-i-skolan\/","og_locale":"sv_SE","og_type":"article","og_title":"Tydligare m\u00e5l och r\u00e4ttvisare bed\u00f6mning i skolan - Anders Adlercreutz","og_description":"Samma kunskaper kan idag ge vitsordet 7 i en skola och 9 i en annan. Samtidigt har andelen ber\u00f6mliga vitsord \u00f6kat kraftigt under de senaste \u00e5ren \u2013 trots att inl\u00e4rningsresultaten sjunker. Bed\u00f6mningskriterierna \u00e4r otydliga, och alltf\u00f6r m\u00e5nga elever l\u00e4mnar grundskolan utan tillr\u00e4ckliga f\u00e4rdigheter f\u00f6r fortsatta studier. Det h\u00e4r \u00e4r inte acceptabelt. D\u00e4rf\u00f6r har jag nu [&hellip;]","og_url":"https:\/\/andersadlercreutz.fi\/blog\/1-utbildning\/tydligare-mal-och-rattvisare-bedomning-i-skolan\/","og_site_name":"Anders Adlercreutz","article_published_time":"2026-04-27T06:14:36+00:00","og_image":[{"width":1030,"height":687,"url":"https:\/\/andersadlercreutz.fi\/blog\/wp-content\/uploads\/2026\/03\/0S6A9617-1030x687.jpg","type":"image\/jpeg"}],"author":"Anders","twitter_card":"summary_large_image","twitter_misc":{"Skriven av":"Anders","Ber\u00e4knad l\u00e4stid":"2 minuter"},"schema":{"@context":"https:\/\/schema.org","@graph":[{"@type":"WebPage","@id":"https:\/\/andersadlercreutz.fi\/blog\/1-utbildning\/tydligare-mal-och-rattvisare-bedomning-i-skolan\/","url":"https:\/\/andersadlercreutz.fi\/blog\/1-utbildning\/tydligare-mal-och-rattvisare-bedomning-i-skolan\/","name":"Tydligare m\u00e5l och r\u00e4ttvisare bed\u00f6mning i skolan - Anders Adlercreutz","isPartOf":{"@id":"https:\/\/andersadlercreutz.fi\/blog\/#website"},"datePublished":"2026-04-27T06:14:36+00:00","dateModified":"2026-04-27T06:14:36+00:00","author":{"@id":"https:\/\/andersadlercreutz.fi\/blog\/#\/schema\/person\/47d4b72eded862b484f74bb4b3a2354f"},"breadcrumb":{"@id":"https:\/\/andersadlercreutz.fi\/blog\/1-utbildning\/tydligare-mal-och-rattvisare-bedomning-i-skolan\/#breadcrumb"},"inLanguage":"sv-SE","potentialAction":[{"@type":"ReadAction","target":["https:\/\/andersadlercreutz.fi\/blog\/1-utbildning\/tydligare-mal-och-rattvisare-bedomning-i-skolan\/"]}]},{"@type":"BreadcrumbList","@id":"https:\/\/andersadlercreutz.fi\/blog\/1-utbildning\/tydligare-mal-och-rattvisare-bedomning-i-skolan\/#breadcrumb","itemListElement":[{"@type":"ListItem","position":1,"name":"Home","item":"https:\/\/andersadlercreutz.fi\/blog\/blogg\/?lang=sv"},{"@type":"ListItem","position":2,"name":"Tydligare m\u00e5l och r\u00e4ttvisare bed\u00f6mning i skolan"}]},{"@type":"WebSite","@id":"https:\/\/andersadlercreutz.fi\/blog\/#website","url":"https:\/\/andersadlercreutz.fi\/blog\/","name":"Anders Adlercreutz","description":"Du. Jag. Vi. Kest&auml;v&auml;sti optimisti","potentialAction":[{"@type":"SearchAction","target":{"@type":"EntryPoint","urlTemplate":"https:\/\/andersadlercreutz.fi\/blog\/?s={search_term_string}"},"query-input":"required name=search_term_string"}],"inLanguage":"sv-SE"},{"@type":"Person","@id":"https:\/\/andersadlercreutz.fi\/blog\/#\/schema\/person\/47d4b72eded862b484f74bb4b3a2354f","name":"Anders","image":{"@type":"ImageObject","inLanguage":"sv-SE","@id":"https:\/\/andersadlercreutz.fi\/blog\/#\/schema\/person\/image\/","url":"https:\/\/secure.gravatar.com\/avatar\/a144c9bda7a581ff6fabba169027e620?s=96&d=mm&r=g","contentUrl":"https:\/\/secure.gravatar.com\/avatar\/a144c9bda7a581ff6fabba169027e620?s=96&d=mm&r=g","caption":"Anders"},"url":"https:\/\/andersadlercreutz.fi\/blog\/author\/admin\/"}]}},"jetpack_featured_media_url":"https:\/\/i0.wp.com\/andersadlercreutz.fi\/blog\/wp-content\/uploads\/2026\/03\/0S6A9617-scaled.jpg?fit=2560%2C1707&ssl=1","jetpack_shortlink":"https:\/\/wp.me\/p4T6Dh-2WY","jetpack_sharing_enabled":true,"_links":{"self":[{"href":"https:\/\/andersadlercreutz.fi\/blog\/wp-json\/wp\/v2\/posts\/11344"}],"collection":[{"href":"https:\/\/andersadlercreutz.fi\/blog\/wp-json\/wp\/v2\/posts"}],"about":[{"href":"https:\/\/andersadlercreutz.fi\/blog\/wp-json\/wp\/v2\/types\/post"}],"author":[{"embeddable":true,"href":"https:\/\/andersadlercreutz.fi\/blog\/wp-json\/wp\/v2\/users\/1"}],"replies":[{"embeddable":true,"href":"https:\/\/andersadlercreutz.fi\/blog\/wp-json\/wp\/v2\/comments?post=11344"}],"version-history":[{"count":2,"href":"https:\/\/andersadlercreutz.fi\/blog\/wp-json\/wp\/v2\/posts\/11344\/revisions"}],"predecessor-version":[{"id":11347,"href":"https:\/\/andersadlercreutz.fi\/blog\/wp-json\/wp\/v2\/posts\/11344\/revisions\/11347"}],"wp:featuredmedia":[{"embeddable":true,"href":"https:\/\/andersadlercreutz.fi\/blog\/wp-json\/wp\/v2\/media\/11263"}],"wp:attachment":[{"href":"https:\/\/andersadlercreutz.fi\/blog\/wp-json\/wp\/v2\/media?parent=11344"}],"wp:term":[{"taxonomy":"category","embeddable":true,"href":"https:\/\/andersadlercreutz.fi\/blog\/wp-json\/wp\/v2\/categories?post=11344"},{"taxonomy":"post_tag","embeddable":true,"href":"https:\/\/andersadlercreutz.fi\/blog\/wp-json\/wp\/v2\/tags?post=11344"}],"curies":[{"name":"wp","href":"https:\/\/api.w.org\/{rel}","templated":true}]}}