{"id":11356,"date":"2026-04-30T10:05:37","date_gmt":"2026-04-30T07:05:37","guid":{"rendered":"https:\/\/andersadlercreutz.fi\/blog\/?p=11356"},"modified":"2026-04-30T10:05:37","modified_gmt":"2026-04-30T07:05:37","slug":"adlercreutz-tuoreesta-raportista-toimet-oppimistulosten-parantamiseksi-ovat-oikealla-tiella","status":"publish","type":"post","link":"https:\/\/andersadlercreutz.fi\/blog\/1koulutus\/adlercreutz-tuoreesta-raportista-toimet-oppimistulosten-parantamiseksi-ovat-oikealla-tiella\/?lang=fi","title":{"rendered":"Adlercreutz tuoreesta raportista: Toimet oppimistulosten parantamiseksi ovat oikealla tiell\u00e4"},"content":{"rendered":"<p><span style=\"font-weight: 400;\">Hallitus on kuluneella hallituskaudella vahvistanut perusopetusta monin tavoin, sanoo RKP:n puheenjohtaja ja opetusministeri Anders Adlercreutz. My\u00f6s t\u00e4n\u00e4\u00e4n 29. huhtikuuta julkaistu uusi oppimistuloksia koskeva raportti osoittaa, ett\u00e4 nyt toteutettavat toimet ovat oikeansuuntaisia.<\/span><\/p>\n<p><span style=\"font-weight: 400;\">\u2013 Taloudellisesti haastavina aikoina meid\u00e4n on uskallettava priorisoida oikein. Se, ett\u00e4 olemme pystyneet tekem\u00e4\u00e4n merkitt\u00e4vi\u00e4 panostuksia peruskouluun osoittaa, ett\u00e4 kannamme vastuuta tulevaisuudesta. Koulutus ei ole kustannus, vaan t\u00e4rkein investointimme, Adlercreutz sanoo.<\/span><\/p>\n<p><span style=\"font-weight: 400;\">Hallituksen tekemien uudistusten taustalla on suomalaisten oppilaiden jo pitk\u00e4\u00e4n heikentyneet oppimistulokset, samalla kun erot oppilaiden v\u00e4lill\u00e4 ovat kasvaneet.<\/span><\/p>\n<p><span style=\"font-weight: 400;\">\u2013 T\u00e4m\u00e4 kehitys ei ole hyv\u00e4ksytt\u00e4v\u00e4. Jokaisella lapsella on oltava todellinen mahdollisuus onnistua taustasta tai asuinpaikasta riippumatta. T\u00e4m\u00e4 on perusta sille menestystarinalle, jolle peruskoulumme rakentuu, Adlercreutz sanoo.<\/span><\/p>\n<p><span style=\"font-weight: 400;\">Oppimistulosten vahvistamiseksi opetus- ja kulttuuriministeri\u00f6 on laatinut raportin, joka luovutettiin Adlercreutzille 29. huhtikuuta.<\/span><\/p>\n<p><span style=\"font-weight: 400;\">Raportti sis\u00e4lt\u00e4\u00e4 useita ehdotuksia siit\u00e4, miten oppimistuloksia voidaan parantaa. Yksi keskeisimmist\u00e4 toimenpiteist\u00e4 on pitk\u00e4j\u00e4nteinen ja riitt\u00e4v\u00e4 rahoitus.<\/span><\/p>\n<p><span style=\"font-weight: 400;\">\u2013 Kun ik\u00e4luokat pienenev\u00e4t, koulutuksen rahoitus ei voi v\u00e4henty\u00e4 samassa tahdissa. Vankka rahoitus on koulun perusta. Koulu on yksi t\u00e4rkeimmist\u00e4 tulevaisuusinstituutioistamme, ja siihen on panostettava, Adlercreutz sanoo.<\/span><\/p>\n<p><span style=\"font-weight: 400;\">Raportissa korostetaan my\u00f6s luetun ymm\u00e4rt\u00e4misen merkityst\u00e4 oppimiselle. Siksi soin\u00e4 esitet\u00e4\u00e4n, ett\u00e4 lukemista lis\u00e4t\u00e4\u00e4n peruskoulussa ja ett\u00e4 luku- ja kirjoitustaitoja vahvistetaan.<\/span><\/p>\n<p><span style=\"font-weight: 400;\">\u2013 Olemme t\u00e4ll\u00e4 hallituskaudella vahvistaneet luku- ja kirjoitustaitoja lis\u00e4\u00e4m\u00e4ll\u00e4 kaksi vuosiviikkotuntia \u00e4idinkielt\u00e4 ja kirjallisuutta alemmille vuosiluokille, mutta lis\u00e4toimia tarvitaan. Vapaa-ajan lukeminen on valitettavasti v\u00e4hentynyt, vaikka tutkimus osoittaa lukemisen tukevan oppimista. Siksi on eritt\u00e4in t\u00e4rke\u00e4\u00e4 vahvistaa lukemisen iloa koulussa ja panostaa luetun ymm\u00e4rt\u00e4miseen, Adlercreutz sanoo.<\/span><\/p>\n<p><span style=\"font-weight: 400;\">Yksi konkreettinen ehdotus raportissa on teht\u00e4v\u00e4pankki, joka sis\u00e4lt\u00e4\u00e4 valmiita teht\u00e4vi\u00e4 opetuksen tueksi. Se perustuisi opetussuunnitelman tavoitteisiin ja kriteereihin ja tarjoaisi opettajille konkreettisia v\u00e4lineit\u00e4 yhten\u00e4isemp\u00e4\u00e4n ja oikeudenmukaisempaan arviointiin.<\/span><\/p>\n<p><span style=\"font-weight: 400;\">\u2013 Teht\u00e4v\u00e4pankki on my\u00f6s asia, jota opettajat ovat itse toivoneet, ja se toimii konkreettisena ty\u00f6kaluna opetushenkil\u00f6st\u00f6lle, Adlercreutz sanoo.<\/span><\/p>\n","protected":false},"excerpt":{"rendered":"<p>Hallitus on kuluneella hallituskaudella vahvistanut perusopetusta monin tavoin, sanoo RKP:n puheenjohtaja ja opetusministeri Anders Adlercreutz. My\u00f6s t\u00e4n\u00e4\u00e4n 29. huhtikuuta julkaistu uusi oppimistuloksia koskeva raportti osoittaa, ett\u00e4 nyt toteutettavat toimet ovat oikeansuuntaisia. \u2013 Taloudellisesti haastavina aikoina meid\u00e4n on uskallettava priorisoida oikein. Se, ett\u00e4 olemme pystyneet tekem\u00e4\u00e4n merkitt\u00e4vi\u00e4 panostuksia peruskouluun osoittaa, ett\u00e4 kannamme vastuuta tulevaisuudesta. Koulutus ei [&hellip;]<\/p>\n","protected":false},"author":1,"featured_media":11262,"comment_status":"open","ping_status":"open","sticky":false,"template":"","format":"standard","meta":{"jetpack_post_was_ever_published":false,"_jetpack_newsletter_access":"","jetpack_publicize_message":"","jetpack_is_tweetstorm":false,"jetpack_publicize_feature_enabled":true,"jetpack_social_post_already_shared":true,"jetpack_social_options":{"image_generator_settings":{"template":"highway","enabled":false}}},"categories":[21,18,87],"tags":[],"jetpack_publicize_connections":[],"yoast_head":"<!-- This site is optimized with the Yoast SEO plugin v20.12 - https:\/\/yoast.com\/wordpress\/plugins\/seo\/ -->\n<title>Adlercreutz tuoreesta raportista: Toimet oppimistulosten parantamiseksi ovat oikealla tiell\u00e4 - Anders Adlercreutz<\/title>\n<meta name=\"robots\" content=\"index, follow, max-snippet:-1, max-image-preview:large, max-video-preview:-1\" \/>\n<link rel=\"canonical\" href=\"https:\/\/andersadlercreutz.fi\/blog\/1koulutus\/adlercreutz-tuoreesta-raportista-toimet-oppimistulosten-parantamiseksi-ovat-oikealla-tiella\/\" \/>\n<meta property=\"og:locale\" content=\"sv_SE\" \/>\n<meta property=\"og:type\" content=\"article\" \/>\n<meta property=\"og:title\" content=\"Adlercreutz tuoreesta raportista: Toimet oppimistulosten parantamiseksi ovat oikealla tiell\u00e4 - Anders Adlercreutz\" \/>\n<meta property=\"og:description\" content=\"Hallitus on kuluneella hallituskaudella vahvistanut perusopetusta monin tavoin, sanoo RKP:n puheenjohtaja ja opetusministeri Anders Adlercreutz. My\u00f6s t\u00e4n\u00e4\u00e4n 29. huhtikuuta julkaistu uusi oppimistuloksia koskeva raportti osoittaa, ett\u00e4 nyt toteutettavat toimet ovat oikeansuuntaisia. \u2013 Taloudellisesti haastavina aikoina meid\u00e4n on uskallettava priorisoida oikein. Se, ett\u00e4 olemme pystyneet tekem\u00e4\u00e4n merkitt\u00e4vi\u00e4 panostuksia peruskouluun osoittaa, ett\u00e4 kannamme vastuuta tulevaisuudesta. Koulutus ei [&hellip;]\" \/>\n<meta property=\"og:url\" content=\"https:\/\/andersadlercreutz.fi\/blog\/1koulutus\/adlercreutz-tuoreesta-raportista-toimet-oppimistulosten-parantamiseksi-ovat-oikealla-tiella\/?lang=fi\" \/>\n<meta property=\"og:site_name\" content=\"Anders Adlercreutz\" \/>\n<meta property=\"article:published_time\" content=\"2026-04-30T07:05:37+00:00\" \/>\n<meta property=\"og:image\" content=\"https:\/\/andersadlercreutz.fi\/blog\/wp-content\/uploads\/2026\/03\/0S6A9651-1030x712.jpg\" \/>\n\t<meta property=\"og:image:width\" content=\"1030\" \/>\n\t<meta property=\"og:image:height\" content=\"712\" \/>\n\t<meta property=\"og:image:type\" content=\"image\/jpeg\" \/>\n<meta name=\"author\" content=\"Anders\" \/>\n<meta name=\"twitter:card\" content=\"summary_large_image\" \/>\n<meta name=\"twitter:label1\" content=\"Skriven av\" \/>\n\t<meta name=\"twitter:data1\" content=\"Anders\" \/>\n\t<meta name=\"twitter:label2\" content=\"Ber\u00e4knad l\u00e4stid\" \/>\n\t<meta name=\"twitter:data2\" content=\"2 minuter\" \/>\n<script type=\"application\/ld+json\" class=\"yoast-schema-graph\">{\"@context\":\"https:\/\/schema.org\",\"@graph\":[{\"@type\":\"WebPage\",\"@id\":\"https:\/\/andersadlercreutz.fi\/blog\/1koulutus\/adlercreutz-tuoreesta-raportista-toimet-oppimistulosten-parantamiseksi-ovat-oikealla-tiella\/?lang=fi\",\"url\":\"https:\/\/andersadlercreutz.fi\/blog\/1koulutus\/adlercreutz-tuoreesta-raportista-toimet-oppimistulosten-parantamiseksi-ovat-oikealla-tiella\/?lang=fi\",\"name\":\"Adlercreutz tuoreesta raportista: Toimet oppimistulosten parantamiseksi ovat oikealla tiell\u00e4 - Anders Adlercreutz\",\"isPartOf\":{\"@id\":\"https:\/\/andersadlercreutz.fi\/blog\/#website\"},\"datePublished\":\"2026-04-30T07:05:37+00:00\",\"dateModified\":\"2026-04-30T07:05:37+00:00\",\"author\":{\"@id\":\"https:\/\/andersadlercreutz.fi\/blog\/#\/schema\/person\/47d4b72eded862b484f74bb4b3a2354f\"},\"breadcrumb\":{\"@id\":\"https:\/\/andersadlercreutz.fi\/blog\/1koulutus\/adlercreutz-tuoreesta-raportista-toimet-oppimistulosten-parantamiseksi-ovat-oikealla-tiella\/?lang=fi#breadcrumb\"},\"inLanguage\":\"sv-SE\",\"potentialAction\":[{\"@type\":\"ReadAction\",\"target\":[\"https:\/\/andersadlercreutz.fi\/blog\/1koulutus\/adlercreutz-tuoreesta-raportista-toimet-oppimistulosten-parantamiseksi-ovat-oikealla-tiella\/?lang=fi\"]}]},{\"@type\":\"BreadcrumbList\",\"@id\":\"https:\/\/andersadlercreutz.fi\/blog\/1koulutus\/adlercreutz-tuoreesta-raportista-toimet-oppimistulosten-parantamiseksi-ovat-oikealla-tiella\/?lang=fi#breadcrumb\",\"itemListElement\":[{\"@type\":\"ListItem\",\"position\":1,\"name\":\"Home\",\"item\":\"https:\/\/andersadlercreutz.fi\/blog\/blogg\/?lang=sv\"},{\"@type\":\"ListItem\",\"position\":2,\"name\":\"Adlercreutz tuoreesta raportista: Toimet oppimistulosten parantamiseksi ovat oikealla tiell\u00e4\"}]},{\"@type\":\"WebSite\",\"@id\":\"https:\/\/andersadlercreutz.fi\/blog\/#website\",\"url\":\"https:\/\/andersadlercreutz.fi\/blog\/\",\"name\":\"Anders Adlercreutz\",\"description\":\"Du. Jag. Vi. Kest&auml;v&auml;sti optimisti\",\"potentialAction\":[{\"@type\":\"SearchAction\",\"target\":{\"@type\":\"EntryPoint\",\"urlTemplate\":\"https:\/\/andersadlercreutz.fi\/blog\/?s={search_term_string}\"},\"query-input\":\"required name=search_term_string\"}],\"inLanguage\":\"sv-SE\"},{\"@type\":\"Person\",\"@id\":\"https:\/\/andersadlercreutz.fi\/blog\/#\/schema\/person\/47d4b72eded862b484f74bb4b3a2354f\",\"name\":\"Anders\",\"image\":{\"@type\":\"ImageObject\",\"inLanguage\":\"sv-SE\",\"@id\":\"https:\/\/andersadlercreutz.fi\/blog\/#\/schema\/person\/image\/\",\"url\":\"https:\/\/secure.gravatar.com\/avatar\/a144c9bda7a581ff6fabba169027e620?s=96&d=mm&r=g\",\"contentUrl\":\"https:\/\/secure.gravatar.com\/avatar\/a144c9bda7a581ff6fabba169027e620?s=96&d=mm&r=g\",\"caption\":\"Anders\"},\"url\":\"https:\/\/andersadlercreutz.fi\/blog\/author\/admin\/\"}]}<\/script>\n<!-- \/ Yoast SEO plugin. -->","yoast_head_json":{"title":"Adlercreutz tuoreesta raportista: Toimet oppimistulosten parantamiseksi ovat oikealla tiell\u00e4 - Anders Adlercreutz","robots":{"index":"index","follow":"follow","max-snippet":"max-snippet:-1","max-image-preview":"max-image-preview:large","max-video-preview":"max-video-preview:-1"},"canonical":"https:\/\/andersadlercreutz.fi\/blog\/1koulutus\/adlercreutz-tuoreesta-raportista-toimet-oppimistulosten-parantamiseksi-ovat-oikealla-tiella\/","og_locale":"sv_SE","og_type":"article","og_title":"Adlercreutz tuoreesta raportista: Toimet oppimistulosten parantamiseksi ovat oikealla tiell\u00e4 - Anders Adlercreutz","og_description":"Hallitus on kuluneella hallituskaudella vahvistanut perusopetusta monin tavoin, sanoo RKP:n puheenjohtaja ja opetusministeri Anders Adlercreutz. My\u00f6s t\u00e4n\u00e4\u00e4n 29. huhtikuuta julkaistu uusi oppimistuloksia koskeva raportti osoittaa, ett\u00e4 nyt toteutettavat toimet ovat oikeansuuntaisia. \u2013 Taloudellisesti haastavina aikoina meid\u00e4n on uskallettava priorisoida oikein. Se, ett\u00e4 olemme pystyneet tekem\u00e4\u00e4n merkitt\u00e4vi\u00e4 panostuksia peruskouluun osoittaa, ett\u00e4 kannamme vastuuta tulevaisuudesta. Koulutus ei [&hellip;]","og_url":"https:\/\/andersadlercreutz.fi\/blog\/1koulutus\/adlercreutz-tuoreesta-raportista-toimet-oppimistulosten-parantamiseksi-ovat-oikealla-tiella\/?lang=fi","og_site_name":"Anders Adlercreutz","article_published_time":"2026-04-30T07:05:37+00:00","og_image":[{"width":1030,"height":712,"url":"https:\/\/andersadlercreutz.fi\/blog\/wp-content\/uploads\/2026\/03\/0S6A9651-1030x712.jpg","type":"image\/jpeg"}],"author":"Anders","twitter_card":"summary_large_image","twitter_misc":{"Skriven av":"Anders","Ber\u00e4knad l\u00e4stid":"2 minuter"},"schema":{"@context":"https:\/\/schema.org","@graph":[{"@type":"WebPage","@id":"https:\/\/andersadlercreutz.fi\/blog\/1koulutus\/adlercreutz-tuoreesta-raportista-toimet-oppimistulosten-parantamiseksi-ovat-oikealla-tiella\/?lang=fi","url":"https:\/\/andersadlercreutz.fi\/blog\/1koulutus\/adlercreutz-tuoreesta-raportista-toimet-oppimistulosten-parantamiseksi-ovat-oikealla-tiella\/?lang=fi","name":"Adlercreutz tuoreesta raportista: Toimet oppimistulosten parantamiseksi ovat oikealla tiell\u00e4 - Anders Adlercreutz","isPartOf":{"@id":"https:\/\/andersadlercreutz.fi\/blog\/#website"},"datePublished":"2026-04-30T07:05:37+00:00","dateModified":"2026-04-30T07:05:37+00:00","author":{"@id":"https:\/\/andersadlercreutz.fi\/blog\/#\/schema\/person\/47d4b72eded862b484f74bb4b3a2354f"},"breadcrumb":{"@id":"https:\/\/andersadlercreutz.fi\/blog\/1koulutus\/adlercreutz-tuoreesta-raportista-toimet-oppimistulosten-parantamiseksi-ovat-oikealla-tiella\/?lang=fi#breadcrumb"},"inLanguage":"sv-SE","potentialAction":[{"@type":"ReadAction","target":["https:\/\/andersadlercreutz.fi\/blog\/1koulutus\/adlercreutz-tuoreesta-raportista-toimet-oppimistulosten-parantamiseksi-ovat-oikealla-tiella\/?lang=fi"]}]},{"@type":"BreadcrumbList","@id":"https:\/\/andersadlercreutz.fi\/blog\/1koulutus\/adlercreutz-tuoreesta-raportista-toimet-oppimistulosten-parantamiseksi-ovat-oikealla-tiella\/?lang=fi#breadcrumb","itemListElement":[{"@type":"ListItem","position":1,"name":"Home","item":"https:\/\/andersadlercreutz.fi\/blog\/blogg\/?lang=sv"},{"@type":"ListItem","position":2,"name":"Adlercreutz tuoreesta raportista: Toimet oppimistulosten parantamiseksi ovat oikealla tiell\u00e4"}]},{"@type":"WebSite","@id":"https:\/\/andersadlercreutz.fi\/blog\/#website","url":"https:\/\/andersadlercreutz.fi\/blog\/","name":"Anders Adlercreutz","description":"Du. Jag. Vi. Kest&auml;v&auml;sti optimisti","potentialAction":[{"@type":"SearchAction","target":{"@type":"EntryPoint","urlTemplate":"https:\/\/andersadlercreutz.fi\/blog\/?s={search_term_string}"},"query-input":"required name=search_term_string"}],"inLanguage":"sv-SE"},{"@type":"Person","@id":"https:\/\/andersadlercreutz.fi\/blog\/#\/schema\/person\/47d4b72eded862b484f74bb4b3a2354f","name":"Anders","image":{"@type":"ImageObject","inLanguage":"sv-SE","@id":"https:\/\/andersadlercreutz.fi\/blog\/#\/schema\/person\/image\/","url":"https:\/\/secure.gravatar.com\/avatar\/a144c9bda7a581ff6fabba169027e620?s=96&d=mm&r=g","contentUrl":"https:\/\/secure.gravatar.com\/avatar\/a144c9bda7a581ff6fabba169027e620?s=96&d=mm&r=g","caption":"Anders"},"url":"https:\/\/andersadlercreutz.fi\/blog\/author\/admin\/"}]}},"jetpack_featured_media_url":"https:\/\/i0.wp.com\/andersadlercreutz.fi\/blog\/wp-content\/uploads\/2026\/03\/0S6A9651-scaled.jpg?fit=2560%2C1771&ssl=1","jetpack_shortlink":"https:\/\/wp.me\/p4T6Dh-2Xa","jetpack_sharing_enabled":true,"_links":{"self":[{"href":"https:\/\/andersadlercreutz.fi\/blog\/wp-json\/wp\/v2\/posts\/11356"}],"collection":[{"href":"https:\/\/andersadlercreutz.fi\/blog\/wp-json\/wp\/v2\/posts"}],"about":[{"href":"https:\/\/andersadlercreutz.fi\/blog\/wp-json\/wp\/v2\/types\/post"}],"author":[{"embeddable":true,"href":"https:\/\/andersadlercreutz.fi\/blog\/wp-json\/wp\/v2\/users\/1"}],"replies":[{"embeddable":true,"href":"https:\/\/andersadlercreutz.fi\/blog\/wp-json\/wp\/v2\/comments?post=11356"}],"version-history":[{"count":2,"href":"https:\/\/andersadlercreutz.fi\/blog\/wp-json\/wp\/v2\/posts\/11356\/revisions"}],"predecessor-version":[{"id":11358,"href":"https:\/\/andersadlercreutz.fi\/blog\/wp-json\/wp\/v2\/posts\/11356\/revisions\/11358"}],"wp:featuredmedia":[{"embeddable":true,"href":"https:\/\/andersadlercreutz.fi\/blog\/wp-json\/wp\/v2\/media\/11262"}],"wp:attachment":[{"href":"https:\/\/andersadlercreutz.fi\/blog\/wp-json\/wp\/v2\/media?parent=11356"}],"wp:term":[{"taxonomy":"category","embeddable":true,"href":"https:\/\/andersadlercreutz.fi\/blog\/wp-json\/wp\/v2\/categories?post=11356"},{"taxonomy":"post_tag","embeddable":true,"href":"https:\/\/andersadlercreutz.fi\/blog\/wp-json\/wp\/v2\/tags?post=11356"}],"curies":[{"name":"wp","href":"https:\/\/api.w.org\/{rel}","templated":true}]}}