{"id":1182,"date":"2014-10-28T12:19:52","date_gmt":"2014-10-28T09:19:52","guid":{"rendered":"http:\/\/andersadlercreutz.fi\/blog\/okategoriserad\/minne-matka-venaja-2\/"},"modified":"2014-10-29T23:17:05","modified_gmt":"2014-10-29T20:17:05","slug":"minne-matka-venaja","status":"publish","type":"post","link":"https:\/\/andersadlercreutz.fi\/blog\/blogg\/minne-matka-venaja\/","title":{"rendered":"Minne matka, Ven\u00e4j\u00e4?"},"content":{"rendered":"<p>Jussi Konttinen kirjoittaa t\u00e4m\u00e4n p\u00e4iv\u00e4n Helsingin Sanomissa mutkikkaasta suhteestaan Ven\u00e4j\u00e4\u00e4n. Jaan h\u00e4nen kokemuksensa. Opiskelin ven\u00e4j\u00e4\u00e4 yl\u00e4asteella ja lukiossa, viel\u00e4 yliopistossakin. Kielitaito ei kehittynyt auttavaa paremmaksi, mutta mielenkiinto maahan ja sen kulttuuriin j\u00e4i.<\/p>\n<p>Olen k\u00e4ynyt Ven\u00e4j\u00e4ll\u00e4 useasti ja jokaisella kerralla vastassa on ollut kiehtova kansanluonne. Sit\u00e4 s\u00e4vytt\u00e4\u00e4 vahva romanttinen vire, johon liittyy usko kohtaloon sek\u00e4 yksil\u00f6n ett\u00e4 koko kansakunnan tasolla. Ven\u00e4l\u00e4isell\u00e4 on vahva suhde historiaansa ja mytologinen suhde luontoon. Muistan viel\u00e4kin, miten erikoiselta tuntui, kun 17-vuotiaana vietin muutaman viikon kouluvaihdossa Moskovassa. Asuin Hrustsevin aikaisessa kerrostalossa, jossa mik\u00e4\u00e4n ei toiminut. Sain sy\u00f6m\u00e4st\u00e4ni ruoasta vatsataudin, jonka perheen \u00e4iti hoiti poppaskonstein kuntoon &#8211; komerossaan h\u00e4nell\u00e4 oli kasap\u00e4in yrttej\u00e4, josta synty parantava liemi. Luonto tarjosi rohdot Neuvostotodellisuudessa, Moskovan esikaupungissa, jossa luonnolla ei ollut muuten juuri mit\u00e4\u00e4n sijaa.<\/p>\n<blockquote><p>Neuvostoaikana ihmisten arkea tuntui v\u00e4ritt\u00e4v\u00e4n huumori. T\u00e4m\u00e4n p\u00e4iv\u00e4n Ven\u00e4j\u00e4 n\u00e4ytt\u00e4ytyy kovin erilaisena.<\/p><\/blockquote>\n<p>Tunnen toimittajan, joka asui Neuvostoliitossa 1970-luvulla ja kirjoitti maan asioista pitk\u00e4\u00e4n senkin j\u00e4lkeen. H\u00e4n oli k\u00e4ynyt hiljattain Moskovassa ja kertoi j\u00e4rkyttyneens\u00e4 siit\u00e4, miten l\u00e4pitunkeva t\u00e4m\u00e4nhetkinen propagandakoneisto on. Neuvostoliiton aikainen sensuuri ei ollut kuulemma mit\u00e4\u00e4n t\u00e4h\u00e4n p\u00e4iv\u00e4\u00e4n verrattuna. Saman voi todeta, kun k\u00e4y Russia Todayn verkkosivuilla (RT.com). Itse vierailen siell\u00e4 aika ajoin ymm\u00e4rt\u00e4\u00e4kseni, miten asioista ven\u00e4l\u00e4isess\u00e4 mediassa raportoidaan. Varsinkin uutisia seuraavat lukijakommentit ovat karmaisevaa luettavaa. Jokin aika sitten \u00e4rsyynnyin siin\u00e4 m\u00e4\u00e4rin Ukraina-kirjoittelusta ja muun maailman leimaamisesta fasistiseksi, ett\u00e4 kopioin viestiketjuun Wikipedian m\u00e4\u00e4ritelm\u00e4n fasisimista. Viesti n\u00e4kyi ketjussa 5 sekunnin ajan, ennen kuin se h\u00e4pyi savuna ilmaan ja ruutuun ponnahti ilmoitus \u201dyou are banned\u201d. Kovin on sananvapauden rima Ven\u00e4j\u00e4ll\u00e4 matala.<\/p>\n<p>T\u00e4ll\u00e4 hetkell\u00e4 tuntuu, ett\u00e4 pakotteista ei hevin luovuta. Krimin palauttaminen lienee Putinille mahdotonta, ja EU:lle tuskin mik\u00e4\u00e4n muu kelpaa. Samaan aikaan Ven\u00e4j\u00e4lt\u00e4 kantautuu jo viestej\u00e4 siit\u00e4, ett\u00e4 pakotteet alkavat purra. Rosneft pyysi muutama p\u00e4iv\u00e4 sitten 49 miljardin dollarin lainaa valtiolta. Samalla Siluanov totesi, ett\u00e4 \u00f6ljyn 100 dollarin tynnyrihintaan ja pakotteiden poistamiseen perustuvaa budjettia joudutaan tarkistamaan. Jos pakotteet purevat, mutta niiden poistaminen ei tule kysymykseen poliittisen pattitilanteen takia, on syyt\u00e4 olla aidosti huolissaan siit\u00e4, mit\u00e4 Putin keksii seuraavaksi.<\/p>\n","protected":false},"excerpt":{"rendered":"<p>Jussi Konttinen kirjoittaa t\u00e4m\u00e4n p\u00e4iv\u00e4n Helsingin Sanomissa mutkikkaasta suhteestaan Ven\u00e4j\u00e4\u00e4n. Jaan h\u00e4nen kokemuksensa. Opiskelin ven\u00e4j\u00e4\u00e4 yl\u00e4asteella ja lukiossa, viel\u00e4 yliopistossakin. Kielitaito ei kehittynyt auttavaa paremmaksi, mutta mielenkiinto maahan ja sen kulttuuriin j\u00e4i. Olen k\u00e4ynyt Ven\u00e4j\u00e4ll\u00e4 useasti ja jokaisella kerralla vastassa on ollut kiehtova kansanluonne. Sit\u00e4 s\u00e4vytt\u00e4\u00e4 vahva romanttinen vire, johon liittyy usko kohtaloon sek\u00e4 yksil\u00f6n [&hellip;]<\/p>\n","protected":false},"author":1,"featured_media":1171,"comment_status":"open","ping_status":"open","sticky":false,"template":"","format":"standard","meta":{"jetpack_post_was_ever_published":false,"_jetpack_newsletter_access":"","jetpack_publicize_message":"","jetpack_is_tweetstorm":false,"jetpack_publicize_feature_enabled":true,"jetpack_social_post_already_shared":true,"jetpack_social_options":{"image_generator_settings":{"template":"highway","enabled":false}}},"categories":[46,45],"tags":[],"jetpack_publicize_connections":[],"yoast_head":"<!-- This site is optimized with the Yoast SEO plugin v20.12 - https:\/\/yoast.com\/wordpress\/plugins\/seo\/ -->\n<title>Minne matka, Ven\u00e4j\u00e4? - Anders Adlercreutz<\/title>\n<meta name=\"robots\" content=\"index, follow, max-snippet:-1, max-image-preview:large, max-video-preview:-1\" \/>\n<link rel=\"canonical\" href=\"https:\/\/andersadlercreutz.fi\/blog\/blogg\/minne-matka-venaja\/\" \/>\n<meta property=\"og:locale\" content=\"sv_SE\" \/>\n<meta property=\"og:type\" content=\"article\" \/>\n<meta property=\"og:title\" content=\"Minne matka, Ven\u00e4j\u00e4? - Anders Adlercreutz\" \/>\n<meta property=\"og:description\" content=\"Jussi Konttinen kirjoittaa t\u00e4m\u00e4n p\u00e4iv\u00e4n Helsingin Sanomissa mutkikkaasta suhteestaan Ven\u00e4j\u00e4\u00e4n. Jaan h\u00e4nen kokemuksensa. Opiskelin ven\u00e4j\u00e4\u00e4 yl\u00e4asteella ja lukiossa, viel\u00e4 yliopistossakin. Kielitaito ei kehittynyt auttavaa paremmaksi, mutta mielenkiinto maahan ja sen kulttuuriin j\u00e4i. Olen k\u00e4ynyt Ven\u00e4j\u00e4ll\u00e4 useasti ja jokaisella kerralla vastassa on ollut kiehtova kansanluonne. Sit\u00e4 s\u00e4vytt\u00e4\u00e4 vahva romanttinen vire, johon liittyy usko kohtaloon sek\u00e4 yksil\u00f6n [&hellip;]\" \/>\n<meta property=\"og:url\" content=\"https:\/\/andersadlercreutz.fi\/blog\/blogg\/minne-matka-venaja\/\" \/>\n<meta property=\"og:site_name\" content=\"Anders Adlercreutz\" \/>\n<meta property=\"article:published_time\" content=\"2014-10-28T09:19:52+00:00\" \/>\n<meta property=\"article:modified_time\" content=\"2014-10-29T20:17:05+00:00\" \/>\n<meta property=\"og:image\" content=\"https:\/\/i0.wp.com\/andersadlercreutz.fi\/blog\/wp-content\/uploads\/2014\/10\/ven\u00e4j\u00e4.jpg?fit=700%2C335&ssl=1\" \/>\n\t<meta property=\"og:image:width\" content=\"700\" \/>\n\t<meta property=\"og:image:height\" content=\"335\" \/>\n\t<meta property=\"og:image:type\" content=\"image\/jpeg\" \/>\n<meta name=\"author\" content=\"Anders\" \/>\n<meta name=\"twitter:card\" content=\"summary_large_image\" \/>\n<meta name=\"twitter:label1\" content=\"Skriven av\" \/>\n\t<meta name=\"twitter:data1\" content=\"Anders\" \/>\n\t<meta name=\"twitter:label2\" content=\"Ber\u00e4knad l\u00e4stid\" \/>\n\t<meta name=\"twitter:data2\" content=\"2 minuter\" \/>\n<script type=\"application\/ld+json\" class=\"yoast-schema-graph\">{\"@context\":\"https:\/\/schema.org\",\"@graph\":[{\"@type\":\"WebPage\",\"@id\":\"https:\/\/andersadlercreutz.fi\/blog\/blogg\/minne-matka-venaja\/\",\"url\":\"https:\/\/andersadlercreutz.fi\/blog\/blogg\/minne-matka-venaja\/\",\"name\":\"Minne matka, Ven\u00e4j\u00e4? - Anders Adlercreutz\",\"isPartOf\":{\"@id\":\"https:\/\/andersadlercreutz.fi\/blog\/#website\"},\"datePublished\":\"2014-10-28T09:19:52+00:00\",\"dateModified\":\"2014-10-29T20:17:05+00:00\",\"author\":{\"@id\":\"https:\/\/andersadlercreutz.fi\/blog\/#\/schema\/person\/47d4b72eded862b484f74bb4b3a2354f\"},\"breadcrumb\":{\"@id\":\"https:\/\/andersadlercreutz.fi\/blog\/blogg\/minne-matka-venaja\/#breadcrumb\"},\"inLanguage\":\"sv-SE\",\"potentialAction\":[{\"@type\":\"ReadAction\",\"target\":[\"https:\/\/andersadlercreutz.fi\/blog\/blogg\/minne-matka-venaja\/\"]}]},{\"@type\":\"BreadcrumbList\",\"@id\":\"https:\/\/andersadlercreutz.fi\/blog\/blogg\/minne-matka-venaja\/#breadcrumb\",\"itemListElement\":[{\"@type\":\"ListItem\",\"position\":1,\"name\":\"Home\",\"item\":\"https:\/\/andersadlercreutz.fi\/blog\/blogg\/?lang=sv\"},{\"@type\":\"ListItem\",\"position\":2,\"name\":\"Minne matka, Ven\u00e4j\u00e4?\"}]},{\"@type\":\"WebSite\",\"@id\":\"https:\/\/andersadlercreutz.fi\/blog\/#website\",\"url\":\"https:\/\/andersadlercreutz.fi\/blog\/\",\"name\":\"Anders Adlercreutz\",\"description\":\"Du. Jag. Vi. Kest&auml;v&auml;sti optimisti\",\"potentialAction\":[{\"@type\":\"SearchAction\",\"target\":{\"@type\":\"EntryPoint\",\"urlTemplate\":\"https:\/\/andersadlercreutz.fi\/blog\/?s={search_term_string}\"},\"query-input\":\"required name=search_term_string\"}],\"inLanguage\":\"sv-SE\"},{\"@type\":\"Person\",\"@id\":\"https:\/\/andersadlercreutz.fi\/blog\/#\/schema\/person\/47d4b72eded862b484f74bb4b3a2354f\",\"name\":\"Anders\",\"image\":{\"@type\":\"ImageObject\",\"inLanguage\":\"sv-SE\",\"@id\":\"https:\/\/andersadlercreutz.fi\/blog\/#\/schema\/person\/image\/\",\"url\":\"https:\/\/secure.gravatar.com\/avatar\/a144c9bda7a581ff6fabba169027e620?s=96&d=mm&r=g\",\"contentUrl\":\"https:\/\/secure.gravatar.com\/avatar\/a144c9bda7a581ff6fabba169027e620?s=96&d=mm&r=g\",\"caption\":\"Anders\"},\"url\":\"https:\/\/andersadlercreutz.fi\/blog\/author\/admin\/\"}]}<\/script>\n<!-- \/ Yoast SEO plugin. -->","yoast_head_json":{"title":"Minne matka, Ven\u00e4j\u00e4? - Anders Adlercreutz","robots":{"index":"index","follow":"follow","max-snippet":"max-snippet:-1","max-image-preview":"max-image-preview:large","max-video-preview":"max-video-preview:-1"},"canonical":"https:\/\/andersadlercreutz.fi\/blog\/blogg\/minne-matka-venaja\/","og_locale":"sv_SE","og_type":"article","og_title":"Minne matka, Ven\u00e4j\u00e4? - Anders Adlercreutz","og_description":"Jussi Konttinen kirjoittaa t\u00e4m\u00e4n p\u00e4iv\u00e4n Helsingin Sanomissa mutkikkaasta suhteestaan Ven\u00e4j\u00e4\u00e4n. Jaan h\u00e4nen kokemuksensa. Opiskelin ven\u00e4j\u00e4\u00e4 yl\u00e4asteella ja lukiossa, viel\u00e4 yliopistossakin. Kielitaito ei kehittynyt auttavaa paremmaksi, mutta mielenkiinto maahan ja sen kulttuuriin j\u00e4i. Olen k\u00e4ynyt Ven\u00e4j\u00e4ll\u00e4 useasti ja jokaisella kerralla vastassa on ollut kiehtova kansanluonne. Sit\u00e4 s\u00e4vytt\u00e4\u00e4 vahva romanttinen vire, johon liittyy usko kohtaloon sek\u00e4 yksil\u00f6n [&hellip;]","og_url":"https:\/\/andersadlercreutz.fi\/blog\/blogg\/minne-matka-venaja\/","og_site_name":"Anders Adlercreutz","article_published_time":"2014-10-28T09:19:52+00:00","article_modified_time":"2014-10-29T20:17:05+00:00","og_image":[{"width":700,"height":335,"url":"https:\/\/i0.wp.com\/andersadlercreutz.fi\/blog\/wp-content\/uploads\/2014\/10\/ven\u00e4j\u00e4.jpg?fit=700%2C335&ssl=1","type":"image\/jpeg"}],"author":"Anders","twitter_card":"summary_large_image","twitter_misc":{"Skriven av":"Anders","Ber\u00e4knad l\u00e4stid":"2 minuter"},"schema":{"@context":"https:\/\/schema.org","@graph":[{"@type":"WebPage","@id":"https:\/\/andersadlercreutz.fi\/blog\/blogg\/minne-matka-venaja\/","url":"https:\/\/andersadlercreutz.fi\/blog\/blogg\/minne-matka-venaja\/","name":"Minne matka, Ven\u00e4j\u00e4? - Anders Adlercreutz","isPartOf":{"@id":"https:\/\/andersadlercreutz.fi\/blog\/#website"},"datePublished":"2014-10-28T09:19:52+00:00","dateModified":"2014-10-29T20:17:05+00:00","author":{"@id":"https:\/\/andersadlercreutz.fi\/blog\/#\/schema\/person\/47d4b72eded862b484f74bb4b3a2354f"},"breadcrumb":{"@id":"https:\/\/andersadlercreutz.fi\/blog\/blogg\/minne-matka-venaja\/#breadcrumb"},"inLanguage":"sv-SE","potentialAction":[{"@type":"ReadAction","target":["https:\/\/andersadlercreutz.fi\/blog\/blogg\/minne-matka-venaja\/"]}]},{"@type":"BreadcrumbList","@id":"https:\/\/andersadlercreutz.fi\/blog\/blogg\/minne-matka-venaja\/#breadcrumb","itemListElement":[{"@type":"ListItem","position":1,"name":"Home","item":"https:\/\/andersadlercreutz.fi\/blog\/blogg\/?lang=sv"},{"@type":"ListItem","position":2,"name":"Minne matka, Ven\u00e4j\u00e4?"}]},{"@type":"WebSite","@id":"https:\/\/andersadlercreutz.fi\/blog\/#website","url":"https:\/\/andersadlercreutz.fi\/blog\/","name":"Anders Adlercreutz","description":"Du. Jag. Vi. Kest&auml;v&auml;sti optimisti","potentialAction":[{"@type":"SearchAction","target":{"@type":"EntryPoint","urlTemplate":"https:\/\/andersadlercreutz.fi\/blog\/?s={search_term_string}"},"query-input":"required name=search_term_string"}],"inLanguage":"sv-SE"},{"@type":"Person","@id":"https:\/\/andersadlercreutz.fi\/blog\/#\/schema\/person\/47d4b72eded862b484f74bb4b3a2354f","name":"Anders","image":{"@type":"ImageObject","inLanguage":"sv-SE","@id":"https:\/\/andersadlercreutz.fi\/blog\/#\/schema\/person\/image\/","url":"https:\/\/secure.gravatar.com\/avatar\/a144c9bda7a581ff6fabba169027e620?s=96&d=mm&r=g","contentUrl":"https:\/\/secure.gravatar.com\/avatar\/a144c9bda7a581ff6fabba169027e620?s=96&d=mm&r=g","caption":"Anders"},"url":"https:\/\/andersadlercreutz.fi\/blog\/author\/admin\/"}]}},"jetpack_featured_media_url":"https:\/\/i0.wp.com\/andersadlercreutz.fi\/blog\/wp-content\/uploads\/2014\/10\/ven\u00e4j\u00e4.jpg?fit=700%2C335&ssl=1","jetpack_shortlink":"https:\/\/wp.me\/p4T6Dh-j4","jetpack_sharing_enabled":true,"_links":{"self":[{"href":"https:\/\/andersadlercreutz.fi\/blog\/wp-json\/wp\/v2\/posts\/1182"}],"collection":[{"href":"https:\/\/andersadlercreutz.fi\/blog\/wp-json\/wp\/v2\/posts"}],"about":[{"href":"https:\/\/andersadlercreutz.fi\/blog\/wp-json\/wp\/v2\/types\/post"}],"author":[{"embeddable":true,"href":"https:\/\/andersadlercreutz.fi\/blog\/wp-json\/wp\/v2\/users\/1"}],"replies":[{"embeddable":true,"href":"https:\/\/andersadlercreutz.fi\/blog\/wp-json\/wp\/v2\/comments?post=1182"}],"version-history":[{"count":1,"href":"https:\/\/andersadlercreutz.fi\/blog\/wp-json\/wp\/v2\/posts\/1182\/revisions"}],"predecessor-version":[{"id":1189,"href":"https:\/\/andersadlercreutz.fi\/blog\/wp-json\/wp\/v2\/posts\/1182\/revisions\/1189"}],"wp:featuredmedia":[{"embeddable":true,"href":"https:\/\/andersadlercreutz.fi\/blog\/wp-json\/wp\/v2\/media\/1171"}],"wp:attachment":[{"href":"https:\/\/andersadlercreutz.fi\/blog\/wp-json\/wp\/v2\/media?parent=1182"}],"wp:term":[{"taxonomy":"category","embeddable":true,"href":"https:\/\/andersadlercreutz.fi\/blog\/wp-json\/wp\/v2\/categories?post=1182"},{"taxonomy":"post_tag","embeddable":true,"href":"https:\/\/andersadlercreutz.fi\/blog\/wp-json\/wp\/v2\/tags?post=1182"}],"curies":[{"name":"wp","href":"https:\/\/api.w.org\/{rel}","templated":true}]}}