{"id":2560,"date":"2015-11-18T10:05:38","date_gmt":"2015-11-18T08:05:38","guid":{"rendered":"http:\/\/andersadlercreutz.fi\/blog\/?p=2560"},"modified":"2015-11-18T10:05:38","modified_gmt":"2015-11-18T08:05:38","slug":"luottamus-murenee-puhe-valikysymyskeskustelussa-junaliikenteesta","status":"publish","type":"post","link":"https:\/\/andersadlercreutz.fi\/blog\/joukkoliikenne\/luottamus-murenee-puhe-valikysymyskeskustelussa-junaliikenteesta\/?lang=fi","title":{"rendered":"Luottamus murenee &#8211; puhe v\u00e4likysymyskeskustelussa junaliikenteest\u00e4"},"content":{"rendered":"<div><span style=\"font-family: UICTFontTextStyleTallBody; font-size: 17px; -webkit-tap-highlight-color: rgba(26, 26, 26, 0.301961);\">V\u00e5rt samh\u00e4lles grundpelare \u00e4r f\u00f6rtroende. Man skall kunna lita p\u00e5 att beslut bereds noggrant och \u00e4rligt. Man skall kunna lita p\u00e5 att g\u00e5rdagens beslut g\u00e4ller \u00e4ven idag. Det skall finnas ett f\u00f6rtroende f\u00f6r att de f\u00f6rpliktelser som myndigheterna \u00e5l\u00e4gger medborgarna \u00e4ven g\u00e4ller \u00e5t andra h\u00e5llet: medborgarna\u00a0skall i sin tur kunna lita p\u00e5 beslutsfattare och myndigheter.\u00a0<\/span><\/div>\n<div><\/div>\n<div><span style=\"font-family: UICTFontTextStyleTallBody; font-size: 17px; -webkit-tap-highlight-color: rgba(26, 26, 26, 0.301961);\">Luottamus suomalaiseen yhteiskuntaan on klassisesti merkinnyt my\u00f6s uskoa siihen, ett\u00e4 p\u00e4\u00e4t\u00f6ksenteko maassamme on tehokasta ja puolueetonta &#8211; ja ett\u00e4 pystymme kaikki halutessamme osallistumaan aktiivisesti yhteiskunnan kehitt\u00e4miseen.\u00a0<\/span><br style=\"font-family: UICTFontTextStyleTallBody; font-size: 17px; -webkit-tap-highlight-color: rgba(26, 26, 26, 0.301961);\" clear=\"none\" \/><br style=\"font-family: UICTFontTextStyleTallBody; font-size: 17px; -webkit-tap-highlight-color: rgba(26, 26, 26, 0.301961);\" clear=\"none\" \/><span style=\"font-family: UICTFontTextStyleTallBody; font-size: 17px; -webkit-tap-highlight-color: rgba(26, 26, 26, 0.301961);\">Luottamus auktoriteetteihin on vahva, mutta sit\u00e4 ei tule pit\u00e4\u00e4 itsest\u00e4\u00e4n selv\u00e4n\u00e4 asiana. Luottamusta tulee vaalia. Sill\u00e4 t\u00e4m\u00e4 luottamus merkitsee rikkoutumattomana vaurautta, jollaista vakautta janoavassa maailmassa ei ole pisaraakaan liikaa.\u00a0<\/span><br style=\"font-family: UICTFontTextStyleTallBody; font-size: 17px; -webkit-tap-highlight-color: rgba(26, 26, 26, 0.301961);\" clear=\"none\" \/><br style=\"font-family: UICTFontTextStyleTallBody; font-size: 17px; -webkit-tap-highlight-color: rgba(26, 26, 26, 0.301961);\" clear=\"none\" \/><span style=\"font-family: UICTFontTextStyleTallBody; font-size: 17px; -webkit-tap-highlight-color: rgba(26, 26, 26, 0.301961);\">T\u00e4n\u00e4 syksyn\u00e4 suomalaisten luottamusta on koeteltu moninaisilla tavoilla. Yliopisto-opettajat ja el\u00e4kel\u00e4iset ymp\u00e4ri Suomen ovat ihmetelleet, mihin viime kev\u00e4\u00e4n\u00e4 annetut lupaukset koulutuksen vaalimisesta ja ik\u00e4ihmisist\u00e4 huolehtimisesta ovat kadonneet. Kunnissa luottamuspulaa puolestaan on synnytt\u00e4nyt ihmetys siit\u00e4, miten valtion kunnille asettamilta kaavoitusvelvoitteilta on yht\u00e4kki\u00e4 h\u00e4vinnyt pohja.\u00a0<\/span><br style=\"font-family: UICTFontTextStyleTallBody; font-size: 17px; -webkit-tap-highlight-color: rgba(26, 26, 26, 0.301961);\" clear=\"none\" \/><br style=\"font-family: UICTFontTextStyleTallBody; font-size: 17px; -webkit-tap-highlight-color: rgba(26, 26, 26, 0.301961);\" clear=\"none\" \/><span style=\"font-family: UICTFontTextStyleTallBody; font-size: 17px; -webkit-tap-highlight-color: rgba(26, 26, 26, 0.301961);\">Arvoisa puhemies,<\/span><br style=\"font-family: UICTFontTextStyleTallBody; font-size: 17px; -webkit-tap-highlight-color: rgba(26, 26, 26, 0.301961);\" clear=\"none\" \/><br style=\"font-family: UICTFontTextStyleTallBody; font-size: 17px; -webkit-tap-highlight-color: rgba(26, 26, 26, 0.301961);\" clear=\"none\" \/><span style=\"font-family: UICTFontTextStyleTallBody; font-size: 17px; -webkit-tap-highlight-color: rgba(26, 26, 26, 0.301961);\">Suomessa on investoitu miljoonia rataosuuksien s\u00e4hk\u00f6ist\u00e4miseen. Vastavuoroisesti kuntia on velvoitettu keskitt\u00e4m\u00e4\u00e4n asutusta n\u00e4iden s\u00e4hk\u00f6istettyjen ratojen varsille. Joissakin tapauksissa kunnat ovat jopa lainoittaneet ratojen parannushankkeita. Syyskuussa kuntien usko valtioon n\u00e4ytt\u00e4ytyi kuitenkin yht\u00e4kki\u00e4 suurena naiiviutena. Miten tyhmi\u00e4 ne olivatkaan olleet! Smolnassa aamutunneilla hallitusohjelmaan &#8211; ilmeisesti ilman sen syv\u00e4llisemp\u00e4\u00e4 taustoitusta &#8211; hivuttautunut 15 miljoonan s\u00e4\u00e4st\u00f6tavoite p\u00e4\u00e4tettiin panna reippaasti t\u00e4yt\u00e4nt\u00f6\u00f6n &#8211; piittaamatta kuntien kanssa tehdyst\u00e4 aiemmasta yhteisty\u00f6st\u00e4 ja kunnille asetetuista velvoitteista.<\/span><br style=\"font-family: UICTFontTextStyleTallBody; font-size: 17px; -webkit-tap-highlight-color: rgba(26, 26, 26, 0.301961);\" clear=\"none\" \/><br style=\"font-family: UICTFontTextStyleTallBody; font-size: 17px; -webkit-tap-highlight-color: rgba(26, 26, 26, 0.301961);\" clear=\"none\" \/><span style=\"font-family: UICTFontTextStyleTallBody; font-size: 17px; -webkit-tap-highlight-color: rgba(26, 26, 26, 0.301961);\">Uudellamaalla Y-juna on puhututtanut linjoista kaikkein eniten. Eik\u00e4 syytt\u00e4. Toisin kun leikkauksia valmistelevat virkamiehet ovat v\u00e4itt\u00e4neet, kyse ei ole mit\u00e4tt\u00f6m\u00e4st\u00e4, v\u00e4h\u00e4ss\u00e4 k\u00e4yt\u00f6ss\u00e4 olevasta turhakkeesta. Valmistelujen puutteellisuus onkin tullut junien k\u00e4ytt\u00e4jille ilmiselv\u00e4ksi: virkamiesten ja politikkojen lausunnot osoittavat, etteiv\u00e4t he ole perill\u00e4 asioiden todellisesta luonteesta. T\u00e4m\u00e4 sy\u00f6 uskoa politiikkaan.\u00a0<\/span><br style=\"font-family: UICTFontTextStyleTallBody; font-size: 17px; -webkit-tap-highlight-color: rgba(26, 26, 26, 0.301961);\" clear=\"none\" \/><br style=\"font-family: UICTFontTextStyleTallBody; font-size: 17px; -webkit-tap-highlight-color: rgba(26, 26, 26, 0.301961);\" clear=\"none\" \/><span style=\"font-family: UICTFontTextStyleTallBody; font-size: 17px; -webkit-tap-highlight-color: rgba(26, 26, 26, 0.301961);\">Arvoisa puhemies,<\/span><br style=\"font-family: UICTFontTextStyleTallBody; font-size: 17px; -webkit-tap-highlight-color: rgba(26, 26, 26, 0.301961);\" clear=\"none\" \/><br style=\"font-family: UICTFontTextStyleTallBody; font-size: 17px; -webkit-tap-highlight-color: rgba(26, 26, 26, 0.301961);\" clear=\"none\" \/><span style=\"font-family: UICTFontTextStyleTallBody; font-size: 17px; -webkit-tap-highlight-color: rgba(26, 26, 26, 0.301961);\">Mist\u00e4 t\u00e4ss\u00e4 siis perimmilt\u00e4\u00e4n on kysymys? On kysymys junalinjasta, joka on elint\u00e4rke\u00e4 kolmelle isolle kunnalle. Junasta, joka kuljettaa satoja koululaisia ja aikuisia p\u00e4ivitt\u00e4in kouluun, t\u00f6ihin ja takaisin kotiin. Kysymys ei ole, kuten VR ja virkamiehet haluavat uskotella, \u00a0junasta, johon Siuntiossa nousee vaivaiset yhdeks\u00e4n ihmist\u00e4 per vuoro. Kysymys on \u00a0junasta, johon on t\u00e4n\u00e4kin aamuna noussut kello kahdeksaan menness\u00e4 liki 200 Siuntiolaista. Inkoolaisten ja Karjaalaisten lis\u00e4ksi. Kysymys on junasta, jota ilman koululaiset eiv\u00e4t p\u00e4\u00e4se kouluun &#8211; ei Helsinkiin, eik\u00e4 Karjaalle. Ja junasta, jota ilman Inkoolainen k\u00e4til\u00f6 &#8211; kyll\u00e4, k\u00e4til\u00f6 &#8211; ei p\u00e4\u00e4sisi seitsem\u00e4lt\u00e4 alkavaan aamuvuoroonsa. Reilun miljoonan euron takia me p\u00e4\u00e4tt\u00e4j\u00e4t olemme nyt aikeissa katkaista t\u00e4m\u00e4n yhden \u00a0p\u00e4\u00e4kaupunkiseudun t\u00e4rkeimmist\u00e4 junayhteyksist\u00e4. Junayhteyden, joka muodostaa selk\u00e4rangan Suomen kasvukeskukselle. Olemme lakkauttamassa junavuoroa alueella, jonne on juuri kaavoitettu satoja\u00a0asuntoja. Ihmisille koteja. Hyvien kulkuyhteyksien varrelle.<\/span><br style=\"font-family: UICTFontTextStyleTallBody; font-size: 17px; -webkit-tap-highlight-color: rgba(26, 26, 26, 0.301961);\" clear=\"none\" \/><br style=\"font-family: UICTFontTextStyleTallBody; font-size: 17px; -webkit-tap-highlight-color: rgba(26, 26, 26, 0.301961);\" clear=\"none\" \/><span style=\"font-family: UICTFontTextStyleTallBody; font-size: 17px; -webkit-tap-highlight-color: rgba(26, 26, 26, 0.301961);\">Ei n\u00e4in voi toimia! Ei siksik\u00e4\u00e4n, ett\u00e4 samaan aikaan hallitusohjelmassa julistetaan v\u00e4h\u00e4hiilist\u00e4 tulevaisuutta ja tuonti\u00f6ljyn puolittamista.\u00a0<\/span><br style=\"font-family: UICTFontTextStyleTallBody; font-size: 17px; -webkit-tap-highlight-color: rgba(26, 26, 26, 0.301961);\" clear=\"none\" \/><br style=\"font-family: UICTFontTextStyleTallBody; font-size: 17px; -webkit-tap-highlight-color: rgba(26, 26, 26, 0.301961);\" clear=\"none\" \/><span style=\"font-family: UICTFontTextStyleTallBody; font-size: 17px; -webkit-tap-highlight-color: rgba(26, 26, 26, 0.301961);\">Arvoisa puhemies, hyv\u00e4t kollegat, meid\u00e4n on suhteuduttava teht\u00e4v\u00e4\u00e4mme vakavasti ja vastuuntuntoisesti, eik\u00e4 vied\u00e4 kulkuyhteyksi\u00e4 veronsa maksavilta kansalaisilta. Ihmisilt\u00e4, jotka ovat juuri sijoittaneet tonttiin ja taloon hyviin kulkuyhteyksiin luottaen.<\/span><\/div>\n<div><span style=\"font-family: UICTFontTextStyleTallBody; font-size: 17px; -webkit-tap-highlight-color: rgba(26, 26, 26, 0.301961);\">\u00a0<\/span><\/div>\n<div><span style=\"font-family: UICTFontTextStyleTallBody; font-size: 17px; -webkit-tap-highlight-color: rgba(26, 26, 26, 0.301961);\">V\u00e4rderade talman &#8211; medborgarna f\u00f6rtj\u00e4nar respekt. De f\u00f6rtj\u00e4nar ordentlig beredning, och beslut som baserar sig p\u00e5 fakta. De f\u00f6rtj\u00e4nar samarbete och dialog &#8211; inte detta.\u00a0<\/span><\/div>\n","protected":false},"excerpt":{"rendered":"<p>V\u00e5rt samh\u00e4lles grundpelare \u00e4r f\u00f6rtroende. Man skall kunna lita p\u00e5 att beslut bereds noggrant och \u00e4rligt. Man skall kunna lita p\u00e5 att g\u00e5rdagens beslut g\u00e4ller \u00e4ven idag. Det skall finnas ett f\u00f6rtroende f\u00f6r att de f\u00f6rpliktelser som myndigheterna \u00e5l\u00e4gger medborgarna \u00e4ven g\u00e4ller \u00e5t andra h\u00e5llet: medborgarna\u00a0skall i sin tur kunna lita p\u00e5 beslutsfattare och myndigheter.\u00a0 [&hellip;]<\/p>\n","protected":false},"author":1,"featured_media":1532,"comment_status":"open","ping_status":"open","sticky":false,"template":"","format":"standard","meta":{"jetpack_post_was_ever_published":false,"_jetpack_newsletter_access":"","jetpack_publicize_message":"","jetpack_is_tweetstorm":false,"jetpack_publicize_feature_enabled":true,"jetpack_social_post_already_shared":true,"jetpack_social_options":{"image_generator_settings":{"template":"highway","enabled":false}}},"categories":[18,10,11,12],"tags":[],"jetpack_publicize_connections":[],"yoast_head":"<!-- This site is optimized with the Yoast SEO plugin v20.12 - https:\/\/yoast.com\/wordpress\/plugins\/seo\/ -->\n<title>Luottamus murenee - puhe v\u00e4likysymyskeskustelussa junaliikenteest\u00e4 - Anders Adlercreutz<\/title>\n<meta name=\"robots\" content=\"index, follow, max-snippet:-1, max-image-preview:large, max-video-preview:-1\" \/>\n<link rel=\"canonical\" href=\"https:\/\/andersadlercreutz.fi\/blog\/joukkoliikenne\/luottamus-murenee-puhe-valikysymyskeskustelussa-junaliikenteesta\/\" \/>\n<meta property=\"og:locale\" content=\"sv_SE\" \/>\n<meta property=\"og:type\" content=\"article\" \/>\n<meta property=\"og:title\" content=\"Luottamus murenee - puhe v\u00e4likysymyskeskustelussa junaliikenteest\u00e4 - Anders Adlercreutz\" \/>\n<meta property=\"og:description\" content=\"V\u00e5rt samh\u00e4lles grundpelare \u00e4r f\u00f6rtroende. Man skall kunna lita p\u00e5 att beslut bereds noggrant och \u00e4rligt. Man skall kunna lita p\u00e5 att g\u00e5rdagens beslut g\u00e4ller \u00e4ven idag. Det skall finnas ett f\u00f6rtroende f\u00f6r att de f\u00f6rpliktelser som myndigheterna \u00e5l\u00e4gger medborgarna \u00e4ven g\u00e4ller \u00e5t andra h\u00e5llet: medborgarna\u00a0skall i sin tur kunna lita p\u00e5 beslutsfattare och myndigheter.\u00a0 [&hellip;]\" \/>\n<meta property=\"og:url\" content=\"https:\/\/andersadlercreutz.fi\/blog\/joukkoliikenne\/luottamus-murenee-puhe-valikysymyskeskustelussa-junaliikenteesta\/?lang=fi\" \/>\n<meta property=\"og:site_name\" content=\"Anders Adlercreutz\" \/>\n<meta property=\"article:published_time\" content=\"2015-11-18T08:05:38+00:00\" \/>\n<meta property=\"og:image\" content=\"https:\/\/i0.wp.com\/andersadlercreutz.fi\/blog\/wp-content\/uploads\/2014\/10\/amders_kostym_www.png?fit=1130%2C320&ssl=1\" \/>\n\t<meta property=\"og:image:width\" content=\"1130\" \/>\n\t<meta property=\"og:image:height\" content=\"320\" \/>\n\t<meta property=\"og:image:type\" content=\"image\/png\" \/>\n<meta name=\"author\" content=\"Anders\" \/>\n<meta name=\"twitter:card\" content=\"summary_large_image\" \/>\n<meta name=\"twitter:label1\" content=\"Skriven av\" \/>\n\t<meta name=\"twitter:data1\" content=\"Anders\" \/>\n\t<meta name=\"twitter:label2\" content=\"Ber\u00e4knad l\u00e4stid\" \/>\n\t<meta name=\"twitter:data2\" content=\"3 minuter\" \/>\n<script type=\"application\/ld+json\" class=\"yoast-schema-graph\">{\"@context\":\"https:\/\/schema.org\",\"@graph\":[{\"@type\":\"WebPage\",\"@id\":\"https:\/\/andersadlercreutz.fi\/blog\/joukkoliikenne\/luottamus-murenee-puhe-valikysymyskeskustelussa-junaliikenteesta\/?lang=fi\",\"url\":\"https:\/\/andersadlercreutz.fi\/blog\/joukkoliikenne\/luottamus-murenee-puhe-valikysymyskeskustelussa-junaliikenteesta\/?lang=fi\",\"name\":\"Luottamus murenee - puhe v\u00e4likysymyskeskustelussa junaliikenteest\u00e4 - Anders Adlercreutz\",\"isPartOf\":{\"@id\":\"https:\/\/andersadlercreutz.fi\/blog\/#website\"},\"datePublished\":\"2015-11-18T08:05:38+00:00\",\"dateModified\":\"2015-11-18T08:05:38+00:00\",\"author\":{\"@id\":\"https:\/\/andersadlercreutz.fi\/blog\/#\/schema\/person\/47d4b72eded862b484f74bb4b3a2354f\"},\"breadcrumb\":{\"@id\":\"https:\/\/andersadlercreutz.fi\/blog\/joukkoliikenne\/luottamus-murenee-puhe-valikysymyskeskustelussa-junaliikenteesta\/?lang=fi#breadcrumb\"},\"inLanguage\":\"sv-SE\",\"potentialAction\":[{\"@type\":\"ReadAction\",\"target\":[\"https:\/\/andersadlercreutz.fi\/blog\/joukkoliikenne\/luottamus-murenee-puhe-valikysymyskeskustelussa-junaliikenteesta\/?lang=fi\"]}]},{\"@type\":\"BreadcrumbList\",\"@id\":\"https:\/\/andersadlercreutz.fi\/blog\/joukkoliikenne\/luottamus-murenee-puhe-valikysymyskeskustelussa-junaliikenteesta\/?lang=fi#breadcrumb\",\"itemListElement\":[{\"@type\":\"ListItem\",\"position\":1,\"name\":\"Home\",\"item\":\"https:\/\/andersadlercreutz.fi\/blog\/blogg\/?lang=sv\"},{\"@type\":\"ListItem\",\"position\":2,\"name\":\"Luottamus murenee &#8211; puhe v\u00e4likysymyskeskustelussa junaliikenteest\u00e4\"}]},{\"@type\":\"WebSite\",\"@id\":\"https:\/\/andersadlercreutz.fi\/blog\/#website\",\"url\":\"https:\/\/andersadlercreutz.fi\/blog\/\",\"name\":\"Anders Adlercreutz\",\"description\":\"Du. Jag. Vi. Kest&auml;v&auml;sti optimisti\",\"potentialAction\":[{\"@type\":\"SearchAction\",\"target\":{\"@type\":\"EntryPoint\",\"urlTemplate\":\"https:\/\/andersadlercreutz.fi\/blog\/?s={search_term_string}\"},\"query-input\":\"required name=search_term_string\"}],\"inLanguage\":\"sv-SE\"},{\"@type\":\"Person\",\"@id\":\"https:\/\/andersadlercreutz.fi\/blog\/#\/schema\/person\/47d4b72eded862b484f74bb4b3a2354f\",\"name\":\"Anders\",\"image\":{\"@type\":\"ImageObject\",\"inLanguage\":\"sv-SE\",\"@id\":\"https:\/\/andersadlercreutz.fi\/blog\/#\/schema\/person\/image\/\",\"url\":\"https:\/\/secure.gravatar.com\/avatar\/a144c9bda7a581ff6fabba169027e620?s=96&d=mm&r=g\",\"contentUrl\":\"https:\/\/secure.gravatar.com\/avatar\/a144c9bda7a581ff6fabba169027e620?s=96&d=mm&r=g\",\"caption\":\"Anders\"},\"url\":\"https:\/\/andersadlercreutz.fi\/blog\/author\/admin\/\"}]}<\/script>\n<!-- \/ Yoast SEO plugin. -->","yoast_head_json":{"title":"Luottamus murenee - puhe v\u00e4likysymyskeskustelussa junaliikenteest\u00e4 - Anders Adlercreutz","robots":{"index":"index","follow":"follow","max-snippet":"max-snippet:-1","max-image-preview":"max-image-preview:large","max-video-preview":"max-video-preview:-1"},"canonical":"https:\/\/andersadlercreutz.fi\/blog\/joukkoliikenne\/luottamus-murenee-puhe-valikysymyskeskustelussa-junaliikenteesta\/","og_locale":"sv_SE","og_type":"article","og_title":"Luottamus murenee - puhe v\u00e4likysymyskeskustelussa junaliikenteest\u00e4 - Anders Adlercreutz","og_description":"V\u00e5rt samh\u00e4lles grundpelare \u00e4r f\u00f6rtroende. Man skall kunna lita p\u00e5 att beslut bereds noggrant och \u00e4rligt. Man skall kunna lita p\u00e5 att g\u00e5rdagens beslut g\u00e4ller \u00e4ven idag. Det skall finnas ett f\u00f6rtroende f\u00f6r att de f\u00f6rpliktelser som myndigheterna \u00e5l\u00e4gger medborgarna \u00e4ven g\u00e4ller \u00e5t andra h\u00e5llet: medborgarna\u00a0skall i sin tur kunna lita p\u00e5 beslutsfattare och myndigheter.\u00a0 [&hellip;]","og_url":"https:\/\/andersadlercreutz.fi\/blog\/joukkoliikenne\/luottamus-murenee-puhe-valikysymyskeskustelussa-junaliikenteesta\/?lang=fi","og_site_name":"Anders Adlercreutz","article_published_time":"2015-11-18T08:05:38+00:00","og_image":[{"width":1130,"height":320,"url":"https:\/\/i0.wp.com\/andersadlercreutz.fi\/blog\/wp-content\/uploads\/2014\/10\/amders_kostym_www.png?fit=1130%2C320&ssl=1","type":"image\/png"}],"author":"Anders","twitter_card":"summary_large_image","twitter_misc":{"Skriven av":"Anders","Ber\u00e4knad l\u00e4stid":"3 minuter"},"schema":{"@context":"https:\/\/schema.org","@graph":[{"@type":"WebPage","@id":"https:\/\/andersadlercreutz.fi\/blog\/joukkoliikenne\/luottamus-murenee-puhe-valikysymyskeskustelussa-junaliikenteesta\/?lang=fi","url":"https:\/\/andersadlercreutz.fi\/blog\/joukkoliikenne\/luottamus-murenee-puhe-valikysymyskeskustelussa-junaliikenteesta\/?lang=fi","name":"Luottamus murenee - puhe v\u00e4likysymyskeskustelussa junaliikenteest\u00e4 - Anders Adlercreutz","isPartOf":{"@id":"https:\/\/andersadlercreutz.fi\/blog\/#website"},"datePublished":"2015-11-18T08:05:38+00:00","dateModified":"2015-11-18T08:05:38+00:00","author":{"@id":"https:\/\/andersadlercreutz.fi\/blog\/#\/schema\/person\/47d4b72eded862b484f74bb4b3a2354f"},"breadcrumb":{"@id":"https:\/\/andersadlercreutz.fi\/blog\/joukkoliikenne\/luottamus-murenee-puhe-valikysymyskeskustelussa-junaliikenteesta\/?lang=fi#breadcrumb"},"inLanguage":"sv-SE","potentialAction":[{"@type":"ReadAction","target":["https:\/\/andersadlercreutz.fi\/blog\/joukkoliikenne\/luottamus-murenee-puhe-valikysymyskeskustelussa-junaliikenteesta\/?lang=fi"]}]},{"@type":"BreadcrumbList","@id":"https:\/\/andersadlercreutz.fi\/blog\/joukkoliikenne\/luottamus-murenee-puhe-valikysymyskeskustelussa-junaliikenteesta\/?lang=fi#breadcrumb","itemListElement":[{"@type":"ListItem","position":1,"name":"Home","item":"https:\/\/andersadlercreutz.fi\/blog\/blogg\/?lang=sv"},{"@type":"ListItem","position":2,"name":"Luottamus murenee &#8211; puhe v\u00e4likysymyskeskustelussa junaliikenteest\u00e4"}]},{"@type":"WebSite","@id":"https:\/\/andersadlercreutz.fi\/blog\/#website","url":"https:\/\/andersadlercreutz.fi\/blog\/","name":"Anders Adlercreutz","description":"Du. Jag. Vi. Kest&auml;v&auml;sti optimisti","potentialAction":[{"@type":"SearchAction","target":{"@type":"EntryPoint","urlTemplate":"https:\/\/andersadlercreutz.fi\/blog\/?s={search_term_string}"},"query-input":"required name=search_term_string"}],"inLanguage":"sv-SE"},{"@type":"Person","@id":"https:\/\/andersadlercreutz.fi\/blog\/#\/schema\/person\/47d4b72eded862b484f74bb4b3a2354f","name":"Anders","image":{"@type":"ImageObject","inLanguage":"sv-SE","@id":"https:\/\/andersadlercreutz.fi\/blog\/#\/schema\/person\/image\/","url":"https:\/\/secure.gravatar.com\/avatar\/a144c9bda7a581ff6fabba169027e620?s=96&d=mm&r=g","contentUrl":"https:\/\/secure.gravatar.com\/avatar\/a144c9bda7a581ff6fabba169027e620?s=96&d=mm&r=g","caption":"Anders"},"url":"https:\/\/andersadlercreutz.fi\/blog\/author\/admin\/"}]}},"jetpack_featured_media_url":"https:\/\/i0.wp.com\/andersadlercreutz.fi\/blog\/wp-content\/uploads\/2014\/10\/amders_kostym_www.png?fit=1130%2C320&ssl=1","jetpack_shortlink":"https:\/\/wp.me\/p4T6Dh-Fi","jetpack_sharing_enabled":true,"_links":{"self":[{"href":"https:\/\/andersadlercreutz.fi\/blog\/wp-json\/wp\/v2\/posts\/2560"}],"collection":[{"href":"https:\/\/andersadlercreutz.fi\/blog\/wp-json\/wp\/v2\/posts"}],"about":[{"href":"https:\/\/andersadlercreutz.fi\/blog\/wp-json\/wp\/v2\/types\/post"}],"author":[{"embeddable":true,"href":"https:\/\/andersadlercreutz.fi\/blog\/wp-json\/wp\/v2\/users\/1"}],"replies":[{"embeddable":true,"href":"https:\/\/andersadlercreutz.fi\/blog\/wp-json\/wp\/v2\/comments?post=2560"}],"version-history":[{"count":1,"href":"https:\/\/andersadlercreutz.fi\/blog\/wp-json\/wp\/v2\/posts\/2560\/revisions"}],"predecessor-version":[{"id":2561,"href":"https:\/\/andersadlercreutz.fi\/blog\/wp-json\/wp\/v2\/posts\/2560\/revisions\/2561"}],"wp:featuredmedia":[{"embeddable":true,"href":"https:\/\/andersadlercreutz.fi\/blog\/wp-json\/wp\/v2\/media\/1532"}],"wp:attachment":[{"href":"https:\/\/andersadlercreutz.fi\/blog\/wp-json\/wp\/v2\/media?parent=2560"}],"wp:term":[{"taxonomy":"category","embeddable":true,"href":"https:\/\/andersadlercreutz.fi\/blog\/wp-json\/wp\/v2\/categories?post=2560"},{"taxonomy":"post_tag","embeddable":true,"href":"https:\/\/andersadlercreutz.fi\/blog\/wp-json\/wp\/v2\/tags?post=2560"}],"curies":[{"name":"wp","href":"https:\/\/api.w.org\/{rel}","templated":true}]}}