{"id":2594,"date":"2016-01-10T16:17:17","date_gmt":"2016-01-10T14:17:17","guid":{"rendered":"http:\/\/andersadlercreutz.fi\/blog\/okategoriserad\/subjektiivinen-paivahoito-oikeus-on-sailytettava-mielipidekirjoitus-ks-2\/"},"modified":"2016-01-10T16:18:33","modified_gmt":"2016-01-10T14:18:33","slug":"subjektiivinen-paivahoito-oikeus-on-sailytettava-mielipidekirjoitus-ks","status":"publish","type":"post","link":"https:\/\/andersadlercreutz.fi\/blog\/barnskydd-sv\/subjektiivinen-paivahoito-oikeus-on-sailytettava-mielipidekirjoitus-ks\/","title":{"rendered":"Subjektiivinen p\u00e4iv\u00e4hoito-oikeus on s\u00e4ilytett\u00e4v\u00e4 \/ ins\u00e4ndare i  KS"},"content":{"rendered":"<p>Suomessa on tarjottu jo pitk\u00e4\u00e4n p\u00e4iv\u00e4hoitopalveluita. Kuitenkin vasta 90-luvulla oikeus varhaiskasvatukseen tehtiin subjektiiviseksi. Sen ansiosta kaikki lapset p\u00e4\u00e4siv\u00e4t korkealaatuiseen varhaiskasvatukseen ja samalla naiset saivat tasa-arvoisemmat mahdollisuudet osallistua ty\u00f6markkinoille.<\/p>\n<p>Nyt subjektiivinen p\u00e4iv\u00e4hoito-oikeus on uhan alla. Hallitus esitt\u00e4\u00e4, ett\u00e4 oikeus p\u00e4iv\u00e4hoitoon tulisi tarveharkintaiseksi riippuen siit\u00e4, onko perheest\u00e4 joku kotona esimerkiksi ty\u00f6tt\u00f6myyden tai muun syyn vuoksi. L\u00e4ht\u00f6kohta esityksille on s\u00e4\u00e4st\u00f6toimenpiteet.<\/p>\n<p>Subjektiivisen p\u00e4iv\u00e4hoito-oikeuden rajaaminen ei kuitenkaan ole mill\u00e4\u00e4n tavalla perusteltua. Sill\u00e4 ei saavuteta todellisuudessa lainkaan s\u00e4\u00e4st\u00f6j\u00e4, joita hallitus v\u00e4itt\u00e4\u00e4 niist\u00e4 tulevan. Esityksen laskelmat ovat ep\u00e4selv\u00e4t ja perustuvat yli kymmenen vuotta vanhoihin tilastoihin. T\u00e4st\u00e4 ovat huomauttaneet muun muassa Kuntaliitto ja valtiovarainministeri\u00f6. Edellinen hallitus luopui vastaavasta esityksest\u00e4, kun todellisia s\u00e4\u00e4st\u00f6vaikutuksia ei silloinkaan ollut.<\/p>\n<p>Sen sijaan vaikutukset lapsiin, tasa-arvoon ja kilpailukykyyn ovat huomattavat. Laadukkaalla varhaiskasvatuksella on tutkitusti selke\u00e4 yhteys lasten oppimistuloksiin ja p\u00e4rj\u00e4\u00e4miseen my\u00f6hemmin. Ei ole oikein, ett\u00e4 lapselta vied\u00e4\u00e4n mahdollisuus jatkuvuuteen ja s\u00e4\u00e4nn\u00f6lliseen varhaiskasvatukseen, kun jatkuvasti ep\u00e4varmemmilla ty\u00f6markkinoilla ty\u00f6skentelev\u00e4t vanhemmat ovat satunnaisesti p\u00e4tki\u00e4 t\u00f6iss\u00e4 ja sitten j\u00e4lleen kotona. Samalla vaikeutetaan erityisen paljon ep\u00e4tyypillisiss\u00e4 ty\u00f6suhteissa ty\u00f6skentelevien naisten mahdollisuuksiin osallistua ty\u00f6markkinoille.<\/p>\n<p>Palveluiden tuottamisen n\u00e4k\u00f6kulmasta uusi laki aiheuttaa huomattavan ep\u00e4tasa-arvoisen tilanteen. Yksityisill\u00e4 p\u00e4iv\u00e4kodeilla on mahdollisuus valita asiakkaikseen kokop\u00e4iv\u00e4iseen hoitoon oikeutettuja perheit\u00e4 tai heit\u00e4, joilla on varaa maksaa lis\u00e4hoidosta. Samalla julkisella puolella joudutaan tasapainoilemaan entist\u00e4 enemm\u00e4n sen kanssa, kenell\u00e4 on oikeus mihin m\u00e4\u00e4r\u00e4\u00e4n tunteja, joudutaanko pit\u00e4m\u00e4\u00e4n tyhj\u00e4n\u00e4 paikkoja muuttuvien perhetilanteiden takia ja kuinka monta ty\u00f6ntekij\u00e4\u00e4 oikeastaan tarvitaankaan. T\u00e4m\u00e4 tulee vain kasvattamaan eriarvoisuutta yhteiskunnassa.<\/p>\n<p>T\u00e4ss\u00e4 lakiesityksess\u00e4 ei ole kyse taloudesta, s\u00e4\u00e4st\u00f6ist\u00e4 tai vanhempien tilanteesta. Kyse on lapsista, heid\u00e4n oikeudestaan kasvatukseen ja yhteiskunnan panostuksista tulevaisuuteen. Subjektiivisesta oikeudesta kokop\u00e4iv\u00e4iseen hoitoon ei saa luopua.<\/p>\n<p>Anders Adlercreutz, RKP<\/p>\n<p>Kansanedustaja<\/p>\n<p>Nasima Razmyar, SDP<\/p>\n<p>Kansanedustaja<\/p>\n","protected":false},"excerpt":{"rendered":"<p>Suomessa on tarjottu jo pitk\u00e4\u00e4n p\u00e4iv\u00e4hoitopalveluita. Kuitenkin vasta 90-luvulla oikeus varhaiskasvatukseen tehtiin subjektiiviseksi. Sen ansiosta kaikki lapset p\u00e4\u00e4siv\u00e4t korkealaatuiseen varhaiskasvatukseen ja samalla naiset saivat tasa-arvoisemmat mahdollisuudet osallistua ty\u00f6markkinoille. Nyt subjektiivinen p\u00e4iv\u00e4hoito-oikeus on uhan alla. Hallitus esitt\u00e4\u00e4, ett\u00e4 oikeus p\u00e4iv\u00e4hoitoon tulisi tarveharkintaiseksi riippuen siit\u00e4, onko perheest\u00e4 joku kotona esimerkiksi ty\u00f6tt\u00f6myyden tai muun syyn vuoksi. L\u00e4ht\u00f6kohta esityksille [&hellip;]<\/p>\n","protected":false},"author":1,"featured_media":2467,"comment_status":"open","ping_status":"open","sticky":false,"template":"","format":"standard","meta":{"jetpack_post_was_ever_published":false,"_jetpack_newsletter_access":"","jetpack_publicize_message":"","jetpack_is_tweetstorm":false,"jetpack_publicize_feature_enabled":true,"jetpack_social_post_already_shared":true,"jetpack_social_options":{"image_generator_settings":{"template":"highway","enabled":false}}},"categories":[37,46,42,64,41],"tags":[],"jetpack_publicize_connections":[],"yoast_head":"<!-- This site is optimized with the Yoast SEO plugin v20.12 - https:\/\/yoast.com\/wordpress\/plugins\/seo\/ -->\n<title>Subjektiivinen p\u00e4iv\u00e4hoito-oikeus on s\u00e4ilytett\u00e4v\u00e4 \/ ins\u00e4ndare i KS - Anders Adlercreutz<\/title>\n<meta name=\"robots\" content=\"index, follow, max-snippet:-1, max-image-preview:large, max-video-preview:-1\" \/>\n<link rel=\"canonical\" href=\"https:\/\/andersadlercreutz.fi\/blog\/barnskydd-sv\/subjektiivinen-paivahoito-oikeus-on-sailytettava-mielipidekirjoitus-ks\/\" \/>\n<meta property=\"og:locale\" content=\"sv_SE\" \/>\n<meta property=\"og:type\" content=\"article\" \/>\n<meta property=\"og:title\" content=\"Subjektiivinen p\u00e4iv\u00e4hoito-oikeus on s\u00e4ilytett\u00e4v\u00e4 \/ ins\u00e4ndare i KS - Anders Adlercreutz\" \/>\n<meta property=\"og:description\" content=\"Suomessa on tarjottu jo pitk\u00e4\u00e4n p\u00e4iv\u00e4hoitopalveluita. Kuitenkin vasta 90-luvulla oikeus varhaiskasvatukseen tehtiin subjektiiviseksi. Sen ansiosta kaikki lapset p\u00e4\u00e4siv\u00e4t korkealaatuiseen varhaiskasvatukseen ja samalla naiset saivat tasa-arvoisemmat mahdollisuudet osallistua ty\u00f6markkinoille. Nyt subjektiivinen p\u00e4iv\u00e4hoito-oikeus on uhan alla. Hallitus esitt\u00e4\u00e4, ett\u00e4 oikeus p\u00e4iv\u00e4hoitoon tulisi tarveharkintaiseksi riippuen siit\u00e4, onko perheest\u00e4 joku kotona esimerkiksi ty\u00f6tt\u00f6myyden tai muun syyn vuoksi. L\u00e4ht\u00f6kohta esityksille [&hellip;]\" \/>\n<meta property=\"og:url\" content=\"https:\/\/andersadlercreutz.fi\/blog\/barnskydd-sv\/subjektiivinen-paivahoito-oikeus-on-sailytettava-mielipidekirjoitus-ks\/\" \/>\n<meta property=\"og:site_name\" content=\"Anders Adlercreutz\" \/>\n<meta property=\"article:published_time\" content=\"2016-01-10T14:17:17+00:00\" \/>\n<meta property=\"article:modified_time\" content=\"2016-01-10T14:18:33+00:00\" \/>\n<meta property=\"og:image\" content=\"https:\/\/i0.wp.com\/andersadlercreutz.fi\/blog\/wp-content\/uploads\/2015\/08\/blog-face_1.jpg?fit=2733%2C1380&ssl=1\" \/>\n\t<meta property=\"og:image:width\" content=\"2733\" \/>\n\t<meta property=\"og:image:height\" content=\"1380\" \/>\n\t<meta property=\"og:image:type\" content=\"image\/jpeg\" \/>\n<meta name=\"author\" content=\"Anders\" \/>\n<meta name=\"twitter:card\" content=\"summary_large_image\" \/>\n<meta name=\"twitter:label1\" content=\"Skriven av\" \/>\n\t<meta name=\"twitter:data1\" content=\"Anders\" \/>\n\t<meta name=\"twitter:label2\" content=\"Ber\u00e4knad l\u00e4stid\" \/>\n\t<meta name=\"twitter:data2\" content=\"2 minuter\" \/>\n<script type=\"application\/ld+json\" class=\"yoast-schema-graph\">{\"@context\":\"https:\/\/schema.org\",\"@graph\":[{\"@type\":\"WebPage\",\"@id\":\"https:\/\/andersadlercreutz.fi\/blog\/barnskydd-sv\/subjektiivinen-paivahoito-oikeus-on-sailytettava-mielipidekirjoitus-ks\/\",\"url\":\"https:\/\/andersadlercreutz.fi\/blog\/barnskydd-sv\/subjektiivinen-paivahoito-oikeus-on-sailytettava-mielipidekirjoitus-ks\/\",\"name\":\"Subjektiivinen p\u00e4iv\u00e4hoito-oikeus on s\u00e4ilytett\u00e4v\u00e4 \/ ins\u00e4ndare i KS - Anders Adlercreutz\",\"isPartOf\":{\"@id\":\"https:\/\/andersadlercreutz.fi\/blog\/#website\"},\"datePublished\":\"2016-01-10T14:17:17+00:00\",\"dateModified\":\"2016-01-10T14:18:33+00:00\",\"author\":{\"@id\":\"https:\/\/andersadlercreutz.fi\/blog\/#\/schema\/person\/47d4b72eded862b484f74bb4b3a2354f\"},\"breadcrumb\":{\"@id\":\"https:\/\/andersadlercreutz.fi\/blog\/barnskydd-sv\/subjektiivinen-paivahoito-oikeus-on-sailytettava-mielipidekirjoitus-ks\/#breadcrumb\"},\"inLanguage\":\"sv-SE\",\"potentialAction\":[{\"@type\":\"ReadAction\",\"target\":[\"https:\/\/andersadlercreutz.fi\/blog\/barnskydd-sv\/subjektiivinen-paivahoito-oikeus-on-sailytettava-mielipidekirjoitus-ks\/\"]}]},{\"@type\":\"BreadcrumbList\",\"@id\":\"https:\/\/andersadlercreutz.fi\/blog\/barnskydd-sv\/subjektiivinen-paivahoito-oikeus-on-sailytettava-mielipidekirjoitus-ks\/#breadcrumb\",\"itemListElement\":[{\"@type\":\"ListItem\",\"position\":1,\"name\":\"Home\",\"item\":\"https:\/\/andersadlercreutz.fi\/blog\/blogg\/?lang=sv\"},{\"@type\":\"ListItem\",\"position\":2,\"name\":\"Subjektiivinen p\u00e4iv\u00e4hoito-oikeus on s\u00e4ilytett\u00e4v\u00e4 \/ ins\u00e4ndare i KS\"}]},{\"@type\":\"WebSite\",\"@id\":\"https:\/\/andersadlercreutz.fi\/blog\/#website\",\"url\":\"https:\/\/andersadlercreutz.fi\/blog\/\",\"name\":\"Anders Adlercreutz\",\"description\":\"Du. Jag. Vi. Kest&auml;v&auml;sti optimisti\",\"potentialAction\":[{\"@type\":\"SearchAction\",\"target\":{\"@type\":\"EntryPoint\",\"urlTemplate\":\"https:\/\/andersadlercreutz.fi\/blog\/?s={search_term_string}\"},\"query-input\":\"required name=search_term_string\"}],\"inLanguage\":\"sv-SE\"},{\"@type\":\"Person\",\"@id\":\"https:\/\/andersadlercreutz.fi\/blog\/#\/schema\/person\/47d4b72eded862b484f74bb4b3a2354f\",\"name\":\"Anders\",\"image\":{\"@type\":\"ImageObject\",\"inLanguage\":\"sv-SE\",\"@id\":\"https:\/\/andersadlercreutz.fi\/blog\/#\/schema\/person\/image\/\",\"url\":\"https:\/\/secure.gravatar.com\/avatar\/a144c9bda7a581ff6fabba169027e620?s=96&d=mm&r=g\",\"contentUrl\":\"https:\/\/secure.gravatar.com\/avatar\/a144c9bda7a581ff6fabba169027e620?s=96&d=mm&r=g\",\"caption\":\"Anders\"},\"url\":\"https:\/\/andersadlercreutz.fi\/blog\/author\/admin\/\"}]}<\/script>\n<!-- \/ Yoast SEO plugin. -->","yoast_head_json":{"title":"Subjektiivinen p\u00e4iv\u00e4hoito-oikeus on s\u00e4ilytett\u00e4v\u00e4 \/ ins\u00e4ndare i KS - Anders Adlercreutz","robots":{"index":"index","follow":"follow","max-snippet":"max-snippet:-1","max-image-preview":"max-image-preview:large","max-video-preview":"max-video-preview:-1"},"canonical":"https:\/\/andersadlercreutz.fi\/blog\/barnskydd-sv\/subjektiivinen-paivahoito-oikeus-on-sailytettava-mielipidekirjoitus-ks\/","og_locale":"sv_SE","og_type":"article","og_title":"Subjektiivinen p\u00e4iv\u00e4hoito-oikeus on s\u00e4ilytett\u00e4v\u00e4 \/ ins\u00e4ndare i KS - Anders Adlercreutz","og_description":"Suomessa on tarjottu jo pitk\u00e4\u00e4n p\u00e4iv\u00e4hoitopalveluita. Kuitenkin vasta 90-luvulla oikeus varhaiskasvatukseen tehtiin subjektiiviseksi. Sen ansiosta kaikki lapset p\u00e4\u00e4siv\u00e4t korkealaatuiseen varhaiskasvatukseen ja samalla naiset saivat tasa-arvoisemmat mahdollisuudet osallistua ty\u00f6markkinoille. Nyt subjektiivinen p\u00e4iv\u00e4hoito-oikeus on uhan alla. Hallitus esitt\u00e4\u00e4, ett\u00e4 oikeus p\u00e4iv\u00e4hoitoon tulisi tarveharkintaiseksi riippuen siit\u00e4, onko perheest\u00e4 joku kotona esimerkiksi ty\u00f6tt\u00f6myyden tai muun syyn vuoksi. L\u00e4ht\u00f6kohta esityksille [&hellip;]","og_url":"https:\/\/andersadlercreutz.fi\/blog\/barnskydd-sv\/subjektiivinen-paivahoito-oikeus-on-sailytettava-mielipidekirjoitus-ks\/","og_site_name":"Anders Adlercreutz","article_published_time":"2016-01-10T14:17:17+00:00","article_modified_time":"2016-01-10T14:18:33+00:00","og_image":[{"width":2733,"height":1380,"url":"https:\/\/i0.wp.com\/andersadlercreutz.fi\/blog\/wp-content\/uploads\/2015\/08\/blog-face_1.jpg?fit=2733%2C1380&ssl=1","type":"image\/jpeg"}],"author":"Anders","twitter_card":"summary_large_image","twitter_misc":{"Skriven av":"Anders","Ber\u00e4knad l\u00e4stid":"2 minuter"},"schema":{"@context":"https:\/\/schema.org","@graph":[{"@type":"WebPage","@id":"https:\/\/andersadlercreutz.fi\/blog\/barnskydd-sv\/subjektiivinen-paivahoito-oikeus-on-sailytettava-mielipidekirjoitus-ks\/","url":"https:\/\/andersadlercreutz.fi\/blog\/barnskydd-sv\/subjektiivinen-paivahoito-oikeus-on-sailytettava-mielipidekirjoitus-ks\/","name":"Subjektiivinen p\u00e4iv\u00e4hoito-oikeus on s\u00e4ilytett\u00e4v\u00e4 \/ ins\u00e4ndare i KS - Anders Adlercreutz","isPartOf":{"@id":"https:\/\/andersadlercreutz.fi\/blog\/#website"},"datePublished":"2016-01-10T14:17:17+00:00","dateModified":"2016-01-10T14:18:33+00:00","author":{"@id":"https:\/\/andersadlercreutz.fi\/blog\/#\/schema\/person\/47d4b72eded862b484f74bb4b3a2354f"},"breadcrumb":{"@id":"https:\/\/andersadlercreutz.fi\/blog\/barnskydd-sv\/subjektiivinen-paivahoito-oikeus-on-sailytettava-mielipidekirjoitus-ks\/#breadcrumb"},"inLanguage":"sv-SE","potentialAction":[{"@type":"ReadAction","target":["https:\/\/andersadlercreutz.fi\/blog\/barnskydd-sv\/subjektiivinen-paivahoito-oikeus-on-sailytettava-mielipidekirjoitus-ks\/"]}]},{"@type":"BreadcrumbList","@id":"https:\/\/andersadlercreutz.fi\/blog\/barnskydd-sv\/subjektiivinen-paivahoito-oikeus-on-sailytettava-mielipidekirjoitus-ks\/#breadcrumb","itemListElement":[{"@type":"ListItem","position":1,"name":"Home","item":"https:\/\/andersadlercreutz.fi\/blog\/blogg\/?lang=sv"},{"@type":"ListItem","position":2,"name":"Subjektiivinen p\u00e4iv\u00e4hoito-oikeus on s\u00e4ilytett\u00e4v\u00e4 \/ ins\u00e4ndare i KS"}]},{"@type":"WebSite","@id":"https:\/\/andersadlercreutz.fi\/blog\/#website","url":"https:\/\/andersadlercreutz.fi\/blog\/","name":"Anders Adlercreutz","description":"Du. Jag. Vi. Kest&auml;v&auml;sti optimisti","potentialAction":[{"@type":"SearchAction","target":{"@type":"EntryPoint","urlTemplate":"https:\/\/andersadlercreutz.fi\/blog\/?s={search_term_string}"},"query-input":"required name=search_term_string"}],"inLanguage":"sv-SE"},{"@type":"Person","@id":"https:\/\/andersadlercreutz.fi\/blog\/#\/schema\/person\/47d4b72eded862b484f74bb4b3a2354f","name":"Anders","image":{"@type":"ImageObject","inLanguage":"sv-SE","@id":"https:\/\/andersadlercreutz.fi\/blog\/#\/schema\/person\/image\/","url":"https:\/\/secure.gravatar.com\/avatar\/a144c9bda7a581ff6fabba169027e620?s=96&d=mm&r=g","contentUrl":"https:\/\/secure.gravatar.com\/avatar\/a144c9bda7a581ff6fabba169027e620?s=96&d=mm&r=g","caption":"Anders"},"url":"https:\/\/andersadlercreutz.fi\/blog\/author\/admin\/"}]}},"jetpack_featured_media_url":"https:\/\/i0.wp.com\/andersadlercreutz.fi\/blog\/wp-content\/uploads\/2015\/08\/blog-face_1.jpg?fit=2733%2C1380&ssl=1","jetpack_shortlink":"https:\/\/wp.me\/p4T6Dh-FQ","jetpack_sharing_enabled":true,"_links":{"self":[{"href":"https:\/\/andersadlercreutz.fi\/blog\/wp-json\/wp\/v2\/posts\/2594"}],"collection":[{"href":"https:\/\/andersadlercreutz.fi\/blog\/wp-json\/wp\/v2\/posts"}],"about":[{"href":"https:\/\/andersadlercreutz.fi\/blog\/wp-json\/wp\/v2\/types\/post"}],"author":[{"embeddable":true,"href":"https:\/\/andersadlercreutz.fi\/blog\/wp-json\/wp\/v2\/users\/1"}],"replies":[{"embeddable":true,"href":"https:\/\/andersadlercreutz.fi\/blog\/wp-json\/wp\/v2\/comments?post=2594"}],"version-history":[{"count":1,"href":"https:\/\/andersadlercreutz.fi\/blog\/wp-json\/wp\/v2\/posts\/2594\/revisions"}],"predecessor-version":[{"id":2596,"href":"https:\/\/andersadlercreutz.fi\/blog\/wp-json\/wp\/v2\/posts\/2594\/revisions\/2596"}],"wp:featuredmedia":[{"embeddable":true,"href":"https:\/\/andersadlercreutz.fi\/blog\/wp-json\/wp\/v2\/media\/2467"}],"wp:attachment":[{"href":"https:\/\/andersadlercreutz.fi\/blog\/wp-json\/wp\/v2\/media?parent=2594"}],"wp:term":[{"taxonomy":"category","embeddable":true,"href":"https:\/\/andersadlercreutz.fi\/blog\/wp-json\/wp\/v2\/categories?post=2594"},{"taxonomy":"post_tag","embeddable":true,"href":"https:\/\/andersadlercreutz.fi\/blog\/wp-json\/wp\/v2\/tags?post=2594"}],"curies":[{"name":"wp","href":"https:\/\/api.w.org\/{rel}","templated":true}]}}