{"id":2620,"date":"2016-01-14T11:50:14","date_gmt":"2016-01-14T09:50:14","guid":{"rendered":"http:\/\/andersadlercreutz.fi\/blog\/?p=2620"},"modified":"2016-01-21T13:36:05","modified_gmt":"2016-01-21T11:36:05","slug":"paaministerilla-on-vastuu-hallituksen-uskottavuudesta-poliittisten-irtopisteiden-kalastelu-katkaistava","status":"publish","type":"post","link":"https:\/\/andersadlercreutz.fi\/blog\/lehdistotiedote\/paaministerilla-on-vastuu-hallituksen-uskottavuudesta-poliittisten-irtopisteiden-kalastelu-katkaistava\/?lang=fi","title":{"rendered":"P\u00e4\u00e4ministerill\u00e4 on vastuu hallituksen uskottavuudesta &#8211; poliittisten irtopisteiden kalastelu katkaistava"},"content":{"rendered":"<p>Lehdist\u00f6tiedote 14.1.2016<br \/>\nVapaa julkaistavaksi<\/p>\n<p>&nbsp;<\/p>\n<p>Kansanedustajat Adlercreutz ja Biaudet: Ministereiden lausuntojen perusteella voi helposti uskoa, ett\u00e4 Suomea kohtaa joukko ylip\u00e4\u00e4sem\u00e4tt\u00f6mi\u00e4 haasteita, ja ett\u00e4 koko maan yhteiskuntarakenteen perustuksia koetellaan 32 000 turvapaikanhakijan takia.<\/p>\n<p>Turvapaikanhakijakysymys on viime aikoina ollut n\u00e4kyv\u00e4sti esill\u00e4 mediassa. Ministereiden lausuntojen perusteella voi helposti uskoa, ett\u00e4 Suomea kohtaa joukko ylip\u00e4\u00e4sem\u00e4tt\u00f6mi\u00e4 haasteita, ja ett\u00e4 koko maan yhteiskuntarakenteen perustuksia koetellaan 32 000 turvapaikanhakijan takia. P\u00e4\u00e4ministeri Sipil\u00e4n hallitus luo uhkakuvia sen sijaan ett\u00e4 rakentaisi vakautta sek\u00e4 luottamusta viranomaisiin ja oikeusvaltioon. Samalla todellisia uhkakuvia kuten \u00e4\u00e4riliikkeiden omavaltaista k\u00e4yt\u00f6st\u00e4 v\u00e4h\u00e4tell\u00e4\u00e4n.\u00a0 Nyt hallituksen on aika ymm\u00e4rt\u00e4\u00e4, ett\u00e4 jokaisella ministerill\u00e4 on vastuu my\u00f6s kokonaisuudesta: puoluepolitiikka on laitettava sivuun ministeriautoon astuessa. Viime p\u00e4ivien uutisten perusteella on selv\u00e4\u00e4, etteiv\u00e4t kaikki ministerit ole ymm\u00e4rt\u00e4neet vastuutaan eiv\u00e4tk\u00e4 asemaansa, sanovat RKP:n kansanedustajat Eva Biaudet ja Anders Adlercreutz.<\/p>\n<p>K\u00f6lnin uudenvuoden aaton valitettavat tapahtumat ovat heijastuneet keskusteluihin my\u00f6s t\u00e4\u00e4ll\u00e4 Suomessa. Keskustelu on hyvin t\u00e4rke\u00e4, mutta on muistettava, etteiv\u00e4t naisiin kohdistuva v\u00e4kivalta ja seksuaalinen h\u00e4irint\u00e4 ole ilmi\u00f6it\u00e4, jotka olisivat pelk\u00e4st\u00e4\u00e4n yhdistett\u00e4viss\u00e4 ulkomaalaisiin. Maan suurimmat naisj\u00e4rjest\u00f6t ovat julkisuudessa yhten\u00e4isesti muistuttaneet, ett\u00e4 naisiin kohdistuva v\u00e4kivalta ja seksuaalinen h\u00e4irint\u00e4 ovat jo kauan olleet vakavia ongelmia maassamme. Siit\u00e4 huolimatta puolustusministeri Niinist\u00f6 vet\u00e4\u00e4 yht\u00e4l\u00e4isyysmerkin K\u00f6lnin, Tahiririn aukion ja Helsingin rautatieaseman uudenvuoden tapahtumien v\u00e4lill\u00e4 ik\u00e4\u00e4n kuin seksuaalinen h\u00e4irint\u00e4 olisi vasta t\u00e4n\u00e4 syksyn\u00e4 rantautunut maahamme.<\/p>\n<p>T\u00e4ss\u00e4 valossa on h\u00e4mment\u00e4v\u00e4\u00e4, ett\u00e4 \u00e4\u00e4rinationalistiset ja suorastaan rasistiset katupartiot ovat odottamattomasti saaneet hallitukselta ymm\u00e4rryst\u00e4. Erityisen huolestuttavaa on, ettei oikeusministerimme ymm\u00e4rr\u00e4 takana olevaa oikeuspoliittista ongelmaa siin\u00e4, ett\u00e4 kaduilla partioidaan aikomuksena turvata valkoinen Suomi. P\u00e4\u00e4ministeri Sipil\u00e4n eiliset kommentit lis\u00e4\u00e4v\u00e4t h\u00e4mmennyst\u00e4 entisest\u00e4\u00e4n \u2013 onko todellakin niin, ett\u00e4 sis\u00e4ministeri Orpo on ainoa valtioneuvoston j\u00e4sen joka ymm\u00e4rt\u00e4\u00e4 t\u00e4m\u00e4n todellisen uhkakuvan potentiaaliset seuraukset?<\/p>\n<p>\u201dMeill\u00e4 on ymm\u00e4rryst\u00e4 hallituksen kohtaamista vaikeuksista. Hallituksen vastaus ei voi olla se, ett\u00e4 ministerit kesken\u00e4\u00e4n lausunnoissaan kilpailevat luomaan uusia uhkakuvia ja v\u00e4h\u00e4ttelem\u00e4\u00e4n todellisia vaaroja ainoastaan tukkiakseen vuotoja omien puolueidensa kannatuksessa. Toivomme Sipil\u00e4lt\u00e4, ett\u00e4 h\u00e4n mahdollisimman pian k\u00e4visi l\u00e4pi hallituksen sis\u00e4iset pelis\u00e4\u00e4nn\u00f6t ministereiden kanssa. Hallituksella on vastuu sek\u00e4 maamme kehityksest\u00e4 pitk\u00e4ll\u00e4 t\u00e4ht\u00e4imell\u00e4, ett\u00e4 kansalaisten luottamuksen yll\u00e4pidosta poliittiseen j\u00e4rjestelm\u00e4\u00e4mme. Hallituksen t\u00e4ytyy toimia sen mukaisesti\u201d, tiivist\u00e4v\u00e4t Adlercreutz ja Biaudet.<\/p>\n<p>&nbsp;<\/p>\n<p>Lis\u00e4tietoja:<\/p>\n<p>Anders Adlercreutz, puh. 044-981 0191<\/p>\n<p>Eva Biaudet, puh. 050-512 1846<\/p>\n","protected":false},"excerpt":{"rendered":"<p>Lehdist\u00f6tiedote 14.1.2016 Vapaa julkaistavaksi &nbsp; Kansanedustajat Adlercreutz ja Biaudet: Ministereiden lausuntojen perusteella voi helposti uskoa, ett\u00e4 Suomea kohtaa joukko ylip\u00e4\u00e4sem\u00e4tt\u00f6mi\u00e4 haasteita, ja ett\u00e4 koko maan yhteiskuntarakenteen perustuksia koetellaan 32 000 turvapaikanhakijan takia. Turvapaikanhakijakysymys on viime aikoina ollut n\u00e4kyv\u00e4sti esill\u00e4 mediassa. Ministereiden lausuntojen perusteella voi helposti uskoa, ett\u00e4 Suomea kohtaa joukko ylip\u00e4\u00e4sem\u00e4tt\u00f6mi\u00e4 haasteita, ja ett\u00e4 koko [&hellip;]<\/p>\n","protected":false},"author":1,"featured_media":0,"comment_status":"open","ping_status":"open","sticky":false,"template":"","format":"standard","meta":{"jetpack_post_was_ever_published":false,"_jetpack_newsletter_access":"","jetpack_publicize_message":"","jetpack_is_tweetstorm":false,"jetpack_publicize_feature_enabled":true,"jetpack_social_post_already_shared":true,"jetpack_social_options":{"image_generator_settings":{"template":"highway","enabled":false}}},"categories":[71],"tags":[],"jetpack_publicize_connections":[],"yoast_head":"<!-- This site is optimized with the Yoast SEO plugin v20.12 - https:\/\/yoast.com\/wordpress\/plugins\/seo\/ -->\n<title>P\u00e4\u00e4ministerill\u00e4 on vastuu hallituksen uskottavuudesta - poliittisten irtopisteiden kalastelu katkaistava - Anders Adlercreutz<\/title>\n<meta name=\"robots\" content=\"index, follow, max-snippet:-1, max-image-preview:large, max-video-preview:-1\" \/>\n<link rel=\"canonical\" href=\"https:\/\/andersadlercreutz.fi\/blog\/lehdistotiedote\/paaministerilla-on-vastuu-hallituksen-uskottavuudesta-poliittisten-irtopisteiden-kalastelu-katkaistava\/\" \/>\n<meta property=\"og:locale\" content=\"sv_SE\" \/>\n<meta property=\"og:type\" content=\"article\" \/>\n<meta property=\"og:title\" content=\"P\u00e4\u00e4ministerill\u00e4 on vastuu hallituksen uskottavuudesta - poliittisten irtopisteiden kalastelu katkaistava - Anders Adlercreutz\" \/>\n<meta property=\"og:description\" content=\"Lehdist\u00f6tiedote 14.1.2016 Vapaa julkaistavaksi &nbsp; Kansanedustajat Adlercreutz ja Biaudet: Ministereiden lausuntojen perusteella voi helposti uskoa, ett\u00e4 Suomea kohtaa joukko ylip\u00e4\u00e4sem\u00e4tt\u00f6mi\u00e4 haasteita, ja ett\u00e4 koko maan yhteiskuntarakenteen perustuksia koetellaan 32 000 turvapaikanhakijan takia. Turvapaikanhakijakysymys on viime aikoina ollut n\u00e4kyv\u00e4sti esill\u00e4 mediassa. Ministereiden lausuntojen perusteella voi helposti uskoa, ett\u00e4 Suomea kohtaa joukko ylip\u00e4\u00e4sem\u00e4tt\u00f6mi\u00e4 haasteita, ja ett\u00e4 koko [&hellip;]\" \/>\n<meta property=\"og:url\" content=\"https:\/\/andersadlercreutz.fi\/blog\/lehdistotiedote\/paaministerilla-on-vastuu-hallituksen-uskottavuudesta-poliittisten-irtopisteiden-kalastelu-katkaistava\/?lang=fi\" \/>\n<meta property=\"og:site_name\" content=\"Anders Adlercreutz\" \/>\n<meta property=\"article:published_time\" content=\"2016-01-14T09:50:14+00:00\" \/>\n<meta property=\"article:modified_time\" content=\"2016-01-21T11:36:05+00:00\" \/>\n<meta name=\"author\" content=\"Anders\" \/>\n<meta name=\"twitter:card\" content=\"summary_large_image\" \/>\n<meta name=\"twitter:label1\" content=\"Skriven av\" \/>\n\t<meta name=\"twitter:data1\" content=\"Anders\" \/>\n\t<meta name=\"twitter:label2\" content=\"Ber\u00e4knad l\u00e4stid\" \/>\n\t<meta name=\"twitter:data2\" content=\"2 minuter\" \/>\n<script type=\"application\/ld+json\" class=\"yoast-schema-graph\">{\"@context\":\"https:\/\/schema.org\",\"@graph\":[{\"@type\":\"WebPage\",\"@id\":\"https:\/\/andersadlercreutz.fi\/blog\/lehdistotiedote\/paaministerilla-on-vastuu-hallituksen-uskottavuudesta-poliittisten-irtopisteiden-kalastelu-katkaistava\/?lang=fi\",\"url\":\"https:\/\/andersadlercreutz.fi\/blog\/lehdistotiedote\/paaministerilla-on-vastuu-hallituksen-uskottavuudesta-poliittisten-irtopisteiden-kalastelu-katkaistava\/?lang=fi\",\"name\":\"P\u00e4\u00e4ministerill\u00e4 on vastuu hallituksen uskottavuudesta - poliittisten irtopisteiden kalastelu katkaistava - Anders Adlercreutz\",\"isPartOf\":{\"@id\":\"https:\/\/andersadlercreutz.fi\/blog\/#website\"},\"datePublished\":\"2016-01-14T09:50:14+00:00\",\"dateModified\":\"2016-01-21T11:36:05+00:00\",\"author\":{\"@id\":\"https:\/\/andersadlercreutz.fi\/blog\/#\/schema\/person\/47d4b72eded862b484f74bb4b3a2354f\"},\"breadcrumb\":{\"@id\":\"https:\/\/andersadlercreutz.fi\/blog\/lehdistotiedote\/paaministerilla-on-vastuu-hallituksen-uskottavuudesta-poliittisten-irtopisteiden-kalastelu-katkaistava\/?lang=fi#breadcrumb\"},\"inLanguage\":\"sv-SE\",\"potentialAction\":[{\"@type\":\"ReadAction\",\"target\":[\"https:\/\/andersadlercreutz.fi\/blog\/lehdistotiedote\/paaministerilla-on-vastuu-hallituksen-uskottavuudesta-poliittisten-irtopisteiden-kalastelu-katkaistava\/?lang=fi\"]}]},{\"@type\":\"BreadcrumbList\",\"@id\":\"https:\/\/andersadlercreutz.fi\/blog\/lehdistotiedote\/paaministerilla-on-vastuu-hallituksen-uskottavuudesta-poliittisten-irtopisteiden-kalastelu-katkaistava\/?lang=fi#breadcrumb\",\"itemListElement\":[{\"@type\":\"ListItem\",\"position\":1,\"name\":\"Home\",\"item\":\"https:\/\/andersadlercreutz.fi\/blog\/blogg\/?lang=sv\"},{\"@type\":\"ListItem\",\"position\":2,\"name\":\"P\u00e4\u00e4ministerill\u00e4 on vastuu hallituksen uskottavuudesta &#8211; poliittisten irtopisteiden kalastelu katkaistava\"}]},{\"@type\":\"WebSite\",\"@id\":\"https:\/\/andersadlercreutz.fi\/blog\/#website\",\"url\":\"https:\/\/andersadlercreutz.fi\/blog\/\",\"name\":\"Anders Adlercreutz\",\"description\":\"Du. Jag. Vi. Kest&auml;v&auml;sti optimisti\",\"potentialAction\":[{\"@type\":\"SearchAction\",\"target\":{\"@type\":\"EntryPoint\",\"urlTemplate\":\"https:\/\/andersadlercreutz.fi\/blog\/?s={search_term_string}\"},\"query-input\":\"required name=search_term_string\"}],\"inLanguage\":\"sv-SE\"},{\"@type\":\"Person\",\"@id\":\"https:\/\/andersadlercreutz.fi\/blog\/#\/schema\/person\/47d4b72eded862b484f74bb4b3a2354f\",\"name\":\"Anders\",\"image\":{\"@type\":\"ImageObject\",\"inLanguage\":\"sv-SE\",\"@id\":\"https:\/\/andersadlercreutz.fi\/blog\/#\/schema\/person\/image\/\",\"url\":\"https:\/\/secure.gravatar.com\/avatar\/a144c9bda7a581ff6fabba169027e620?s=96&d=mm&r=g\",\"contentUrl\":\"https:\/\/secure.gravatar.com\/avatar\/a144c9bda7a581ff6fabba169027e620?s=96&d=mm&r=g\",\"caption\":\"Anders\"},\"url\":\"https:\/\/andersadlercreutz.fi\/blog\/author\/admin\/\"}]}<\/script>\n<!-- \/ Yoast SEO plugin. -->","yoast_head_json":{"title":"P\u00e4\u00e4ministerill\u00e4 on vastuu hallituksen uskottavuudesta - poliittisten irtopisteiden kalastelu katkaistava - Anders Adlercreutz","robots":{"index":"index","follow":"follow","max-snippet":"max-snippet:-1","max-image-preview":"max-image-preview:large","max-video-preview":"max-video-preview:-1"},"canonical":"https:\/\/andersadlercreutz.fi\/blog\/lehdistotiedote\/paaministerilla-on-vastuu-hallituksen-uskottavuudesta-poliittisten-irtopisteiden-kalastelu-katkaistava\/","og_locale":"sv_SE","og_type":"article","og_title":"P\u00e4\u00e4ministerill\u00e4 on vastuu hallituksen uskottavuudesta - poliittisten irtopisteiden kalastelu katkaistava - Anders Adlercreutz","og_description":"Lehdist\u00f6tiedote 14.1.2016 Vapaa julkaistavaksi &nbsp; Kansanedustajat Adlercreutz ja Biaudet: Ministereiden lausuntojen perusteella voi helposti uskoa, ett\u00e4 Suomea kohtaa joukko ylip\u00e4\u00e4sem\u00e4tt\u00f6mi\u00e4 haasteita, ja ett\u00e4 koko maan yhteiskuntarakenteen perustuksia koetellaan 32 000 turvapaikanhakijan takia. Turvapaikanhakijakysymys on viime aikoina ollut n\u00e4kyv\u00e4sti esill\u00e4 mediassa. Ministereiden lausuntojen perusteella voi helposti uskoa, ett\u00e4 Suomea kohtaa joukko ylip\u00e4\u00e4sem\u00e4tt\u00f6mi\u00e4 haasteita, ja ett\u00e4 koko [&hellip;]","og_url":"https:\/\/andersadlercreutz.fi\/blog\/lehdistotiedote\/paaministerilla-on-vastuu-hallituksen-uskottavuudesta-poliittisten-irtopisteiden-kalastelu-katkaistava\/?lang=fi","og_site_name":"Anders Adlercreutz","article_published_time":"2016-01-14T09:50:14+00:00","article_modified_time":"2016-01-21T11:36:05+00:00","author":"Anders","twitter_card":"summary_large_image","twitter_misc":{"Skriven av":"Anders","Ber\u00e4knad l\u00e4stid":"2 minuter"},"schema":{"@context":"https:\/\/schema.org","@graph":[{"@type":"WebPage","@id":"https:\/\/andersadlercreutz.fi\/blog\/lehdistotiedote\/paaministerilla-on-vastuu-hallituksen-uskottavuudesta-poliittisten-irtopisteiden-kalastelu-katkaistava\/?lang=fi","url":"https:\/\/andersadlercreutz.fi\/blog\/lehdistotiedote\/paaministerilla-on-vastuu-hallituksen-uskottavuudesta-poliittisten-irtopisteiden-kalastelu-katkaistava\/?lang=fi","name":"P\u00e4\u00e4ministerill\u00e4 on vastuu hallituksen uskottavuudesta - poliittisten irtopisteiden kalastelu katkaistava - Anders Adlercreutz","isPartOf":{"@id":"https:\/\/andersadlercreutz.fi\/blog\/#website"},"datePublished":"2016-01-14T09:50:14+00:00","dateModified":"2016-01-21T11:36:05+00:00","author":{"@id":"https:\/\/andersadlercreutz.fi\/blog\/#\/schema\/person\/47d4b72eded862b484f74bb4b3a2354f"},"breadcrumb":{"@id":"https:\/\/andersadlercreutz.fi\/blog\/lehdistotiedote\/paaministerilla-on-vastuu-hallituksen-uskottavuudesta-poliittisten-irtopisteiden-kalastelu-katkaistava\/?lang=fi#breadcrumb"},"inLanguage":"sv-SE","potentialAction":[{"@type":"ReadAction","target":["https:\/\/andersadlercreutz.fi\/blog\/lehdistotiedote\/paaministerilla-on-vastuu-hallituksen-uskottavuudesta-poliittisten-irtopisteiden-kalastelu-katkaistava\/?lang=fi"]}]},{"@type":"BreadcrumbList","@id":"https:\/\/andersadlercreutz.fi\/blog\/lehdistotiedote\/paaministerilla-on-vastuu-hallituksen-uskottavuudesta-poliittisten-irtopisteiden-kalastelu-katkaistava\/?lang=fi#breadcrumb","itemListElement":[{"@type":"ListItem","position":1,"name":"Home","item":"https:\/\/andersadlercreutz.fi\/blog\/blogg\/?lang=sv"},{"@type":"ListItem","position":2,"name":"P\u00e4\u00e4ministerill\u00e4 on vastuu hallituksen uskottavuudesta &#8211; poliittisten irtopisteiden kalastelu katkaistava"}]},{"@type":"WebSite","@id":"https:\/\/andersadlercreutz.fi\/blog\/#website","url":"https:\/\/andersadlercreutz.fi\/blog\/","name":"Anders Adlercreutz","description":"Du. Jag. Vi. Kest&auml;v&auml;sti optimisti","potentialAction":[{"@type":"SearchAction","target":{"@type":"EntryPoint","urlTemplate":"https:\/\/andersadlercreutz.fi\/blog\/?s={search_term_string}"},"query-input":"required name=search_term_string"}],"inLanguage":"sv-SE"},{"@type":"Person","@id":"https:\/\/andersadlercreutz.fi\/blog\/#\/schema\/person\/47d4b72eded862b484f74bb4b3a2354f","name":"Anders","image":{"@type":"ImageObject","inLanguage":"sv-SE","@id":"https:\/\/andersadlercreutz.fi\/blog\/#\/schema\/person\/image\/","url":"https:\/\/secure.gravatar.com\/avatar\/a144c9bda7a581ff6fabba169027e620?s=96&d=mm&r=g","contentUrl":"https:\/\/secure.gravatar.com\/avatar\/a144c9bda7a581ff6fabba169027e620?s=96&d=mm&r=g","caption":"Anders"},"url":"https:\/\/andersadlercreutz.fi\/blog\/author\/admin\/"}]}},"jetpack_featured_media_url":"","jetpack_shortlink":"https:\/\/wp.me\/p4T6Dh-Gg","jetpack_sharing_enabled":true,"_links":{"self":[{"href":"https:\/\/andersadlercreutz.fi\/blog\/wp-json\/wp\/v2\/posts\/2620"}],"collection":[{"href":"https:\/\/andersadlercreutz.fi\/blog\/wp-json\/wp\/v2\/posts"}],"about":[{"href":"https:\/\/andersadlercreutz.fi\/blog\/wp-json\/wp\/v2\/types\/post"}],"author":[{"embeddable":true,"href":"https:\/\/andersadlercreutz.fi\/blog\/wp-json\/wp\/v2\/users\/1"}],"replies":[{"embeddable":true,"href":"https:\/\/andersadlercreutz.fi\/blog\/wp-json\/wp\/v2\/comments?post=2620"}],"version-history":[{"count":3,"href":"https:\/\/andersadlercreutz.fi\/blog\/wp-json\/wp\/v2\/posts\/2620\/revisions"}],"predecessor-version":[{"id":2647,"href":"https:\/\/andersadlercreutz.fi\/blog\/wp-json\/wp\/v2\/posts\/2620\/revisions\/2647"}],"wp:attachment":[{"href":"https:\/\/andersadlercreutz.fi\/blog\/wp-json\/wp\/v2\/media?parent=2620"}],"wp:term":[{"taxonomy":"category","embeddable":true,"href":"https:\/\/andersadlercreutz.fi\/blog\/wp-json\/wp\/v2\/categories?post=2620"},{"taxonomy":"post_tag","embeddable":true,"href":"https:\/\/andersadlercreutz.fi\/blog\/wp-json\/wp\/v2\/tags?post=2620"}],"curies":[{"name":"wp","href":"https:\/\/api.w.org\/{rel}","templated":true}]}}