{"id":2676,"date":"2016-02-01T12:34:41","date_gmt":"2016-02-01T10:34:41","guid":{"rendered":"http:\/\/andersadlercreutz.fi\/blog\/?p=2676"},"modified":"2016-02-04T10:37:08","modified_gmt":"2016-02-04T08:37:08","slug":"adlercreutz-vaatii-kirjallisessa-kysymyksessa-turvapaikanhakijoille-oikeutta-tyoskentelyyn-heti","status":"publish","type":"post","link":"https:\/\/andersadlercreutz.fi\/blog\/lehdistotiedote\/adlercreutz-vaatii-kirjallisessa-kysymyksessa-turvapaikanhakijoille-oikeutta-tyoskentelyyn-heti\/?lang=fi","title":{"rendered":"Adlercreutz vaatii kirjallisessa kysymyksess\u00e4 turvapaikanhakijoille oikeutta ty\u00f6skentelyyn heti"},"content":{"rendered":"<p>Lehdist\u00f6tiedote 1.2.2016<br \/>\nJulkaisuvapaa heti<\/p>\n<p>&nbsp;<\/p>\n<p>Mit\u00e4 hallitus aikoo tehd\u00e4 nopeuttaakseen ja helpottaakseen turvapaikanhakijoiden ty\u00f6llistymist\u00e4, Anders Adlercreutz kysyy t\u00e4n\u00e4\u00e4n palauttamassaan kirjallisessa kysymyksess\u00e4. T\u00e4ll\u00e4 hetkell\u00e4 turvapaikanhakijat, joilla on vahvistettu henkil\u00f6llisyys, joutuvat odottamaan kolme kuukautta ennen kuin he saavat tehd\u00e4 t\u00f6it\u00e4. Vailla henkil\u00f6llisyystodistusta olevat turvapaikanhakijat joutuvat puolestaan odottamaan kuusi kuukautta.<\/p>\n<p>&#8211; Tuhannet turvapaikanhakijat ovat t\u00e4ll\u00e4 hetkell\u00e4 pakotettuja odottamaan toimettomana oleskeluluvan saantia ilman mahdollisuuksia ty\u00f6ntekoon, vaikka halu ty\u00f6h\u00f6n ja kotoutumiseen on selv\u00e4. T\u00e4ss\u00e4 meid\u00e4n pit\u00e4isi ottaa mallia Ruotsista, jossa ty\u00f6skentelyn voi aloittaa heti maahan saapumisen j\u00e4lkeen erikoisluvan avulla, Adlercreutz sanoo.<\/p>\n<p>Ilman henkil\u00f6llisyystodistusta turvapaikanhakijoilla on ollut suuria vaikeuksia avata pankkitili\u00e4. Laki nimitt\u00e4in vaatii, ett\u00e4 pankki tunnistaa asiakkaan. Ty\u00f6nantajat puolestaan vaativat tili\u00e4 palkanmaksuun. Maahanmuuttovirasto pilotoi parhaillaan turvapaikanhakijan maksukorttia, jolle kuukausittainen vastaanottoraha maksetaan. Prepaid -korttina toimivaa maksukorttia voidaan k\u00e4ytt\u00e4\u00e4 kaikkialla Suomessa. Periaatteessa kortille on teknisesti mahdollista maksaa my\u00f6s palkkaa.<\/p>\n<p>&#8211; Maksukortti pit\u00e4isi ottaa k\u00e4ytt\u00f6\u00f6n kansallisella tasolla niin nopeasti kuin mahdollista. Lis\u00e4ksi palkanmaksumahdollisuus pit\u00e4isi aktivoida pikimmiten, jotta ainakin ne turvapaikanhakijat, jotka t\u00e4m\u00e4nhetkisen lains\u00e4\u00e4d\u00e4nn\u00f6n puitteissa saisivat ty\u00f6skennell\u00e4, voisivat tehd\u00e4 niin mahdollisimman pian, Adlercreutz sanoo.<\/p>\n<p>Ruotsalainen eduskuntaryhm\u00e4 tulee tiistaina iltap\u00e4iv\u00e4ll\u00e4 vierailemaan Evitskogin vastaanottokeskuksessa Kirkkonummella. Vierailun aikana keskustellaan pakolaisten kotouttamisongelmista.<\/p>\n<p>&nbsp;<\/p>\n<p>Lis\u00e4tietoja:<\/p>\n<p>Anders Adlercreutz, puh. 044 981 0191<\/p>\n","protected":false},"excerpt":{"rendered":"<p>Lehdist\u00f6tiedote 1.2.2016 Julkaisuvapaa heti &nbsp; Mit\u00e4 hallitus aikoo tehd\u00e4 nopeuttaakseen ja helpottaakseen turvapaikanhakijoiden ty\u00f6llistymist\u00e4, Anders Adlercreutz kysyy t\u00e4n\u00e4\u00e4n palauttamassaan kirjallisessa kysymyksess\u00e4. T\u00e4ll\u00e4 hetkell\u00e4 turvapaikanhakijat, joilla on vahvistettu henkil\u00f6llisyys, joutuvat odottamaan kolme kuukautta ennen kuin he saavat tehd\u00e4 t\u00f6it\u00e4. Vailla henkil\u00f6llisyystodistusta olevat turvapaikanhakijat joutuvat puolestaan odottamaan kuusi kuukautta. &#8211; Tuhannet turvapaikanhakijat ovat t\u00e4ll\u00e4 hetkell\u00e4 pakotettuja odottamaan [&hellip;]<\/p>\n","protected":false},"author":1,"featured_media":0,"comment_status":"open","ping_status":"open","sticky":false,"template":"","format":"standard","meta":{"jetpack_post_was_ever_published":false,"_jetpack_newsletter_access":"","jetpack_publicize_message":"","jetpack_is_tweetstorm":false,"jetpack_publicize_feature_enabled":true,"jetpack_social_post_already_shared":true,"jetpack_social_options":{"image_generator_settings":{"template":"highway","enabled":false}}},"categories":[71],"tags":[],"jetpack_publicize_connections":[],"yoast_head":"<!-- This site is optimized with the Yoast SEO plugin v20.12 - https:\/\/yoast.com\/wordpress\/plugins\/seo\/ -->\n<title>Adlercreutz vaatii kirjallisessa kysymyksess\u00e4 turvapaikanhakijoille oikeutta ty\u00f6skentelyyn heti - Anders Adlercreutz<\/title>\n<meta name=\"robots\" content=\"index, follow, max-snippet:-1, max-image-preview:large, max-video-preview:-1\" \/>\n<link rel=\"canonical\" href=\"https:\/\/andersadlercreutz.fi\/blog\/lehdistotiedote\/adlercreutz-vaatii-kirjallisessa-kysymyksessa-turvapaikanhakijoille-oikeutta-tyoskentelyyn-heti\/\" \/>\n<meta property=\"og:locale\" content=\"sv_SE\" \/>\n<meta property=\"og:type\" content=\"article\" \/>\n<meta property=\"og:title\" content=\"Adlercreutz vaatii kirjallisessa kysymyksess\u00e4 turvapaikanhakijoille oikeutta ty\u00f6skentelyyn heti - Anders Adlercreutz\" \/>\n<meta property=\"og:description\" content=\"Lehdist\u00f6tiedote 1.2.2016 Julkaisuvapaa heti &nbsp; Mit\u00e4 hallitus aikoo tehd\u00e4 nopeuttaakseen ja helpottaakseen turvapaikanhakijoiden ty\u00f6llistymist\u00e4, Anders Adlercreutz kysyy t\u00e4n\u00e4\u00e4n palauttamassaan kirjallisessa kysymyksess\u00e4. T\u00e4ll\u00e4 hetkell\u00e4 turvapaikanhakijat, joilla on vahvistettu henkil\u00f6llisyys, joutuvat odottamaan kolme kuukautta ennen kuin he saavat tehd\u00e4 t\u00f6it\u00e4. Vailla henkil\u00f6llisyystodistusta olevat turvapaikanhakijat joutuvat puolestaan odottamaan kuusi kuukautta. &#8211; Tuhannet turvapaikanhakijat ovat t\u00e4ll\u00e4 hetkell\u00e4 pakotettuja odottamaan [&hellip;]\" \/>\n<meta property=\"og:url\" content=\"https:\/\/andersadlercreutz.fi\/blog\/lehdistotiedote\/adlercreutz-vaatii-kirjallisessa-kysymyksessa-turvapaikanhakijoille-oikeutta-tyoskentelyyn-heti\/?lang=fi\" \/>\n<meta property=\"og:site_name\" content=\"Anders Adlercreutz\" \/>\n<meta property=\"article:published_time\" content=\"2016-02-01T10:34:41+00:00\" \/>\n<meta property=\"article:modified_time\" content=\"2016-02-04T08:37:08+00:00\" \/>\n<meta name=\"author\" content=\"Anders\" \/>\n<meta name=\"twitter:card\" content=\"summary_large_image\" \/>\n<meta name=\"twitter:label1\" content=\"Skriven av\" \/>\n\t<meta name=\"twitter:data1\" content=\"Anders\" \/>\n\t<meta name=\"twitter:label2\" content=\"Ber\u00e4knad l\u00e4stid\" \/>\n\t<meta name=\"twitter:data2\" content=\"1 minut\" \/>\n<script type=\"application\/ld+json\" class=\"yoast-schema-graph\">{\"@context\":\"https:\/\/schema.org\",\"@graph\":[{\"@type\":\"WebPage\",\"@id\":\"https:\/\/andersadlercreutz.fi\/blog\/lehdistotiedote\/adlercreutz-vaatii-kirjallisessa-kysymyksessa-turvapaikanhakijoille-oikeutta-tyoskentelyyn-heti\/?lang=fi\",\"url\":\"https:\/\/andersadlercreutz.fi\/blog\/lehdistotiedote\/adlercreutz-vaatii-kirjallisessa-kysymyksessa-turvapaikanhakijoille-oikeutta-tyoskentelyyn-heti\/?lang=fi\",\"name\":\"Adlercreutz vaatii kirjallisessa kysymyksess\u00e4 turvapaikanhakijoille oikeutta ty\u00f6skentelyyn heti - Anders Adlercreutz\",\"isPartOf\":{\"@id\":\"https:\/\/andersadlercreutz.fi\/blog\/#website\"},\"datePublished\":\"2016-02-01T10:34:41+00:00\",\"dateModified\":\"2016-02-04T08:37:08+00:00\",\"author\":{\"@id\":\"https:\/\/andersadlercreutz.fi\/blog\/#\/schema\/person\/47d4b72eded862b484f74bb4b3a2354f\"},\"breadcrumb\":{\"@id\":\"https:\/\/andersadlercreutz.fi\/blog\/lehdistotiedote\/adlercreutz-vaatii-kirjallisessa-kysymyksessa-turvapaikanhakijoille-oikeutta-tyoskentelyyn-heti\/?lang=fi#breadcrumb\"},\"inLanguage\":\"sv-SE\",\"potentialAction\":[{\"@type\":\"ReadAction\",\"target\":[\"https:\/\/andersadlercreutz.fi\/blog\/lehdistotiedote\/adlercreutz-vaatii-kirjallisessa-kysymyksessa-turvapaikanhakijoille-oikeutta-tyoskentelyyn-heti\/?lang=fi\"]}]},{\"@type\":\"BreadcrumbList\",\"@id\":\"https:\/\/andersadlercreutz.fi\/blog\/lehdistotiedote\/adlercreutz-vaatii-kirjallisessa-kysymyksessa-turvapaikanhakijoille-oikeutta-tyoskentelyyn-heti\/?lang=fi#breadcrumb\",\"itemListElement\":[{\"@type\":\"ListItem\",\"position\":1,\"name\":\"Home\",\"item\":\"https:\/\/andersadlercreutz.fi\/blog\/blogg\/?lang=sv\"},{\"@type\":\"ListItem\",\"position\":2,\"name\":\"Adlercreutz vaatii kirjallisessa kysymyksess\u00e4 turvapaikanhakijoille oikeutta ty\u00f6skentelyyn heti\"}]},{\"@type\":\"WebSite\",\"@id\":\"https:\/\/andersadlercreutz.fi\/blog\/#website\",\"url\":\"https:\/\/andersadlercreutz.fi\/blog\/\",\"name\":\"Anders Adlercreutz\",\"description\":\"Du. Jag. Vi. Kest&auml;v&auml;sti optimisti\",\"potentialAction\":[{\"@type\":\"SearchAction\",\"target\":{\"@type\":\"EntryPoint\",\"urlTemplate\":\"https:\/\/andersadlercreutz.fi\/blog\/?s={search_term_string}\"},\"query-input\":\"required name=search_term_string\"}],\"inLanguage\":\"sv-SE\"},{\"@type\":\"Person\",\"@id\":\"https:\/\/andersadlercreutz.fi\/blog\/#\/schema\/person\/47d4b72eded862b484f74bb4b3a2354f\",\"name\":\"Anders\",\"image\":{\"@type\":\"ImageObject\",\"inLanguage\":\"sv-SE\",\"@id\":\"https:\/\/andersadlercreutz.fi\/blog\/#\/schema\/person\/image\/\",\"url\":\"https:\/\/secure.gravatar.com\/avatar\/a144c9bda7a581ff6fabba169027e620?s=96&d=mm&r=g\",\"contentUrl\":\"https:\/\/secure.gravatar.com\/avatar\/a144c9bda7a581ff6fabba169027e620?s=96&d=mm&r=g\",\"caption\":\"Anders\"},\"url\":\"https:\/\/andersadlercreutz.fi\/blog\/author\/admin\/\"}]}<\/script>\n<!-- \/ Yoast SEO plugin. -->","yoast_head_json":{"title":"Adlercreutz vaatii kirjallisessa kysymyksess\u00e4 turvapaikanhakijoille oikeutta ty\u00f6skentelyyn heti - Anders Adlercreutz","robots":{"index":"index","follow":"follow","max-snippet":"max-snippet:-1","max-image-preview":"max-image-preview:large","max-video-preview":"max-video-preview:-1"},"canonical":"https:\/\/andersadlercreutz.fi\/blog\/lehdistotiedote\/adlercreutz-vaatii-kirjallisessa-kysymyksessa-turvapaikanhakijoille-oikeutta-tyoskentelyyn-heti\/","og_locale":"sv_SE","og_type":"article","og_title":"Adlercreutz vaatii kirjallisessa kysymyksess\u00e4 turvapaikanhakijoille oikeutta ty\u00f6skentelyyn heti - Anders Adlercreutz","og_description":"Lehdist\u00f6tiedote 1.2.2016 Julkaisuvapaa heti &nbsp; Mit\u00e4 hallitus aikoo tehd\u00e4 nopeuttaakseen ja helpottaakseen turvapaikanhakijoiden ty\u00f6llistymist\u00e4, Anders Adlercreutz kysyy t\u00e4n\u00e4\u00e4n palauttamassaan kirjallisessa kysymyksess\u00e4. T\u00e4ll\u00e4 hetkell\u00e4 turvapaikanhakijat, joilla on vahvistettu henkil\u00f6llisyys, joutuvat odottamaan kolme kuukautta ennen kuin he saavat tehd\u00e4 t\u00f6it\u00e4. Vailla henkil\u00f6llisyystodistusta olevat turvapaikanhakijat joutuvat puolestaan odottamaan kuusi kuukautta. &#8211; Tuhannet turvapaikanhakijat ovat t\u00e4ll\u00e4 hetkell\u00e4 pakotettuja odottamaan [&hellip;]","og_url":"https:\/\/andersadlercreutz.fi\/blog\/lehdistotiedote\/adlercreutz-vaatii-kirjallisessa-kysymyksessa-turvapaikanhakijoille-oikeutta-tyoskentelyyn-heti\/?lang=fi","og_site_name":"Anders Adlercreutz","article_published_time":"2016-02-01T10:34:41+00:00","article_modified_time":"2016-02-04T08:37:08+00:00","author":"Anders","twitter_card":"summary_large_image","twitter_misc":{"Skriven av":"Anders","Ber\u00e4knad l\u00e4stid":"1 minut"},"schema":{"@context":"https:\/\/schema.org","@graph":[{"@type":"WebPage","@id":"https:\/\/andersadlercreutz.fi\/blog\/lehdistotiedote\/adlercreutz-vaatii-kirjallisessa-kysymyksessa-turvapaikanhakijoille-oikeutta-tyoskentelyyn-heti\/?lang=fi","url":"https:\/\/andersadlercreutz.fi\/blog\/lehdistotiedote\/adlercreutz-vaatii-kirjallisessa-kysymyksessa-turvapaikanhakijoille-oikeutta-tyoskentelyyn-heti\/?lang=fi","name":"Adlercreutz vaatii kirjallisessa kysymyksess\u00e4 turvapaikanhakijoille oikeutta ty\u00f6skentelyyn heti - Anders Adlercreutz","isPartOf":{"@id":"https:\/\/andersadlercreutz.fi\/blog\/#website"},"datePublished":"2016-02-01T10:34:41+00:00","dateModified":"2016-02-04T08:37:08+00:00","author":{"@id":"https:\/\/andersadlercreutz.fi\/blog\/#\/schema\/person\/47d4b72eded862b484f74bb4b3a2354f"},"breadcrumb":{"@id":"https:\/\/andersadlercreutz.fi\/blog\/lehdistotiedote\/adlercreutz-vaatii-kirjallisessa-kysymyksessa-turvapaikanhakijoille-oikeutta-tyoskentelyyn-heti\/?lang=fi#breadcrumb"},"inLanguage":"sv-SE","potentialAction":[{"@type":"ReadAction","target":["https:\/\/andersadlercreutz.fi\/blog\/lehdistotiedote\/adlercreutz-vaatii-kirjallisessa-kysymyksessa-turvapaikanhakijoille-oikeutta-tyoskentelyyn-heti\/?lang=fi"]}]},{"@type":"BreadcrumbList","@id":"https:\/\/andersadlercreutz.fi\/blog\/lehdistotiedote\/adlercreutz-vaatii-kirjallisessa-kysymyksessa-turvapaikanhakijoille-oikeutta-tyoskentelyyn-heti\/?lang=fi#breadcrumb","itemListElement":[{"@type":"ListItem","position":1,"name":"Home","item":"https:\/\/andersadlercreutz.fi\/blog\/blogg\/?lang=sv"},{"@type":"ListItem","position":2,"name":"Adlercreutz vaatii kirjallisessa kysymyksess\u00e4 turvapaikanhakijoille oikeutta ty\u00f6skentelyyn heti"}]},{"@type":"WebSite","@id":"https:\/\/andersadlercreutz.fi\/blog\/#website","url":"https:\/\/andersadlercreutz.fi\/blog\/","name":"Anders Adlercreutz","description":"Du. Jag. Vi. Kest&auml;v&auml;sti optimisti","potentialAction":[{"@type":"SearchAction","target":{"@type":"EntryPoint","urlTemplate":"https:\/\/andersadlercreutz.fi\/blog\/?s={search_term_string}"},"query-input":"required name=search_term_string"}],"inLanguage":"sv-SE"},{"@type":"Person","@id":"https:\/\/andersadlercreutz.fi\/blog\/#\/schema\/person\/47d4b72eded862b484f74bb4b3a2354f","name":"Anders","image":{"@type":"ImageObject","inLanguage":"sv-SE","@id":"https:\/\/andersadlercreutz.fi\/blog\/#\/schema\/person\/image\/","url":"https:\/\/secure.gravatar.com\/avatar\/a144c9bda7a581ff6fabba169027e620?s=96&d=mm&r=g","contentUrl":"https:\/\/secure.gravatar.com\/avatar\/a144c9bda7a581ff6fabba169027e620?s=96&d=mm&r=g","caption":"Anders"},"url":"https:\/\/andersadlercreutz.fi\/blog\/author\/admin\/"}]}},"jetpack_featured_media_url":"","jetpack_shortlink":"https:\/\/wp.me\/p4T6Dh-Ha","jetpack_sharing_enabled":true,"_links":{"self":[{"href":"https:\/\/andersadlercreutz.fi\/blog\/wp-json\/wp\/v2\/posts\/2676"}],"collection":[{"href":"https:\/\/andersadlercreutz.fi\/blog\/wp-json\/wp\/v2\/posts"}],"about":[{"href":"https:\/\/andersadlercreutz.fi\/blog\/wp-json\/wp\/v2\/types\/post"}],"author":[{"embeddable":true,"href":"https:\/\/andersadlercreutz.fi\/blog\/wp-json\/wp\/v2\/users\/1"}],"replies":[{"embeddable":true,"href":"https:\/\/andersadlercreutz.fi\/blog\/wp-json\/wp\/v2\/comments?post=2676"}],"version-history":[{"count":4,"href":"https:\/\/andersadlercreutz.fi\/blog\/wp-json\/wp\/v2\/posts\/2676\/revisions"}],"predecessor-version":[{"id":2680,"href":"https:\/\/andersadlercreutz.fi\/blog\/wp-json\/wp\/v2\/posts\/2676\/revisions\/2680"}],"wp:attachment":[{"href":"https:\/\/andersadlercreutz.fi\/blog\/wp-json\/wp\/v2\/media?parent=2676"}],"wp:term":[{"taxonomy":"category","embeddable":true,"href":"https:\/\/andersadlercreutz.fi\/blog\/wp-json\/wp\/v2\/categories?post=2676"},{"taxonomy":"post_tag","embeddable":true,"href":"https:\/\/andersadlercreutz.fi\/blog\/wp-json\/wp\/v2\/tags?post=2676"}],"curies":[{"name":"wp","href":"https:\/\/api.w.org\/{rel}","templated":true}]}}