{"id":2704,"date":"2016-02-09T16:00:39","date_gmt":"2016-02-09T14:00:39","guid":{"rendered":"http:\/\/andersadlercreutz.fi\/blog\/?p=2704"},"modified":"2016-02-11T16:03:02","modified_gmt":"2016-02-11T14:03:02","slug":"eristammeko-rakennuksemme-hengilta","status":"publish","type":"post","link":"https:\/\/andersadlercreutz.fi\/blog\/lehdistotiedote\/eristammeko-rakennuksemme-hengilta\/?lang=fi","title":{"rendered":"Erist\u00e4mmek\u00f6 rakennuksemme hengilt\u00e4?"},"content":{"rendered":"<p>Lehdist\u00f6tiedote 9.2.2016<br \/>\nJulkaisuvapaa heti<\/p>\n<p>&nbsp;<\/p>\n<p>T\u00e4m\u00e4n kysymyksen kansanedustaja Anders Adlercreutz esitt\u00e4\u00e4 j\u00e4rjest\u00e4m\u00e4ss\u00e4\u00e4n seminaarissa Eduskunnan kansalaisinfossa torstaina 11. helmikuuta. Samaan aikaan, kun asteittain lis\u00e4\u00e4mme rakennuksiemme erist\u00e4misvaatimuksia, yh\u00e4 useammat suomalaiset k\u00e4rsiv\u00e4t huonon sis\u00e4ilman aiheuttamista oireista.<\/p>\n<p>&#8211; Laki l\u00e4hes nollaenergiarakentamisesta ja muutosehdotus lakiin rakennuksen energiatodistuksesta tulevat eduskunnan k\u00e4sittelyyn t\u00e4m\u00e4n vuoden aikana. Molemmissa laeissa rakennusten energiatehokkuuden laskutavalla on suuri merkitys. On korkea aika, ett\u00e4 ryhdymme kehitt\u00e4m\u00e4\u00e4n luotettavia standardeja &#8211; niin kest\u00e4vyys- kuin terveellisyysn\u00e4k\u00f6kulmasta katsottuna, sanoo Adlercreutz.<\/p>\n<p>Vaatimukset energiatehokkaasta rakentamisesta raivaavat tiet\u00e4 l\u00e4hes nollaenergiataloille. Asiantuntijat eiv\u00e4t kuitenkaan ole samaa mielt\u00e4 siit\u00e4, koituuko lis\u00e4\u00e4ntyv\u00e4 erist\u00e4minen kohtaloksemme, vai piileek\u00f6 siin\u00e4 ratkaisu. Seminaarissa mikrobiologian emeritaprofessori ja vastuullinen tutkija Mirja Salkinoja-Salonen Helsingin yliopistosta puhuu niin sanotusta viidennest\u00e4 epidemiasta, jolloin rakennukset sairastuttavat meid\u00e4t. Huonosti toteutettu eristys sulkee kosteuden rakennuksen rakenteisiin, jossa homeiti\u00f6t rupeavat kehittym\u00e4\u00e4n ja levitt\u00e4ytyv\u00e4t sis\u00e4ilmaan ilmanvaihtokanavien kautta.<\/p>\n<p>Huono sis\u00e4ilma on terveydelle hyvin haitallinen ja aiheuttaa hengitystiesairauksia. Laajoista huonon sis\u00e4ilman aiheuttamista ongelmista k\u00e4rsineet koulurakennukset, sairaalat ja vanhainkodit ovat py\u00f6rineet otsikoissa pidemm\u00e4n aikaa.<\/p>\n<p>&#8211; On aika tarkastella energiatehokkuutta laajemmasta n\u00e4k\u00f6kulmasta, eik\u00e4 sokeasti tuijottaa energiankulutusta. Sen sijaan meid\u00e4n pit\u00e4isi sis\u00e4llytt\u00e4\u00e4 laskelmia, jotka ottavat huomioon rakennuksen koko elinkaaren k\u00e4ytetyst\u00e4 materiaalista ja energiakulutuksesta rakennusmateriaalien kierr\u00e4tykseen. T\u00e4ll\u00e4 tavoin saamme kokonaisk\u00e4sityksen rakentamisen todellisesta energiatehokkuudesta, samalla kun voimme luoda lis\u00e4\u00e4 liikkumatilaa talonrakentajille koskien materiaali-, l\u00e4mmitys- ja ilmanvaihtoratkaisuja, Adlercreutz jatkaa.<\/p>\n<p>Seminaarissa kuullaan my\u00f6s yli-insin\u00f6\u00f6ri Jyrki Kauppista ymp\u00e4rist\u00f6ministeri\u00f6st\u00e4, rakennusfysiikan professori Juha Vinhaa Tampereen teknillisest\u00e4 yliopistosta sek\u00e4 arkkitehti Lars-Erik Mattilaa. Mattila kirjoitti diplomity\u00f6ns\u00e4 \u201dtulevaisuuden talosta\u201d, jossa h\u00e4n k\u00e4ytti perinteisi\u00e4 rakennusmenetelmi\u00e4 ja -materiaaleja, ja jossa ilmanvaihto toimii koneellisen sijaan painovoimalla.<\/p>\n<p>&#8211; Meill\u00e4 ei ole varaa jatkaa rakentamista t\u00e4ll\u00e4 tavalla. On syyt\u00e4 vakavasti mietti\u00e4, olemmeko menem\u00e4ss\u00e4 liian pitk\u00e4lle energiatehokkuusvaatimuksissamme niin kokonaistalouden, ekologian kuin terveytemme kustannuksella. Rakentamista pit\u00e4isi suunnitella pitk\u00e4ll\u00e4 aikav\u00e4lill\u00e4: rakennusten pit\u00e4isi olla asuttavia sadan vuoden ajan, ei 30\u201340 vuoden, kuten ne valitettavasti usein ovat t\u00e4n\u00e4 p\u00e4iv\u00e4n\u00e4. Kuinka energiatehokasta on lyhyin v\u00e4liajoin rakentaa uusia taloja, joista saattaa hyvinkin nopeasti aiheutua terveysongelmia, kysyy Adlercreutz.<\/p>\n<p>Seminaari \u201dErist\u00e4mmek\u00f6 rakennuksemme hengilt\u00e4?\u201d torstaina 11. helmikuuta kello 18\u201320 Eduskunnan kansalaisinfossa, Arkadiankatu 3, Helsinki. Tervetuloa!<\/p>\n<p>&nbsp;<\/p>\n<p>Lis\u00e4tietoja:<\/p>\n<p>Anders Adlercreutz<br \/>\nKansanedustaja, puh. 044\u00a0981 0191<\/p>\n<p>Crista Gr\u00f6nroos<br \/>\nAvustaja, puh. 050\u00a0574 2284<\/p>\n","protected":false},"excerpt":{"rendered":"<p>Lehdist\u00f6tiedote 9.2.2016 Julkaisuvapaa heti &nbsp; T\u00e4m\u00e4n kysymyksen kansanedustaja Anders Adlercreutz esitt\u00e4\u00e4 j\u00e4rjest\u00e4m\u00e4ss\u00e4\u00e4n seminaarissa Eduskunnan kansalaisinfossa torstaina 11. helmikuuta. Samaan aikaan, kun asteittain lis\u00e4\u00e4mme rakennuksiemme erist\u00e4misvaatimuksia, yh\u00e4 useammat suomalaiset k\u00e4rsiv\u00e4t huonon sis\u00e4ilman aiheuttamista oireista. &#8211; Laki l\u00e4hes nollaenergiarakentamisesta ja muutosehdotus lakiin rakennuksen energiatodistuksesta tulevat eduskunnan k\u00e4sittelyyn t\u00e4m\u00e4n vuoden aikana. Molemmissa laeissa rakennusten energiatehokkuuden laskutavalla on suuri [&hellip;]<\/p>\n","protected":false},"author":1,"featured_media":0,"comment_status":"open","ping_status":"open","sticky":false,"template":"","format":"standard","meta":{"jetpack_post_was_ever_published":false,"_jetpack_newsletter_access":"","jetpack_publicize_message":"","jetpack_is_tweetstorm":false,"jetpack_publicize_feature_enabled":true,"jetpack_social_post_already_shared":true,"jetpack_social_options":{"image_generator_settings":{"template":"highway","enabled":false}}},"categories":[71],"tags":[],"jetpack_publicize_connections":[],"yoast_head":"<!-- This site is optimized with the Yoast SEO plugin v20.12 - https:\/\/yoast.com\/wordpress\/plugins\/seo\/ -->\n<title>Erist\u00e4mmek\u00f6 rakennuksemme hengilt\u00e4? - Anders Adlercreutz<\/title>\n<meta name=\"robots\" content=\"index, follow, max-snippet:-1, max-image-preview:large, max-video-preview:-1\" \/>\n<link rel=\"canonical\" href=\"https:\/\/andersadlercreutz.fi\/blog\/lehdistotiedote\/eristammeko-rakennuksemme-hengilta\/\" \/>\n<meta property=\"og:locale\" content=\"sv_SE\" \/>\n<meta property=\"og:type\" content=\"article\" \/>\n<meta property=\"og:title\" content=\"Erist\u00e4mmek\u00f6 rakennuksemme hengilt\u00e4? - Anders Adlercreutz\" \/>\n<meta property=\"og:description\" content=\"Lehdist\u00f6tiedote 9.2.2016 Julkaisuvapaa heti &nbsp; T\u00e4m\u00e4n kysymyksen kansanedustaja Anders Adlercreutz esitt\u00e4\u00e4 j\u00e4rjest\u00e4m\u00e4ss\u00e4\u00e4n seminaarissa Eduskunnan kansalaisinfossa torstaina 11. helmikuuta. Samaan aikaan, kun asteittain lis\u00e4\u00e4mme rakennuksiemme erist\u00e4misvaatimuksia, yh\u00e4 useammat suomalaiset k\u00e4rsiv\u00e4t huonon sis\u00e4ilman aiheuttamista oireista. &#8211; Laki l\u00e4hes nollaenergiarakentamisesta ja muutosehdotus lakiin rakennuksen energiatodistuksesta tulevat eduskunnan k\u00e4sittelyyn t\u00e4m\u00e4n vuoden aikana. Molemmissa laeissa rakennusten energiatehokkuuden laskutavalla on suuri [&hellip;]\" \/>\n<meta property=\"og:url\" content=\"https:\/\/andersadlercreutz.fi\/blog\/lehdistotiedote\/eristammeko-rakennuksemme-hengilta\/?lang=fi\" \/>\n<meta property=\"og:site_name\" content=\"Anders Adlercreutz\" \/>\n<meta property=\"article:published_time\" content=\"2016-02-09T14:00:39+00:00\" \/>\n<meta property=\"article:modified_time\" content=\"2016-02-11T14:03:02+00:00\" \/>\n<meta name=\"author\" content=\"Anders\" \/>\n<meta name=\"twitter:card\" content=\"summary_large_image\" \/>\n<meta name=\"twitter:label1\" content=\"Skriven av\" \/>\n\t<meta name=\"twitter:data1\" content=\"Anders\" \/>\n\t<meta name=\"twitter:label2\" content=\"Ber\u00e4knad l\u00e4stid\" \/>\n\t<meta name=\"twitter:data2\" content=\"2 minuter\" \/>\n<script type=\"application\/ld+json\" class=\"yoast-schema-graph\">{\"@context\":\"https:\/\/schema.org\",\"@graph\":[{\"@type\":\"WebPage\",\"@id\":\"https:\/\/andersadlercreutz.fi\/blog\/lehdistotiedote\/eristammeko-rakennuksemme-hengilta\/?lang=fi\",\"url\":\"https:\/\/andersadlercreutz.fi\/blog\/lehdistotiedote\/eristammeko-rakennuksemme-hengilta\/?lang=fi\",\"name\":\"Erist\u00e4mmek\u00f6 rakennuksemme hengilt\u00e4? - Anders Adlercreutz\",\"isPartOf\":{\"@id\":\"https:\/\/andersadlercreutz.fi\/blog\/#website\"},\"datePublished\":\"2016-02-09T14:00:39+00:00\",\"dateModified\":\"2016-02-11T14:03:02+00:00\",\"author\":{\"@id\":\"https:\/\/andersadlercreutz.fi\/blog\/#\/schema\/person\/47d4b72eded862b484f74bb4b3a2354f\"},\"breadcrumb\":{\"@id\":\"https:\/\/andersadlercreutz.fi\/blog\/lehdistotiedote\/eristammeko-rakennuksemme-hengilta\/?lang=fi#breadcrumb\"},\"inLanguage\":\"sv-SE\",\"potentialAction\":[{\"@type\":\"ReadAction\",\"target\":[\"https:\/\/andersadlercreutz.fi\/blog\/lehdistotiedote\/eristammeko-rakennuksemme-hengilta\/?lang=fi\"]}]},{\"@type\":\"BreadcrumbList\",\"@id\":\"https:\/\/andersadlercreutz.fi\/blog\/lehdistotiedote\/eristammeko-rakennuksemme-hengilta\/?lang=fi#breadcrumb\",\"itemListElement\":[{\"@type\":\"ListItem\",\"position\":1,\"name\":\"Home\",\"item\":\"https:\/\/andersadlercreutz.fi\/blog\/blogg\/?lang=sv\"},{\"@type\":\"ListItem\",\"position\":2,\"name\":\"Erist\u00e4mmek\u00f6 rakennuksemme hengilt\u00e4?\"}]},{\"@type\":\"WebSite\",\"@id\":\"https:\/\/andersadlercreutz.fi\/blog\/#website\",\"url\":\"https:\/\/andersadlercreutz.fi\/blog\/\",\"name\":\"Anders Adlercreutz\",\"description\":\"Du. Jag. Vi. Kest&auml;v&auml;sti optimisti\",\"potentialAction\":[{\"@type\":\"SearchAction\",\"target\":{\"@type\":\"EntryPoint\",\"urlTemplate\":\"https:\/\/andersadlercreutz.fi\/blog\/?s={search_term_string}\"},\"query-input\":\"required name=search_term_string\"}],\"inLanguage\":\"sv-SE\"},{\"@type\":\"Person\",\"@id\":\"https:\/\/andersadlercreutz.fi\/blog\/#\/schema\/person\/47d4b72eded862b484f74bb4b3a2354f\",\"name\":\"Anders\",\"image\":{\"@type\":\"ImageObject\",\"inLanguage\":\"sv-SE\",\"@id\":\"https:\/\/andersadlercreutz.fi\/blog\/#\/schema\/person\/image\/\",\"url\":\"https:\/\/secure.gravatar.com\/avatar\/a144c9bda7a581ff6fabba169027e620?s=96&d=mm&r=g\",\"contentUrl\":\"https:\/\/secure.gravatar.com\/avatar\/a144c9bda7a581ff6fabba169027e620?s=96&d=mm&r=g\",\"caption\":\"Anders\"},\"url\":\"https:\/\/andersadlercreutz.fi\/blog\/author\/admin\/\"}]}<\/script>\n<!-- \/ Yoast SEO plugin. -->","yoast_head_json":{"title":"Erist\u00e4mmek\u00f6 rakennuksemme hengilt\u00e4? - Anders Adlercreutz","robots":{"index":"index","follow":"follow","max-snippet":"max-snippet:-1","max-image-preview":"max-image-preview:large","max-video-preview":"max-video-preview:-1"},"canonical":"https:\/\/andersadlercreutz.fi\/blog\/lehdistotiedote\/eristammeko-rakennuksemme-hengilta\/","og_locale":"sv_SE","og_type":"article","og_title":"Erist\u00e4mmek\u00f6 rakennuksemme hengilt\u00e4? - Anders Adlercreutz","og_description":"Lehdist\u00f6tiedote 9.2.2016 Julkaisuvapaa heti &nbsp; T\u00e4m\u00e4n kysymyksen kansanedustaja Anders Adlercreutz esitt\u00e4\u00e4 j\u00e4rjest\u00e4m\u00e4ss\u00e4\u00e4n seminaarissa Eduskunnan kansalaisinfossa torstaina 11. helmikuuta. Samaan aikaan, kun asteittain lis\u00e4\u00e4mme rakennuksiemme erist\u00e4misvaatimuksia, yh\u00e4 useammat suomalaiset k\u00e4rsiv\u00e4t huonon sis\u00e4ilman aiheuttamista oireista. &#8211; Laki l\u00e4hes nollaenergiarakentamisesta ja muutosehdotus lakiin rakennuksen energiatodistuksesta tulevat eduskunnan k\u00e4sittelyyn t\u00e4m\u00e4n vuoden aikana. Molemmissa laeissa rakennusten energiatehokkuuden laskutavalla on suuri [&hellip;]","og_url":"https:\/\/andersadlercreutz.fi\/blog\/lehdistotiedote\/eristammeko-rakennuksemme-hengilta\/?lang=fi","og_site_name":"Anders Adlercreutz","article_published_time":"2016-02-09T14:00:39+00:00","article_modified_time":"2016-02-11T14:03:02+00:00","author":"Anders","twitter_card":"summary_large_image","twitter_misc":{"Skriven av":"Anders","Ber\u00e4knad l\u00e4stid":"2 minuter"},"schema":{"@context":"https:\/\/schema.org","@graph":[{"@type":"WebPage","@id":"https:\/\/andersadlercreutz.fi\/blog\/lehdistotiedote\/eristammeko-rakennuksemme-hengilta\/?lang=fi","url":"https:\/\/andersadlercreutz.fi\/blog\/lehdistotiedote\/eristammeko-rakennuksemme-hengilta\/?lang=fi","name":"Erist\u00e4mmek\u00f6 rakennuksemme hengilt\u00e4? - Anders Adlercreutz","isPartOf":{"@id":"https:\/\/andersadlercreutz.fi\/blog\/#website"},"datePublished":"2016-02-09T14:00:39+00:00","dateModified":"2016-02-11T14:03:02+00:00","author":{"@id":"https:\/\/andersadlercreutz.fi\/blog\/#\/schema\/person\/47d4b72eded862b484f74bb4b3a2354f"},"breadcrumb":{"@id":"https:\/\/andersadlercreutz.fi\/blog\/lehdistotiedote\/eristammeko-rakennuksemme-hengilta\/?lang=fi#breadcrumb"},"inLanguage":"sv-SE","potentialAction":[{"@type":"ReadAction","target":["https:\/\/andersadlercreutz.fi\/blog\/lehdistotiedote\/eristammeko-rakennuksemme-hengilta\/?lang=fi"]}]},{"@type":"BreadcrumbList","@id":"https:\/\/andersadlercreutz.fi\/blog\/lehdistotiedote\/eristammeko-rakennuksemme-hengilta\/?lang=fi#breadcrumb","itemListElement":[{"@type":"ListItem","position":1,"name":"Home","item":"https:\/\/andersadlercreutz.fi\/blog\/blogg\/?lang=sv"},{"@type":"ListItem","position":2,"name":"Erist\u00e4mmek\u00f6 rakennuksemme hengilt\u00e4?"}]},{"@type":"WebSite","@id":"https:\/\/andersadlercreutz.fi\/blog\/#website","url":"https:\/\/andersadlercreutz.fi\/blog\/","name":"Anders Adlercreutz","description":"Du. Jag. Vi. Kest&auml;v&auml;sti optimisti","potentialAction":[{"@type":"SearchAction","target":{"@type":"EntryPoint","urlTemplate":"https:\/\/andersadlercreutz.fi\/blog\/?s={search_term_string}"},"query-input":"required name=search_term_string"}],"inLanguage":"sv-SE"},{"@type":"Person","@id":"https:\/\/andersadlercreutz.fi\/blog\/#\/schema\/person\/47d4b72eded862b484f74bb4b3a2354f","name":"Anders","image":{"@type":"ImageObject","inLanguage":"sv-SE","@id":"https:\/\/andersadlercreutz.fi\/blog\/#\/schema\/person\/image\/","url":"https:\/\/secure.gravatar.com\/avatar\/a144c9bda7a581ff6fabba169027e620?s=96&d=mm&r=g","contentUrl":"https:\/\/secure.gravatar.com\/avatar\/a144c9bda7a581ff6fabba169027e620?s=96&d=mm&r=g","caption":"Anders"},"url":"https:\/\/andersadlercreutz.fi\/blog\/author\/admin\/"}]}},"jetpack_featured_media_url":"","jetpack_shortlink":"https:\/\/wp.me\/p4T6Dh-HC","jetpack_sharing_enabled":true,"_links":{"self":[{"href":"https:\/\/andersadlercreutz.fi\/blog\/wp-json\/wp\/v2\/posts\/2704"}],"collection":[{"href":"https:\/\/andersadlercreutz.fi\/blog\/wp-json\/wp\/v2\/posts"}],"about":[{"href":"https:\/\/andersadlercreutz.fi\/blog\/wp-json\/wp\/v2\/types\/post"}],"author":[{"embeddable":true,"href":"https:\/\/andersadlercreutz.fi\/blog\/wp-json\/wp\/v2\/users\/1"}],"replies":[{"embeddable":true,"href":"https:\/\/andersadlercreutz.fi\/blog\/wp-json\/wp\/v2\/comments?post=2704"}],"version-history":[{"count":4,"href":"https:\/\/andersadlercreutz.fi\/blog\/wp-json\/wp\/v2\/posts\/2704\/revisions"}],"predecessor-version":[{"id":2708,"href":"https:\/\/andersadlercreutz.fi\/blog\/wp-json\/wp\/v2\/posts\/2704\/revisions\/2708"}],"wp:attachment":[{"href":"https:\/\/andersadlercreutz.fi\/blog\/wp-json\/wp\/v2\/media?parent=2704"}],"wp:term":[{"taxonomy":"category","embeddable":true,"href":"https:\/\/andersadlercreutz.fi\/blog\/wp-json\/wp\/v2\/categories?post=2704"},{"taxonomy":"post_tag","embeddable":true,"href":"https:\/\/andersadlercreutz.fi\/blog\/wp-json\/wp\/v2\/tags?post=2704"}],"curies":[{"name":"wp","href":"https:\/\/api.w.org\/{rel}","templated":true}]}}